{"id":64661,"date":"2024-11-22T20:13:23","date_gmt":"2024-11-22T23:13:23","guid":{"rendered":"https:\/\/blogdafeira.com.br\/home\/?p=64661"},"modified":"2025-03-06T23:11:18","modified_gmt":"2025-03-07T02:11:18","slug":"andrea-villa-lobos-poeta-trans-lanca-livro-nao-o-amor-mas-os-arredores","status":"publish","type":"post","link":"https:\/\/blogdafeira.com.br\/home\/2024\/11\/22\/andrea-villa-lobos-poeta-trans-lanca-livro-nao-o-amor-mas-os-arredores\/","title":{"rendered":"Andrea Villa-Lobos, poeta trans, lan\u00e7a livro: &#8220;N\u00e3o o amor, mas os arredores&#8221;"},"content":{"rendered":"<div id=\"blogd-1971063674\" class=\"blogd-fim-do-post-mobile blogd-entity-placement\" style=\"margin-left: auto;margin-right: auto;text-align: center;\"><a href=\"https:\/\/expofeira.ba.gov.br\/\" target=_blank><picture>\r\n  <source media=\"(min-width: 768px)\" srcset=\"https:\/\/blogdafeira.com.br\/home\/wp-content\/uploads\/2026\/08\/980x1503.gif\">\r\n  \r\n  <img decoding=\"async\" src=\"https:\/\/blogdafeira.com.br\/home\/wp-content\/uploads\/2026\/08\/350x2005.gif\" alt=\"Publicidade\" style=\"width: 100%; max-width: 100%; height: auto; display: block; margin: 0 auto;\">\r\n\t<\/picture><\/a><\/div><p>Lan\u00e7ado na Livraria Escariz nesta sexta-feira, 22, em Aracaju (SE)\u00a0 o livro \u201c<strong><a href=\"https:\/\/www.jlpolitica.com.br\/colunas\/jlcultura\/posts\/andrea-villa-lobos-poeta-trans-lanca-nao-o-amor-mas-os-arredores-na-escariz-nesta-sexta\"><em>N\u00e3o o amor, mas os arredores\u201d<\/em>, de Andrea Villa-Lobos, uma poeta trans.<\/a><\/strong><\/p>\n<p>A poesia desta autora margeia uma carta de amor sem s\u00ea-lo e tamb\u00e9m sem selo. Este \u00e9 o oitavo livro da escritora Andrea Villa-Lobos, e o primeiro que ela assina com o nome de mulher. Uma mulher trans. O estilo seguro conduz o leitor, com o melhor dos ritmos, pelas fibras sumarentas dos sentidos e das teias finas da ideia: confundem-se o carnal, o intimista e o universal.<\/p>\n<p>O t\u00edtulo do livro foi retirado do fragmento ou trecho 271 do Livro do Desassossego. Tem como ep\u00edgrafe o poema Todas as cartas de amor, de Fernando Pessoa, e prossegue com um breve ensaio sobre o amor cingido pelo vi\u00e9s filos\u00f3fico\/psicanal\u00edtico.<\/p>\n<div id=\"blogd-1557389388\" class=\"blogd-final-post blogd-entity-placement\"><a href=\"https:\/\/www.feiradesantana.ba.leg.br\/\" target=\"_blank\" aria-label=\"BANNER-SITE_CA\u0302MARA_AGOSTO_728x90px\"><img loading=\"lazy\" decoding=\"async\" src=\"https:\/\/blogdafeira.com.br\/home\/wp-content\/uploads\/2026\/03\/BANNER-SITE_CAMARA_AGOSTO_728x90px.gif\" alt=\"\"  class=\"no-lazyload\" width=\"728\" height=\"90\"   \/><\/a><\/div><p><em>Joazilto Lima , jornalista sergipano, poeta, respons\u00e1vel pelo site JL- <strong><a href=\"https:\/\/www.jlpolitica.com.br\/colunas\/jlcultura\/posts\/andrea-villa-lobos-poeta-trans-lanca-nao-o-amor-mas-os-arredores-na-escariz-nesta-sexta\">Pol\u00edtica, Neg\u00f3cio &amp; Cultura.<\/a><\/strong><\/em><\/p>\n","protected":false},"excerpt":{"rendered":"<p>Lan\u00e7ado na Livraria Escariz nesta sexta-feira, 22, em Aracaju (SE)\u00a0 o livro \u201cN\u00e3o o amor, mas os arredores\u201d, de Andrea Villa-Lobos, uma poeta trans. A poesia desta autora margeia uma carta de amor sem s\u00ea-lo e tamb\u00e9m sem selo. Este \u00e9 o oitavo livro da escritora Andrea Villa-Lobos, e o primeiro que ela assina com<\/p>\n","protected":false},"author":1,"featured_media":64662,"comment_status":"open","ping_status":"open","sticky":false,"template":"","format":"standard","meta":{"cybocfi_hide_featured_image":"","_jetpack_newsletter_access":"","_jetpack_dont_email_post_to_subs":false,"_jetpack_newsletter_tier_id":0,"_jetpack_memberships_contains_paywalled_content":false,"_jetpack_memberships_contains_paid_content":false,"footnotes":"","jetpack_publicize_message":"","jetpack_publicize_feature_enabled":true,"jetpack_social_post_already_shared":true,"jetpack_social_options":{"image_generator_settings":{"template":"highway","default_image_id":0,"font":"","enabled":false},"version":2},"jetpack_post_was_ever_published":false},"categories":[592,4,1],"tags":[],"class_list":["post-64661","post","type-post","status-publish","format-standard","has-post-thumbnail","hentry","category-colunistas","category-cultura","category-raiz"],"jetpack_publicize_connections":[],"jetpack_featured_media_url":"https:\/\/blogdafeira.com.br\/home\/wp-content\/uploads\/2024\/11\/5766ce3b635ab7a6.jpg","jetpack_shortlink":"https:\/\/wp.me\/p3niVf-gOV","jetpack_sharing_enabled":true,"jetpack-related-posts":[{"id":17746,"url":"https:\/\/blogdafeira.com.br\/home\/2015\/11\/17\/ganhadeiras-de-itapua-no-53o-festival-villa-lobos-no-rio-de-janeiro\/","url_meta":{"origin":64661,"position":0},"title":"Ganhadeiras de Itapu\u00e3 no 53\u00ba Festival Villa-Lobos no Rio de Janeiro","author":"Jozailto Lima\/Sergipe","date":"17\/11\/2015","format":false,"excerpt":"Pela primeira vez apresentando seu show nos palcos do Rio de Janeiro, As Ganhadeiras de Itapu\u00e3 \u00e9 uma das atra\u00e7\u00f5es do 53\u00ba Festival Villa Lobos. O show, intitulado \u201cM\u00fasica Sem Fronteiras\u201d, acontecer\u00e1 no dia 20 de novembro, no Espa\u00e7o Tom Jobim, situado no Jardim Bot\u00e2nico, e contar\u00e1 com a participa\u00e7\u00e3o\u2026","rel":"","context":"Em &quot;Home&quot;","block_context":{"text":"Home","link":"https:\/\/blogdafeira.com.br\/home\/categoria\/raiz\/"},"img":{"alt_text":"ganhadeiras","src":"https:\/\/i0.wp.com\/blogdafeira.com.br\/home\/wp-content\/uploads\/2015\/11\/ganhadeiras.jpg?resize=350%2C200","width":350,"height":200,"srcset":"https:\/\/i0.wp.com\/blogdafeira.com.br\/home\/wp-content\/uploads\/2015\/11\/ganhadeiras.jpg?resize=350%2C200 1x, https:\/\/i0.wp.com\/blogdafeira.com.br\/home\/wp-content\/uploads\/2015\/11\/ganhadeiras.jpg?resize=525%2C300 1.5x, https:\/\/i0.wp.com\/blogdafeira.com.br\/home\/wp-content\/uploads\/2015\/11\/ganhadeiras.jpg?resize=700%2C400 2x"},"classes":[]},{"id":71986,"url":"https:\/\/blogdafeira.com.br\/home\/2026\/04\/13\/cris-vaccarezza-lanca-novo-livro-na-bienal-bahia-2026\/","url_meta":{"origin":64661,"position":1},"title":"Cris Vaccarezza lan\u00e7a novo livro na Bienal Bahia 2026","author":"Jozailto Lima\/Sergipe","date":"13\/04\/2026","format":false,"excerpt":"A autora Cris Vaccarezza lan\u00e7a na Bienal do livro Bahia 2026 seu novo livro. Em Carolina Libert\u00e1ria, ela presenteia os leitores com um suspense eletrizante, com muito regionalismo, personagens femininas fortes e destemidas e uma critica pertinente no momento atual: At\u00e9 quando as mulheres v\u00e3o ter que lidar com quest\u00f5es\u2026","rel":"","context":"Em &quot;Cultura&quot;","block_context":{"text":"Cultura","link":"https:\/\/blogdafeira.com.br\/home\/categoria\/cultura\/"},"img":{"alt_text":"","src":"https:\/\/i0.wp.com\/blogdafeira.com.br\/home\/wp-content\/uploads\/2026\/04\/images-38.jpeg?resize=350%2C200&ssl=1","width":350,"height":200},"classes":[]},{"id":73783,"url":"https:\/\/blogdafeira.com.br\/home\/2026\/08\/29\/jornalista-participa-pela-segunda-vez-da-flifs-e-vai-a-bienal-de-sao-paulo-lancar-o-setimo-livro\/","url_meta":{"origin":64661,"position":2},"title":"Jornalista participa pela segunda vez da FLIFS e vai \u00e0 Bienal de S\u00e3o Paulo lan\u00e7ar o s\u00e9timo livro","author":"Jozailto Lima\/Sergipe","date":"29\/08\/2026","format":false,"excerpt":"A jornalista Clara Pomponet, que atua no setor de R\u00e1dio Escuta, na Secretaria Municipal de Comunica\u00e7\u00e3o Social (Secom), na Prefeitura de Feira de Santana, participa pela segunda vez do Festival Liter\u00e1rio e Cultural de Feira (FLIFS) onde apresenta ao p\u00fablico parte das obras que marcam sua trajet\u00f3ria como escritora. Em\u2026","rel":"","context":"Em &quot;Cidade&quot;","block_context":{"text":"Cidade","link":"https:\/\/blogdafeira.com.br\/home\/categoria\/cidade\/"},"img":{"alt_text":"","src":"https:\/\/i0.wp.com\/blogdafeira.com.br\/home\/wp-content\/uploads\/2026\/08\/Livro-de-Clara-Pamponet-Foto-Gabriel-Calazans-3.jpeg?resize=350%2C200&ssl=1","width":350,"height":200,"srcset":"https:\/\/i0.wp.com\/blogdafeira.com.br\/home\/wp-content\/uploads\/2026\/08\/Livro-de-Clara-Pamponet-Foto-Gabriel-Calazans-3.jpeg?resize=350%2C200&ssl=1 1x, https:\/\/i0.wp.com\/blogdafeira.com.br\/home\/wp-content\/uploads\/2026\/08\/Livro-de-Clara-Pamponet-Foto-Gabriel-Calazans-3.jpeg?resize=525%2C300&ssl=1 1.5x, https:\/\/i0.wp.com\/blogdafeira.com.br\/home\/wp-content\/uploads\/2026\/08\/Livro-de-Clara-Pamponet-Foto-Gabriel-Calazans-3.jpeg?resize=700%2C400&ssl=1 2x, https:\/\/i0.wp.com\/blogdafeira.com.br\/home\/wp-content\/uploads\/2026\/08\/Livro-de-Clara-Pamponet-Foto-Gabriel-Calazans-3.jpeg?resize=1050%2C600&ssl=1 3x"},"classes":[]},{"id":52221,"url":"https:\/\/blogdafeira.com.br\/home\/2022\/05\/11\/fernando-ramos-e-as-cartas-de-amor-a-atriz\/","url_meta":{"origin":64661,"position":3},"title":"Fernando Ramos e as cartas de amor \u00e0 atriz","author":"Jozailto Lima\/Sergipe","date":"11\/05\/2022","format":false,"excerpt":"Quando o jornal Folha do Estado abriu as portas na pra\u00e7a da Matriz a casa onde morou o escritor Fernando Ramos ainda existia, acho que at\u00e9 morava gente nela. N\u00e3o era um casario que chamasse tanta aten\u00e7\u00e3o como a pequenina casa de Dona Dourada, na pra\u00e7a Dois de Julho da\u2026","rel":"","context":"Em &quot;Colunistas&quot;","block_context":{"text":"Colunistas","link":"https:\/\/blogdafeira.com.br\/home\/categoria\/colunistas\/"},"img":{"alt_text":"","src":"https:\/\/i0.wp.com\/blogdafeira.com.br\/home\/wp-content\/uploads\/2022\/05\/IMG_20220509_172729_653-3-scaled.jpg?resize=350%2C200&ssl=1","width":350,"height":200,"srcset":"https:\/\/i0.wp.com\/blogdafeira.com.br\/home\/wp-content\/uploads\/2022\/05\/IMG_20220509_172729_653-3-scaled.jpg?resize=350%2C200&ssl=1 1x, https:\/\/i0.wp.com\/blogdafeira.com.br\/home\/wp-content\/uploads\/2022\/05\/IMG_20220509_172729_653-3-scaled.jpg?resize=525%2C300&ssl=1 1.5x, https:\/\/i0.wp.com\/blogdafeira.com.br\/home\/wp-content\/uploads\/2022\/05\/IMG_20220509_172729_653-3-scaled.jpg?resize=700%2C400&ssl=1 2x, https:\/\/i0.wp.com\/blogdafeira.com.br\/home\/wp-content\/uploads\/2022\/05\/IMG_20220509_172729_653-3-scaled.jpg?resize=1050%2C600&ssl=1 3x, https:\/\/i0.wp.com\/blogdafeira.com.br\/home\/wp-content\/uploads\/2022\/05\/IMG_20220509_172729_653-3-scaled.jpg?resize=1400%2C800&ssl=1 4x"},"classes":[]},{"id":6071,"url":"https:\/\/blogdafeira.com.br\/home\/2013\/11\/14\/franklin-maxado-tem-banca-de-cordel-e-relanca-livro-na-bienal-em-salvador\/","url_meta":{"origin":64661,"position":4},"title":"Franklin Maxado tem banca de cordel e relan\u00e7a livro na Bienal em Salvador","author":"Jozailto Lima\/Sergipe","date":"14\/11\/2013","format":false,"excerpt":"Na sexta-feira, 15, \u00e0s 18h30, o\u00a0Territ\u00f3rio Jovem, espa\u00e7o criado especialmente para os adolescentes, receber\u00e1 os escritores Jos\u00e9 In\u00e1cio Vieira de Mello e\u00a0M\u00e1rcia Tiburi\u00a0para bater um papo mediado por Aline Castelo Branco sobre \u201cO amor na internet: \u00e9tica das rela\u00e7\u00f5es amorosas\u201d. E \u00e0s 18h e \u00e0s 19h, a\u00a0Pra\u00e7a de Poesia e\u2026","rel":"","context":"Em &quot;Home&quot;","block_context":{"text":"Home","link":"https:\/\/blogdafeira.com.br\/home\/categoria\/raiz\/"},"img":{"alt_text":"","src":"","width":0,"height":0},"classes":[]},{"id":59141,"url":"https:\/\/blogdafeira.com.br\/home\/2023\/08\/17\/livro-sons-de-africa-tambem-sera-lancado-em-feira-de-santana\/","url_meta":{"origin":64661,"position":5},"title":"Livro &#8216;Sons de \u00c1frica&#8217; tamb\u00e9m ser\u00e1 lan\u00e7ado em Feira de Santana","author":"Jozailto Lima\/Sergipe","date":"17\/08\/2023","format":false,"excerpt":"O historiador Josivaldo Pires de Oliveira (Bel Pires), doutor em Estudos \u00c9tnicos e Africanos, mestre do Malungo Centro de Capoeira Angola e professor da Uneb\/Campus XIII lan\u00e7ou nesta quinta-feira (17), \u00e0 noite, na cidade de Itaberaba, o livro \u201cSons de \u00c1frica e da Di\u00e1spora Atl\u00e2ntica \u2013 hist\u00f3ria, musicologia e interfaces\u201d.\u2026","rel":"","context":"Em &quot;Cultura&quot;","block_context":{"text":"Cultura","link":"https:\/\/blogdafeira.com.br\/home\/categoria\/cultura\/"},"img":{"alt_text":"","src":"https:\/\/i0.wp.com\/blogdafeira.com.br\/home\/wp-content\/uploads\/2023\/08\/Foto-Bel-Pires2.jpeg?resize=350%2C200&ssl=1","width":350,"height":200},"classes":[]}],"_links":{"self":[{"href":"https:\/\/blogdafeira.com.br\/home\/wp-json\/wp\/v2\/posts\/64661","targetHints":{"allow":["GET"]}}],"collection":[{"href":"https:\/\/blogdafeira.com.br\/home\/wp-json\/wp\/v2\/posts"}],"about":[{"href":"https:\/\/blogdafeira.com.br\/home\/wp-json\/wp\/v2\/types\/post"}],"author":[{"embeddable":true,"href":"https:\/\/blogdafeira.com.br\/home\/wp-json\/wp\/v2\/users\/1"}],"replies":[{"embeddable":true,"href":"https:\/\/blogdafeira.com.br\/home\/wp-json\/wp\/v2\/comments?post=64661"}],"version-history":[{"count":4,"href":"https:\/\/blogdafeira.com.br\/home\/wp-json\/wp\/v2\/posts\/64661\/revisions"}],"predecessor-version":[{"id":64667,"href":"https:\/\/blogdafeira.com.br\/home\/wp-json\/wp\/v2\/posts\/64661\/revisions\/64667"}],"wp:featuredmedia":[{"embeddable":true,"href":"https:\/\/blogdafeira.com.br\/home\/wp-json\/wp\/v2\/media\/64662"}],"wp:attachment":[{"href":"https:\/\/blogdafeira.com.br\/home\/wp-json\/wp\/v2\/media?parent=64661"}],"wp:term":[{"taxonomy":"category","embeddable":true,"href":"https:\/\/blogdafeira.com.br\/home\/wp-json\/wp\/v2\/categories?post=64661"},{"taxonomy":"post_tag","embeddable":true,"href":"https:\/\/blogdafeira.com.br\/home\/wp-json\/wp\/v2\/tags?post=64661"}],"curies":[{"name":"wp","href":"https:\/\/api.w.org\/{rel}","templated":true}]}}