{"id":64839,"date":"2024-12-10T18:21:57","date_gmt":"2024-12-10T21:21:57","guid":{"rendered":"https:\/\/blogdafeira.com.br\/home\/?p=64839"},"modified":"2025-03-06T23:11:17","modified_gmt":"2025-03-07T02:11:17","slug":"uma-cratera-se-abre-no-chao-da-poesia-morreu-elton-magalhaes","status":"publish","type":"post","link":"https:\/\/blogdafeira.com.br\/home\/2024\/12\/10\/uma-cratera-se-abre-no-chao-da-poesia-morreu-elton-magalhaes\/","title":{"rendered":"Uma cratera se abre no ch\u00e3o da poesia: morreu Elton Magalh\u00e3es"},"content":{"rendered":"<div id=\"blogd-2328270441\" class=\"blogd-fim-do-post-mobile blogd-entity-placement\" style=\"margin-left: auto;margin-right: auto;text-align: center;\"><a href=\"https:\/\/www.sefaz.feiradesantana.ba.gov.br\/\" target=\"_blank\" aria-label=\"728&#215;90 (6)\"><img loading=\"lazy\" decoding=\"async\" src=\"https:\/\/blogdafeira.com.br\/home\/wp-content\/uploads\/2026\/03\/728x90-6.gif\" alt=\"\"  class=\"no-lazyload\" width=\"728\" height=\"90\"  style=\"display: inline-block;\" \/><\/a><\/div><p>9 de dezembro de 2024, despediu-se de n\u00f3s, v\u00edtima de um acidente de moto, na cidade de Itaberaba, o poeta-amigo Elton Magalh\u00e3es.<\/p><div id=\"blogd-3435229961\" class=\"blogd-conteudo-2-mobile blogd-entity-placement\"><a href=\"https:\/\/feirenses.com.br\/\" target=\"_blank\" aria-label=\"feirenses\"><img loading=\"lazy\" decoding=\"async\" src=\"https:\/\/blogdafeira.com.br\/home\/wp-content\/uploads\/2026\/04\/feirenses.png\" alt=\"\"  srcset=\"https:\/\/blogdafeira.com.br\/home\/wp-content\/uploads\/2026\/04\/feirenses.png 300w, https:\/\/blogdafeira.com.br\/home\/wp-content\/uploads\/2026\/04\/feirenses-170x45.png 170w, https:\/\/blogdafeira.com.br\/home\/wp-content\/uploads\/2026\/04\/feirenses-280x74.png 280w\" sizes=\"(max-width: 300px) 100vw, 300px\" class=\"no-lazyload\" width=\"300\" height=\"79\"  style=\"display: inline-block;\" \/><\/a><\/div>\n<p>Um educador talentoso, cheio de vida e de sonhos, que deixa esse plano material para atender ao chamado do Criador.<\/p>\n<p>Meus sentimentos aos seus familiares.<\/p>\n<p>O poeta Elton Magalh\u00e3es, cordelista, autor do livro &#8220;\u00c9pico Esquadr\u00e3o&#8221;, professor do IFBAIANO, campus de Itaberaba, nos deixa no auge dos seus 39 anos. Natural de Castro Alves, radicou-se em Salvador, onde passou a alinhar seu fazer liter\u00e1rio ao seu trabalho docente, escrevendo trabalhos relevantes como no caso, das chamadas escolas liter\u00e1rias &#8220;O quinhentismo, Barroco e Arcadismo, em cordel. No IFBAIANO organizou colet\u00e2neasde poesia e cord\u00e9is produzidos por seus alunos e alunas. Apaixonado pelo Bahia e pelo samba, tamb\u00e9m se aventurava como m\u00fasico. O cordel baiano est\u00e1 de luto pela partida precoce desse nome promissor da literatura e da educa\u00e7\u00e3o. N\u00f3s grupos de WhatsApp e nas redes sociais, diversas personalidades, professores, poetas e amigos lamentam consternados(as) sua partida. Parece ainda n\u00e3o ter ca\u00eddo a ficha, mas infelizmente Elton se foi. Descanse em paz, poeta!<\/p>\n<p>Dilacerante a not\u00edcia de sua partida, poeta @eltonmagalhaescordel . Irm\u00e3o da arte, da educa\u00e7\u00e3o, da pol\u00edtica e da paix\u00e3o pelo \u00c9pico Esquadr\u00e3o. Uma cratera se abre no ch\u00e3o da poesia, do pensamento, do nosso cora\u00e7\u00e3o. Foi muito bom ter te conhecido, ter compartilhado momentos de poesia, resenhas, saberes. Que voc\u00ea esteja melhor que n\u00f3s! Deus d\u00ea consolo aos teus amores, paz e bem!<\/p>\n<div id=\"blogd-3792733133\" class=\"blogd-final-post blogd-entity-placement\"><a href=\"https:\/\/www.feiradesantana.ba.leg.br\/\" target=\"_blank\" aria-label=\"BANNER-SITE-ENTREGADECHEQUE-CAMARADEFEIRA\"><img loading=\"lazy\" decoding=\"async\" src=\"https:\/\/blogdafeira.com.br\/home\/wp-content\/uploads\/2026\/03\/BANNER-SITE-ENTREGADECHEQUE-CAMARADEFEIRA.gif\" alt=\"\"  class=\"no-lazyload\" width=\"728\" height=\"90\"   \/><\/a><\/div><p><strong><em>Na foto, o poeta e autor do texto , Romildo Alves e o poeta falecido.<\/em><\/strong><\/p>\n","protected":false},"excerpt":{"rendered":"<p>9 de dezembro de 2024, despediu-se de n\u00f3s, v\u00edtima de um acidente de moto, na cidade de Itaberaba, o poeta-amigo Elton Magalh\u00e3es. Um educador talentoso, cheio de vida e de sonhos, que deixa esse plano material para atender ao chamado do Criador. Meus sentimentos aos seus familiares. O poeta Elton Magalh\u00e3es, cordelista, autor do livro<\/p>\n","protected":false},"author":1,"featured_media":64842,"comment_status":"open","ping_status":"open","sticky":false,"template":"","format":"standard","meta":{"jetpack_post_was_ever_published":false,"cybocfi_hide_featured_image":"","_jetpack_newsletter_access":"","_jetpack_dont_email_post_to_subs":false,"_jetpack_newsletter_tier_id":0,"_jetpack_memberships_contains_paywalled_content":false,"_jetpack_memberships_contains_paid_content":false,"footnotes":"","jetpack_publicize_message":"","jetpack_publicize_feature_enabled":true,"jetpack_social_post_already_shared":true,"jetpack_social_options":{"image_generator_settings":{"template":"highway","default_image_id":0,"font":"","enabled":false},"version":2}},"categories":[592,4,1],"tags":[],"class_list":["post-64839","post","type-post","status-publish","format-standard","has-post-thumbnail","hentry","category-colunistas","category-cultura","category-raiz"],"jetpack_publicize_connections":[],"jetpack_featured_media_url":"https:\/\/blogdafeira.com.br\/home\/wp-content\/uploads\/2024\/12\/FB_IMG_17338538598523.jpg","jetpack_shortlink":"https:\/\/wp.me\/p3niVf-gRN","jetpack_sharing_enabled":true,"jetpack-related-posts":[{"id":67657,"url":"https:\/\/blogdafeira.com.br\/home\/2025\/06\/05\/67657\/","url_meta":{"origin":64839,"position":0},"title":"Dia Municipal do Cordel comemorado no Mercado de Arte Popular de Feira de Santana","author":"Romildo Alves","date":"05\/06\/2025","format":false,"excerpt":"Cordelistas, cantadores, declamadores, admiradores deste g\u00eanero da literatura popular, al\u00e9m de vendedores de xilogravuras e folhetos, prestigiaram o encontro destes artistas, realizado hoje (n quinta-feira, 5,)no MAP (Mercado de Arte Popular). O evento foi marcado por uma dupla homenagem. A primeira, pela passagem do Dia Municipal do Cordel, e a\u2026","rel":"","context":"Em &quot;Cultura&quot;","block_context":{"text":"Cultura","link":"https:\/\/blogdafeira.com.br\/home\/categoria\/cultura\/"},"img":{"alt_text":"","src":"https:\/\/i0.wp.com\/blogdafeira.com.br\/home\/wp-content\/uploads\/2025\/06\/Encontro-de-Violeiros-Repentistas-Cordelistas-e-Escritores-Foto-Jorge-Magalhaes-4.jpeg?resize=350%2C200&ssl=1","width":350,"height":200,"srcset":"https:\/\/i0.wp.com\/blogdafeira.com.br\/home\/wp-content\/uploads\/2025\/06\/Encontro-de-Violeiros-Repentistas-Cordelistas-e-Escritores-Foto-Jorge-Magalhaes-4.jpeg?resize=350%2C200&ssl=1 1x, https:\/\/i0.wp.com\/blogdafeira.com.br\/home\/wp-content\/uploads\/2025\/06\/Encontro-de-Violeiros-Repentistas-Cordelistas-e-Escritores-Foto-Jorge-Magalhaes-4.jpeg?resize=525%2C300&ssl=1 1.5x, https:\/\/i0.wp.com\/blogdafeira.com.br\/home\/wp-content\/uploads\/2025\/06\/Encontro-de-Violeiros-Repentistas-Cordelistas-e-Escritores-Foto-Jorge-Magalhaes-4.jpeg?resize=700%2C400&ssl=1 2x, https:\/\/i0.wp.com\/blogdafeira.com.br\/home\/wp-content\/uploads\/2025\/06\/Encontro-de-Violeiros-Repentistas-Cordelistas-e-Escritores-Foto-Jorge-Magalhaes-4.jpeg?resize=1050%2C600&ssl=1 3x"},"classes":[]},{"id":4984,"url":"https:\/\/blogdafeira.com.br\/home\/2013\/09\/14\/feira-do-livro-poeta-chico-pedrosa-declama-na-praca-do-cordel\/","url_meta":{"origin":64839,"position":1},"title":"Feira do Livro: poeta Chico Pedrosa declama na pra\u00e7a do Cordel","author":"Romildo Alves","date":"14\/09\/2013","format":false,"excerpt":"Um dos mais famosos poetas populares vivos do Brasil, o paraibano Chico Pedrosa, 77, \u00a0foi uma das atra\u00e7\u00f5es mais aplaudidas neste s\u00e1bado, na 6\u00aa Feira do Livro, que acontece at\u00e9 este domingo na pra\u00e7a do F\u00f3rum em Feira de Santana. Pedrosa tem uma vasta produ\u00e7\u00e3o de poesia de cordel, sempre\u2026","rel":"","context":"Em &quot;Home&quot;","block_context":{"text":"Home","link":"https:\/\/blogdafeira.com.br\/home\/categoria\/raiz\/"},"img":{"alt_text":"DSC08793","src":"https:\/\/i0.wp.com\/blogdafeira.com.br\/home\/wp-content\/uploads\/2013\/09\/DSC08793.jpg?resize=350%2C200","width":350,"height":200,"srcset":"https:\/\/i0.wp.com\/blogdafeira.com.br\/home\/wp-content\/uploads\/2013\/09\/DSC08793.jpg?resize=350%2C200 1x, https:\/\/i0.wp.com\/blogdafeira.com.br\/home\/wp-content\/uploads\/2013\/09\/DSC08793.jpg?resize=525%2C300 1.5x"},"classes":[]},{"id":36165,"url":"https:\/\/blogdafeira.com.br\/home\/2020\/03\/14\/chico-pedrosa-completa-84-anos-de-vida-e-poesia-no-nordeste\/","url_meta":{"origin":64839,"position":2},"title":"Chico Pedrosa, vida e poesia no Nordeste","author":"Romildo Alves","date":"14\/03\/2020","format":false,"excerpt":"\u00a0 Chico Pedrosa \u00e9 um poeta popular do Nordeste. Mora atualmente em Recife, mas montado na poesia\u00a0 cavalga pelas cidades sertanejas e litor\u00e2neas dessa regi\u00e3o, arrancando aplausos e admira\u00e7\u00e3o com a declama\u00e7\u00e3o dos seus versos e repentes da sua mem\u00f3ria prodigiosa. Sobre ele, escreveu o poeta Franklin Maxado, em recente\u2026","rel":"","context":"Em &quot;Cultura&quot;","block_context":{"text":"Cultura","link":"https:\/\/blogdafeira.com.br\/home\/categoria\/cultura\/"},"img":{"alt_text":"","src":"https:\/\/i0.wp.com\/blogdafeira.com.br\/home\/wp-content\/uploads\/2020\/03\/IMG_20200313_161202.jpg?resize=350%2C200&ssl=1","width":350,"height":200,"srcset":"https:\/\/i0.wp.com\/blogdafeira.com.br\/home\/wp-content\/uploads\/2020\/03\/IMG_20200313_161202.jpg?resize=350%2C200&ssl=1 1x, https:\/\/i0.wp.com\/blogdafeira.com.br\/home\/wp-content\/uploads\/2020\/03\/IMG_20200313_161202.jpg?resize=525%2C300&ssl=1 1.5x"},"classes":[]},{"id":21963,"url":"https:\/\/blogdafeira.com.br\/home\/2016\/06\/10\/a-republica-do-mangue-e-o-primeiro-romance-do-poeta-jorge-magalhaes\/","url_meta":{"origin":64839,"position":3},"title":"&#8216;A Rep\u00fablica do Mangue&#8217; \u00e9 o primeiro romance do poeta Jorge Magalh\u00e3es","author":"Romildo Alves","date":"10\/06\/2016","format":false,"excerpt":"No seu romance de estreia, \"A Rep\u00fablica do Mangue\", cole\u00e7\u00e3o \"Viagens na Fic\u00e7\u00e3o\", da Chiado Editora, de Portugal, Jorge Magalh\u00e3es se apoia em vasta experi\u00eancia\u00a0 jornal\u00edstica para engendrar, nesta comovente e emocionante hist\u00f3ria,\u00a0 cores vivas de um realismo inescap\u00e1vel aos fatos que enleiam protagonistas e coadjuvantes imbricados numa trama que\u2026","rel":"","context":"Em &quot;Home&quot;","block_context":{"text":"Home","link":"https:\/\/blogdafeira.com.br\/home\/categoria\/raiz\/"},"img":{"alt_text":"capaebookarepblicadomangue","src":"https:\/\/i0.wp.com\/blogdafeira.com.br\/home\/wp-content\/uploads\/2016\/06\/capaebookarepblicadomangue.jpg?resize=350%2C200","width":350,"height":200,"srcset":"https:\/\/i0.wp.com\/blogdafeira.com.br\/home\/wp-content\/uploads\/2016\/06\/capaebookarepblicadomangue.jpg?resize=350%2C200 1x, https:\/\/i0.wp.com\/blogdafeira.com.br\/home\/wp-content\/uploads\/2016\/06\/capaebookarepblicadomangue.jpg?resize=525%2C300 1.5x"},"classes":[]},{"id":362,"url":"https:\/\/blogdafeira.com.br\/home\/2013\/04\/11\/poeta-popular-faz-versos-sobre-a-seca-e-a-micareta-de-feira\/","url_meta":{"origin":64839,"position":4},"title":"Poeta popular faz versos sobre a seca e a micareta de Feira","author":"Romildo Alves","date":"11\/04\/2013","format":false,"excerpt":"Dinheiro \u00e9 o que n\u00e3o falta Pro ax\u00e9, pra putaria Mas pra acabar a agonia De quem busca \u00e1gua na lata Ningu\u00e9m acaba a mamata Dos cach\u00eas dos donat\u00e1rios Desse au\u00ea milion\u00e1rio Que se chama Micareta E que vivem da mutreta De enganar os ot\u00e1rios (Z\u00e9 Vaqueiro da Feira)","rel":"","context":"Em &quot;Cidade&quot;","block_context":{"text":"Cidade","link":"https:\/\/blogdafeira.com.br\/home\/categoria\/cidade\/"},"img":{"alt_text":"","src":"","width":0,"height":0},"classes":[]},{"id":6071,"url":"https:\/\/blogdafeira.com.br\/home\/2013\/11\/14\/franklin-maxado-tem-banca-de-cordel-e-relanca-livro-na-bienal-em-salvador\/","url_meta":{"origin":64839,"position":5},"title":"Franklin Maxado tem banca de cordel e relan\u00e7a livro na Bienal em Salvador","author":"Romildo Alves","date":"14\/11\/2013","format":false,"excerpt":"Na sexta-feira, 15, \u00e0s 18h30, o\u00a0Territ\u00f3rio Jovem, espa\u00e7o criado especialmente para os adolescentes, receber\u00e1 os escritores Jos\u00e9 In\u00e1cio Vieira de Mello e\u00a0M\u00e1rcia Tiburi\u00a0para bater um papo mediado por Aline Castelo Branco sobre \u201cO amor na internet: \u00e9tica das rela\u00e7\u00f5es amorosas\u201d. E \u00e0s 18h e \u00e0s 19h, a\u00a0Pra\u00e7a de Poesia e\u2026","rel":"","context":"Em &quot;Home&quot;","block_context":{"text":"Home","link":"https:\/\/blogdafeira.com.br\/home\/categoria\/raiz\/"},"img":{"alt_text":"","src":"","width":0,"height":0},"classes":[]}],"_links":{"self":[{"href":"https:\/\/blogdafeira.com.br\/home\/wp-json\/wp\/v2\/posts\/64839","targetHints":{"allow":["GET"]}}],"collection":[{"href":"https:\/\/blogdafeira.com.br\/home\/wp-json\/wp\/v2\/posts"}],"about":[{"href":"https:\/\/blogdafeira.com.br\/home\/wp-json\/wp\/v2\/types\/post"}],"author":[{"embeddable":true,"href":"https:\/\/blogdafeira.com.br\/home\/wp-json\/wp\/v2\/users\/1"}],"replies":[{"embeddable":true,"href":"https:\/\/blogdafeira.com.br\/home\/wp-json\/wp\/v2\/comments?post=64839"}],"version-history":[{"count":1,"href":"https:\/\/blogdafeira.com.br\/home\/wp-json\/wp\/v2\/posts\/64839\/revisions"}],"predecessor-version":[{"id":64841,"href":"https:\/\/blogdafeira.com.br\/home\/wp-json\/wp\/v2\/posts\/64839\/revisions\/64841"}],"wp:featuredmedia":[{"embeddable":true,"href":"https:\/\/blogdafeira.com.br\/home\/wp-json\/wp\/v2\/media\/64842"}],"wp:attachment":[{"href":"https:\/\/blogdafeira.com.br\/home\/wp-json\/wp\/v2\/media?parent=64839"}],"wp:term":[{"taxonomy":"category","embeddable":true,"href":"https:\/\/blogdafeira.com.br\/home\/wp-json\/wp\/v2\/categories?post=64839"},{"taxonomy":"post_tag","embeddable":true,"href":"https:\/\/blogdafeira.com.br\/home\/wp-json\/wp\/v2\/tags?post=64839"}],"curies":[{"name":"wp","href":"https:\/\/api.w.org\/{rel}","templated":true}]}}