{"id":64963,"date":"2024-12-24T00:28:27","date_gmt":"2024-12-24T03:28:27","guid":{"rendered":"https:\/\/blogdafeira.com.br\/home\/?p=64963"},"modified":"2025-03-06T23:11:15","modified_gmt":"2025-03-07T02:11:15","slug":"maria-barbuda","status":"publish","type":"post","link":"https:\/\/blogdafeira.com.br\/home\/2024\/12\/24\/maria-barbuda\/","title":{"rendered":"Maria Barbuda"},"content":{"rendered":"<div id=\"blogd-3364279075\" class=\"blogd-final-post blogd-entity-placement\"><a href=\"https:\/\/www.feiradesantana.ba.leg.br\/\" target=\"_blank\" aria-label=\"BANNER-SITE-ENTREGADECHEQUE-CAMARADEFEIRA\"><img loading=\"lazy\" decoding=\"async\" src=\"https:\/\/blogdafeira.com.br\/home\/wp-content\/uploads\/2026\/03\/BANNER-SITE-ENTREGADECHEQUE-CAMARADEFEIRA.gif\" alt=\"\"  class=\"no-lazyload\" width=\"728\" height=\"90\"   \/><\/a><\/div><div id=\"blogd-348686876\" class=\"blogd-fim-do-post-mobile blogd-entity-placement\" style=\"margin-left: auto;margin-right: auto;text-align: center;\"><a href=\"https:\/\/www.sefaz.feiradesantana.ba.gov.br\/\" target=\"_blank\" aria-label=\"728&#215;90 (6)\"><img loading=\"lazy\" decoding=\"async\" src=\"https:\/\/blogdafeira.com.br\/home\/wp-content\/uploads\/2026\/03\/728x90-6.gif\" alt=\"\"  class=\"no-lazyload\" width=\"728\" height=\"90\"  style=\"display: inline-block;\" \/><\/a><\/div><p>Maria Barbuda vendia comida dentro do Mercado. Negona volumosa, tinha fama de valente e de ser dotada de poderes m\u00e1gicos.O\u00a0 Barbuda era da fam\u00edlia portuguesa a quem pertenceram seus av\u00f3s escravizados. Morava na Galil\u00e9ia, vinha andando, carregando tro\u00e7os da cozinha. Um dia jogou uma macumba em um motorista: ele s\u00f3 conseguiu consertar o caminh\u00e3o quebrado na ladeira do Naj\u00e9 depois de pedir desculpa pela grosseria que havia feito, a buzina estridente, o esculacho, pra ela sair do meio da estrada poeirenta que ele vinha de longe, talvez do Rio Grande do Norte. Havia tamb\u00e9m um vendedor de brilhantina a granel, cuja f\u00f3rmula n\u00e3o passava da vaselina com um corante,\u00a0 os baleiros que falsificavam\u00a0 chocolates, Pedro Grosso que levantava uma camionete no ombro, os engraxates\u00a0 roubando tabar\u00e9us e coron\u00e9is contratando para vinditas e grilagens os pistoleiros travestidos de vendedores de carros velhos. No centro da cidade havia tamb\u00e9m o Caf\u00e9 S\u00e3o Paulo. Algumas hist\u00f3rias o folheteiro Jurivaldo ouviu falar, outras ele viveu. Por exemplo, a vida de propagandista: se deixar, ele conta uma hist\u00f3ria em cima da outra do tempo em que fabricava e vendia rem\u00e9dios, xaropes e outros curativos.\u00a0 Ganha-p\u00e3o de artistas da persuas\u00e3o e do espet\u00e1culo numa \u00e9poca em que as performances e shows n\u00e3o eram banalidades. Ci\u00eancia, poesia, jogo, misticismo, tudo na arte do camel\u00f4 propagandista para <em>fazer a roda<\/em>, nas feiras. N\u00e3o era s\u00f3 na feira grande da Feira.N\u00e3o. Os propagandistas iam onde n\u00e3o haviam as farm\u00e1cias ainda, iam longe.\u00a0 Jurivaldo fala como um teclado apressado, escrevendo a pr\u00f3pria hist\u00f3ria e a da Feira dos anos 60-70 antes da feira-livre ser deslocada para o Centro de Abastecimento naquele vaticinado ano de 1977.<\/p><div id=\"blogd-1821684952\" class=\"blogd-conteudo-2-mobile blogd-entity-placement\"><a href=\"https:\/\/feirenses.com.br\/\" target=\"_blank\" aria-label=\"feirenses\"><img loading=\"lazy\" decoding=\"async\" src=\"https:\/\/blogdafeira.com.br\/home\/wp-content\/uploads\/2026\/04\/feirenses.png\" alt=\"\"  srcset=\"https:\/\/blogdafeira.com.br\/home\/wp-content\/uploads\/2026\/04\/feirenses.png 300w, https:\/\/blogdafeira.com.br\/home\/wp-content\/uploads\/2026\/04\/feirenses-170x45.png 170w, https:\/\/blogdafeira.com.br\/home\/wp-content\/uploads\/2026\/04\/feirenses-280x74.png 280w\" sizes=\"(max-width: 300px) 100vw, 300px\" class=\"no-lazyload\" width=\"300\" height=\"79\"  style=\"display: inline-block;\" \/><\/a><\/div>\n","protected":false},"excerpt":{"rendered":"<p>Maria Barbuda vendia comida dentro do Mercado. Negona volumosa, tinha fama de valente e de ser dotada de poderes m\u00e1gicos.O\u00a0 Barbuda era da fam\u00edlia portuguesa a quem pertenceram seus av\u00f3s escravizados. Morava na Galil\u00e9ia, vinha andando, carregando tro\u00e7os da cozinha. Um dia jogou uma macumba em um motorista: ele s\u00f3 conseguiu consertar o caminh\u00e3o quebrado<\/p>\n","protected":false},"author":8,"featured_media":64970,"comment_status":"open","ping_status":"open","sticky":false,"template":"","format":"standard","meta":{"jetpack_post_was_ever_published":false,"cybocfi_hide_featured_image":"","_jetpack_newsletter_access":"","_jetpack_dont_email_post_to_subs":false,"_jetpack_newsletter_tier_id":0,"_jetpack_memberships_contains_paywalled_content":false,"_jetpack_memberships_contains_paid_content":false,"footnotes":"","jetpack_publicize_message":"","jetpack_publicize_feature_enabled":true,"jetpack_social_post_already_shared":true,"jetpack_social_options":{"image_generator_settings":{"template":"highway","default_image_id":0,"font":"","enabled":false},"version":2}},"categories":[592,1],"tags":[],"class_list":["post-64963","post","type-post","status-publish","format-standard","has-post-thumbnail","hentry","category-colunistas","category-raiz"],"jetpack_publicize_connections":[],"jetpack_featured_media_url":"https:\/\/blogdafeira.com.br\/home\/wp-content\/uploads\/2024\/12\/images-18-1.jpeg","jetpack_shortlink":"https:\/\/wp.me\/p3niVf-gTN","jetpack_sharing_enabled":true,"jetpack-related-posts":[{"id":52062,"url":"https:\/\/blogdafeira.com.br\/home\/2022\/05\/04\/52062\/","url_meta":{"origin":64963,"position":0},"title":"Porta aberta","author":"Adilson Simas","date":"04\/05\/2022","format":false,"excerpt":"Exatamente como Colbert gostava quando governou a Feira de Santana. Seu encontro com o l\u00edder pol\u00edtico Roberto Santos foi no gabinete e com a porta aberta.Dentro do gabinete em volta da imensa mesa, entre outros identificados Tem\u00edstocles massagista, China goleiro, Fernando Gomes, Hosannah Leite, Celso Pereira, Osvaldo Brasileiro, Adilson Simas,\u2026","rel":"","context":"Em &quot;Colunistas&quot;","block_context":{"text":"Colunistas","link":"https:\/\/blogdafeira.com.br\/home\/categoria\/colunistas\/"},"img":{"alt_text":"","src":"https:\/\/i0.wp.com\/blogdafeira.com.br\/home\/wp-content\/uploads\/2022\/05\/FB_IMG_1651632174359.jpg?resize=350%2C200&ssl=1","width":350,"height":200,"srcset":"https:\/\/i0.wp.com\/blogdafeira.com.br\/home\/wp-content\/uploads\/2022\/05\/FB_IMG_1651632174359.jpg?resize=350%2C200&ssl=1 1x, https:\/\/i0.wp.com\/blogdafeira.com.br\/home\/wp-content\/uploads\/2022\/05\/FB_IMG_1651632174359.jpg?resize=525%2C300&ssl=1 1.5x, https:\/\/i0.wp.com\/blogdafeira.com.br\/home\/wp-content\/uploads\/2022\/05\/FB_IMG_1651632174359.jpg?resize=700%2C400&ssl=1 2x"},"classes":[]},{"id":33975,"url":"https:\/\/blogdafeira.com.br\/home\/2019\/11\/14\/pinto-vem-ai\/","url_meta":{"origin":64963,"position":1},"title":"&#8220;Pinto vem a\u00ed&#8221;","author":"J\u00e2nio R\u00eago","date":"14\/11\/2019","format":false,"excerpt":"\"Pinto vem a\u00ed!\u201d Na d\u00e9cada de 1970, em Feira de Santana, essa express\u00e3o era quase um grito de guerra dos opositores do regime militar, para anunciar a possibilidade de Francisco Pinto, prefeito cassado e preso pelo Golpe Militar de 1964, retornar \u00e0 cidade para liderar a oposi\u00e7\u00e3o e, quem sabe,\u2026","rel":"","context":"Em &quot;Home&quot;","block_context":{"text":"Home","link":"https:\/\/blogdafeira.com.br\/home\/categoria\/raiz\/"},"img":{"alt_text":"","src":"https:\/\/i0.wp.com\/blogdafeira.com.br\/home\/wp-content\/uploads\/2019\/11\/13112019085911.jpg?resize=350%2C200","width":350,"height":200,"srcset":"https:\/\/i0.wp.com\/blogdafeira.com.br\/home\/wp-content\/uploads\/2019\/11\/13112019085911.jpg?resize=350%2C200 1x, https:\/\/i0.wp.com\/blogdafeira.com.br\/home\/wp-content\/uploads\/2019\/11\/13112019085911.jpg?resize=525%2C300 1.5x"},"classes":[]},{"id":47345,"url":"https:\/\/blogdafeira.com.br\/home\/2021\/09\/11\/o-11-de-setembro-de-2001-na-feira\/","url_meta":{"origin":64963,"position":2},"title":"O 11 de Setembro de 2001 na Feira","author":"Andr\u00e9 Pomponet","date":"11\/09\/2021","format":false,"excerpt":"\u2013 Um avi\u00e3o bateu contra o World Trade Center l\u00e1 em Nova Iorque... A not\u00edcia chegou no fim da sess\u00e3o da C\u00e2mara Municipal aqui da Feira de Santana. Quem a trouxe, nem recordo. Mas sei que n\u00e3o atribuiu grande import\u00e2ncia. Assim, julguei o fato um acidente, talvez um avi\u00e3ozinho qualquer\u2026","rel":"","context":"Em &quot;Colunistas&quot;","block_context":{"text":"Colunistas","link":"https:\/\/blogdafeira.com.br\/home\/categoria\/colunistas\/"},"img":{"alt_text":"","src":"https:\/\/i0.wp.com\/blogdafeira.com.br\/home\/wp-content\/uploads\/2021\/09\/wtc-11-setembro-atentado-terrorista-ny34.jpg?resize=350%2C200&ssl=1","width":350,"height":200,"srcset":"https:\/\/i0.wp.com\/blogdafeira.com.br\/home\/wp-content\/uploads\/2021\/09\/wtc-11-setembro-atentado-terrorista-ny34.jpg?resize=350%2C200&ssl=1 1x, https:\/\/i0.wp.com\/blogdafeira.com.br\/home\/wp-content\/uploads\/2021\/09\/wtc-11-setembro-atentado-terrorista-ny34.jpg?resize=525%2C300&ssl=1 1.5x, https:\/\/i0.wp.com\/blogdafeira.com.br\/home\/wp-content\/uploads\/2021\/09\/wtc-11-setembro-atentado-terrorista-ny34.jpg?resize=700%2C400&ssl=1 2x, https:\/\/i0.wp.com\/blogdafeira.com.br\/home\/wp-content\/uploads\/2021\/09\/wtc-11-setembro-atentado-terrorista-ny34.jpg?resize=1050%2C600&ssl=1 3x, https:\/\/i0.wp.com\/blogdafeira.com.br\/home\/wp-content\/uploads\/2021\/09\/wtc-11-setembro-atentado-terrorista-ny34.jpg?resize=1400%2C800&ssl=1 4x"},"classes":[]},{"id":43063,"url":"https:\/\/blogdafeira.com.br\/home\/2021\/01\/19\/candomble-em-candeia-grossa-da-matinha\/","url_meta":{"origin":64963,"position":3},"title":"Candombl\u00e9 em Candeia Grossa da Matinha","author":"J\u00e2nio R\u00eago","date":"19\/01\/2021","format":false,"excerpt":"Procurei M\u00e3e Gra\u00e7a para tirar uma d\u00favida que me veio com a trag\u00e9dia da morte de tr\u00eas pessoas eletrocutadas no povoado de Candeia Grossa, destacada pela imprensa local h\u00e1 alguns dias. Um homem e duas mulheres morreram quando um mastro met\u00e1lico da bandeira branca de um terreiro de Candombl\u00e9 caiu\u2026","rel":"","context":"Em &quot;Colunistas&quot;","block_context":{"text":"Colunistas","link":"https:\/\/blogdafeira.com.br\/home\/categoria\/colunistas\/"},"img":{"alt_text":"","src":"https:\/\/i0.wp.com\/blogdafeira.com.br\/home\/wp-content\/uploads\/2021\/01\/IMG_20210114_145129_675-scaled.jpg?resize=350%2C200&ssl=1","width":350,"height":200,"srcset":"https:\/\/i0.wp.com\/blogdafeira.com.br\/home\/wp-content\/uploads\/2021\/01\/IMG_20210114_145129_675-scaled.jpg?resize=350%2C200&ssl=1 1x, https:\/\/i0.wp.com\/blogdafeira.com.br\/home\/wp-content\/uploads\/2021\/01\/IMG_20210114_145129_675-scaled.jpg?resize=525%2C300&ssl=1 1.5x, https:\/\/i0.wp.com\/blogdafeira.com.br\/home\/wp-content\/uploads\/2021\/01\/IMG_20210114_145129_675-scaled.jpg?resize=700%2C400&ssl=1 2x, https:\/\/i0.wp.com\/blogdafeira.com.br\/home\/wp-content\/uploads\/2021\/01\/IMG_20210114_145129_675-scaled.jpg?resize=1050%2C600&ssl=1 3x, https:\/\/i0.wp.com\/blogdafeira.com.br\/home\/wp-content\/uploads\/2021\/01\/IMG_20210114_145129_675-scaled.jpg?resize=1400%2C800&ssl=1 4x"},"classes":[]},{"id":45762,"url":"https:\/\/blogdafeira.com.br\/home\/2021\/06\/08\/vereador-denuncia-situacao-das-escolas-municipais-de-candeia-grossa-e-formiga\/","url_meta":{"origin":64963,"position":4},"title":"Vereador denuncia situa\u00e7\u00e3o das escolas municipais de Candeia Grossa e Formiga","author":"Blog da Feira","date":"08\/06\/2021","format":false,"excerpt":"Enquanto a Prefeitura de Feira de Santana anuncia a constru\u00e7\u00e3o de 11 novas unidades de ensino, entre creches e escolas, v\u00e1rios equipamentos da Rede Municipal de Educa\u00e7\u00e3o encontram-se deteriorados, principalmente na zona rural. A advert\u00eancia foi feita pelo vereador Professor Ivamberg (PT) em pronunciamento nesta ter\u00e7a (8) na C\u00e2mara. \"Antes\u2026","rel":"","context":"Em &quot;Distritos&quot;","block_context":{"text":"Distritos","link":"https:\/\/blogdafeira.com.br\/home\/categoria\/distritos\/"},"img":{"alt_text":"","src":"https:\/\/i0.wp.com\/blogdafeira.com.br\/home\/wp-content\/uploads\/2021\/06\/08062021153335.jpg?resize=350%2C200&ssl=1","width":350,"height":200,"srcset":"https:\/\/i0.wp.com\/blogdafeira.com.br\/home\/wp-content\/uploads\/2021\/06\/08062021153335.jpg?resize=350%2C200&ssl=1 1x, https:\/\/i0.wp.com\/blogdafeira.com.br\/home\/wp-content\/uploads\/2021\/06\/08062021153335.jpg?resize=525%2C300&ssl=1 1.5x, https:\/\/i0.wp.com\/blogdafeira.com.br\/home\/wp-content\/uploads\/2021\/06\/08062021153335.jpg?resize=700%2C400&ssl=1 2x, https:\/\/i0.wp.com\/blogdafeira.com.br\/home\/wp-content\/uploads\/2021\/06\/08062021153335.jpg?resize=1050%2C600&ssl=1 3x"},"classes":[]},{"id":67367,"url":"https:\/\/blogdafeira.com.br\/home\/2025\/05\/18\/candeia-grossa-encerrou-festa-da-padroeira-do-povoado-da-matinha\/","url_meta":{"origin":64963,"position":5},"title":"Candeia Grossa encerrou festa da padroeira do povoado da Matinha","author":"Blog da Feira","date":"18\/05\/2025","format":false,"excerpt":"F\u00e9, celebra\u00e7\u00e3o e devo\u00e7\u00e3o marcaram o encerramento do noven\u00e1rio de Nossa Senhora de F\u00e1tima, padroeira do povoado de Candeia Grossa, no distrito de Matinha, na manh\u00e3 deste domingo (18). A festa lit\u00fargica, celebrada pelo padre Luiz Ant\u00f4nio, contou com a presen\u00e7a do prefeito Jos\u00e9 Ronaldo e atraiu centenas de fi\u00e9is\u2026","rel":"","context":"Em &quot;Distritos&quot;","block_context":{"text":"Distritos","link":"https:\/\/blogdafeira.com.br\/home\/categoria\/distritos\/"},"img":{"alt_text":"","src":"https:\/\/i0.wp.com\/blogdafeira.com.br\/home\/wp-content\/uploads\/2025\/05\/Missa-na-Candeia-Grossa-foto-Jorge-Magalhaes-3.jpeg?resize=350%2C200&ssl=1","width":350,"height":200,"srcset":"https:\/\/i0.wp.com\/blogdafeira.com.br\/home\/wp-content\/uploads\/2025\/05\/Missa-na-Candeia-Grossa-foto-Jorge-Magalhaes-3.jpeg?resize=350%2C200&ssl=1 1x, https:\/\/i0.wp.com\/blogdafeira.com.br\/home\/wp-content\/uploads\/2025\/05\/Missa-na-Candeia-Grossa-foto-Jorge-Magalhaes-3.jpeg?resize=525%2C300&ssl=1 1.5x, https:\/\/i0.wp.com\/blogdafeira.com.br\/home\/wp-content\/uploads\/2025\/05\/Missa-na-Candeia-Grossa-foto-Jorge-Magalhaes-3.jpeg?resize=700%2C400&ssl=1 2x, https:\/\/i0.wp.com\/blogdafeira.com.br\/home\/wp-content\/uploads\/2025\/05\/Missa-na-Candeia-Grossa-foto-Jorge-Magalhaes-3.jpeg?resize=1050%2C600&ssl=1 3x"},"classes":[]}],"_links":{"self":[{"href":"https:\/\/blogdafeira.com.br\/home\/wp-json\/wp\/v2\/posts\/64963","targetHints":{"allow":["GET"]}}],"collection":[{"href":"https:\/\/blogdafeira.com.br\/home\/wp-json\/wp\/v2\/posts"}],"about":[{"href":"https:\/\/blogdafeira.com.br\/home\/wp-json\/wp\/v2\/types\/post"}],"author":[{"embeddable":true,"href":"https:\/\/blogdafeira.com.br\/home\/wp-json\/wp\/v2\/users\/8"}],"replies":[{"embeddable":true,"href":"https:\/\/blogdafeira.com.br\/home\/wp-json\/wp\/v2\/comments?post=64963"}],"version-history":[{"count":14,"href":"https:\/\/blogdafeira.com.br\/home\/wp-json\/wp\/v2\/posts\/64963\/revisions"}],"predecessor-version":[{"id":64985,"href":"https:\/\/blogdafeira.com.br\/home\/wp-json\/wp\/v2\/posts\/64963\/revisions\/64985"}],"wp:featuredmedia":[{"embeddable":true,"href":"https:\/\/blogdafeira.com.br\/home\/wp-json\/wp\/v2\/media\/64970"}],"wp:attachment":[{"href":"https:\/\/blogdafeira.com.br\/home\/wp-json\/wp\/v2\/media?parent=64963"}],"wp:term":[{"taxonomy":"category","embeddable":true,"href":"https:\/\/blogdafeira.com.br\/home\/wp-json\/wp\/v2\/categories?post=64963"},{"taxonomy":"post_tag","embeddable":true,"href":"https:\/\/blogdafeira.com.br\/home\/wp-json\/wp\/v2\/tags?post=64963"}],"curies":[{"name":"wp","href":"https:\/\/api.w.org\/{rel}","templated":true}]}}