{"id":64965,"date":"2024-12-23T23:16:24","date_gmt":"2024-12-24T02:16:24","guid":{"rendered":"https:\/\/blogdafeira.com.br\/home\/?p=64965"},"modified":"2025-03-06T23:11:15","modified_gmt":"2025-03-07T02:11:15","slug":"ministerio-publico-acusa-de-improbidade-o-prefeito-de-castro-alves","status":"publish","type":"post","link":"https:\/\/blogdafeira.com.br\/home\/2024\/12\/23\/ministerio-publico-acusa-de-improbidade-o-prefeito-de-castro-alves\/","title":{"rendered":"Minist\u00e9rio P\u00fablico acusa de improbidade o prefeito de Castro Alves"},"content":{"rendered":"<div id=\"blogd-2135601298\" class=\"blogd-fim-do-post-mobile blogd-entity-placement\" style=\"margin-left: auto;margin-right: auto;text-align: center;\"><a href=\"https:\/\/www.sefaz.feiradesantana.ba.gov.br\/\" target=\"_blank\" aria-label=\"728&#215;90 (6)\"><img loading=\"lazy\" decoding=\"async\" src=\"https:\/\/blogdafeira.com.br\/home\/wp-content\/uploads\/2026\/03\/728x90-6.gif\" alt=\"\"  class=\"no-lazyload\" width=\"728\" height=\"90\"  style=\"display: inline-block;\" \/><\/a><\/div><p>O Minist\u00e9rio P\u00fablico da Bahia (MP) ingressou com uma a\u00e7\u00e3o civil p\u00fablica por improbidade administrativa contra o prefeito de Castro Alves, Thiancle Ara\u00fajo (PSD). A a\u00e7\u00e3o foi protocolada na 1\u00aa Vara C\u00edvel do munic\u00edpio e envolve um dano ao er\u00e1rio municipal estimado em R$ 10.518.385,82, decorrente de irregularidades na declara\u00e7\u00e3o e pagamento de contribui\u00e7\u00f5es previdenci\u00e1rias.<\/p><div id=\"blogd-3156470335\" class=\"blogd-conteudo-2-mobile blogd-entity-placement\"><a href=\"https:\/\/feirenses.com.br\/\" target=\"_blank\" aria-label=\"feirenses\"><img loading=\"lazy\" decoding=\"async\" src=\"https:\/\/blogdafeira.com.br\/home\/wp-content\/uploads\/2026\/04\/feirenses.png\" alt=\"\"  srcset=\"https:\/\/blogdafeira.com.br\/home\/wp-content\/uploads\/2026\/04\/feirenses.png 300w, https:\/\/blogdafeira.com.br\/home\/wp-content\/uploads\/2026\/04\/feirenses-170x45.png 170w, https:\/\/blogdafeira.com.br\/home\/wp-content\/uploads\/2026\/04\/feirenses-280x74.png 280w\" sizes=\"(max-width: 300px) 100vw, 300px\" class=\"no-lazyload\" width=\"300\" height=\"79\"  style=\"display: inline-block;\" \/><\/a><\/div>\n<p>De acordo com a den\u00fancia do MP, a Receita Federal, por meio de uma auditoria fiscal, revelou que o munic\u00edpio n\u00e3o declarou, em prazo h\u00e1bil, valores devidos \u00e0 Previd\u00eancia Social, gerando a inclus\u00e3o de multas e juros. Os d\u00e9bitos foram parcelados no programa de regulariza\u00e7\u00e3o previsto na Emenda Constitucional n\u00ba 113\/2021, configurando, segundo o MP, a confiss\u00e3o irretrat\u00e1vel da d\u00edvida e o reconhecimento do preju\u00edzo ao er\u00e1rio.<\/p>\n<p>A Promotoria de Justi\u00e7a salienta que os montantes devidos abrangem contribui\u00e7\u00f5es previdenci\u00e1rias patronais e valores que deveriam ter sido descontados dos servidores municipais. A omiss\u00e3o na declara\u00e7\u00e3o de tais valores na Guia de Recolhimento do FGTS e Informa\u00e7\u00f5es \u00e0 Previd\u00eancia Social (GFIP) resultou na cobran\u00e7a autom\u00e1tica pela Receita Federal, com acr\u00e9scimos de encargos financeiros.<\/p>\n<p>Na a\u00e7\u00e3o, o MP solicita o ressarcimento integral do valor atualizado de R$ 10,5 milh\u00f5es, al\u00e9m da aplica\u00e7\u00e3o das previs\u00f5es previstas na Lei n\u00ba 8.429\/92 (Lei de Improbidade Administrativa), que inclui a perda da fun\u00e7\u00e3o p\u00fablica, suspens\u00e3o dos direitos pol\u00edticas, indisponibilidade de bens e pagamento de custos e despesas processuais.<\/p>\n<p>A den\u00fancia tamb\u00e9m destaca que a conduta do prefeito Thiancle Ara\u00fajo, que feriu frontalmente os princ\u00edpios da administra\u00e7\u00e3o p\u00fablica, a exemplo da legalidade, moralidade, efici\u00eancia e publicidade. O MP exige que o processo seja conduzido com julgamento antecipado do caso, dada a robustez das provas apresentadas.<\/p>\n<p>O parcelamento das d\u00edvidas fiscais e a confiss\u00e3o judicial apontam, segundo o MP, para um grave preju\u00edzo aos cofres p\u00fablicos. O prefeito Thiancle Ara\u00fajo ainda n\u00e3o se manifestou oficialmente sobre o caso. A a\u00e7\u00e3o foi protocolada pelo promotor Carlos Andr\u00e9 Milton Pereira na Justi\u00e7a e distribu\u00edda \u00e0 1 Vara C\u00edvel de Castro Alves no \u00faltimo dia 19 de dezembro.<\/p>\n<p>Confira a \u00edntegra da den\u00fancia:<\/p>\n<div id=\"blogd-4222546142\" class=\"blogd-final-post blogd-entity-placement\"><a href=\"https:\/\/www.feiradesantana.ba.leg.br\/\" target=\"_blank\" aria-label=\"BANNER-SITE-ENTREGADECHEQUE-CAMARADEFEIRA\"><img loading=\"lazy\" decoding=\"async\" src=\"https:\/\/blogdafeira.com.br\/home\/wp-content\/uploads\/2026\/03\/BANNER-SITE-ENTREGADECHEQUE-CAMARADEFEIRA.gif\" alt=\"\"  class=\"no-lazyload\" width=\"728\" height=\"90\"   \/><\/a><\/div><p><iframe loading=\"lazy\" style=\"border: none;\" src=\"https:\/\/blogdafeira.com.br\/home\/wp-content\/uploads\/2024\/12\/ACP-improbidade-administrativa_dano-erario_IC-.pdf\" width=\"100%\" height=\"600px\"><span data-mce-type=\"bookmark\" style=\"display: inline-block; width: 0px; overflow: hidden; line-height: 0;\" class=\"mce_SELRES_start\">\ufeff<\/span><\/iframe><\/p>\n","protected":false},"excerpt":{"rendered":"<p>O Minist\u00e9rio P\u00fablico da Bahia (MP) ingressou com uma a\u00e7\u00e3o civil p\u00fablica por improbidade administrativa contra o prefeito de Castro Alves, Thiancle Ara\u00fajo (PSD). A a\u00e7\u00e3o foi protocolada na 1\u00aa Vara C\u00edvel do munic\u00edpio e envolve um dano ao er\u00e1rio municipal estimado em R$ 10.518.385,82, decorrente de irregularidades na declara\u00e7\u00e3o e pagamento de contribui\u00e7\u00f5es previdenci\u00e1rias.<\/p>\n","protected":false},"author":1,"featured_media":64967,"comment_status":"open","ping_status":"open","sticky":false,"template":"","format":"standard","meta":{"jetpack_post_was_ever_published":false,"cybocfi_hide_featured_image":"","_jetpack_newsletter_access":"","_jetpack_dont_email_post_to_subs":false,"_jetpack_newsletter_tier_id":0,"_jetpack_memberships_contains_paywalled_content":false,"_jetpack_memberships_contains_paid_content":false,"footnotes":"","jetpack_publicize_message":"","jetpack_publicize_feature_enabled":true,"jetpack_social_post_already_shared":true,"jetpack_social_options":{"image_generator_settings":{"template":"highway","default_image_id":0,"font":"","enabled":false},"version":2}},"categories":[3,1],"tags":[],"class_list":["post-64965","post","type-post","status-publish","format-standard","has-post-thumbnail","hentry","category-cidade","category-raiz"],"jetpack_publicize_connections":[],"jetpack_featured_media_url":"https:\/\/blogdafeira.com.br\/home\/wp-content\/uploads\/2024\/12\/IMG-20241223-WA0075.jpg","jetpack_shortlink":"https:\/\/wp.me\/p3niVf-gTP","jetpack_sharing_enabled":true,"jetpack-related-posts":[{"id":15875,"url":"https:\/\/blogdafeira.com.br\/home\/2015\/07\/30\/ministerio-publico-aciona-prefeito-de-itapetinga-por-problema-ambiental\/","url_meta":{"origin":64965,"position":0},"title":"Minist\u00e9rio P\u00fablico aciona Prefeito de Itapetinga por problema ambiental","author":"Ascom","date":"30\/07\/2015","format":false,"excerpt":"O Munic\u00edpio de Itapetinga e seu atual prefeito, Jos\u00e9 Carlos Cruz Cerqueira Moura (PT), v\u00e3o responder a quatro a\u00e7\u00f5es judiciais movidas pelo Minist\u00e9rio P\u00fablico estadual, por meio do promotor de Justi\u00e7a Gean Carlos Le\u00e3o. O governo municipal desrespeitou um Termo de Ajustamento de Conduta (TAC) firmado com o MP em\u2026","rel":"","context":"Em &quot;Home&quot;","block_context":{"text":"Home","link":"https:\/\/blogdafeira.com.br\/home\/categoria\/raiz\/"},"img":{"alt_text":"","src":"","width":0,"height":0},"classes":[]},{"id":69858,"url":"https:\/\/blogdafeira.com.br\/home\/2025\/10\/18\/trf1-confirma-inocencia-de-ze-ronaldo-nao-houve-dano-ao-erario-nem-dolo\/","url_meta":{"origin":64965,"position":1},"title":"TRF1 confirma inoc\u00eancia de Z\u00e9 Ronaldo: &#8220;n\u00e3o houve dano ao er\u00e1rio, nem dolo&#8221;","author":"Ascom","date":"18\/10\/2025","format":false,"excerpt":"Em uma decis\u00e3o que reafirma o valor da justi\u00e7a t\u00e9cnica e imparcial, o Tribunal Regional Federal da 1\u00aa Regi\u00e3o (TRF1)confirmou, por unanimidade, a inoc\u00eancia do ex-prefeito Jos\u00e9 Ronaldo de Carvalho em a\u00e7\u00e3o de improbidade administrativa movida pelo Minist\u00e9rio P\u00fablico Federal (MPF). A 4\u00aa Turma do TRF1, sob relatoria do Desembargador\u2026","rel":"","context":"Em &quot;Home&quot;","block_context":{"text":"Home","link":"https:\/\/blogdafeira.com.br\/home\/categoria\/raiz\/"},"img":{"alt_text":"","src":"https:\/\/i0.wp.com\/blogdafeira.com.br\/home\/wp-content\/uploads\/2025\/10\/Screenshot_20251018-181011.png?resize=350%2C200&ssl=1","width":350,"height":200,"srcset":"https:\/\/i0.wp.com\/blogdafeira.com.br\/home\/wp-content\/uploads\/2025\/10\/Screenshot_20251018-181011.png?resize=350%2C200&ssl=1 1x, https:\/\/i0.wp.com\/blogdafeira.com.br\/home\/wp-content\/uploads\/2025\/10\/Screenshot_20251018-181011.png?resize=525%2C300&ssl=1 1.5x, https:\/\/i0.wp.com\/blogdafeira.com.br\/home\/wp-content\/uploads\/2025\/10\/Screenshot_20251018-181011.png?resize=700%2C400&ssl=1 2x, https:\/\/i0.wp.com\/blogdafeira.com.br\/home\/wp-content\/uploads\/2025\/10\/Screenshot_20251018-181011.png?resize=1050%2C600&ssl=1 3x"},"classes":[]},{"id":72114,"url":"https:\/\/blogdafeira.com.br\/home\/2026\/04\/23\/trf1-nega-apelacao-do-mpf-e-mantem-absolvicao-de-jose-ronaldo-em-acao-de-improbidade\/","url_meta":{"origin":64965,"position":2},"title":"TRF1 nega apela\u00e7\u00e3o do MPF e mant\u00e9m absolvi\u00e7\u00e3o de Jos\u00e9 Ronaldo em a\u00e7\u00e3o de improbidade","author":"Ascom","date":"23\/04\/2026","format":false,"excerpt":"O prefeito Jos\u00e9 Ronaldo de Carvalho recebeu profissionais de imprensa na tarde desta quinta-feira (23) para apresentar a decis\u00e3o do Tribunal Regional Federal da 1\u00aa Regi\u00e3o (TRF1) que, por unanimidade, negou provimento ao recurso do Minist\u00e9rio P\u00fablico Federal (MPF) em a\u00e7\u00e3o civil p\u00fablica por improbidade administrativa. O gestor relembrou que,\u2026","rel":"","context":"Em &quot;Destaques&quot;","block_context":{"text":"Destaques","link":"https:\/\/blogdafeira.com.br\/home\/categoria\/destaques\/"},"img":{"alt_text":"","src":"https:\/\/i0.wp.com\/blogdafeira.com.br\/home\/wp-content\/uploads\/2026\/04\/IMG-20260423-WA0080.jpg?resize=350%2C200&ssl=1","width":350,"height":200,"srcset":"https:\/\/i0.wp.com\/blogdafeira.com.br\/home\/wp-content\/uploads\/2026\/04\/IMG-20260423-WA0080.jpg?resize=350%2C200&ssl=1 1x, https:\/\/i0.wp.com\/blogdafeira.com.br\/home\/wp-content\/uploads\/2026\/04\/IMG-20260423-WA0080.jpg?resize=525%2C300&ssl=1 1.5x, https:\/\/i0.wp.com\/blogdafeira.com.br\/home\/wp-content\/uploads\/2026\/04\/IMG-20260423-WA0080.jpg?resize=700%2C400&ssl=1 2x, https:\/\/i0.wp.com\/blogdafeira.com.br\/home\/wp-content\/uploads\/2026\/04\/IMG-20260423-WA0080.jpg?resize=1050%2C600&ssl=1 3x"},"classes":[]},{"id":14019,"url":"https:\/\/blogdafeira.com.br\/home\/2014\/12\/24\/sem-pddu-psol-questiona-legalidade-do-brt-e-aciona-justica-mp-e-tcm\/","url_meta":{"origin":64965,"position":3},"title":"Sem PDDU, PSOL questiona legalidade do BRT e aciona justi\u00e7a, MP e TCM","author":"Ascom","date":"24\/12\/2014","format":false,"excerpt":"Militantes do PSOL de Feira de Santana acionaram a justi\u00e7a, o Minist\u00e9rio P\u00fablico e o Tribunal de Contas dos Munic\u00edpios visando obrigar o munic\u00edpio a elaborar um PDDU (Plano Diretor de Desenvolvimento Urbano) e tamb\u00e9m denunciando os atual e ex prefeitos por improbidade administrativa. Segundo o partido, \"\u00c9 dram\u00e1tica a\u2026","rel":"","context":"Em &quot;Home&quot;","block_context":{"text":"Home","link":"https:\/\/blogdafeira.com.br\/home\/categoria\/raiz\/"},"img":{"alt_text":"","src":"","width":0,"height":0},"classes":[]},{"id":27358,"url":"https:\/\/blogdafeira.com.br\/home\/2017\/07\/06\/ministerio-publico-pede-a-cassacao-do-prefeito-de-feira\/","url_meta":{"origin":64965,"position":4},"title":"Minist\u00e9rio P\u00fablico pede a cassa\u00e7\u00e3o do Prefeito de Feira","author":"Ascom","date":"06\/07\/2017","format":false,"excerpt":"\u00a0 O prefeito de Feira, Jos\u00e9 Ronaldo (DEM) e as duas cooperativas de sa\u00fade que atuam junto \u00e0 Prefeitura est\u00e3o sob mira do Minist\u00e9rio P\u00fablico Estadual que ajuizou uma a\u00e7\u00e3o na Justi\u00e7a \u00a0acusando-os de terem feito feito 'contrata\u00e7\u00f5es irregulares' para uma unidade de sa\u00fade no munic\u00edpio. Na a\u00e7\u00e3o, o MP\u2026","rel":"","context":"Em &quot;Home&quot;","block_context":{"text":"Home","link":"https:\/\/blogdafeira.com.br\/home\/categoria\/raiz\/"},"img":{"alt_text":"timthumb","src":"https:\/\/i0.wp.com\/blogdafeira.com.br\/home\/wp-content\/uploads\/2017\/07\/timthumb.jpg?resize=350%2C200","width":350,"height":200},"classes":[]},{"id":10127,"url":"https:\/\/blogdafeira.com.br\/home\/2014\/04\/08\/ronaldo-lembra-40-anos-de-vida-publica-ao-comentar-pedido-do-ministerio-publico\/","url_meta":{"origin":64965,"position":5},"title":"Ronaldo lembra 40 anos de &#8216;vida p\u00fablica&#8217; ao comentar pedido do Minist\u00e9rio P\u00fablico","author":"Ascom","date":"08\/04\/2014","format":false,"excerpt":"Em entrevista ao site Bahia Not\u00edcias, em Salvador, o prefeito de Feira, Jos\u00e9 Ronaldo falou sobre o pedido do Minist\u00e9rio P\u00fablico para sua cassa\u00e7\u00e3o e pris\u00e3o preventiva.\u00a0A foto \u00e9 de Tiago Melo e o texto de Marcos Russo: O prefeito do munic\u00edpio de Feira de Santana, Jos\u00e9 Ronaldo (DEM), teve\u2026","rel":"","context":"Em &quot;Home&quot;","block_context":{"text":"Home","link":"https:\/\/blogdafeira.com.br\/home\/categoria\/raiz\/"},"img":{"alt_text":"xIMAGEM_NOTICIA_5.jpg.pagespeed.ic.P2Vwb10qhB","src":"https:\/\/i0.wp.com\/blogdafeira.com.br\/home\/wp-content\/uploads\/2014\/04\/xIMAGEM_NOTICIA_5.jpg.pagespeed.ic_.P2Vwb10qhB.jpg?resize=350%2C200","width":350,"height":200},"classes":[]}],"_links":{"self":[{"href":"https:\/\/blogdafeira.com.br\/home\/wp-json\/wp\/v2\/posts\/64965","targetHints":{"allow":["GET"]}}],"collection":[{"href":"https:\/\/blogdafeira.com.br\/home\/wp-json\/wp\/v2\/posts"}],"about":[{"href":"https:\/\/blogdafeira.com.br\/home\/wp-json\/wp\/v2\/types\/post"}],"author":[{"embeddable":true,"href":"https:\/\/blogdafeira.com.br\/home\/wp-json\/wp\/v2\/users\/1"}],"replies":[{"embeddable":true,"href":"https:\/\/blogdafeira.com.br\/home\/wp-json\/wp\/v2\/comments?post=64965"}],"version-history":[{"count":4,"href":"https:\/\/blogdafeira.com.br\/home\/wp-json\/wp\/v2\/posts\/64965\/revisions"}],"predecessor-version":[{"id":64992,"href":"https:\/\/blogdafeira.com.br\/home\/wp-json\/wp\/v2\/posts\/64965\/revisions\/64992"}],"wp:featuredmedia":[{"embeddable":true,"href":"https:\/\/blogdafeira.com.br\/home\/wp-json\/wp\/v2\/media\/64967"}],"wp:attachment":[{"href":"https:\/\/blogdafeira.com.br\/home\/wp-json\/wp\/v2\/media?parent=64965"}],"wp:term":[{"taxonomy":"category","embeddable":true,"href":"https:\/\/blogdafeira.com.br\/home\/wp-json\/wp\/v2\/categories?post=64965"},{"taxonomy":"post_tag","embeddable":true,"href":"https:\/\/blogdafeira.com.br\/home\/wp-json\/wp\/v2\/tags?post=64965"}],"curies":[{"name":"wp","href":"https:\/\/api.w.org\/{rel}","templated":true}]}}