{"id":65084,"date":"2025-01-09T19:15:58","date_gmt":"2025-01-09T22:15:58","guid":{"rendered":"https:\/\/blogdafeira.com.br\/home\/?p=65084"},"modified":"2025-03-06T23:11:14","modified_gmt":"2025-03-07T02:11:14","slug":"violao-da-coelba","status":"publish","type":"post","link":"https:\/\/blogdafeira.com.br\/home\/2025\/01\/09\/violao-da-coelba\/","title":{"rendered":"Viol\u00e3o da Coelba"},"content":{"rendered":"<div id=\"blogd-1759517794\" class=\"blogd-fim-do-post-mobile blogd-entity-placement\" style=\"margin-left: auto;margin-right: auto;text-align: center;\"><a href=\"https:\/\/www.sefaz.feiradesantana.ba.gov.br\/\" target=\"_blank\" aria-label=\"728&#215;90 (6)\"><img loading=\"lazy\" decoding=\"async\" src=\"https:\/\/blogdafeira.com.br\/home\/wp-content\/uploads\/2026\/03\/728x90-6.gif\" alt=\"\"  class=\"no-lazyload\" width=\"728\" height=\"90\"  style=\"display: inline-block;\" \/><\/a><\/div><p>Passei na pra\u00e7a da M\u00fasica e, pr\u00f3ximo, onde est\u00e3o os ETs de Seu Alonso, em Morro do Chap\u00e9u. Na pra\u00e7a da M\u00fasica tem uma gigantesca est\u00e1tua de Minerva, a deusa da m\u00fasica e nome da Filarm\u00f4nica que no pr\u00f3ximo ano completa 120 de criada com a ajuda do rico comerciante de diamantes e Coronel da Guarda Nacional, Dias Coelho, homenageado com uma est\u00e1tua na avenida principal, t\u00e3o grotesca quanto a da Deusa.<\/p><div id=\"blogd-452930673\" class=\"blogd-conteudo-2-mobile blogd-entity-placement\"><a href=\"https:\/\/feirenses.com.br\/\" target=\"_blank\" aria-label=\"feirenses\"><img loading=\"lazy\" decoding=\"async\" src=\"https:\/\/blogdafeira.com.br\/home\/wp-content\/uploads\/2026\/04\/feirenses.png\" alt=\"\"  srcset=\"https:\/\/blogdafeira.com.br\/home\/wp-content\/uploads\/2026\/04\/feirenses.png 300w, https:\/\/blogdafeira.com.br\/home\/wp-content\/uploads\/2026\/04\/feirenses-170x45.png 170w, https:\/\/blogdafeira.com.br\/home\/wp-content\/uploads\/2026\/04\/feirenses-280x74.png 280w\" sizes=\"(max-width: 300px) 100vw, 300px\" class=\"no-lazyload\" width=\"300\" height=\"79\"  style=\"display: inline-block;\" \/><\/a><\/div>\n<div id=\"blogd-3014711612\" class=\"blogd-final-post blogd-entity-placement\"><a href=\"https:\/\/www.feiradesantana.ba.leg.br\/\" target=\"_blank\" aria-label=\"BANNER-SITE-ENTREGADECHEQUE-CAMARADEFEIRA\"><img loading=\"lazy\" decoding=\"async\" src=\"https:\/\/blogdafeira.com.br\/home\/wp-content\/uploads\/2026\/03\/BANNER-SITE-ENTREGADECHEQUE-CAMARADEFEIRA.gif\" alt=\"\"  class=\"no-lazyload\" width=\"728\" height=\"90\"   \/><\/a><\/div><p>J\u00e1 esse viol\u00e3o \u00e9 curioso ainda mais por um detalhe impercept\u00edvel na foto: ele reveste um poste que \u00e9 a entrada de energia el\u00e9trica para a pra\u00e7a, inclusive com um medidor da Coelba. Singelo.<\/p>\n","protected":false},"excerpt":{"rendered":"<p>Passei na pra\u00e7a da M\u00fasica e, pr\u00f3ximo, onde est\u00e3o os ETs de Seu Alonso, em Morro do Chap\u00e9u. Na pra\u00e7a da M\u00fasica tem uma gigantesca est\u00e1tua de Minerva, a deusa da m\u00fasica e nome da Filarm\u00f4nica que no pr\u00f3ximo ano completa 120 de criada com a ajuda do rico comerciante de diamantes e Coronel da<\/p>\n","protected":false},"author":8,"featured_media":65085,"comment_status":"open","ping_status":"open","sticky":false,"template":"","format":"standard","meta":{"jetpack_post_was_ever_published":false,"cybocfi_hide_featured_image":"","_jetpack_newsletter_access":"","_jetpack_dont_email_post_to_subs":false,"_jetpack_newsletter_tier_id":0,"_jetpack_memberships_contains_paywalled_content":false,"_jetpack_memberships_contains_paid_content":false,"footnotes":"","jetpack_publicize_message":"","jetpack_publicize_feature_enabled":true,"jetpack_social_post_already_shared":true,"jetpack_social_options":{"image_generator_settings":{"template":"highway","default_image_id":0,"font":"","enabled":false},"version":2}},"categories":[592,1],"tags":[],"class_list":["post-65084","post","type-post","status-publish","format-standard","has-post-thumbnail","hentry","category-colunistas","category-raiz"],"jetpack_publicize_connections":[],"jetpack_featured_media_url":"https:\/\/blogdafeira.com.br\/home\/wp-content\/uploads\/2025\/01\/IMG_20250108_212039025_HDR-scaled.jpg","jetpack_shortlink":"https:\/\/wp.me\/p3niVf-gVK","jetpack_sharing_enabled":true,"jetpack-related-posts":[{"id":16767,"url":"https:\/\/blogdafeira.com.br\/home\/2015\/09\/22\/praca-padre-ovidio-em-feira-tem-dois-palcos-para-shows-ao-ar-livre\/","url_meta":{"origin":65084,"position":0},"title":"Pra\u00e7a Padre Ov\u00eddio em Feira tem dois palcos para shows ao ar livre","author":"Blog da Feira","date":"22\/09\/2015","format":false,"excerpt":"Para\u00a0uma cidade que tem dois planet\u00e1rios (Observat\u00f3rio Astron\u00f4mico Antares e Museu Parque do Saber) ter dois palcos para shows ao ar livre em uma s\u00f3 pra\u00e7a n\u00e3o \u00e9 nada. Na pra\u00e7a Padre Ov\u00eddio foi inaugurado,h\u00e1 dois meses, mais um palco, com um show da cantora Joana.Se o palco 1 j\u00e1\u2026","rel":"","context":"Em &quot;Home&quot;","block_context":{"text":"Home","link":"https:\/\/blogdafeira.com.br\/home\/categoria\/raiz\/"},"img":{"alt_text":"padre ovidio de sao boaventura","src":"https:\/\/i0.wp.com\/blogdafeira.com.br\/home\/wp-content\/uploads\/2015\/09\/padre-ovidio-de-sao-boaventura.jpg?resize=350%2C200","width":350,"height":200,"srcset":"https:\/\/i0.wp.com\/blogdafeira.com.br\/home\/wp-content\/uploads\/2015\/09\/padre-ovidio-de-sao-boaventura.jpg?resize=350%2C200 1x, https:\/\/i0.wp.com\/blogdafeira.com.br\/home\/wp-content\/uploads\/2015\/09\/padre-ovidio-de-sao-boaventura.jpg?resize=525%2C300 1.5x, https:\/\/i0.wp.com\/blogdafeira.com.br\/home\/wp-content\/uploads\/2015\/09\/padre-ovidio-de-sao-boaventura.jpg?resize=700%2C400 2x"},"classes":[]},{"id":13805,"url":"https:\/\/blogdafeira.com.br\/home\/2014\/12\/01\/praca-do-nordestino-e-um-dos-locais-para-a-estatua-de-lucas-da-feira\/","url_meta":{"origin":65084,"position":1},"title":"Pra\u00e7a do Nordestino, onde foi enforcado Lucas da Feira","author":"Blog da Feira","date":"01\/12\/2014","format":false,"excerpt":"A \u00e1rea da pra\u00e7a do Nordestino em Feira de Santana, onde provavelmente foi enforcado e depois esquartejado o famoso\u00a0Lucas da Feira, \u00e9 apontada como um dos locais mais leg\u00edtimos para se erigir uma est\u00e1tua do escravo fugido que faz parte da hist\u00f3ria da cidade. Al\u00e9m do \u00a0local do enforcamento de\u2026","rel":"","context":"Em &quot;Home&quot;","block_context":{"text":"Home","link":"https:\/\/blogdafeira.com.br\/home\/categoria\/raiz\/"},"img":{"alt_text":"nordestino (1)","src":"https:\/\/i0.wp.com\/blogdafeira.com.br\/home\/wp-content\/uploads\/2014\/12\/nordestino-1.jpg?resize=350%2C200","width":350,"height":200,"srcset":"https:\/\/i0.wp.com\/blogdafeira.com.br\/home\/wp-content\/uploads\/2014\/12\/nordestino-1.jpg?resize=350%2C200 1x, https:\/\/i0.wp.com\/blogdafeira.com.br\/home\/wp-content\/uploads\/2014\/12\/nordestino-1.jpg?resize=525%2C300 1.5x, https:\/\/i0.wp.com\/blogdafeira.com.br\/home\/wp-content\/uploads\/2014\/12\/nordestino-1.jpg?resize=700%2C400 2x"},"classes":[]},{"id":27956,"url":"https:\/\/blogdafeira.com.br\/home\/2017\/08\/25\/pedestal-da-estatua-de-padre-ovidio-esta-apodrecendo-praca-foi-reformada-ha-dois-anos\/","url_meta":{"origin":65084,"position":2},"title":"Pedestal da est\u00e1tua de Padre Ov\u00eddio est\u00e1 apodrecendo; pra\u00e7a foi reformada h\u00e1 dois anos","author":"Blog da Feira","date":"25\/08\/2017","format":false,"excerpt":"A Prefeitura de Feira de Santana gastou, h\u00e1 cerca de dois anos, mais de R$1 milh\u00e3o de reais para reformar a pra\u00e7a Padre Ov\u00eddio, localizada ao lado da Igreja Matriz onde nasceu a cidade. A obra do governo municipal foi recebida com entusiasmo e pelo alto custo foi at\u00e9 considerada\u2026","rel":"","context":"Em &quot;Home&quot;","block_context":{"text":"Home","link":"https:\/\/blogdafeira.com.br\/home\/categoria\/raiz\/"},"img":{"alt_text":"img_20170825_113526944","src":"https:\/\/i0.wp.com\/blogdafeira.com.br\/home\/wp-content\/uploads\/2017\/08\/IMG_20170825_113526944-576x1024.jpg?resize=350%2C200","width":350,"height":200,"srcset":"https:\/\/i0.wp.com\/blogdafeira.com.br\/home\/wp-content\/uploads\/2017\/08\/IMG_20170825_113526944-576x1024.jpg?resize=350%2C200 1x, https:\/\/i0.wp.com\/blogdafeira.com.br\/home\/wp-content\/uploads\/2017\/08\/IMG_20170825_113526944-576x1024.jpg?resize=525%2C300 1.5x"},"classes":[]},{"id":38435,"url":"https:\/\/blogdafeira.com.br\/home\/2020\/06\/12\/a-estatua-do-escravagismo-em-feira\/","url_meta":{"origin":65084,"position":3},"title":"Cancelamento de Lucas \u00e9 a est\u00e1tua do escravagismo na Feira","author":"J\u00e2nio R\u00eago","date":"12\/06\/2020","format":false,"excerpt":"Antenado na onda de derrubar (e queimar) est\u00e1tuas de escravagistas e colonizadores, um amigo me pergunta se em Feira de Santana existe alguma merecedora dessa a\u00e7\u00e3o, excessivamente radical e danosa para uns, leg\u00edtima e oportuna para outros. Lhe digo que n\u00e3o me ocorrem...a cidade possui alguns bustos de coron\u00e9is rurais\u2026","rel":"","context":"Em &quot;Colunistas&quot;","block_context":{"text":"Colunistas","link":"https:\/\/blogdafeira.com.br\/home\/categoria\/colunistas\/"},"img":{"alt_text":"","src":"https:\/\/i0.wp.com\/blogdafeira.com.br\/home\/wp-content\/uploads\/2020\/06\/estatuas-em-atos-do-BLM.jpg?resize=350%2C200&ssl=1","width":350,"height":200,"srcset":"https:\/\/i0.wp.com\/blogdafeira.com.br\/home\/wp-content\/uploads\/2020\/06\/estatuas-em-atos-do-BLM.jpg?resize=350%2C200&ssl=1 1x, https:\/\/i0.wp.com\/blogdafeira.com.br\/home\/wp-content\/uploads\/2020\/06\/estatuas-em-atos-do-BLM.jpg?resize=525%2C300&ssl=1 1.5x, https:\/\/i0.wp.com\/blogdafeira.com.br\/home\/wp-content\/uploads\/2020\/06\/estatuas-em-atos-do-BLM.jpg?resize=700%2C400&ssl=1 2x, https:\/\/i0.wp.com\/blogdafeira.com.br\/home\/wp-content\/uploads\/2020\/06\/estatuas-em-atos-do-BLM.jpg?resize=1050%2C600&ssl=1 3x"},"classes":[]},{"id":45864,"url":"https:\/\/blogdafeira.com.br\/home\/2021\/06\/15\/coelba-alerta-para-os-cuidados-com-a-rede-eletrica-no-sao-joao\/","url_meta":{"origin":65084,"position":4},"title":"Coelba alerta para os cuidados com a rede el\u00e9trica no S\u00e3o Jo\u00e3o","author":"Blog da Feira","date":"15\/06\/2021","format":false,"excerpt":"Devido \u00e0 pandemia do novo coronav\u00edrus, os tradicionais festejos juninos precisar\u00e3o se adaptar \u00e0 nova realidade. A realiza\u00e7\u00e3o de festas com muitas pessoas, por exemplo, n\u00e3o dever\u00e1 acontecer e precisar\u00e1 ser substitu\u00edda por pequenas celebra\u00e7\u00f5es mais restritas, apenas com a fam\u00edlia, e com os recentes cuidados como o uso de\u2026","rel":"","context":"Em &quot;Bahia&quot;","block_context":{"text":"Bahia","link":"https:\/\/blogdafeira.com.br\/home\/categoria\/bahia\/"},"img":{"alt_text":"","src":"https:\/\/i0.wp.com\/blogdafeira.com.br\/home\/wp-content\/uploads\/2021\/06\/BF250604A.jpg?resize=350%2C200&ssl=1","width":350,"height":200,"srcset":"https:\/\/i0.wp.com\/blogdafeira.com.br\/home\/wp-content\/uploads\/2021\/06\/BF250604A.jpg?resize=350%2C200&ssl=1 1x, https:\/\/i0.wp.com\/blogdafeira.com.br\/home\/wp-content\/uploads\/2021\/06\/BF250604A.jpg?resize=525%2C300&ssl=1 1.5x"},"classes":[]},{"id":13775,"url":"https:\/\/blogdafeira.com.br\/home\/2014\/11\/30\/uma-estatua-para-lucas-da-feira\/","url_meta":{"origin":65084,"position":5},"title":"Uma est\u00e1tua para Lucas da Feira?","author":"Blog da Feira","date":"30\/11\/2014","format":false,"excerpt":"Uma postagem\u00a0do jornalista Edson Borges no facebook est\u00e1 provocando mais uma \u00a0pol\u00eamica sobre a vida feirense. Na legenda dessa foto, (a est\u00e1tua de \u00a0Zumbi dos Palmares na pra\u00e7a da S\u00e9, em Salvador) o jornalista provocou: \"E em Feira de Santana, quando teremos uma de Lucas da Feira!?\" Acesse o post\u2026","rel":"","context":"Em &quot;Home&quot;","block_context":{"text":"Home","link":"https:\/\/blogdafeira.com.br\/home\/categoria\/raiz\/"},"img":{"alt_text":"zumbi","src":"https:\/\/i0.wp.com\/blogdafeira.com.br\/home\/wp-content\/uploads\/2014\/11\/zumbi.jpg?resize=350%2C200","width":350,"height":200},"classes":[]}],"_links":{"self":[{"href":"https:\/\/blogdafeira.com.br\/home\/wp-json\/wp\/v2\/posts\/65084","targetHints":{"allow":["GET"]}}],"collection":[{"href":"https:\/\/blogdafeira.com.br\/home\/wp-json\/wp\/v2\/posts"}],"about":[{"href":"https:\/\/blogdafeira.com.br\/home\/wp-json\/wp\/v2\/types\/post"}],"author":[{"embeddable":true,"href":"https:\/\/blogdafeira.com.br\/home\/wp-json\/wp\/v2\/users\/8"}],"replies":[{"embeddable":true,"href":"https:\/\/blogdafeira.com.br\/home\/wp-json\/wp\/v2\/comments?post=65084"}],"version-history":[{"count":1,"href":"https:\/\/blogdafeira.com.br\/home\/wp-json\/wp\/v2\/posts\/65084\/revisions"}],"predecessor-version":[{"id":65087,"href":"https:\/\/blogdafeira.com.br\/home\/wp-json\/wp\/v2\/posts\/65084\/revisions\/65087"}],"wp:featuredmedia":[{"embeddable":true,"href":"https:\/\/blogdafeira.com.br\/home\/wp-json\/wp\/v2\/media\/65085"}],"wp:attachment":[{"href":"https:\/\/blogdafeira.com.br\/home\/wp-json\/wp\/v2\/media?parent=65084"}],"wp:term":[{"taxonomy":"category","embeddable":true,"href":"https:\/\/blogdafeira.com.br\/home\/wp-json\/wp\/v2\/categories?post=65084"},{"taxonomy":"post_tag","embeddable":true,"href":"https:\/\/blogdafeira.com.br\/home\/wp-json\/wp\/v2\/tags?post=65084"}],"curies":[{"name":"wp","href":"https:\/\/api.w.org\/{rel}","templated":true}]}}