{"id":65088,"date":"2025-01-09T19:29:58","date_gmt":"2025-01-09T22:29:58","guid":{"rendered":"https:\/\/blogdafeira.com.br\/home\/?p=65088"},"modified":"2025-03-06T23:11:14","modified_gmt":"2025-03-07T02:11:14","slug":"uma-sensacao-de-macondo","status":"publish","type":"post","link":"https:\/\/blogdafeira.com.br\/home\/2025\/01\/09\/uma-sensacao-de-macondo\/","title":{"rendered":"Uma &#8216;sensa\u00e7\u00e3o de Macondo&#8217;."},"content":{"rendered":"<div id=\"blogd-3273067237\" class=\"blogd-fim-do-post-mobile blogd-entity-placement\" style=\"margin-left: auto;margin-right: auto;text-align: center;\"><a href=\"https:\/\/www.sefaz.feiradesantana.ba.gov.br\/\" target=\"_blank\" aria-label=\"728&#215;90 (6)\"><img loading=\"lazy\" decoding=\"async\" src=\"https:\/\/blogdafeira.com.br\/home\/wp-content\/uploads\/2026\/03\/728x90-6.gif\" alt=\"\"  class=\"no-lazyload\" width=\"728\" height=\"90\"  style=\"display: inline-block;\" \/><\/a><\/div><p>Li Cem Anos de Solid\u00e3o h\u00e1 muitos anos e assisti \u00e0 s\u00e9rie bem recentemente. Agora estou visitando o vilarejo onde minha m\u00e3e mora e vinha tentando entender a ebuli\u00e7\u00e3o de sentimentos confusos que tomaram conta de mim, desde que cheguei. Uma &#8216;sensa\u00e7\u00e3o de Macondo&#8217;. Esta \u00e9 a melhor defini\u00e7\u00e3o que consegui.<\/p><div id=\"blogd-3901153061\" class=\"blogd-conteudo-2-mobile blogd-entity-placement\"><a href=\"https:\/\/feirenses.com.br\/\" target=\"_blank\" aria-label=\"feirenses\"><img loading=\"lazy\" decoding=\"async\" src=\"https:\/\/blogdafeira.com.br\/home\/wp-content\/uploads\/2026\/04\/feirenses.png\" alt=\"\"  srcset=\"https:\/\/blogdafeira.com.br\/home\/wp-content\/uploads\/2026\/04\/feirenses.png 300w, https:\/\/blogdafeira.com.br\/home\/wp-content\/uploads\/2026\/04\/feirenses-170x45.png 170w, https:\/\/blogdafeira.com.br\/home\/wp-content\/uploads\/2026\/04\/feirenses-280x74.png 280w\" sizes=\"(max-width: 300px) 100vw, 300px\" class=\"no-lazyload\" width=\"300\" height=\"79\"  style=\"display: inline-block;\" \/><\/a><\/div>\n<p>Gameleira. Distrito de Angical. Oeste da Bahia. Parte do primeiro assentamento de reforma agr\u00e1ria do estado. Prestes a completar 40 anos de hist\u00f3ria. Meus pais estavam entre os fundadores. O que j\u00e1 foi uma comunidade &#8216;simples&#8217; e &#8216;fluida&#8217; e fez parte da minha inf\u00e2ncia, ganhou complexas caracter\u00edsticas de centros urbanos, mesmo ainda sendo uma pequena vila de zona rural.<\/p>\n<p>Estar em casa hoje \u00e9 ter, misturado no mesmo prato, o sabor doce do aconchego e pertencimento, com o amargo estranhamento diante das transforma\u00e7\u00f5es. N\u00e3o d\u00e1 pra separar.<\/p>\n<p>Muitos dos rostos vivos em minhas mem\u00f3rias j\u00e1 n\u00e3o podem ser encontrados em qlqr lugar. Outros, trazem marcas t\u00e3o profundas, que quando me deparo, tenho vontade de rir e chorar ao mesmo tempo. E cruzo com tantos olhares novos pelas ruas, que n\u00e3o fa\u00e7o a menor ideia de onde eles surgiram. E as crian\u00e7as? Elas se multiplicam t\u00e3o r\u00e1pido&#8230; Me esfor\u00e7o pra assimilar todos os nomes, \u00e1rvores geneal\u00f3gicas&#8230; N\u00e3o consigo. Algumas das minhas amigas se tornaram av\u00f3s e eu confundo netos com filhos.<\/p>\n<blockquote><p><em>A minha Macondo mudou&#8230; mudou de um jeito que me assusta e me faz questionar se n\u00e3o sou preparada para as mudan\u00e7as. Talvez o problema seja a forma &#8216;devastadora&#8217; com que muitas vezes elas acontecem, atropelando paisagens e vidas<\/em><\/p><\/blockquote>\n<p>Sempre que volto \u00e0 Gameleira, encontro sorrisos, muitos sorrisos! Abra\u00e7os, caf\u00e9 feito na hora e tamb\u00e9m muita dor. \u00c9 uma sensa\u00e7\u00e3o de vida real forte demais!<\/p>\n<div id=\"blogd-1230817228\" class=\"blogd-final-post blogd-entity-placement\"><a href=\"https:\/\/www.feiradesantana.ba.leg.br\/\" target=\"_blank\" aria-label=\"BANNER-SITE-ENTREGADECHEQUE-CAMARADEFEIRA\"><img loading=\"lazy\" decoding=\"async\" src=\"https:\/\/blogdafeira.com.br\/home\/wp-content\/uploads\/2026\/03\/BANNER-SITE-ENTREGADECHEQUE-CAMARADEFEIRA.gif\" alt=\"\"  class=\"no-lazyload\" width=\"728\" height=\"90\"   \/><\/a><\/div><p><strong>Orisa Gomes \u00e9 jornalista em Feira de Santana<\/strong>.<\/p>\n","protected":false},"excerpt":{"rendered":"<p>Li Cem Anos de Solid\u00e3o h\u00e1 muitos anos e assisti \u00e0 s\u00e9rie bem recentemente. Agora estou visitando o vilarejo onde minha m\u00e3e mora e vinha tentando entender a ebuli\u00e7\u00e3o de sentimentos confusos que tomaram conta de mim, desde que cheguei. Uma &#8216;sensa\u00e7\u00e3o de Macondo&#8217;. Esta \u00e9 a melhor defini\u00e7\u00e3o que consegui. Gameleira. Distrito de Angical.<\/p>\n","protected":false},"author":1,"featured_media":65089,"comment_status":"open","ping_status":"open","sticky":false,"template":"","format":"standard","meta":{"jetpack_post_was_ever_published":false,"cybocfi_hide_featured_image":"","_jetpack_newsletter_access":"","_jetpack_dont_email_post_to_subs":false,"_jetpack_newsletter_tier_id":0,"_jetpack_memberships_contains_paywalled_content":false,"_jetpack_memberships_contains_paid_content":false,"footnotes":"","jetpack_publicize_message":"","jetpack_publicize_feature_enabled":true,"jetpack_social_post_already_shared":true,"jetpack_social_options":{"image_generator_settings":{"template":"highway","default_image_id":0,"font":"","enabled":false},"version":2}},"categories":[592,1],"tags":[],"class_list":["post-65088","post","type-post","status-publish","format-standard","has-post-thumbnail","hentry","category-colunistas","category-raiz"],"jetpack_publicize_connections":[],"jetpack_featured_media_url":"https:\/\/blogdafeira.com.br\/home\/wp-content\/uploads\/2025\/01\/IMG-20250109-WA00992.jpg","jetpack_shortlink":"https:\/\/wp.me\/p3niVf-gVO","jetpack_sharing_enabled":true,"jetpack-related-posts":[{"id":55175,"url":"https:\/\/blogdafeira.com.br\/home\/2022\/11\/01\/de-volta-a-vida\/","url_meta":{"origin":65088,"position":0},"title":"De volta \u00e0 vida","author":"Orisa Gomes","date":"01\/11\/2022","format":false,"excerpt":"Num texto recente registrei a alegria de voltar \u00e0 vida andando pela orla da Barra, em Salvador, com o arrefecimento da pandemia. Tudo assume colora\u00e7\u00e3o nova e antigas sensa\u00e7\u00f5es retornam, despertando agrad\u00e1veis sentimentos. Pois, desde o domingo, essas sensa\u00e7\u00f5es se avolumaram, arrebatando-me num turbilh\u00e3o. Nem preciso mencionar que a derrota\u2026","rel":"","context":"Em &quot;Colunistas&quot;","block_context":{"text":"Colunistas","link":"https:\/\/blogdafeira.com.br\/home\/categoria\/colunistas\/"},"img":{"alt_text":"","src":"https:\/\/i0.wp.com\/blogdafeira.com.br\/home\/wp-content\/uploads\/2022\/10\/jornalista_neysilva_acordacidade-2.jpeg?resize=350%2C200&ssl=1","width":350,"height":200,"srcset":"https:\/\/i0.wp.com\/blogdafeira.com.br\/home\/wp-content\/uploads\/2022\/10\/jornalista_neysilva_acordacidade-2.jpeg?resize=350%2C200&ssl=1 1x, https:\/\/i0.wp.com\/blogdafeira.com.br\/home\/wp-content\/uploads\/2022\/10\/jornalista_neysilva_acordacidade-2.jpeg?resize=525%2C300&ssl=1 1.5x"},"classes":[]},{"id":61955,"url":"https:\/\/blogdafeira.com.br\/home\/2024\/04\/19\/djalma-ferreira-esta-hoje-no-circuito-da-micareta-a-partir-das-20-horas\/","url_meta":{"origin":65088,"position":1},"title":"Djalma Ferreira est\u00e1 hoje no circuito da Micareta a partir das 20 horas","author":"Orisa Gomes","date":"19\/04\/2024","format":false,"excerpt":"Uma pipoca engajada e muitos sucessos, assim s\u00e3o todas as apresenta\u00e7\u00f5es de Djalma Ferreira na Micareta de Feira e em 2024, onde se apresenta nesta sexta-feira (19), no circuito Maneca Ferreira, a partir das 20 horas, n\u00e3o ser\u00e1 diferente. Depois do sucesso dos hits T\u00eat\u00eat\u00ea nos anos 90, \u201cMe Cutuca\u201d,\u2026","rel":"","context":"Em &quot;Cidade&quot;","block_context":{"text":"Cidade","link":"https:\/\/blogdafeira.com.br\/home\/categoria\/cidade\/"},"img":{"alt_text":"","src":"https:\/\/i0.wp.com\/blogdafeira.com.br\/home\/wp-content\/uploads\/2024\/04\/IMG-20240419-WA0031.jpg?resize=350%2C200&ssl=1","width":350,"height":200,"srcset":"https:\/\/i0.wp.com\/blogdafeira.com.br\/home\/wp-content\/uploads\/2024\/04\/IMG-20240419-WA0031.jpg?resize=350%2C200&ssl=1 1x, https:\/\/i0.wp.com\/blogdafeira.com.br\/home\/wp-content\/uploads\/2024\/04\/IMG-20240419-WA0031.jpg?resize=525%2C300&ssl=1 1.5x, https:\/\/i0.wp.com\/blogdafeira.com.br\/home\/wp-content\/uploads\/2024\/04\/IMG-20240419-WA0031.jpg?resize=700%2C400&ssl=1 2x"},"classes":[]},{"id":54660,"url":"https:\/\/blogdafeira.com.br\/home\/2022\/09\/28\/sensacoes-sobre-a-feira-e-itabuna\/","url_meta":{"origin":65088,"position":2},"title":"Sensa\u00e7\u00f5es sobre a Feira e Itabuna","author":"Orisa Gomes","date":"28\/09\/2022","format":false,"excerpt":"Sempre quis conhecer Itabuna. Coisa dos tempos de menino. No come\u00e7o da adolesc\u00eancia li \u201cTerras do Sem-Fim\u201d, de Jorge Amado. Encantei-me com as hist\u00f3rias de valentia, de mortes, de ambi\u00e7\u00e3o, que tiveram como palco o ent\u00e3o distrito de Ferradas \u2013 pertencente a Ilh\u00e9us \u2013 e que, anos depois, emancipou-se, tornando-se\u2026","rel":"","context":"Em &quot;Colunistas&quot;","block_context":{"text":"Colunistas","link":"https:\/\/blogdafeira.com.br\/home\/categoria\/colunistas\/"},"img":{"alt_text":"","src":"https:\/\/i0.wp.com\/blogdafeira.com.br\/home\/wp-content\/uploads\/2022\/09\/IMG-20220922-WA0000.jpg?resize=350%2C200&ssl=1","width":350,"height":200,"srcset":"https:\/\/i0.wp.com\/blogdafeira.com.br\/home\/wp-content\/uploads\/2022\/09\/IMG-20220922-WA0000.jpg?resize=350%2C200&ssl=1 1x, https:\/\/i0.wp.com\/blogdafeira.com.br\/home\/wp-content\/uploads\/2022\/09\/IMG-20220922-WA0000.jpg?resize=525%2C300&ssl=1 1.5x, https:\/\/i0.wp.com\/blogdafeira.com.br\/home\/wp-content\/uploads\/2022\/09\/IMG-20220922-WA0000.jpg?resize=700%2C400&ssl=1 2x"},"classes":[]},{"id":59711,"url":"https:\/\/blogdafeira.com.br\/home\/2023\/10\/16\/calor-e-mudancas-de-habitos\/","url_meta":{"origin":65088,"position":3},"title":"Calor e mudan\u00e7as de h\u00e1bitos","author":"Orisa Gomes","date":"16\/10\/2023","format":false,"excerpt":"Mal come\u00e7ou a primavera, mas o calor tem sido rijo aqui na Feira de Santana. As temperaturas s\u00e3o dignas dos ver\u00f5es mais abrasadores. Logo cedo \u2013 a\u00ed por volta das 9 horas \u2013 o suor escorre pelos semblantes e \u00e9 necess\u00e1rio buscar sombras. H\u00e1 quem se proteja com sombrinhas ou\u2026","rel":"","context":"Em &quot;Colunistas&quot;","block_context":{"text":"Colunistas","link":"https:\/\/blogdafeira.com.br\/home\/categoria\/colunistas\/"},"img":{"alt_text":"","src":"https:\/\/i0.wp.com\/blogdafeira.com.br\/home\/wp-content\/uploads\/2023\/10\/Screenshot_20230919-201019-460x260_c.webp?resize=350%2C200&ssl=1","width":350,"height":200},"classes":[]},{"id":43544,"url":"https:\/\/blogdafeira.com.br\/home\/2021\/02\/18\/a-cronica-vazia-na-noite-silenciosa\/","url_meta":{"origin":65088,"position":4},"title":"A cr\u00f4nica vazia na noite silenciosa","author":"Orisa Gomes","date":"18\/02\/2021","format":false,"excerpt":"Confesso que pensei em escrever a famosa cr\u00f4nica sobre a falta de assunto. Mas devo reconhecer que me falta talento para a empreitada e o pior \u00e9 que n\u00e3o falta assunto a\u00ed na pra\u00e7a. A sordidez no Planalto Central, a indig\u00eancia intelectual, a trucul\u00eancia, a ignor\u00e2ncia, a falta de rumo\u2026","rel":"","context":"Em &quot;Colunistas&quot;","block_context":{"text":"Colunistas","link":"https:\/\/blogdafeira.com.br\/home\/categoria\/colunistas\/"},"img":{"alt_text":"","src":"https:\/\/i0.wp.com\/blogdafeira.com.br\/home\/wp-content\/uploads\/2021\/02\/pexels-martinus-88491.jpg?resize=350%2C200&ssl=1","width":350,"height":200,"srcset":"https:\/\/i0.wp.com\/blogdafeira.com.br\/home\/wp-content\/uploads\/2021\/02\/pexels-martinus-88491.jpg?resize=350%2C200&ssl=1 1x, https:\/\/i0.wp.com\/blogdafeira.com.br\/home\/wp-content\/uploads\/2021\/02\/pexels-martinus-88491.jpg?resize=525%2C300&ssl=1 1.5x, https:\/\/i0.wp.com\/blogdafeira.com.br\/home\/wp-content\/uploads\/2021\/02\/pexels-martinus-88491.jpg?resize=700%2C400&ssl=1 2x, https:\/\/i0.wp.com\/blogdafeira.com.br\/home\/wp-content\/uploads\/2021\/02\/pexels-martinus-88491.jpg?resize=1050%2C600&ssl=1 3x"},"classes":[]},{"id":28314,"url":"https:\/\/blogdafeira.com.br\/home\/2017\/10\/03\/cid-moreira-conversou-com-imprensa-no-parque-do-saber-em-feira-de-santana\/","url_meta":{"origin":65088,"position":5},"title":"Cid Moreira conversou com imprensa no Parque do Saber em Feira de Santana","author":"Orisa Gomes","date":"03\/10\/2017","format":false,"excerpt":"A cidade de feira de Santana recebeu na manh\u00e3 desta segunda-feira, 02, Cid Moreira, um dos mais renomados jornalistas do pa\u00eds. O global foi convidado para participar do V Congresso Cient\u00edfico da Faculdade Adventista da Bahia, em Cachoeira, mas a Princesa do Sert\u00e3o foi a escolhida para receber a coletiva\u2026","rel":"","context":"Em &quot;Home&quot;","block_context":{"text":"Home","link":"https:\/\/blogdafeira.com.br\/home\/categoria\/raiz\/"},"img":{"alt_text":"dscn9806","src":"https:\/\/i0.wp.com\/blogdafeira.com.br\/home\/wp-content\/uploads\/2017\/10\/DSCN9806-1024x768.jpg?resize=350%2C200","width":350,"height":200,"srcset":"https:\/\/i0.wp.com\/blogdafeira.com.br\/home\/wp-content\/uploads\/2017\/10\/DSCN9806-1024x768.jpg?resize=350%2C200 1x, https:\/\/i0.wp.com\/blogdafeira.com.br\/home\/wp-content\/uploads\/2017\/10\/DSCN9806-1024x768.jpg?resize=525%2C300 1.5x, https:\/\/i0.wp.com\/blogdafeira.com.br\/home\/wp-content\/uploads\/2017\/10\/DSCN9806-1024x768.jpg?resize=700%2C400 2x"},"classes":[]}],"_links":{"self":[{"href":"https:\/\/blogdafeira.com.br\/home\/wp-json\/wp\/v2\/posts\/65088","targetHints":{"allow":["GET"]}}],"collection":[{"href":"https:\/\/blogdafeira.com.br\/home\/wp-json\/wp\/v2\/posts"}],"about":[{"href":"https:\/\/blogdafeira.com.br\/home\/wp-json\/wp\/v2\/types\/post"}],"author":[{"embeddable":true,"href":"https:\/\/blogdafeira.com.br\/home\/wp-json\/wp\/v2\/users\/1"}],"replies":[{"embeddable":true,"href":"https:\/\/blogdafeira.com.br\/home\/wp-json\/wp\/v2\/comments?post=65088"}],"version-history":[{"count":1,"href":"https:\/\/blogdafeira.com.br\/home\/wp-json\/wp\/v2\/posts\/65088\/revisions"}],"predecessor-version":[{"id":65090,"href":"https:\/\/blogdafeira.com.br\/home\/wp-json\/wp\/v2\/posts\/65088\/revisions\/65090"}],"wp:featuredmedia":[{"embeddable":true,"href":"https:\/\/blogdafeira.com.br\/home\/wp-json\/wp\/v2\/media\/65089"}],"wp:attachment":[{"href":"https:\/\/blogdafeira.com.br\/home\/wp-json\/wp\/v2\/media?parent=65088"}],"wp:term":[{"taxonomy":"category","embeddable":true,"href":"https:\/\/blogdafeira.com.br\/home\/wp-json\/wp\/v2\/categories?post=65088"},{"taxonomy":"post_tag","embeddable":true,"href":"https:\/\/blogdafeira.com.br\/home\/wp-json\/wp\/v2\/tags?post=65088"}],"curies":[{"name":"wp","href":"https:\/\/api.w.org\/{rel}","templated":true}]}}