{"id":65532,"date":"2025-02-06T17:16:52","date_gmt":"2025-02-06T20:16:52","guid":{"rendered":"https:\/\/blogdafeira.com.br\/home\/?p=65532"},"modified":"2025-08-19T00:07:37","modified_gmt":"2025-08-19T03:07:37","slug":"vereadores-de-feira-aprovam-um-pacote-de-oito-sessoes-solenes-para-homenagear-profissoes","status":"publish","type":"post","link":"https:\/\/blogdafeira.com.br\/home\/2025\/02\/06\/vereadores-de-feira-aprovam-um-pacote-de-oito-sessoes-solenes-para-homenagear-profissoes\/","title":{"rendered":"Vereadores de Feira aprovam um &#8216;pacote&#8217; de oito sess\u00f5es solenes para homenagear profiss\u00f5es"},"content":{"rendered":"<div id=\"blogd-3386724418\" class=\"blogd-fim-do-post-mobile blogd-entity-placement\" style=\"margin-left: auto;margin-right: auto;text-align: center;\"><a href=\"https:\/\/www.sefaz.feiradesantana.ba.gov.br\/\" target=\"_blank\" aria-label=\"728&#215;90 (6)\"><img loading=\"lazy\" decoding=\"async\" src=\"https:\/\/blogdafeira.com.br\/home\/wp-content\/uploads\/2026\/03\/728x90-6.gif\" alt=\"\"  class=\"no-lazyload\" width=\"728\" height=\"90\"  style=\"display: inline-block;\" \/><\/a><\/div><p>Os vereadores de Feira usaram a sess\u00e3o ordin\u00e1ria de hoje para aprovar oito requerimentos para a realiza\u00e7\u00e3o de sess\u00f5es solenes. Toda a ordem do dia da sess\u00e3o foi para isso. Foram oito requerimentos. Desses,\u00a0 seis\u00a0 s\u00e3o de autoria do vereador Lulinha da Concei\u00e7\u00e3o (Uni\u00e3o Brasil), solicitando a realiza\u00e7\u00e3o de sess\u00f5es solenes para comemorar o dia do advogado, do gari, do radialista, do vigilante, do m\u00e9dico, e outro para comemorar o dia Internacional da enfermagem e o dia nacional do t\u00e9cnico e auxiliar de enfermagem.<\/p><div id=\"blogd-2906432061\" class=\"blogd-conteudo-2-mobile blogd-entity-placement\"><a href=\"https:\/\/feirenses.com.br\/\" target=\"_blank\" aria-label=\"feirenses\"><img loading=\"lazy\" decoding=\"async\" src=\"https:\/\/blogdafeira.com.br\/home\/wp-content\/uploads\/2026\/04\/feirenses.png\" alt=\"\"  srcset=\"https:\/\/blogdafeira.com.br\/home\/wp-content\/uploads\/2026\/04\/feirenses.png 300w, https:\/\/blogdafeira.com.br\/home\/wp-content\/uploads\/2026\/04\/feirenses-170x45.png 170w, https:\/\/blogdafeira.com.br\/home\/wp-content\/uploads\/2026\/04\/feirenses-280x74.png 280w\" sizes=\"(max-width: 300px) 100vw, 300px\" class=\"no-lazyload\" width=\"300\" height=\"79\"  style=\"display: inline-block;\" \/><\/a><\/div>\n<div id=\"blogd-3537416858\" class=\"blogd-final-post blogd-entity-placement\"><a href=\"https:\/\/www.feiradesantana.ba.leg.br\/\" target=\"_blank\" aria-label=\"BANNER-SITE-ENTREGADECHEQUE-CAMARADEFEIRA\"><img loading=\"lazy\" decoding=\"async\" src=\"https:\/\/blogdafeira.com.br\/home\/wp-content\/uploads\/2026\/03\/BANNER-SITE-ENTREGADECHEQUE-CAMARADEFEIRA.gif\" alt=\"\"  class=\"no-lazyload\" width=\"728\" height=\"90\"   \/><\/a><\/div><p>O vereador Eli Ribeiro (Republicanos) e Lu de Ronny tamb\u00e9m s\u00e3o autores\u00a0 dos outros dois\u00a0 requerimentos aprovados hoje, para realizar sess\u00e3o solene:\u00a0 dia do maqueiro e\u00a0 do optometrista.As oito sess\u00f5es ainda n\u00e3o t\u00eam datas definidas.<\/p>\n","protected":false},"excerpt":{"rendered":"<p>Os vereadores de Feira usaram a sess\u00e3o ordin\u00e1ria de hoje para aprovar oito requerimentos para a realiza\u00e7\u00e3o de sess\u00f5es solenes. Toda a ordem do dia da sess\u00e3o foi para isso. Foram oito requerimentos. Desses,\u00a0 seis\u00a0 s\u00e3o de autoria do vereador Lulinha da Concei\u00e7\u00e3o (Uni\u00e3o Brasil), solicitando a realiza\u00e7\u00e3o de sess\u00f5es solenes para comemorar o dia<\/p>\n","protected":false},"author":1,"featured_media":65533,"comment_status":"open","ping_status":"open","sticky":false,"template":"","format":"standard","meta":{"jetpack_post_was_ever_published":false,"cybocfi_hide_featured_image":"","_jetpack_newsletter_access":"","_jetpack_dont_email_post_to_subs":false,"_jetpack_newsletter_tier_id":0,"_jetpack_memberships_contains_paywalled_content":false,"_jetpack_memberships_contains_paid_content":false,"footnotes":"","jetpack_publicize_message":"","jetpack_publicize_feature_enabled":true,"jetpack_social_post_already_shared":true,"jetpack_social_options":{"image_generator_settings":{"template":"highway","default_image_id":0,"font":"","enabled":false},"version":2}},"categories":[1,631],"tags":[],"class_list":["post-65532","post","type-post","status-publish","format-standard","has-post-thumbnail","hentry","category-raiz","category-politica"],"jetpack_publicize_connections":[],"jetpack_featured_media_url":"https:\/\/blogdafeira.com.br\/home\/wp-content\/uploads\/2025\/02\/adf6462a-4438-48c4-9fa5-b82db5a8e1ab-1024x682-1.jpeg","jetpack_shortlink":"https:\/\/wp.me\/p3niVf-h2Y","jetpack_sharing_enabled":true,"jetpack-related-posts":[{"id":63809,"url":"https:\/\/blogdafeira.com.br\/home\/2024\/09\/16\/vereadores-em-feira-fazem-sessao-solene-pelo-dia-de-luta-da-pessoa-com-deficiencia\/","url_meta":{"origin":65532,"position":0},"title":"Vereadores em Feira fazem sess\u00e3o solene pelo Dia de Luta da Pessoa com Defici\u00eancia","author":"Blog da Feira","date":"16\/09\/2024","format":false,"excerpt":"Em comemora\u00e7\u00e3o ao Dia Nacional de Luta da Pessoa com Defici\u00eancia, a C\u00e2mara Municipal de Feira de Santana realiza uma sess\u00e3o solene na pr\u00f3xima quinta-feira (19), \u00e0s 14 horas. A solenidade contar\u00e1 com participa\u00e7\u00f5es de autoridades, profissionais e militantes da \u00e1rea. Dentre os convidados, Sidney Reis Borges (presidente do Conselho\u2026","rel":"","context":"Em &quot;Geral&quot;","block_context":{"text":"Geral","link":"https:\/\/blogdafeira.com.br\/home\/categoria\/geral\/"},"img":{"alt_text":"","src":"https:\/\/i0.wp.com\/blogdafeira.com.br\/home\/wp-content\/uploads\/2024\/09\/IMG-20240626-WA0032.jpg?resize=350%2C200&ssl=1","width":350,"height":200,"srcset":"https:\/\/i0.wp.com\/blogdafeira.com.br\/home\/wp-content\/uploads\/2024\/09\/IMG-20240626-WA0032.jpg?resize=350%2C200&ssl=1 1x, https:\/\/i0.wp.com\/blogdafeira.com.br\/home\/wp-content\/uploads\/2024\/09\/IMG-20240626-WA0032.jpg?resize=525%2C300&ssl=1 1.5x, https:\/\/i0.wp.com\/blogdafeira.com.br\/home\/wp-content\/uploads\/2024\/09\/IMG-20240626-WA0032.jpg?resize=700%2C400&ssl=1 2x, https:\/\/i0.wp.com\/blogdafeira.com.br\/home\/wp-content\/uploads\/2024\/09\/IMG-20240626-WA0032.jpg?resize=1050%2C600&ssl=1 3x"},"classes":[]},{"id":57752,"url":"https:\/\/blogdafeira.com.br\/home\/2023\/05\/22\/camara-de-vereadores-de-feira-faz-sessao-solene-no-dia-do-trabalhador-rural\/","url_meta":{"origin":65532,"position":1},"title":"C\u00e2mara de Vereadores de Feira faz sess\u00e3o solene no Dia do Trabalhador Rural","author":"Blog da Feira","date":"22\/05\/2023","format":false,"excerpt":"\u00a0Dia do Trabalhador Rural, comemorado nacionalmente no dia 25 de maio, vai ser registrado na C\u00e2mara de Feira de Santana com uma sess\u00e3o solene, nesta data, a partir das 8h30min. A iniciativa deste evento \u00e9 do vereador Professor Ivamberg (PT), que tem o homem do campo e suas dificuldades como\u2026","rel":"","context":"Em &quot;Geral&quot;","block_context":{"text":"Geral","link":"https:\/\/blogdafeira.com.br\/home\/categoria\/geral\/"},"img":{"alt_text":"","src":"https:\/\/i0.wp.com\/blogdafeira.com.br\/home\/wp-content\/uploads\/2023\/05\/01082022191046.jpg?resize=350%2C200&ssl=1","width":350,"height":200,"srcset":"https:\/\/i0.wp.com\/blogdafeira.com.br\/home\/wp-content\/uploads\/2023\/05\/01082022191046.jpg?resize=350%2C200&ssl=1 1x, https:\/\/i0.wp.com\/blogdafeira.com.br\/home\/wp-content\/uploads\/2023\/05\/01082022191046.jpg?resize=525%2C300&ssl=1 1.5x, https:\/\/i0.wp.com\/blogdafeira.com.br\/home\/wp-content\/uploads\/2023\/05\/01082022191046.jpg?resize=700%2C400&ssl=1 2x, https:\/\/i0.wp.com\/blogdafeira.com.br\/home\/wp-content\/uploads\/2023\/05\/01082022191046.jpg?resize=1050%2C600&ssl=1 3x"},"classes":[]},{"id":31788,"url":"https:\/\/blogdafeira.com.br\/home\/2019\/06\/27\/vereador-lulinha-encerra-semestre-com-balanco-de-acoes-do-mandato-em-feira-e-agradece-a-colbert-e-jose-ronaldo\/","url_meta":{"origin":65532,"position":2},"title":"Vereador Lulinha encerra semestre com balan\u00e7o de &#8216;a\u00e7\u00f5es do mandato&#8217; em Feira e  agradece a Colbert e Jos\u00e9 Ronaldo","author":"J\u00e2nio R\u00eago","date":"27\/06\/2019","format":false,"excerpt":"No encerramento das atividades legislativas deste primeiro semestre, quarta-feira,26,\u00a0 o vereador Luiz Augusto de Jesus \u2013 Lulinha (DEM) usou a tribuna na sess\u00e3o ordin\u00e1riana quarta-feira (26) para\u00a0 destacar \"a\u00e7\u00f5es do seu mandato\" e agradecer diretamente ao prefeito Colbert Martins e ao ex-prefeito Jos\u00e9 Ronaldo. Lulinha destacou diversas melhorias contempladas no\u2026","rel":"","context":"Em &quot;Distritos&quot;","block_context":{"text":"Distritos","link":"https:\/\/blogdafeira.com.br\/home\/categoria\/distritos\/"},"img":{"alt_text":"","src":"https:\/\/i0.wp.com\/blogdafeira.com.br\/home\/wp-content\/uploads\/2018\/03\/unnamed-1.jpg?resize=350%2C200","width":350,"height":200,"srcset":"https:\/\/i0.wp.com\/blogdafeira.com.br\/home\/wp-content\/uploads\/2018\/03\/unnamed-1.jpg?resize=350%2C200 1x, https:\/\/i0.wp.com\/blogdafeira.com.br\/home\/wp-content\/uploads\/2018\/03\/unnamed-1.jpg?resize=525%2C300 1.5x"},"classes":[]},{"id":65608,"url":"https:\/\/blogdafeira.com.br\/home\/2025\/02\/10\/sessao-da-camara-de-feira-nesta-terca-feira-vai-votar-dois-vetos-de-colbert-a-projetos-de-lei-de-eremitaa\/","url_meta":{"origin":65532,"position":3},"title":"Sess\u00e3o da C\u00e2mara de Feira nesta ter\u00e7a-feira vai votar dois vetos de Colbert a projetos de lei de Eremita","author":"Blog da Feira","date":"10\/02\/2025","format":false,"excerpt":"Depois da sess\u00e3o ordin\u00e1ria dedicada a criar sess\u00f5es solenes para homenagear profiss\u00f5es, a C\u00e2mara de Feira de Santana se re\u00fane nesta terca-feira para votar na Ordem do\u00a0 Dia tr\u00eas vetos do ex-prefeito Colbert Filho em projetos que foram aprovados naquela Casa. Dos tr\u00eas, dois s\u00e3o de autoria da ex-presidente da\u2026","rel":"","context":"Em &quot;Home&quot;","block_context":{"text":"Home","link":"https:\/\/blogdafeira.com.br\/home\/categoria\/raiz\/"},"img":{"alt_text":"","src":"https:\/\/i0.wp.com\/blogdafeira.com.br\/home\/wp-content\/uploads\/2023\/12\/images-62.jpeg?resize=350%2C200&ssl=1","width":350,"height":200,"srcset":"https:\/\/i0.wp.com\/blogdafeira.com.br\/home\/wp-content\/uploads\/2023\/12\/images-62.jpeg?resize=350%2C200&ssl=1 1x, https:\/\/i0.wp.com\/blogdafeira.com.br\/home\/wp-content\/uploads\/2023\/12\/images-62.jpeg?resize=525%2C300&ssl=1 1.5x"},"classes":[]},{"id":63621,"url":"https:\/\/blogdafeira.com.br\/home\/2024\/09\/05\/camara-de-feira-comemora-os-147-anos-do-distrito-de-jaguara\/","url_meta":{"origin":65532,"position":4},"title":"C\u00e2mara de Feira comemora os 147 anos do distrito de Jaguara","author":"Blog da Feira","date":"05\/09\/2024","format":false,"excerpt":"Incorporado ao Munic\u00edpio de Feira de Santana em 3 de julho de 1877, o distrito foi chamado \u201cBom Despacho\u201d, at\u00e9 1943, quando recebeu o nome de Jaguara. Esses 147 anos de exist\u00eancia (1877-2024)\u00a0 ser\u00e3o comemorados em sess\u00e3o solene da C\u00e2mara Municipal de Feira de Santana, hoje,\u00a0 5, a partir das\u2026","rel":"","context":"Em &quot;Distritos&quot;","block_context":{"text":"Distritos","link":"https:\/\/blogdafeira.com.br\/home\/categoria\/distritos\/"},"img":{"alt_text":"","src":"https:\/\/i0.wp.com\/blogdafeira.com.br\/home\/wp-content\/uploads\/2024\/09\/images-48.jpeg?resize=350%2C200&ssl=1","width":350,"height":200},"classes":[]},{"id":53500,"url":"https:\/\/blogdafeira.com.br\/home\/2022\/07\/27\/camara-de-vereadores-volta-do-recesso-e-quer-mirar-no-shopping-popular\/","url_meta":{"origin":65532,"position":5},"title":"C\u00e2mara de Vereadores volta do recesso e quer mirar no shopping popular","author":"Blog da Feira","date":"27\/07\/2022","format":false,"excerpt":"O secret\u00e1rio Carlos Brito e o shopping popular est\u00e3o no foco das primeiras investidas dos Vereadores contra a Prefeitura de Feira na volta do recesso. Requerimento do vereador Luis da Feira pede a Brito informa\u00e7\u00f5es que ser\u00e3o colocadas em xeque e utilizadas no arsenal de guerra que a maioria da\u2026","rel":"","context":"Em &quot;Home&quot;","block_context":{"text":"Home","link":"https:\/\/blogdafeira.com.br\/home\/categoria\/raiz\/"},"img":{"alt_text":"","src":"https:\/\/i0.wp.com\/blogdafeira.com.br\/home\/wp-content\/uploads\/2022\/07\/InShot_20220727_140222821.jpg?resize=350%2C200&ssl=1","width":350,"height":200,"srcset":"https:\/\/i0.wp.com\/blogdafeira.com.br\/home\/wp-content\/uploads\/2022\/07\/InShot_20220727_140222821.jpg?resize=350%2C200&ssl=1 1x, https:\/\/i0.wp.com\/blogdafeira.com.br\/home\/wp-content\/uploads\/2022\/07\/InShot_20220727_140222821.jpg?resize=525%2C300&ssl=1 1.5x, https:\/\/i0.wp.com\/blogdafeira.com.br\/home\/wp-content\/uploads\/2022\/07\/InShot_20220727_140222821.jpg?resize=700%2C400&ssl=1 2x, https:\/\/i0.wp.com\/blogdafeira.com.br\/home\/wp-content\/uploads\/2022\/07\/InShot_20220727_140222821.jpg?resize=1050%2C600&ssl=1 3x, https:\/\/i0.wp.com\/blogdafeira.com.br\/home\/wp-content\/uploads\/2022\/07\/InShot_20220727_140222821.jpg?resize=1400%2C800&ssl=1 4x"},"classes":[]}],"_links":{"self":[{"href":"https:\/\/blogdafeira.com.br\/home\/wp-json\/wp\/v2\/posts\/65532","targetHints":{"allow":["GET"]}}],"collection":[{"href":"https:\/\/blogdafeira.com.br\/home\/wp-json\/wp\/v2\/posts"}],"about":[{"href":"https:\/\/blogdafeira.com.br\/home\/wp-json\/wp\/v2\/types\/post"}],"author":[{"embeddable":true,"href":"https:\/\/blogdafeira.com.br\/home\/wp-json\/wp\/v2\/users\/1"}],"replies":[{"embeddable":true,"href":"https:\/\/blogdafeira.com.br\/home\/wp-json\/wp\/v2\/comments?post=65532"}],"version-history":[{"count":1,"href":"https:\/\/blogdafeira.com.br\/home\/wp-json\/wp\/v2\/posts\/65532\/revisions"}],"predecessor-version":[{"id":65534,"href":"https:\/\/blogdafeira.com.br\/home\/wp-json\/wp\/v2\/posts\/65532\/revisions\/65534"}],"wp:featuredmedia":[{"embeddable":true,"href":"https:\/\/blogdafeira.com.br\/home\/wp-json\/wp\/v2\/media\/65533"}],"wp:attachment":[{"href":"https:\/\/blogdafeira.com.br\/home\/wp-json\/wp\/v2\/media?parent=65532"}],"wp:term":[{"taxonomy":"category","embeddable":true,"href":"https:\/\/blogdafeira.com.br\/home\/wp-json\/wp\/v2\/categories?post=65532"},{"taxonomy":"post_tag","embeddable":true,"href":"https:\/\/blogdafeira.com.br\/home\/wp-json\/wp\/v2\/tags?post=65532"}],"curies":[{"name":"wp","href":"https:\/\/api.w.org\/{rel}","templated":true}]}}