{"id":65687,"date":"2025-02-15T14:43:15","date_gmt":"2025-02-15T17:43:15","guid":{"rendered":"https:\/\/blogdafeira.com.br\/home\/?p=65687"},"modified":"2025-08-19T00:07:35","modified_gmt":"2025-08-19T03:07:35","slug":"previsao-de-1-milhao-de-turistas-em-salvador-durante-o-carnaval","status":"publish","type":"post","link":"https:\/\/blogdafeira.com.br\/home\/2025\/02\/15\/previsao-de-1-milhao-de-turistas-em-salvador-durante-o-carnaval\/","title":{"rendered":"Previs\u00e3o de 1 milh\u00e3o de turistas em Salvador durante o Carnaval"},"content":{"rendered":"<div id=\"blogd-353623141\" class=\"blogd-fim-do-post-mobile blogd-entity-placement\" style=\"margin-left: auto;margin-right: auto;text-align: center;\"><a href=\"https:\/\/www.sefaz.feiradesantana.ba.gov.br\/\" target=\"_blank\" aria-label=\"728&#215;90 (6)\"><img loading=\"lazy\" decoding=\"async\" src=\"https:\/\/blogdafeira.com.br\/home\/wp-content\/uploads\/2026\/03\/728x90-6.gif\" alt=\"\"  class=\"no-lazyload\" width=\"728\" height=\"90\"  style=\"display: inline-block;\" \/><\/a><\/div><p><em>\u201c\u00c9 uma festa de cultura, de alegria e \u00e9 tamb\u00e9m uma agenda econ\u00f4mica. Estamos falando de cerca de um milh\u00e3o de turistas que visitar\u00e3o Salvador, e cerca de 4 milh\u00f5es de turistas em todo o estado, movimentado a nossa economia. \u00c9 gera\u00e7\u00e3o de emprego e renda. Espero ainda que seja um carnaval de paz<\/em>\u201d, enfatizou o governador Jer\u00f4nimo Rodrigues, durante evento festivo no Cineteatro 2 de Julho, na sede do Irdeb, no bairro da Federa\u00e7\u00e3o, quando lan\u00e7ou o Carnaval da Bahia que este ano\u00a0 homenageia os 40 anos da Ax\u00e9 Music.<\/p><div id=\"blogd-3975566947\" class=\"blogd-conteudo-2-mobile blogd-entity-placement\"><a href=\"https:\/\/feirenses.com.br\/\" target=\"_blank\" aria-label=\"feirenses\"><img loading=\"lazy\" decoding=\"async\" src=\"https:\/\/blogdafeira.com.br\/home\/wp-content\/uploads\/2026\/04\/feirenses.png\" alt=\"\"  srcset=\"https:\/\/blogdafeira.com.br\/home\/wp-content\/uploads\/2026\/04\/feirenses.png 300w, https:\/\/blogdafeira.com.br\/home\/wp-content\/uploads\/2026\/04\/feirenses-170x45.png 170w, https:\/\/blogdafeira.com.br\/home\/wp-content\/uploads\/2026\/04\/feirenses-280x74.png 280w\" sizes=\"(max-width: 300px) 100vw, 300px\" class=\"no-lazyload\" width=\"300\" height=\"79\"  style=\"display: inline-block;\" \/><\/a><\/div>\n<p>Com uma hist\u00f3ria longa na \u2018Ax\u00e9 Music\u2019, desde 1988, marcada pela composi\u00e7\u00e3o de can\u00e7\u00f5es que at\u00e9 hoje fazem muito sucesso nos carnavais, como \u2018Menina Me D\u00e1 Seu Amor\u2019 e \u2018Olha o Gandhi A\u00ed\u2019, o cantor Tonho Mat\u00e9ria, presente no evento, destacou a import\u00e2ncia dessa homenagem ao g\u00eanero musical baiano. <em>\u201c\u00c9 um reconhecimento, uma forma de apresentar para o Brasil que a nossa m\u00fasica constr\u00f3i vidas, que re\u00fane pessoas de todo o mundo, fam\u00edlias e cura quando \u00e9 cantada em cima de um trio el\u00e9trico. Ao mesmo tempo simboliza uma luta contra todo tipo de preconceito\u201d,<\/em> disse o cantor.<\/p>\n<div id=\"blogd-2912348238\" class=\"blogd-final-post blogd-entity-placement\"><a href=\"https:\/\/www.feiradesantana.ba.leg.br\/\" target=\"_blank\" aria-label=\"BANNER-SITE-ENTREGADECHEQUE-CAMARADEFEIRA\"><img loading=\"lazy\" decoding=\"async\" src=\"https:\/\/blogdafeira.com.br\/home\/wp-content\/uploads\/2026\/03\/BANNER-SITE-ENTREGADECHEQUE-CAMARADEFEIRA.gif\" alt=\"\"  class=\"no-lazyload\" width=\"728\" height=\"90\"   \/><\/a><\/div><p>A Superintend\u00eancia de Fomento ao Turismo do Estado da Bahia (Sufotur) lan\u00e7ou um edital para apoiar financeiramente e tecnicamente 57 munic\u00edpios que realizar\u00e3o festas carnavalescas pelo estado.<\/p>\n","protected":false},"excerpt":{"rendered":"<p>\u201c\u00c9 uma festa de cultura, de alegria e \u00e9 tamb\u00e9m uma agenda econ\u00f4mica. Estamos falando de cerca de um milh\u00e3o de turistas que visitar\u00e3o Salvador, e cerca de 4 milh\u00f5es de turistas em todo o estado, movimentado a nossa economia. \u00c9 gera\u00e7\u00e3o de emprego e renda. Espero ainda que seja um carnaval de paz\u201d, enfatizou<\/p>\n","protected":false},"author":1,"featured_media":65688,"comment_status":"open","ping_status":"open","sticky":false,"template":"","format":"standard","meta":{"jetpack_post_was_ever_published":false,"cybocfi_hide_featured_image":"","_jetpack_newsletter_access":"","_jetpack_dont_email_post_to_subs":false,"_jetpack_newsletter_tier_id":0,"_jetpack_memberships_contains_paywalled_content":false,"_jetpack_memberships_contains_paid_content":false,"footnotes":"","jetpack_publicize_message":"","jetpack_publicize_feature_enabled":true,"jetpack_social_post_already_shared":true,"jetpack_social_options":{"image_generator_settings":{"template":"highway","default_image_id":0,"font":"","enabled":false},"version":2}},"categories":[3,1],"tags":[],"class_list":["post-65687","post","type-post","status-publish","format-standard","has-post-thumbnail","hentry","category-cidade","category-raiz"],"jetpack_publicize_connections":[],"jetpack_featured_media_url":"https:\/\/blogdafeira.com.br\/home\/wp-content\/uploads\/2025\/02\/Carnaval-2025.-Fotos-Amanda-ErciliaGOVBA-4-1536x1023-1.jpeg","jetpack_shortlink":"https:\/\/wp.me\/p3niVf-h5t","jetpack_sharing_enabled":true,"jetpack-related-posts":[{"id":65135,"url":"https:\/\/blogdafeira.com.br\/home\/2025\/01\/11\/40-anos-do-axe-music-faz-de-salvador-uma-festa-durante-este-verao\/","url_meta":{"origin":65687,"position":0},"title":"40 anos do Ax\u00e9 Music faz de Salvador uma festa durante este Ver\u00e3o","author":"SECOM.GOV.BA","date":"11\/01\/2025","format":false,"excerpt":"Participaram do lan\u00e7amento do \u2018Ver\u00e3o Ax\u00e9 40\u2019, artistas como Sarajane, Tonho Mat\u00e9ria, Ger\u00f4nimo Santana, Ana Mametto, Nelson Rufino, Matilde Charles, M\u00e1rcia Short e Magary Lord. \u201cO que o governador est\u00e1 promovendo \u00e9 altamente democr\u00e1tico. Ele est\u00e1 fazendo com que esse movimento musical seja mais unido. Esse apoio vai estimular as\u2026","rel":"","context":"Em &quot;Economia&quot;","block_context":{"text":"Economia","link":"https:\/\/blogdafeira.com.br\/home\/categoria\/economia\/"},"img":{"alt_text":"","src":"https:\/\/i0.wp.com\/blogdafeira.com.br\/home\/wp-content\/uploads\/2025\/01\/Foto-Wuiga-RubiniGOVBA6-1068x712-1.jpeg?resize=350%2C200&ssl=1","width":350,"height":200,"srcset":"https:\/\/i0.wp.com\/blogdafeira.com.br\/home\/wp-content\/uploads\/2025\/01\/Foto-Wuiga-RubiniGOVBA6-1068x712-1.jpeg?resize=350%2C200&ssl=1 1x, https:\/\/i0.wp.com\/blogdafeira.com.br\/home\/wp-content\/uploads\/2025\/01\/Foto-Wuiga-RubiniGOVBA6-1068x712-1.jpeg?resize=525%2C300&ssl=1 1.5x, https:\/\/i0.wp.com\/blogdafeira.com.br\/home\/wp-content\/uploads\/2025\/01\/Foto-Wuiga-RubiniGOVBA6-1068x712-1.jpeg?resize=700%2C400&ssl=1 2x, https:\/\/i0.wp.com\/blogdafeira.com.br\/home\/wp-content\/uploads\/2025\/01\/Foto-Wuiga-RubiniGOVBA6-1068x712-1.jpeg?resize=1050%2C600&ssl=1 3x"},"classes":[]},{"id":65726,"url":"https:\/\/blogdafeira.com.br\/home\/2025\/02\/18\/carnaval-da-bahia-e-um-simbolo-da-nossa-identidade-diz-jeronimo-ao-divulgar-as-atracoes\/","url_meta":{"origin":65687,"position":1},"title":"&#8220;Carnaval da Bahia \u00e9 um s\u00edmbolo da nossa identidade&#8221;, diz Jer\u00f4nimo ao divulgar as atra\u00e7\u00f5es","author":"SECOM.GOV.BA","date":"18\/02\/2025","format":false,"excerpt":"A lista completa das atra\u00e7\u00f5es patrocinadas pelo Governo do Estado para o Carnaval da Bahia 2025 foi anunciada pelo governador Jer\u00f4nimo Rodrigues na noite de ontem,segunda-feira (17), durante a terceira edi\u00e7\u00e3o do podcast \u201cFala Jero!\u201d, que contou com a participa\u00e7\u00e3o do secret\u00e1rio de Cultura, Bruno Monteiro, do vice-governador e coordenador\u2026","rel":"","context":"Em &quot;Cultura&quot;","block_context":{"text":"Cultura","link":"https:\/\/blogdafeira.com.br\/home\/categoria\/cultura\/"},"img":{"alt_text":"","src":"https:\/\/i0.wp.com\/blogdafeira.com.br\/home\/wp-content\/uploads\/2025\/02\/Fotos-Wuiga-RubiniGOVBA-6.jpeg?resize=350%2C200&ssl=1","width":350,"height":200,"srcset":"https:\/\/i0.wp.com\/blogdafeira.com.br\/home\/wp-content\/uploads\/2025\/02\/Fotos-Wuiga-RubiniGOVBA-6.jpeg?resize=350%2C200&ssl=1 1x, https:\/\/i0.wp.com\/blogdafeira.com.br\/home\/wp-content\/uploads\/2025\/02\/Fotos-Wuiga-RubiniGOVBA-6.jpeg?resize=525%2C300&ssl=1 1.5x, https:\/\/i0.wp.com\/blogdafeira.com.br\/home\/wp-content\/uploads\/2025\/02\/Fotos-Wuiga-RubiniGOVBA-6.jpeg?resize=700%2C400&ssl=1 2x, https:\/\/i0.wp.com\/blogdafeira.com.br\/home\/wp-content\/uploads\/2025\/02\/Fotos-Wuiga-RubiniGOVBA-6.jpeg?resize=1050%2C600&ssl=1 3x, https:\/\/i0.wp.com\/blogdafeira.com.br\/home\/wp-content\/uploads\/2025\/02\/Fotos-Wuiga-RubiniGOVBA-6.jpeg?resize=1400%2C800&ssl=1 4x"},"classes":[]},{"id":65936,"url":"https:\/\/blogdafeira.com.br\/home\/2025\/02\/28\/atracao-do-carnaval-marcionilio-e-precursor-da-axe-music-e-ja-viveu-nas-ruas-do-pelourinho\/","url_meta":{"origin":65687,"position":2},"title":"Atra\u00e7\u00e3o do Carnaval, Marcion\u00edlio \u00e9 precursor da Ax\u00e9 Music e j\u00e1 viveu nas ruas do Pelourinho","author":"SECOM.GOV.BA","date":"28\/02\/2025","format":false,"excerpt":"Marcion\u00edlio Prado \u00e9 um dos nomes fundamentais na hist\u00f3ria do Ax\u00e9 Music, sendo um dos primeiros cantores negros a protagonizar um trio el\u00e9trico na Bahia. Tamb\u00e9m foi cantor da Banda Eva, trio Tapaj\u00f3s e eleito Cantor Revela\u00e7\u00e3o da maior festa de rua do mundo. Este ano, o artista realiza tr\u00eas\u2026","rel":"","context":"Em &quot;Cultura&quot;","block_context":{"text":"Cultura","link":"https:\/\/blogdafeira.com.br\/home\/categoria\/cultura\/"},"img":{"alt_text":"","src":"https:\/\/i0.wp.com\/blogdafeira.com.br\/home\/wp-content\/uploads\/2025\/02\/IMG-20250228-WA00412.jpg?resize=350%2C200&ssl=1","width":350,"height":200,"srcset":"https:\/\/i0.wp.com\/blogdafeira.com.br\/home\/wp-content\/uploads\/2025\/02\/IMG-20250228-WA00412.jpg?resize=350%2C200&ssl=1 1x, https:\/\/i0.wp.com\/blogdafeira.com.br\/home\/wp-content\/uploads\/2025\/02\/IMG-20250228-WA00412.jpg?resize=525%2C300&ssl=1 1.5x, https:\/\/i0.wp.com\/blogdafeira.com.br\/home\/wp-content\/uploads\/2025\/02\/IMG-20250228-WA00412.jpg?resize=700%2C400&ssl=1 2x"},"classes":[]},{"id":35623,"url":"https:\/\/blogdafeira.com.br\/home\/2020\/02\/22\/carnaval-de-daniela-mercury-e-inspirado-em-perfume\/","url_meta":{"origin":65687,"position":3},"title":"Carnaval de Daniela Mercury \u00e9 inspirado em  &#8220;Perfume&#8221;","author":"SECOM.GOV.BA","date":"22\/02\/2020","format":false,"excerpt":"Dona do trono. Nos 35 anos da Ax\u00e9 Music, a Rainha veio de branco, cor do Ax\u00e9, cor de Oxal\u00e1! Veio vestida de RAINHA DO AX\u00c9, com figurino idealizado por ela mesma e sapatos de Pretinho Ferreira. Com o tema Arte \u00e9 Resist\u00eancia, o bal\u00e9 da Rainha veio com mensagens\u2026","rel":"","context":"Em &quot;Cultura&quot;","block_context":{"text":"Cultura","link":"https:\/\/blogdafeira.com.br\/home\/categoria\/cultura\/"},"img":{"alt_text":"","src":"https:\/\/i0.wp.com\/blogdafeira.com.br\/home\/wp-content\/uploads\/2020\/02\/4713e6c2c0133851368d329a43cf3f529f0b0f2516f1b3abcf06a54f8c9ffbe1-346x230.jpeg?resize=350%2C200&ssl=1","width":350,"height":200},"classes":[]},{"id":25868,"url":"https:\/\/blogdafeira.com.br\/home\/2017\/02\/24\/depois-do-furdunco-dionorina-volta-neste-sabado-ao-carnaval-de-salvador\/","url_meta":{"origin":65687,"position":4},"title":"Depois do Furdun\u00e7o, Dionorina volta neste s\u00e1bado ao Carnaval de Salvador","author":"SECOM.GOV.BA","date":"24\/02\/2017","format":false,"excerpt":"O cantor e compositor feirense Dionorina mais uma vez marca a presen\u00e7a de Feira de Santana no carnaval \u00a0de \u00a0Salvador. Bastante aplaudido durante apresenta\u00e7\u00e3o do \u201cFurdun\u00e7o\u201d, que atraiu um\u00a0 p\u00fablico calculado em cerca de um milh\u00e3o de foli\u00f5es, domingo passado, no circuito Ondina\/Barra, Dionorina volta ao Carnaval de Salvador neste\u2026","rel":"","context":"Em &quot;Home&quot;","block_context":{"text":"Home","link":"https:\/\/blogdafeira.com.br\/home\/categoria\/raiz\/"},"img":{"alt_text":"dionorina-2017-furdunco-1","src":"https:\/\/i0.wp.com\/blogdafeira.com.br\/home\/wp-content\/uploads\/2017\/02\/DIONORINA-2017-FURDUN%C3%87O-1.jpg?resize=350%2C200","width":350,"height":200,"srcset":"https:\/\/i0.wp.com\/blogdafeira.com.br\/home\/wp-content\/uploads\/2017\/02\/DIONORINA-2017-FURDUN%C3%87O-1.jpg?resize=350%2C200 1x, https:\/\/i0.wp.com\/blogdafeira.com.br\/home\/wp-content\/uploads\/2017\/02\/DIONORINA-2017-FURDUN%C3%87O-1.jpg?resize=525%2C300 1.5x"},"classes":[]},{"id":71349,"url":"https:\/\/blogdafeira.com.br\/home\/2026\/02\/13\/mais-de-1-milhao-de-folioes-no-primeiro-dia-do-carnaval-de-salvador\/","url_meta":{"origin":65687,"position":5},"title":"Mais de 1 milh\u00e3o de foli\u00f5es no primeiro dia do Carnaval de Salvador","author":"SECOM.GOV.BA","date":"13\/02\/2026","format":false,"excerpt":"O primeiro dia do Carnaval da Bahia 2026 recebeu cerca de 1,3 milh\u00e3o de foli\u00f5es, que passaram pelos 53 portais de abordagens distribu\u00eddos pelos tr\u00eas circuitos oficiais, e terminou com avalia\u00e7\u00e3o positiva. Os dados da Secretaria de Seguran\u00e7a P\u00fablica (SSP) tamb\u00e9m revelam que os casos de roubo reduziram 46% em\u2026","rel":"","context":"Em &quot;Cidade&quot;","block_context":{"text":"Cidade","link":"https:\/\/blogdafeira.com.br\/home\/categoria\/cidade\/"},"img":{"alt_text":"","src":"https:\/\/i0.wp.com\/blogdafeira.com.br\/home\/wp-content\/uploads\/2026\/02\/Screenshot_20260213-1520122.jpg?resize=350%2C200&ssl=1","width":350,"height":200,"srcset":"https:\/\/i0.wp.com\/blogdafeira.com.br\/home\/wp-content\/uploads\/2026\/02\/Screenshot_20260213-1520122.jpg?resize=350%2C200&ssl=1 1x, https:\/\/i0.wp.com\/blogdafeira.com.br\/home\/wp-content\/uploads\/2026\/02\/Screenshot_20260213-1520122.jpg?resize=525%2C300&ssl=1 1.5x, https:\/\/i0.wp.com\/blogdafeira.com.br\/home\/wp-content\/uploads\/2026\/02\/Screenshot_20260213-1520122.jpg?resize=700%2C400&ssl=1 2x"},"classes":[]}],"_links":{"self":[{"href":"https:\/\/blogdafeira.com.br\/home\/wp-json\/wp\/v2\/posts\/65687","targetHints":{"allow":["GET"]}}],"collection":[{"href":"https:\/\/blogdafeira.com.br\/home\/wp-json\/wp\/v2\/posts"}],"about":[{"href":"https:\/\/blogdafeira.com.br\/home\/wp-json\/wp\/v2\/types\/post"}],"author":[{"embeddable":true,"href":"https:\/\/blogdafeira.com.br\/home\/wp-json\/wp\/v2\/users\/1"}],"replies":[{"embeddable":true,"href":"https:\/\/blogdafeira.com.br\/home\/wp-json\/wp\/v2\/comments?post=65687"}],"version-history":[{"count":1,"href":"https:\/\/blogdafeira.com.br\/home\/wp-json\/wp\/v2\/posts\/65687\/revisions"}],"predecessor-version":[{"id":65689,"href":"https:\/\/blogdafeira.com.br\/home\/wp-json\/wp\/v2\/posts\/65687\/revisions\/65689"}],"wp:featuredmedia":[{"embeddable":true,"href":"https:\/\/blogdafeira.com.br\/home\/wp-json\/wp\/v2\/media\/65688"}],"wp:attachment":[{"href":"https:\/\/blogdafeira.com.br\/home\/wp-json\/wp\/v2\/media?parent=65687"}],"wp:term":[{"taxonomy":"category","embeddable":true,"href":"https:\/\/blogdafeira.com.br\/home\/wp-json\/wp\/v2\/categories?post=65687"},{"taxonomy":"post_tag","embeddable":true,"href":"https:\/\/blogdafeira.com.br\/home\/wp-json\/wp\/v2\/tags?post=65687"}],"curies":[{"name":"wp","href":"https:\/\/api.w.org\/{rel}","templated":true}]}}