{"id":65856,"date":"2025-02-24T12:55:39","date_gmt":"2025-02-24T15:55:39","guid":{"rendered":"https:\/\/blogdafeira.com.br\/home\/?p=65856"},"modified":"2025-08-19T00:07:33","modified_gmt":"2025-08-19T03:07:33","slug":"a-politica-do-bolso-em-mocambique-nepotismo-corrupcao-e-a-desumanizacao-do-povo-textos-politikos-6","status":"publish","type":"post","link":"https:\/\/blogdafeira.com.br\/home\/2025\/02\/24\/a-politica-do-bolso-em-mocambique-nepotismo-corrupcao-e-a-desumanizacao-do-povo-textos-politikos-6\/","title":{"rendered":"A pol\u00edtica do bolso: nepotismo, corrup\u00e7\u00e3o e a desumaniza\u00e7\u00e3o do povo [Textos Pol\u00edtikos 6]"},"content":{"rendered":"<div id=\"blogd-2844851740\" class=\"blogd-fim-do-post-mobile blogd-entity-placement\" style=\"margin-left: auto;margin-right: auto;text-align: center;\"><a href=\"https:\/\/www.sefaz.feiradesantana.ba.gov.br\/\" target=\"_blank\" aria-label=\"728&#215;90 (6)\"><img loading=\"lazy\" decoding=\"async\" src=\"https:\/\/blogdafeira.com.br\/home\/wp-content\/uploads\/2026\/03\/728x90-6.gif\" alt=\"\"  class=\"no-lazyload\" width=\"728\" height=\"90\"  style=\"display: inline-block;\" \/><\/a><\/div><p>Mo\u00e7ambique, um pa\u00eds com vastos recursos naturais e um potencial de desenvolvimento imenso, vive uma realidade pol\u00edtica marcada pela corrup\u00e7\u00e3o e pelo nepotismo. A acusa\u00e7\u00e3o mais grave contra o partido no poder, a Frelimo, \u00e9 que ela se transformou em uma m\u00e1quina de enriquecimento pessoal para seus membros e aliados, negligenciando as necessidades da popula\u00e7\u00e3o e comprometendo o futuro do pa\u00eds.<\/p><div id=\"blogd-2161543569\" class=\"blogd-conteudo-2-mobile blogd-entity-placement\"><a href=\"https:\/\/feirenses.com.br\/\" target=\"_blank\" aria-label=\"feirenses\"><img loading=\"lazy\" decoding=\"async\" src=\"https:\/\/blogdafeira.com.br\/home\/wp-content\/uploads\/2026\/04\/feirenses.png\" alt=\"\"  srcset=\"https:\/\/blogdafeira.com.br\/home\/wp-content\/uploads\/2026\/04\/feirenses.png 300w, https:\/\/blogdafeira.com.br\/home\/wp-content\/uploads\/2026\/04\/feirenses-170x45.png 170w, https:\/\/blogdafeira.com.br\/home\/wp-content\/uploads\/2026\/04\/feirenses-280x74.png 280w\" sizes=\"(max-width: 300px) 100vw, 300px\" class=\"no-lazyload\" width=\"300\" height=\"79\"  style=\"display: inline-block;\" \/><\/a><\/div>\n<p>O que denomino de \u201cpol\u00edtica do bolso\u201d \u00e9 uma estrat\u00e9gia que define as prioridades do partido: garantir que os membros do partido, suas fam\u00edlias e aliados acumulem riquezas e poder, enquanto a maioria da popula\u00e7\u00e3o continua a viver em condi\u00e7\u00f5es de pobreza extrema. A corrup\u00e7\u00e3o, que deveria ser um problema a ser combatido, se tornou uma pr\u00e1tica institucionalizada e enraizada no sistema pol\u00edtico, sendo considerada por muitos como uma norma, e n\u00e3o uma exce\u00e7\u00e3o.<\/p>\n<p>Mano Azagaia j\u00e1 tinha alertado que n\u00e3o se pode esperar que eles combatam a corrup\u00e7\u00e3o sendo eles os pr\u00f3prios corruptos. Nesse contexto, o povo mo\u00e7ambicano se v\u00ea cada vez mais \u00e0 margem do desenvolvimento, sem acesso a servi\u00e7os b\u00e1sicos e fundamentais, enquanto as elites pol\u00edticas e econ\u00f4micas seguem sendo as grandes benefici\u00e1rias da riqueza do pa\u00eds.<\/p>\n<p>A corrup\u00e7\u00e3o em Mo\u00e7ambique n\u00e3o \u00e9 um fen\u00f4meno isolado, mas sim uma pr\u00e1tica sist\u00eamica, enraizada nas estruturas do poder. A Frelimo, que se mant\u00e9m no governo desde a independ\u00eancia, tem utilizado os mecanismos estatais para garantir vantagens econ\u00f4micas a seus membros e aliados, criando um c\u00edrculo vicioso de enriquecimento il\u00edcito. Esse sistema de corrup\u00e7\u00e3o institucionalizada se reflete em uma s\u00e9rie de esc\u00e2ndalos p\u00fablicos, nos quais pol\u00edticos de alto escal\u00e3o s\u00e3o envolvidos em pr\u00e1ticas fraudulentas, sem que haja puni\u00e7\u00f5es reais. A falta de puni\u00e7\u00e3o fortalece a impunidade, fazendo com que esses esc\u00e2ndalos se tornem parte do cotidiano pol\u00edtico do pa\u00eds, e n\u00e3o exce\u00e7\u00f5es.<\/p>\n<p>Enquanto isso, a popula\u00e7\u00e3o enfrenta uma realidade devastadora: a falta de servi\u00e7os p\u00fablicos essenciais, como educa\u00e7\u00e3o de qualidade, sa\u00fade e infraestrutura b\u00e1sica. O sistema educacional, por exemplo, \u00e9 prec\u00e1rio, com escolas sem recursos adequados, professores mal pagos e sem as condi\u00e7\u00f5es m\u00ednimas para garantir um ensino de qualidade.<\/p>\n<p>A sa\u00fade p\u00fablica tamb\u00e9m sofre com a falta de hospitais e unidades de sa\u00fade bem equipadas, e os que existem s\u00e3o insuficientes para atender \u00e0 demanda da popula\u00e7\u00e3o. Al\u00e9m disso, a infraestrutura b\u00e1sica, como estradas, transporte p\u00fablico e acesso \u00e0 \u00e1gua pot\u00e1vel, \u00e9 totalmente deficiente, o que agrava ainda mais a situa\u00e7\u00e3o de vulnerabilidade da popula\u00e7\u00e3o.<\/p>\n<p>A pol\u00edtica do bolso da Frelimo tem como consequ\u00eancia direta a desigualdade social, em que um pequeno grupo de pessoas, ligado ao partido e ao governo, acumula riqueza, enquanto a maioria do povo vive em condi\u00e7\u00f5es de extrema pobreza. O governo, longe de apresentar solu\u00e7\u00f5es eficazes para os problemas da popula\u00e7\u00e3o, prefere investir em projetos que beneficiam diretamente as elites pol\u00edticas e empresariais, deixando de lado as necessidades urgentes da popula\u00e7\u00e3o. A falta de investimentos em \u00e1reas essenciais como sa\u00fade, educa\u00e7\u00e3o e infraestrutura \u00e9 um reflexo claro da prioridade dada ao enriquecimento das elites em detrimento das necessidades do povo.<\/p>\n<p>Al\u00e9m disso, a ideologia que antes pregava o \u201csacrif\u00edcio pelo bem da p\u00e1tria\u201d foi abandonada em favor de um culto \u00e0 riqueza e ao poder. O governo, que deveria ser um agente de transforma\u00e7\u00e3o social e econ\u00f4mica, passou a ser um instrumento de perpetua\u00e7\u00e3o das desigualdades. A promessa de desenvolvimento e melhoria das condi\u00e7\u00f5es de vida do povo foi substitu\u00edda por uma realidade em que a pobreza \u00e9 ignorada, e os governantes se mant\u00eam impunes, sem enfrentar as consequ\u00eancias de seus atos corruptos. O sistema pol\u00edtico de Mo\u00e7ambique, portanto, n\u00e3o s\u00f3 falha em atender \u00e0s necessidades da popula\u00e7\u00e3o, como tamb\u00e9m contribui ativamente para a manuten\u00e7\u00e3o de um <i>status quo<\/i> que beneficia apenas uma minoria privilegiada.<\/p>\n<p>Por fim, o cen\u00e1rio pol\u00edtico e social de Mo\u00e7ambique \u00e9 resultado de uma pol\u00edtica que prioriza o enriquecimento de uma elite pol\u00edtica em detrimento do bem-estar do povo. A corrup\u00e7\u00e3o sist\u00eamica e o nepotismo t\u00eam sido os principais motores do sistema pol\u00edtico, criando um ciclo vicioso no qual os recursos do pa\u00eds s\u00e3o desviados em benef\u00edcio de poucos, enquanto a grande maioria da popula\u00e7\u00e3o continua a sofrer com a falta de acesso a servi\u00e7os b\u00e1sicos.<\/p>\n<p>No entanto, para que Mo\u00e7ambique possa alcan\u00e7ar um futuro de prosperidade e justi\u00e7a social, \u00e9 essencial que haja uma mudan\u00e7a radical no sistema pol\u00edtico. A Frelimo precisa ser desafiada a enfrentar a corrup\u00e7\u00e3o e a adotar uma agenda de governan\u00e7a que beneficie efetivamente a popula\u00e7\u00e3o.<\/p>\n<p>O fortalecimento das institui\u00e7\u00f5es democr\u00e1ticas, a promo\u00e7\u00e3o da transpar\u00eancia e da responsabilidade, bem como o combate \u00e0 impunidade, s\u00e3o passos cruciais para reconstruir a confian\u00e7a do povo nas institui\u00e7\u00f5es e garantir um futuro melhor para todos. Somente por meio de uma verdadeira transforma\u00e7\u00e3o pol\u00edtica ser\u00e1 poss\u00edvel romper com o ciclo de corrup\u00e7\u00e3o e desigualdade que tem marcado a hist\u00f3ria recente de Mo\u00e7ambique, e construir uma sociedade mais justa e igualit\u00e1ria para as futuras gera\u00e7\u00f5es.<\/p>\n<div id=\"blogd-2550134691\" class=\"blogd-final-post blogd-entity-placement\"><a href=\"https:\/\/www.feiradesantana.ba.leg.br\/\" target=\"_blank\" aria-label=\"BANNER-SITE-ENTREGADECHEQUE-CAMARADEFEIRA\"><img loading=\"lazy\" decoding=\"async\" src=\"https:\/\/blogdafeira.com.br\/home\/wp-content\/uploads\/2026\/03\/BANNER-SITE-ENTREGADECHEQUE-CAMARADEFEIRA.gif\" alt=\"\"  class=\"no-lazyload\" width=\"728\" height=\"90\"   \/><\/a><\/div><p><span style=\"font-size: 12px;\">Imagem: Metical Mo\u00e7ambicano\/Ag\u00eancia de Informa\u00e7\u00e3o de Mo\u00e7ambique<\/span><\/p>\n","protected":false},"excerpt":{"rendered":"<p>Mo\u00e7ambique, um pa\u00eds com vastos recursos naturais e um potencial de desenvolvimento imenso, vive uma realidade pol\u00edtica marcada pela corrup\u00e7\u00e3o e pelo nepotismo. A acusa\u00e7\u00e3o mais grave contra o partido no poder, a Frelimo, \u00e9 que ela se transformou em uma m\u00e1quina de enriquecimento pessoal para seus membros e aliados, negligenciando as necessidades da popula\u00e7\u00e3o<\/p>\n","protected":false},"author":57,"featured_media":65857,"comment_status":"open","ping_status":"open","sticky":false,"template":"","format":"standard","meta":{"jetpack_post_was_ever_published":false,"cybocfi_hide_featured_image":"","_jetpack_newsletter_access":"","_jetpack_dont_email_post_to_subs":false,"_jetpack_newsletter_tier_id":0,"_jetpack_memberships_contains_paywalled_content":false,"_jetpack_memberships_contains_paid_content":false,"footnotes":"","jetpack_publicize_message":"","jetpack_publicize_feature_enabled":true,"jetpack_social_post_already_shared":true,"jetpack_social_options":{"image_generator_settings":{"template":"highway","default_image_id":0,"font":"","enabled":false},"version":2}},"categories":[592,1,827],"tags":[],"class_list":["post-65856","post","type-post","status-publish","format-standard","has-post-thumbnail","hentry","category-colunistas","category-raiz","category-internacional"],"jetpack_publicize_connections":[],"jetpack_featured_media_url":"https:\/\/blogdafeira.com.br\/home\/wp-content\/uploads\/2025\/02\/images.jpg","jetpack_shortlink":"https:\/\/wp.me\/p3niVf-h8c","jetpack_sharing_enabled":true,"jetpack-related-posts":[{"id":65358,"url":"https:\/\/blogdafeira.com.br\/home\/2025\/01\/27\/o-poder-perpetuado-pela-corrupcao-mocambique-e-a-frelimo-textos-politikos-2\/","url_meta":{"origin":65856,"position":0},"title":"O poder perpetuado pela corrup\u00e7\u00e3o: Mo\u00e7ambique e a Frelimo [Textos Pol\u00edtikos 2]","author":"Mwanene","date":"27\/01\/2025","format":false,"excerpt":"[Leia a introdu\u00e7\u00e3o \u00e0 s\u00e9rie Textos Pol\u00edtikos clicando aqui] Mo\u00e7ambique, desde a sua independ\u00eancia, tem sido governado pela Frente de Liberta\u00e7\u00e3o de Mo\u00e7ambique (Frelimo), um partido que, ao longo dos anos, consolidou um poder cada vez mais marcado pela corrup\u00e7\u00e3o, pelo patrimonialismo e pelo nepotismo. O que parecia ser uma\u2026","rel":"","context":"Em &quot;Colunistas&quot;","block_context":{"text":"Colunistas","link":"https:\/\/blogdafeira.com.br\/home\/categoria\/colunistas\/"},"img":{"alt_text":"","src":"https:\/\/i0.wp.com\/blogdafeira.com.br\/home\/wp-content\/uploads\/2025\/01\/3684897578_e0ff519339_k.jpg?resize=350%2C200&ssl=1","width":350,"height":200,"srcset":"https:\/\/i0.wp.com\/blogdafeira.com.br\/home\/wp-content\/uploads\/2025\/01\/3684897578_e0ff519339_k.jpg?resize=350%2C200&ssl=1 1x, https:\/\/i0.wp.com\/blogdafeira.com.br\/home\/wp-content\/uploads\/2025\/01\/3684897578_e0ff519339_k.jpg?resize=525%2C300&ssl=1 1.5x, https:\/\/i0.wp.com\/blogdafeira.com.br\/home\/wp-content\/uploads\/2025\/01\/3684897578_e0ff519339_k.jpg?resize=700%2C400&ssl=1 2x, https:\/\/i0.wp.com\/blogdafeira.com.br\/home\/wp-content\/uploads\/2025\/01\/3684897578_e0ff519339_k.jpg?resize=1050%2C600&ssl=1 3x, https:\/\/i0.wp.com\/blogdafeira.com.br\/home\/wp-content\/uploads\/2025\/01\/3684897578_e0ff519339_k.jpg?resize=1400%2C800&ssl=1 4x"},"classes":[]},{"id":66724,"url":"https:\/\/blogdafeira.com.br\/home\/2025\/04\/14\/o-futuro-de-mocambique-sob-a-frelimo-textos-politikos-7\/","url_meta":{"origin":65856,"position":1},"title":"O Futuro de Mo\u00e7ambique sob a Frelimo [Textos Pol\u00edtikos 7]","author":"Mwanene","date":"14\/04\/2025","format":false,"excerpt":"A quest\u00e3o que se coloca com urg\u00eancia \u00e9: at\u00e9 quando o povo mo\u00e7ambicano suportar\u00e1 um regime que tem se mostrado cada vez mais autorit\u00e1rio e corro\u00eddo pela corrup\u00e7\u00e3o? Sob a lideran\u00e7a da Frelimo, Mo\u00e7ambique se encontra preso em um ciclo vicioso, onde as institui\u00e7\u00f5es estatais est\u00e3o totalmente subordinadas aos interesses\u2026","rel":"","context":"Em &quot;Colunistas&quot;","block_context":{"text":"Colunistas","link":"https:\/\/blogdafeira.com.br\/home\/categoria\/colunistas\/"},"img":{"alt_text":"","src":"https:\/\/i0.wp.com\/blogdafeira.com.br\/home\/wp-content\/uploads\/2025\/04\/PR-Chapo-orienta-Cerimonia-do-Lancamento-da-Marcha-da-Chama-da-Unidade-Nacional-em-Nangade-8-1.jpg?resize=350%2C200&ssl=1","width":350,"height":200,"srcset":"https:\/\/i0.wp.com\/blogdafeira.com.br\/home\/wp-content\/uploads\/2025\/04\/PR-Chapo-orienta-Cerimonia-do-Lancamento-da-Marcha-da-Chama-da-Unidade-Nacional-em-Nangade-8-1.jpg?resize=350%2C200&ssl=1 1x, https:\/\/i0.wp.com\/blogdafeira.com.br\/home\/wp-content\/uploads\/2025\/04\/PR-Chapo-orienta-Cerimonia-do-Lancamento-da-Marcha-da-Chama-da-Unidade-Nacional-em-Nangade-8-1.jpg?resize=525%2C300&ssl=1 1.5x, https:\/\/i0.wp.com\/blogdafeira.com.br\/home\/wp-content\/uploads\/2025\/04\/PR-Chapo-orienta-Cerimonia-do-Lancamento-da-Marcha-da-Chama-da-Unidade-Nacional-em-Nangade-8-1.jpg?resize=700%2C400&ssl=1 2x"},"classes":[]},{"id":43658,"url":"https:\/\/blogdafeira.com.br\/home\/2021\/02\/27\/pobre-que-acha-carteira-de-rico-devolve-e-passa-na-televisao\/","url_meta":{"origin":65856,"position":2},"title":"Pobre que acha carteira de rico, devolve, e passa na televis\u00e3o","author":"Edmundo Carvalho","date":"27\/02\/2021","format":false,"excerpt":"Eu n\u00e3o sou contra a corrup\u00e7\u00e3o. Quem quiser que seja! Ali\u00e1s essa ideia de corrup\u00e7\u00e3o \u00e9 um luxo. Coisa de classe m\u00e9dia. De senhora cat\u00f3lica que reza o ter\u00e7o contra o comunismo. De gente carola. Da UDN. De um moralismo bem comportado. Heran\u00e7a do J\u00e2nio, com sua vassourinha e do\u2026","rel":"","context":"Em &quot;Colunistas&quot;","block_context":{"text":"Colunistas","link":"https:\/\/blogdafeira.com.br\/home\/categoria\/colunistas\/"},"img":{"alt_text":"","src":"https:\/\/i0.wp.com\/blogdafeira.com.br\/home\/wp-content\/uploads\/2021\/02\/real_moeda_020120a84t47535211-700x359-1.jpg?resize=350%2C200&ssl=1","width":350,"height":200,"srcset":"https:\/\/i0.wp.com\/blogdafeira.com.br\/home\/wp-content\/uploads\/2021\/02\/real_moeda_020120a84t47535211-700x359-1.jpg?resize=350%2C200&ssl=1 1x, https:\/\/i0.wp.com\/blogdafeira.com.br\/home\/wp-content\/uploads\/2021\/02\/real_moeda_020120a84t47535211-700x359-1.jpg?resize=525%2C300&ssl=1 1.5x, https:\/\/i0.wp.com\/blogdafeira.com.br\/home\/wp-content\/uploads\/2021\/02\/real_moeda_020120a84t47535211-700x359-1.jpg?resize=700%2C400&ssl=1 2x"},"classes":[]},{"id":65623,"url":"https:\/\/blogdafeira.com.br\/home\/2025\/02\/11\/o-poder-e-a-morte-necropolitica-e-autoritarismo-em-mocambique-textos-politikos-4\/","url_meta":{"origin":65856,"position":3},"title":"O poder e a morte: Necropol\u00edtica e autoritarismo em Mo\u00e7ambique [Textos Pol\u00edtikos 4]","author":"Mwanene","date":"11\/02\/2025","format":false,"excerpt":"A necropol\u00edtica, um conceito criado pelo fil\u00f3sofo e cientista pol\u00edtico camaron\u00eas Achille Mbembe, descreve a gest\u00e3o da morte e da vida em contextos pol\u00edticos, e se aplica de forma alarmante ao governo de Mo\u00e7ambique. Sob a lideran\u00e7a da Frelimo, o poder pol\u00edtico do pa\u00eds tem priorizado a preserva\u00e7\u00e3o de sua\u2026","rel":"","context":"Em &quot;Colunistas&quot;","block_context":{"text":"Colunistas","link":"https:\/\/blogdafeira.com.br\/home\/categoria\/colunistas\/"},"img":{"alt_text":"","src":"https:\/\/i0.wp.com\/blogdafeira.com.br\/home\/wp-content\/uploads\/2025\/02\/maxresdefault.jpg?resize=350%2C200&ssl=1","width":350,"height":200,"srcset":"https:\/\/i0.wp.com\/blogdafeira.com.br\/home\/wp-content\/uploads\/2025\/02\/maxresdefault.jpg?resize=350%2C200&ssl=1 1x, https:\/\/i0.wp.com\/blogdafeira.com.br\/home\/wp-content\/uploads\/2025\/02\/maxresdefault.jpg?resize=525%2C300&ssl=1 1.5x, https:\/\/i0.wp.com\/blogdafeira.com.br\/home\/wp-content\/uploads\/2025\/02\/maxresdefault.jpg?resize=700%2C400&ssl=1 2x, https:\/\/i0.wp.com\/blogdafeira.com.br\/home\/wp-content\/uploads\/2025\/02\/maxresdefault.jpg?resize=1050%2C600&ssl=1 3x"},"classes":[]},{"id":15665,"url":"https:\/\/blogdafeira.com.br\/home\/2015\/07\/20\/senadora-diz-que-as-maiores-vitimas-da-corrupcao-sao-os-trabalhadores\/","url_meta":{"origin":65856,"position":4},"title":"Senadora diz que as maiores v\u00edtimas da corrup\u00e7\u00e3o s\u00e3o os trabalhadores","author":"Blog da Feira","date":"20\/07\/2015","format":false,"excerpt":"A senadora L\u00eddice da Mata (PSB-BA) criticou, durante encontro sindical regional do Partido Socialista Brasileiro, em Salvador, as medidas adotadas pelo Executivo e pelo Legislativo, como o ajuste fiscal e a aprova\u00e7\u00e3o da PL 4330, que segundo ela est\u00e3o arrochando a classe trabalhadora. A parlamentar baiana tamb\u00e9m afirmou que os\u2026","rel":"","context":"Em &quot;Home&quot;","block_context":{"text":"Home","link":"https:\/\/blogdafeira.com.br\/home\/categoria\/raiz\/"},"img":{"alt_text":"","src":"","width":0,"height":0},"classes":[]},{"id":19891,"url":"https:\/\/blogdafeira.com.br\/home\/2016\/03\/04\/luciana-genro-diz-a-crise-e-grave-e-aumenta-responsabilidade-do-psol\/","url_meta":{"origin":65856,"position":5},"title":"Luciana Genro diz a crise \u00e9 grave e &#8220;aumenta &#8216;responsabilidade&#8221; do PSOL","author":"Blog da Feira","date":"04\/03\/2016","format":false,"excerpt":"\"\u00c9 lament\u00e1vel que uma lideran\u00e7a hist\u00f3rica como Lula tenha deixado de ser do povo para se aliar com as elites, governar com elas e delas receber presentes. Lamento porque o PT, quando surgiu, foi uma constru\u00e7\u00e3o necess\u00e1ria. H\u00e1 milhares de petistas honestos que n\u00e3o merecem isso.\" O trecho acima est\u00e1\u2026","rel":"","context":"Em &quot;Home&quot;","block_context":{"text":"Home","link":"https:\/\/blogdafeira.com.br\/home\/categoria\/raiz\/"},"img":{"alt_text":"LUCIANA GENRO","src":"https:\/\/i0.wp.com\/blogdafeira.com.br\/home\/wp-content\/uploads\/2016\/03\/LUCIANA-GENRO-1.jpg?resize=350%2C200","width":350,"height":200},"classes":[]}],"_links":{"self":[{"href":"https:\/\/blogdafeira.com.br\/home\/wp-json\/wp\/v2\/posts\/65856","targetHints":{"allow":["GET"]}}],"collection":[{"href":"https:\/\/blogdafeira.com.br\/home\/wp-json\/wp\/v2\/posts"}],"about":[{"href":"https:\/\/blogdafeira.com.br\/home\/wp-json\/wp\/v2\/types\/post"}],"author":[{"embeddable":true,"href":"https:\/\/blogdafeira.com.br\/home\/wp-json\/wp\/v2\/users\/57"}],"replies":[{"embeddable":true,"href":"https:\/\/blogdafeira.com.br\/home\/wp-json\/wp\/v2\/comments?post=65856"}],"version-history":[{"count":2,"href":"https:\/\/blogdafeira.com.br\/home\/wp-json\/wp\/v2\/posts\/65856\/revisions"}],"predecessor-version":[{"id":65859,"href":"https:\/\/blogdafeira.com.br\/home\/wp-json\/wp\/v2\/posts\/65856\/revisions\/65859"}],"wp:featuredmedia":[{"embeddable":true,"href":"https:\/\/blogdafeira.com.br\/home\/wp-json\/wp\/v2\/media\/65857"}],"wp:attachment":[{"href":"https:\/\/blogdafeira.com.br\/home\/wp-json\/wp\/v2\/media?parent=65856"}],"wp:term":[{"taxonomy":"category","embeddable":true,"href":"https:\/\/blogdafeira.com.br\/home\/wp-json\/wp\/v2\/categories?post=65856"},{"taxonomy":"post_tag","embeddable":true,"href":"https:\/\/blogdafeira.com.br\/home\/wp-json\/wp\/v2\/tags?post=65856"}],"curies":[{"name":"wp","href":"https:\/\/api.w.org\/{rel}","templated":true}]}}