{"id":65888,"date":"2025-02-25T17:40:27","date_gmt":"2025-02-25T20:40:27","guid":{"rendered":"https:\/\/blogdafeira.com.br\/home\/?p=65888"},"modified":"2025-08-19T00:07:33","modified_gmt":"2025-08-19T03:07:33","slug":"feira-sedia-encontro-de-formacao-para-gestores-do-transporte-escolar-com-mais-de-80-municipios","status":"publish","type":"post","link":"https:\/\/blogdafeira.com.br\/home\/2025\/02\/25\/feira-sedia-encontro-de-formacao-para-gestores-do-transporte-escolar-com-mais-de-80-municipios\/","title":{"rendered":"Feira sedia encontro de forma\u00e7\u00e3o para gestores do transporte escolar com mais de 80 munic\u00edpios"},"content":{"rendered":"<div id=\"blogd-3182222345\" class=\"blogd-fim-do-post-mobile blogd-entity-placement\" style=\"margin-left: auto;margin-right: auto;text-align: center;\"><a href=\"https:\/\/www.sefaz.feiradesantana.ba.gov.br\/\" target=\"_blank\" aria-label=\"728&#215;90 (6)\"><img loading=\"lazy\" decoding=\"async\" src=\"https:\/\/blogdafeira.com.br\/home\/wp-content\/uploads\/2026\/03\/728x90-6.gif\" alt=\"\"  class=\"no-lazyload\" width=\"728\" height=\"90\"  style=\"display: inline-block;\" \/><\/a><\/div><p>Nesta ter\u00e7a-feira (25), Feira de Santana recebe o encontro de forma\u00e7\u00e3o destinado aos gestores do transporte escolar de 83 munic\u00edpios da Bahia, uma iniciativa do Fundo Nacional de Desenvolvimento da Educa\u00e7\u00e3o (FNDE) por meio dos Centros Colaboradores de Apoio ao Transporte Escolar (CECATE\/Nordeste). O evento ocorre no audit\u00f3rio do Centro de Forma\u00e7\u00e3o de Profissionais da Educa\u00e7\u00e3o Geraldo Leite, da Secretaria Municipal de Educa\u00e7\u00e3o de Feira de Santana (Seduc).<\/p><div id=\"blogd-1397853155\" class=\"blogd-conteudo-2-mobile blogd-entity-placement\"><a href=\"https:\/\/feirenses.com.br\/\" target=\"_blank\" aria-label=\"feirenses\"><img loading=\"lazy\" decoding=\"async\" src=\"https:\/\/blogdafeira.com.br\/home\/wp-content\/uploads\/2026\/04\/feirenses.png\" alt=\"\"  srcset=\"https:\/\/blogdafeira.com.br\/home\/wp-content\/uploads\/2026\/04\/feirenses.png 300w, https:\/\/blogdafeira.com.br\/home\/wp-content\/uploads\/2026\/04\/feirenses-170x45.png 170w, https:\/\/blogdafeira.com.br\/home\/wp-content\/uploads\/2026\/04\/feirenses-280x74.png 280w\" sizes=\"(max-width: 300px) 100vw, 300px\" class=\"no-lazyload\" width=\"300\" height=\"79\"  style=\"display: inline-block;\" \/><\/a><\/div>\n<p>Ao longo do dia, gestores e secret\u00e1rios de Educa\u00e7\u00e3o v\u00e3o discutir a gest\u00e3o do transporte escolar, as condi\u00e7\u00f5es dos ve\u00edculos e melhorias a serem investidas para o aperfei\u00e7oamento do servi\u00e7o. O ato tamb\u00e9m inaugura as atividades do Polo da Regi\u00e3o Intermedi\u00e1ria de Feira de Santana, com munic\u00edpios na sua \u00e1rea de abrang\u00eancia, o segundo dos dez Polos Territoriais do Transporte Escolar do Cecate Nordeste que ser\u00e3o implantados no estado da Bahia.<\/p>\n<p>C\u00e1tia Pereira Aires de Alencar, formadora do Cecate Nordeste, destacou que o \u00f3rg\u00e3o vem promovendo as forma\u00e7\u00f5es com o objetivo de que o transporte escolar seja reconhecido como direito subjetivo \u00e0 educa\u00e7\u00e3o dos alunos e uma responsabilidade entre os entes federados.<\/p>\n<p>&#8220;O transporte de alunos para a escola, especialmente da zona rural, requer muita responsabilidade. Estamos promovendo forma\u00e7\u00f5es para fortalecer as equipes municipais para gerenciar o transporte escolar e atender os alunos com seguran\u00e7a, seguindo as regras estabelecidas pelo Minist\u00e9rio da Educa\u00e7\u00e3o e o C\u00f3digo de Tr\u00e2nsito Brasileiro&#8221;, explica.<\/p>\n<p>De acordo com o secret\u00e1rio de Educa\u00e7\u00e3o e vice-prefeito de Feira de Santana, Pablo Roberto, o evento contribui para a cidade e a ades\u00e3o de outros munic\u00edpios \u00e9 muito importante, pois demonstra a aten\u00e7\u00e3o da gest\u00e3o.<\/p>\n<p>&#8220;O transporte escolar \u00e9 uma ferramenta importante para a garantia do acesso e perman\u00eancia dos estudantes. Hoje, em Feira de Santana, participamos de um passo importante com o encontro de gestores que \u00e9 uma oportunidade \u00fanica para fortalecer a gest\u00e3o e garantir um servi\u00e7o mais eficiente para nossos estudantes&#8221;, pontuou Pablo Roberto.<\/p>\n<p>A secret\u00e1ria de Educa\u00e7\u00e3o de Tapiramut\u00e1, Janilda Ferreira, avalia o encontro como de valiosa import\u00e2ncia para ampliar parcerias e conhecimentos. &#8220;Isso contribui e garante um trabalho mais efetivo, mais qualificado e com uma seguran\u00e7a melhor&#8221;, citou.<\/p>\n<p><strong>MUNIC\u00cdPIOS PARTICIPANTES &#8211;\u00a0 <\/strong>\u00c1gua Fria, Am\u00e9lia Rodrigues, Andara\u00ed, Anguera, Ant\u00f4nio Cardoso, Araci, Baixa Grande, Barrocas, Biritinga, Boa Vista do Tupim, Boninal, Ca\u00e9m, Caldeir\u00e3o Grande, Candeal, Capela do Alto Alegre, Capim Grosso, Concei\u00e7\u00e3o da Feira, Concei\u00e7\u00e3o do Coit\u00e9, Concei\u00e7\u00e3o do Jacu\u00edpe, Cora\u00e7\u00e3o de Maria, Feira de Santana, Gavi\u00e3o, Ia\u00e7u, Ibiquera, Ibitiara, Ichu, Ipecaet\u00e1, Ipir\u00e1, Iraquara, Irar\u00e1, Itaberaba, Itaet\u00e9, Jacobina, Lajed\u00e3o, Lamar\u00e3o, Len\u00e7\u00f3is, Macajuba, Mairi, Marcion\u00edlio Souza, Miguel Calmon, Mirangaba, Mucug\u00ea, Mundo Novo, Nordestina, Nova F\u00e1tima, Nova Reden\u00e7\u00e3o, Novo Horizonte, Ouri\u00e7angas, Ourol\u00e2ndia, Palmeiras, P\u00e9 de Serra, Piat\u00e3, Pintadas, Piritiba, Queimadas, Quixabeira, Rafael Jambeiro, Retirol\u00e2ndia, Riach\u00e3o do Jacu\u00edpe, Ruy Barbosa, Santa B\u00e1rbara, Santaluz, Santan\u00f3polis, Santo Est\u00eav\u00e3o, S\u00e3o Domingos, S\u00e3o Gon\u00e7alo dos Campos, S\u00e3o Jos\u00e9 do Jacu\u00edpe, Sa\u00fade, Seabra, Serra Preta, Serrinha, Serrol\u00e2ndia, Souto Soares, Tanquinho, Tapiramut\u00e1, Teofil\u00e2ndia, Umburanas, Utinga, Valente, V\u00e1rzea da Ro\u00e7a, V\u00e1rzea do Po\u00e7o, V\u00e1rzea Nova, Wagner.<\/p>\n<div id=\"blogd-1632648278\" class=\"blogd-final-post blogd-entity-placement\"><a href=\"https:\/\/www.feiradesantana.ba.leg.br\/\" target=\"_blank\" aria-label=\"BANNER-SITE-ENTREGADECHEQUE-CAMARADEFEIRA\"><img loading=\"lazy\" decoding=\"async\" src=\"https:\/\/blogdafeira.com.br\/home\/wp-content\/uploads\/2026\/03\/BANNER-SITE-ENTREGADECHEQUE-CAMARADEFEIRA.gif\" alt=\"\"  class=\"no-lazyload\" width=\"728\" height=\"90\"   \/><\/a><\/div><p>foto:Silvio Tito<\/p>\n","protected":false},"excerpt":{"rendered":"<p>Nesta ter\u00e7a-feira (25), Feira de Santana recebe o encontro de forma\u00e7\u00e3o destinado aos gestores do transporte escolar de 83 munic\u00edpios da Bahia, uma iniciativa do Fundo Nacional de Desenvolvimento da Educa\u00e7\u00e3o (FNDE) por meio dos Centros Colaboradores de Apoio ao Transporte Escolar (CECATE\/Nordeste). O evento ocorre no audit\u00f3rio do Centro de Forma\u00e7\u00e3o de Profissionais da<\/p>\n","protected":false},"author":1,"featured_media":65889,"comment_status":"open","ping_status":"open","sticky":false,"template":"","format":"standard","meta":{"jetpack_post_was_ever_published":false,"cybocfi_hide_featured_image":"","_jetpack_newsletter_access":"","_jetpack_dont_email_post_to_subs":false,"_jetpack_newsletter_tier_id":0,"_jetpack_memberships_contains_paywalled_content":false,"_jetpack_memberships_contains_paid_content":false,"footnotes":"","jetpack_publicize_message":"","jetpack_publicize_feature_enabled":true,"jetpack_social_post_already_shared":true,"jetpack_social_options":{"image_generator_settings":{"template":"highway","default_image_id":0,"font":"","enabled":false},"version":2}},"categories":[751,1],"tags":[],"class_list":["post-65888","post","type-post","status-publish","format-standard","has-post-thumbnail","hentry","category-geral","category-raiz"],"jetpack_publicize_connections":[],"jetpack_featured_media_url":"https:\/\/blogdafeira.com.br\/home\/wp-content\/uploads\/2025\/02\/Transporte-Escolar-Foto-Silvio-Tito-2.jpg","jetpack_shortlink":"https:\/\/wp.me\/p3niVf-h8I","jetpack_sharing_enabled":true,"jetpack-related-posts":[{"id":34124,"url":"https:\/\/blogdafeira.com.br\/home\/2019\/11\/22\/entrevista-professor-ivamberg-lima-gestor-do-nucleo-territorial-de-educacao-nte-19-em-feira-de-santana\/","url_meta":{"origin":65888,"position":0},"title":"Entrevista &#8211; Professor Ivamberg Lima, gestor do N\u00facleo Territorial de Educa\u00e7\u00e3o (NTE-19) em Feira de Santana","author":"Secom\/FSA","date":"22\/11\/2019","format":false,"excerpt":"O professor Ivamberg Lima \u00e9 o gestor do NTE 19 - N\u00facleo Territorial de Educa\u00e7\u00e3o do Portal do Sert\u00e3o da Secretaria de Educa\u00e7\u00e3o do Estado da Bahia, em Feira de Santana. Mestre em Gest\u00e3o e Tecnologia Aplicadas a Educa\u00e7\u00e3o, ele\u00a0 possui Gradua\u00e7\u00e3o em Odontologia pela Universidade Estadual de Feira de\u2026","rel":"","context":"Em &quot;Home&quot;","block_context":{"text":"Home","link":"https:\/\/blogdafeira.com.br\/home\/categoria\/raiz\/"},"img":{"alt_text":"","src":"https:\/\/i0.wp.com\/blogdafeira.com.br\/home\/wp-content\/uploads\/2019\/11\/IMG_47981-1024x683-1024x683.jpg?resize=350%2C200","width":350,"height":200,"srcset":"https:\/\/i0.wp.com\/blogdafeira.com.br\/home\/wp-content\/uploads\/2019\/11\/IMG_47981-1024x683-1024x683.jpg?resize=350%2C200 1x, https:\/\/i0.wp.com\/blogdafeira.com.br\/home\/wp-content\/uploads\/2019\/11\/IMG_47981-1024x683-1024x683.jpg?resize=525%2C300 1.5x, https:\/\/i0.wp.com\/blogdafeira.com.br\/home\/wp-content\/uploads\/2019\/11\/IMG_47981-1024x683-1024x683.jpg?resize=700%2C400 2x"},"classes":[]},{"id":50763,"url":"https:\/\/blogdafeira.com.br\/home\/2022\/02\/15\/sem-fundeb-a-educacao-publica-e-afetada-reclama-a-prefeitura-de-feira\/","url_meta":{"origin":65888,"position":1},"title":"Sem Fundeb a Educa\u00e7\u00e3o p\u00fablica \u00e9 afetada, reclama a Prefeitura de Feira","author":"Secom\/FSA","date":"15\/02\/2022","format":false,"excerpt":"Sem acompanhamento das verbas oriundas do Fundo de Manuten\u00e7\u00e3o e Desenvolvimento da Educa\u00e7\u00e3o B\u00e1sica e de Valoriza\u00e7\u00e3o dos Profissionais da Educa\u00e7\u00e3o (Fundeb), Feira de Santana come\u00e7a a perder recursos destinados \u00e0 Educa\u00e7\u00e3o.\u00a0A primeira perda \u00e9 do Programa Nacional de Apoio ao Transporte Escolar, utilizado para custear o transporte de estudantes\u2026","rel":"","context":"Em &quot;Cidade&quot;","block_context":{"text":"Cidade","link":"https:\/\/blogdafeira.com.br\/home\/categoria\/cidade\/"},"img":{"alt_text":"","src":"https:\/\/i0.wp.com\/blogdafeira.com.br\/home\/wp-content\/uploads\/2022\/01\/matinha-ddd.jpg?resize=350%2C200&ssl=1","width":350,"height":200,"srcset":"https:\/\/i0.wp.com\/blogdafeira.com.br\/home\/wp-content\/uploads\/2022\/01\/matinha-ddd.jpg?resize=350%2C200&ssl=1 1x, https:\/\/i0.wp.com\/blogdafeira.com.br\/home\/wp-content\/uploads\/2022\/01\/matinha-ddd.jpg?resize=525%2C300&ssl=1 1.5x, https:\/\/i0.wp.com\/blogdafeira.com.br\/home\/wp-content\/uploads\/2022\/01\/matinha-ddd.jpg?resize=700%2C400&ssl=1 2x, https:\/\/i0.wp.com\/blogdafeira.com.br\/home\/wp-content\/uploads\/2022\/01\/matinha-ddd.jpg?resize=1050%2C600&ssl=1 3x"},"classes":[]},{"id":27985,"url":"https:\/\/blogdafeira.com.br\/home\/2017\/08\/28\/secretaria-contraria-comissao-e-muda-regra-eleitoral-para-diretoria-de-escolas-em-feira\/","url_meta":{"origin":65888,"position":2},"title":"Secret\u00e1ria contraria Comiss\u00e3o e muda regra eleitoral para diretoria de escolas em Feira","author":"Secom\/FSA","date":"28\/08\/2017","format":false,"excerpt":"A secret\u00e1ria de Educa\u00e7\u00e3o de Feira de Santana, Jayana Ribeiro, passou por cima de uma decis\u00e3o da Comiss\u00e3o Eleitoral e modificou a regra estabelecida para elei\u00e7\u00e3o de diretorias das escolas p\u00fablicas municipais, denuncia a APLB de Feira. Segundo a entidade de classe da categoria feirense, na reuni\u00e3o da Comiss\u00e3o Eleitoral\u2026","rel":"","context":"Em &quot;Home&quot;","block_context":{"text":"Home","link":"https:\/\/blogdafeira.com.br\/home\/categoria\/raiz\/"},"img":{"alt_text":"img_20170828_034035","src":"https:\/\/i0.wp.com\/blogdafeira.com.br\/home\/wp-content\/uploads\/2017\/08\/IMG_20170828_034035-1024x1024.jpg?resize=350%2C200","width":350,"height":200,"srcset":"https:\/\/i0.wp.com\/blogdafeira.com.br\/home\/wp-content\/uploads\/2017\/08\/IMG_20170828_034035-1024x1024.jpg?resize=350%2C200 1x, https:\/\/i0.wp.com\/blogdafeira.com.br\/home\/wp-content\/uploads\/2017\/08\/IMG_20170828_034035-1024x1024.jpg?resize=525%2C300 1.5x, https:\/\/i0.wp.com\/blogdafeira.com.br\/home\/wp-content\/uploads\/2017\/08\/IMG_20170828_034035-1024x1024.jpg?resize=700%2C400 2x"},"classes":[]},{"id":149,"url":"https:\/\/blogdafeira.com.br\/home\/2013\/04\/06\/governo-federal-quer-ampliar-o-mais-educacao-em-feira-e-regiao\/","url_meta":{"origin":65888,"position":3},"title":"Governo federal quer ampliar o Mais Educa\u00e7\u00e3o em Feira e Regi\u00e3o","author":"Secom\/FSA","date":"06\/04\/2013","format":false,"excerpt":"Feira de Santana sediou nesta sexta-feira (5), o Encontro de Articula\u00e7\u00e3o e Di\u00e1logos entre o Programa Mais Educa\u00e7\u00e3o e o Programa Bolsa Fam\u00edlia, ambos do governo federal. O evento promovido na cidade pelo Minist\u00e9rio de Desenvolvimento Social e Combate \u00e0 Fome (MDS),\u00a0 Minist\u00e9rio de Educa\u00e7\u00e3o (MEC) e as Secretarias de\u2026","rel":"","context":"Em &quot;Home&quot;","block_context":{"text":"Home","link":"https:\/\/blogdafeira.com.br\/home\/categoria\/raiz\/"},"img":{"alt_text":"","src":"","width":0,"height":0},"classes":[]},{"id":46389,"url":"https:\/\/blogdafeira.com.br\/home\/2021\/07\/11\/aulas-presenciais-quais-as-formas-sera-este-o-momento\/","url_meta":{"origin":65888,"position":4},"title":"Aulas Presenciais: Quais as formas? Ser\u00e1 este o momento?","author":"Secom\/FSA","date":"11\/07\/2021","format":false,"excerpt":"Ap\u00f3s um ano e cinco meses em que o Brasil identificou a primeira contamina\u00e7\u00e3o da COVID, registramos mais de 528.540 mil mortes. Uma press\u00e3o enorme de reabertura ou manuten\u00e7\u00e3o de v\u00e1rios segmentos sociais, industriais, comerciais e pol\u00edticos para reabertura de outros, entre eles a educa\u00e7\u00e3o. Temos matriculados na educa\u00e7\u00e3o b\u00e1sica\u2026","rel":"","context":"Em &quot;Colunistas&quot;","block_context":{"text":"Colunistas","link":"https:\/\/blogdafeira.com.br\/home\/categoria\/colunistas\/"},"img":{"alt_text":"","src":"https:\/\/i0.wp.com\/blogdafeira.com.br\/home\/wp-content\/uploads\/2021\/07\/escola-fortaleza.jpg?resize=350%2C200&ssl=1","width":350,"height":200,"srcset":"https:\/\/i0.wp.com\/blogdafeira.com.br\/home\/wp-content\/uploads\/2021\/07\/escola-fortaleza.jpg?resize=350%2C200&ssl=1 1x, https:\/\/i0.wp.com\/blogdafeira.com.br\/home\/wp-content\/uploads\/2021\/07\/escola-fortaleza.jpg?resize=525%2C300&ssl=1 1.5x, https:\/\/i0.wp.com\/blogdafeira.com.br\/home\/wp-content\/uploads\/2021\/07\/escola-fortaleza.jpg?resize=700%2C400&ssl=1 2x"},"classes":[]},{"id":49208,"url":"https:\/\/blogdafeira.com.br\/home\/2021\/12\/08\/saneamento-transporte-e-educacao-ocupam-tempo-de-colbert-em-brasilia\/","url_meta":{"origin":65888,"position":5},"title":"Saneamento, transporte e educa\u00e7\u00e3o ocupam tempo de Colbert em Bras\u00edlia","author":"Secom\/FSA","date":"08\/12\/2021","format":false,"excerpt":"A inclus\u00e3o efetiva de munic\u00edpios nas decis\u00f5es que buscam universalizar e qualificar a presta\u00e7\u00e3o dos servi\u00e7os de \u00e1gua e esgoto foi defendida pelo prefeito Colbert Filho (MDB) durante semin\u00e1rio, em Bras\u00edlia, que trata do novo marco do saneamento. O encontro reuniu entidades municipalistas para tratar de pontos cr\u00edticos da lei,\u2026","rel":"","context":"Em &quot;Cidade&quot;","block_context":{"text":"Cidade","link":"https:\/\/blogdafeira.com.br\/home\/categoria\/cidade\/"},"img":{"alt_text":"","src":"https:\/\/i0.wp.com\/blogdafeira.com.br\/home\/wp-content\/uploads\/2021\/12\/colbertffg.jpg?resize=350%2C200&ssl=1","width":350,"height":200,"srcset":"https:\/\/i0.wp.com\/blogdafeira.com.br\/home\/wp-content\/uploads\/2021\/12\/colbertffg.jpg?resize=350%2C200&ssl=1 1x, https:\/\/i0.wp.com\/blogdafeira.com.br\/home\/wp-content\/uploads\/2021\/12\/colbertffg.jpg?resize=525%2C300&ssl=1 1.5x, https:\/\/i0.wp.com\/blogdafeira.com.br\/home\/wp-content\/uploads\/2021\/12\/colbertffg.jpg?resize=700%2C400&ssl=1 2x, https:\/\/i0.wp.com\/blogdafeira.com.br\/home\/wp-content\/uploads\/2021\/12\/colbertffg.jpg?resize=1050%2C600&ssl=1 3x"},"classes":[]}],"_links":{"self":[{"href":"https:\/\/blogdafeira.com.br\/home\/wp-json\/wp\/v2\/posts\/65888","targetHints":{"allow":["GET"]}}],"collection":[{"href":"https:\/\/blogdafeira.com.br\/home\/wp-json\/wp\/v2\/posts"}],"about":[{"href":"https:\/\/blogdafeira.com.br\/home\/wp-json\/wp\/v2\/types\/post"}],"author":[{"embeddable":true,"href":"https:\/\/blogdafeira.com.br\/home\/wp-json\/wp\/v2\/users\/1"}],"replies":[{"embeddable":true,"href":"https:\/\/blogdafeira.com.br\/home\/wp-json\/wp\/v2\/comments?post=65888"}],"version-history":[{"count":1,"href":"https:\/\/blogdafeira.com.br\/home\/wp-json\/wp\/v2\/posts\/65888\/revisions"}],"predecessor-version":[{"id":65890,"href":"https:\/\/blogdafeira.com.br\/home\/wp-json\/wp\/v2\/posts\/65888\/revisions\/65890"}],"wp:featuredmedia":[{"embeddable":true,"href":"https:\/\/blogdafeira.com.br\/home\/wp-json\/wp\/v2\/media\/65889"}],"wp:attachment":[{"href":"https:\/\/blogdafeira.com.br\/home\/wp-json\/wp\/v2\/media?parent=65888"}],"wp:term":[{"taxonomy":"category","embeddable":true,"href":"https:\/\/blogdafeira.com.br\/home\/wp-json\/wp\/v2\/categories?post=65888"},{"taxonomy":"post_tag","embeddable":true,"href":"https:\/\/blogdafeira.com.br\/home\/wp-json\/wp\/v2\/tags?post=65888"}],"curies":[{"name":"wp","href":"https:\/\/api.w.org\/{rel}","templated":true}]}}