{"id":66077,"date":"2025-03-11T17:29:07","date_gmt":"2025-03-11T20:29:07","guid":{"rendered":"https:\/\/blogdafeira.com.br\/home\/?p=66077"},"modified":"2025-08-19T00:07:30","modified_gmt":"2025-08-19T03:07:30","slug":"professoras-feirense-palestram-no-conselho-estadual-de-cultura-sobre-educacao-artistico-literaria","status":"publish","type":"post","link":"https:\/\/blogdafeira.com.br\/home\/2025\/03\/11\/professoras-feirense-palestram-no-conselho-estadual-de-cultura-sobre-educacao-artistico-literaria\/","title":{"rendered":"Professoras feirenses palestram no Conselho Estadual de Cultura sobre Educa\u00e7\u00e3o Art\u00edstico -Liter\u00e1ria"},"content":{"rendered":"<div id=\"blogd-1686195834\" class=\"blogd-fim-do-post-mobile blogd-entity-placement\" style=\"margin-left: auto;margin-right: auto;text-align: center;\"><a href=\"https:\/\/www.sefaz.feiradesantana.ba.gov.br\/\" target=\"_blank\" aria-label=\"728&#215;90 (6)\"><img loading=\"lazy\" decoding=\"async\" src=\"https:\/\/blogdafeira.com.br\/home\/wp-content\/uploads\/2026\/03\/728x90-6.gif\" alt=\"\"  class=\"no-lazyload\" width=\"728\" height=\"90\"  style=\"display: inline-block;\" \/><\/a><\/div><p>As professoras e escritoras Ursula Cunha e Alana Freitas, do quadro de docentes da UEFS, foram as palestrantes no Conselho Estadual de Cultura , em Salvador, nesta semana, a convite da conselheira Nadja Maciel.<\/p><div id=\"blogd-4202764640\" class=\"blogd-conteudo-2-mobile blogd-entity-placement\"><a href=\"https:\/\/feirenses.com.br\/\" target=\"_blank\" aria-label=\"feirenses\"><img loading=\"lazy\" decoding=\"async\" src=\"https:\/\/blogdafeira.com.br\/home\/wp-content\/uploads\/2026\/04\/feirenses.png\" alt=\"\"  srcset=\"https:\/\/blogdafeira.com.br\/home\/wp-content\/uploads\/2026\/04\/feirenses.png 300w, https:\/\/blogdafeira.com.br\/home\/wp-content\/uploads\/2026\/04\/feirenses-170x45.png 170w, https:\/\/blogdafeira.com.br\/home\/wp-content\/uploads\/2026\/04\/feirenses-280x74.png 280w\" sizes=\"(max-width: 300px) 100vw, 300px\" class=\"no-lazyload\" width=\"300\" height=\"79\"  style=\"display: inline-block;\" \/><\/a><\/div>\n<p><em>&#8220;A Tert\u00falia foi bonita! H\u00e1 muitas experi\u00eancias exitosas acontecendo nos 4 cantos do nosso mapa, como foi mostrado hoje nesse evento por diversos relatos de quem vive o ch\u00e3o das escolas. Que nossos desejos de fazer a Bahia um Estado Leitor chegue em todas as salas de aula das nossas escolas &#8220;mal rompe a manh\u00e3! Professor \u00e9 mediador de leitura e esse compromisso \u00e9 de todas as \u00e1reas e da sociedade como um todo<\/em>.&#8221;, escreveu Alana em suas p\u00e1ginas nas redes sociais.<\/p>\n<div id=\"blogd-373534470\" class=\"blogd-final-post blogd-entity-placement\"><a href=\"https:\/\/www.feiradesantana.ba.leg.br\/\" target=\"_blank\" aria-label=\"BANNER-SITE-ENTREGADECHEQUE-CAMARADEFEIRA\"><img loading=\"lazy\" decoding=\"async\" src=\"https:\/\/blogdafeira.com.br\/home\/wp-content\/uploads\/2026\/03\/BANNER-SITE-ENTREGADECHEQUE-CAMARADEFEIRA.gif\" alt=\"\"  class=\"no-lazyload\" width=\"728\" height=\"90\"   \/><\/a><\/div><blockquote class=\"instagram-media\" data-instgrm-captioned data-instgrm-permalink=\"https:\/\/www.instagram.com\/p\/DHEiY7pPMiL\/?utm_source=ig_embed&amp;utm_campaign=loading\" data-instgrm-version=\"14\" style=\" background:#FFF; border:0; border-radius:3px; box-shadow:0 0 1px 0 rgba(0,0,0,0.5),0 1px 10px 0 rgba(0,0,0,0.15); margin: 1px; max-width:658px; min-width:326px; padding:0; width:99.375%; width:-webkit-calc(100% - 2px); width:calc(100% - 2px);\">\n<div style=\"padding:16px;\"> <a href=\"https:\/\/www.instagram.com\/p\/DHEiY7pPMiL\/?utm_source=ig_embed&amp;utm_campaign=loading\" style=\" background:#FFFFFF; line-height:0; padding:0 0; text-align:center; text-decoration:none; width:100%;\" target=\"_blank\"> <\/p>\n<div style=\" display: flex; flex-direction: row; align-items: center;\">\n<div style=\"background-color: #F4F4F4; border-radius: 50%; flex-grow: 0; height: 40px; margin-right: 14px; width: 40px;\"><\/div>\n<div style=\"display: flex; flex-direction: column; flex-grow: 1; justify-content: center;\">\n<div style=\" background-color: #F4F4F4; border-radius: 4px; flex-grow: 0; height: 14px; margin-bottom: 6px; width: 100px;\"><\/div>\n<div style=\" background-color: #F4F4F4; border-radius: 4px; flex-grow: 0; height: 14px; width: 60px;\"><\/div>\n<\/div>\n<\/div>\n<div style=\"padding: 19% 0;\"><\/div>\n<div style=\"display:block; height:50px; margin:0 auto 12px; width:50px;\"><svg width=\"50px\" height=\"50px\" viewBox=\"0 0 60 60\" version=\"1.1\" xmlns=\"https:\/\/www.w3.org\/2000\/svg\" xmlns:xlink=\"https:\/\/www.w3.org\/1999\/xlink\"><g stroke=\"none\" stroke-width=\"1\" fill=\"none\" fill-rule=\"evenodd\"><g transform=\"translate(-511.000000, -20.000000)\" fill=\"#000000\"><g><path d=\"M556.869,30.41 C554.814,30.41 553.148,32.076 553.148,34.131 C553.148,36.186 554.814,37.852 556.869,37.852 C558.924,37.852 560.59,36.186 560.59,34.131 C560.59,32.076 558.924,30.41 556.869,30.41 M541,60.657 C535.114,60.657 530.342,55.887 530.342,50 C530.342,44.114 535.114,39.342 541,39.342 C546.887,39.342 551.658,44.114 551.658,50 C551.658,55.887 546.887,60.657 541,60.657 M541,33.886 C532.1,33.886 524.886,41.1 524.886,50 C524.886,58.899 532.1,66.113 541,66.113 C549.9,66.113 557.115,58.899 557.115,50 C557.115,41.1 549.9,33.886 541,33.886 M565.378,62.101 C565.244,65.022 564.756,66.606 564.346,67.663 C563.803,69.06 563.154,70.057 562.106,71.106 C561.058,72.155 560.06,72.803 558.662,73.347 C557.607,73.757 556.021,74.244 553.102,74.378 C549.944,74.521 548.997,74.552 541,74.552 C533.003,74.552 532.056,74.521 528.898,74.378 C525.979,74.244 524.393,73.757 523.338,73.347 C521.94,72.803 520.942,72.155 519.894,71.106 C518.846,70.057 518.197,69.06 517.654,67.663 C517.244,66.606 516.755,65.022 516.623,62.101 C516.479,58.943 516.448,57.996 516.448,50 C516.448,42.003 516.479,41.056 516.623,37.899 C516.755,34.978 517.244,33.391 517.654,32.338 C518.197,30.938 518.846,29.942 519.894,28.894 C520.942,27.846 521.94,27.196 523.338,26.654 C524.393,26.244 525.979,25.756 528.898,25.623 C532.057,25.479 533.004,25.448 541,25.448 C548.997,25.448 549.943,25.479 553.102,25.623 C556.021,25.756 557.607,26.244 558.662,26.654 C560.06,27.196 561.058,27.846 562.106,28.894 C563.154,29.942 563.803,30.938 564.346,32.338 C564.756,33.391 565.244,34.978 565.378,37.899 C565.522,41.056 565.552,42.003 565.552,50 C565.552,57.996 565.522,58.943 565.378,62.101 M570.82,37.631 C570.674,34.438 570.167,32.258 569.425,30.349 C568.659,28.377 567.633,26.702 565.965,25.035 C564.297,23.368 562.623,22.342 560.652,21.575 C558.743,20.834 556.562,20.326 553.369,20.18 C550.169,20.033 549.148,20 541,20 C532.853,20 531.831,20.033 528.631,20.18 C525.438,20.326 523.257,20.834 521.349,21.575 C519.376,22.342 517.703,23.368 516.035,25.035 C514.368,26.702 513.342,28.377 512.574,30.349 C511.834,32.258 511.326,34.438 511.181,37.631 C511.035,40.831 511,41.851 511,50 C511,58.147 511.035,59.17 511.181,62.369 C511.326,65.562 511.834,67.743 512.574,69.651 C513.342,71.625 514.368,73.296 516.035,74.965 C517.703,76.634 519.376,77.658 521.349,78.425 C523.257,79.167 525.438,79.673 528.631,79.82 C531.831,79.965 532.853,80.001 541,80.001 C549.148,80.001 550.169,79.965 553.369,79.82 C556.562,79.673 558.743,79.167 560.652,78.425 C562.623,77.658 564.297,76.634 565.965,74.965 C567.633,73.296 568.659,71.625 569.425,69.651 C570.167,67.743 570.674,65.562 570.82,62.369 C570.966,59.17 571,58.147 571,50 C571,41.851 570.966,40.831 570.82,37.631\"><\/path><\/g><\/g><\/g><\/svg><\/div>\n<div style=\"padding-top: 8px;\">\n<div style=\" color:#3897f0; font-family:Arial,sans-serif; font-size:14px; font-style:normal; font-weight:550; line-height:18px;\">View this post on Instagram<\/div>\n<\/div>\n<div style=\"padding: 12.5% 0;\"><\/div>\n<div style=\"display: flex; flex-direction: row; margin-bottom: 14px; align-items: center;\">\n<div>\n<div style=\"background-color: #F4F4F4; border-radius: 50%; height: 12.5px; width: 12.5px; transform: translateX(0px) translateY(7px);\"><\/div>\n<div style=\"background-color: #F4F4F4; height: 12.5px; transform: rotate(-45deg) translateX(3px) translateY(1px); width: 12.5px; flex-grow: 0; margin-right: 14px; margin-left: 2px;\"><\/div>\n<div style=\"background-color: #F4F4F4; border-radius: 50%; height: 12.5px; width: 12.5px; transform: translateX(9px) translateY(-18px);\"><\/div>\n<\/div>\n<div style=\"margin-left: 8px;\">\n<div style=\" background-color: #F4F4F4; border-radius: 50%; flex-grow: 0; height: 20px; width: 20px;\"><\/div>\n<div style=\" width: 0; height: 0; border-top: 2px solid transparent; border-left: 6px solid #f4f4f4; border-bottom: 2px solid transparent; transform: translateX(16px) translateY(-4px) rotate(30deg)\"><\/div>\n<\/div>\n<div style=\"margin-left: auto;\">\n<div style=\" width: 0px; border-top: 8px solid #F4F4F4; border-right: 8px solid transparent; transform: translateY(16px);\"><\/div>\n<div style=\" background-color: #F4F4F4; flex-grow: 0; height: 12px; width: 16px; transform: translateY(-4px);\"><\/div>\n<div style=\" width: 0; height: 0; border-top: 8px solid #F4F4F4; border-left: 8px solid transparent; transform: translateY(-4px) translateX(8px);\"><\/div>\n<\/div>\n<\/div>\n<div style=\"display: flex; flex-direction: column; flex-grow: 1; justify-content: center; margin-bottom: 24px;\">\n<div style=\" background-color: #F4F4F4; border-radius: 4px; flex-grow: 0; height: 14px; margin-bottom: 6px; width: 224px;\"><\/div>\n<div style=\" background-color: #F4F4F4; border-radius: 4px; flex-grow: 0; height: 14px; width: 144px;\"><\/div>\n<\/div>\n<p><\/a><\/p>\n<p style=\" color:#c9c8cd; font-family:Arial,sans-serif; font-size:14px; line-height:17px; margin-bottom:0; margin-top:8px; overflow:hidden; padding:8px 0 7px; text-align:center; text-overflow:ellipsis; white-space:nowrap;\"><a href=\"https:\/\/www.instagram.com\/p\/DHEiY7pPMiL\/?utm_source=ig_embed&amp;utm_campaign=loading\" style=\" color:#c9c8cd; font-family:Arial,sans-serif; font-size:14px; font-style:normal; font-weight:normal; line-height:17px; text-decoration:none;\" target=\"_blank\">A post shared by Alana de Oliveira Freitas El Fahl (@alanaelfahl)<\/a><\/p>\n<\/div>\n<\/blockquote>\n<p><script async src=\"\/\/platform.instagram.com\/en_US\/embeds.js\"><\/script><\/p>\n<p>&nbsp;<\/p>\n","protected":false},"excerpt":{"rendered":"<p>As professoras e escritoras Ursula Cunha e Alana Freitas, do quadro de docentes da UEFS, foram as palestrantes no Conselho Estadual de Cultura , em Salvador, nesta semana, a convite da conselheira Nadja Maciel. &#8220;A Tert\u00falia foi bonita! H\u00e1 muitas experi\u00eancias exitosas acontecendo nos 4 cantos do nosso mapa, como foi mostrado hoje nesse evento<\/p>\n","protected":false},"author":1,"featured_media":66079,"comment_status":"open","ping_status":"open","sticky":false,"template":"","format":"standard","meta":{"jetpack_post_was_ever_published":false,"cybocfi_hide_featured_image":"","_jetpack_newsletter_access":"","_jetpack_dont_email_post_to_subs":false,"_jetpack_newsletter_tier_id":0,"_jetpack_memberships_contains_paywalled_content":false,"_jetpack_memberships_contains_paid_content":false,"footnotes":"","jetpack_publicize_message":"","jetpack_publicize_feature_enabled":true,"jetpack_social_post_already_shared":true,"jetpack_social_options":{"image_generator_settings":{"template":"highway","default_image_id":0,"font":"","enabled":false},"version":2}},"categories":[4,1],"tags":[],"class_list":["post-66077","post","type-post","status-publish","format-standard","has-post-thumbnail","hentry","category-cultura","category-raiz"],"jetpack_publicize_connections":[],"jetpack_featured_media_url":"https:\/\/blogdafeira.com.br\/home\/wp-content\/uploads\/2025\/03\/Screenshot_20250311-172558.png","jetpack_shortlink":"https:\/\/wp.me\/p3niVf-hbL","jetpack_sharing_enabled":true,"jetpack-related-posts":[{"id":46170,"url":"https:\/\/blogdafeira.com.br\/home\/2021\/07\/02\/um-feirense-assume-a-presidencia-do-conselho-estadual-de-cultura-da-bahia\/","url_meta":{"origin":66077,"position":0},"title":"Um feirense assume a presid\u00eancia do Conselho Estadual de Cultura da Bahia","author":"Blog da Feira","date":"02\/07\/2021","format":false,"excerpt":"S\u00edlvio Portugal e Adriano Pereira foram empossados na presid\u00eancia e vice do Conselho Estadual de Cultura, em solenidade virtual, transmitida ao vivo atrav\u00e9s do canal do CEC no Youtube \u00a0 e presidida pela secret\u00e1ria estadual de Cultura, Arany Santana. A nova mesa diretoria do \u00f3rg\u00e3o\u00a0 assume a gest\u00e3o do bi\u00eanio\u2026","rel":"","context":"Em &quot;Cultura&quot;","block_context":{"text":"Cultura","link":"https:\/\/blogdafeira.com.br\/home\/categoria\/cultura\/"},"img":{"alt_text":"","src":"https:\/\/i0.wp.com\/blogdafeira.com.br\/home\/wp-content\/uploads\/2021\/07\/FB_IMG_1625217590777.jpg?resize=350%2C200&ssl=1","width":350,"height":200,"srcset":"https:\/\/i0.wp.com\/blogdafeira.com.br\/home\/wp-content\/uploads\/2021\/07\/FB_IMG_1625217590777.jpg?resize=350%2C200&ssl=1 1x, https:\/\/i0.wp.com\/blogdafeira.com.br\/home\/wp-content\/uploads\/2021\/07\/FB_IMG_1625217590777.jpg?resize=525%2C300&ssl=1 1.5x, https:\/\/i0.wp.com\/blogdafeira.com.br\/home\/wp-content\/uploads\/2021\/07\/FB_IMG_1625217590777.jpg?resize=700%2C400&ssl=1 2x"},"classes":[]},{"id":59840,"url":"https:\/\/blogdafeira.com.br\/home\/2023\/10\/26\/cerca-de-40-propostas-aprovadas-na-conferencia-de-cultura-de-feira\/","url_meta":{"origin":66077,"position":1},"title":"Cerca de 40 propostas aprovadas na Confer\u00eancia de Cultura de Feira","author":"Blog da Feira","date":"26\/10\/2023","format":false,"excerpt":"Cerca de 40 propostas, sobre as mais diversas formas de realiza\u00e7\u00f5es art\u00edsticas e culturais, aprovadas em plen\u00e1rio, todas elas por unanimidade. Este foi o saldo altamente positivo da IV Confer\u00eancia Municipal de Cultura de Feira de Santana, conclu\u00edda ontem \u00e0 noite, no campus feirense da Universidade Federal do Rec\u00f4ncavo da\u2026","rel":"","context":"Em &quot;Cultura&quot;","block_context":{"text":"Cultura","link":"https:\/\/blogdafeira.com.br\/home\/categoria\/cultura\/"},"img":{"alt_text":"","src":"https:\/\/i0.wp.com\/blogdafeira.com.br\/home\/wp-content\/uploads\/2023\/10\/Screenshot_20231026-0927402.png?resize=350%2C200&ssl=1","width":350,"height":200,"srcset":"https:\/\/i0.wp.com\/blogdafeira.com.br\/home\/wp-content\/uploads\/2023\/10\/Screenshot_20231026-0927402.png?resize=350%2C200&ssl=1 1x, https:\/\/i0.wp.com\/blogdafeira.com.br\/home\/wp-content\/uploads\/2023\/10\/Screenshot_20231026-0927402.png?resize=525%2C300&ssl=1 1.5x, https:\/\/i0.wp.com\/blogdafeira.com.br\/home\/wp-content\/uploads\/2023\/10\/Screenshot_20231026-0927402.png?resize=700%2C400&ssl=1 2x"},"classes":[]},{"id":51630,"url":"https:\/\/blogdafeira.com.br\/home\/2022\/04\/07\/antonia-e-os-cabelos-que-carregavam-os-segredos-do-universo\/","url_meta":{"origin":66077,"position":2},"title":"&#8220;Ant\u00f4nia e os cabelos que carregavam os segredos do Universo&#8221;","author":"Blog da Feira","date":"07\/04\/2022","format":false,"excerpt":"Depois de \"Ant\u00f4nia e a Ca\u00e7a ao Tesouro C\u00f3smico\" (Editora Appris, 2020), o astrof\u00edsico e escritor Alan Alves Brito lan\u00e7a\u00a0 \"Ant\u00f4nia e os cabelos que carregavam os segredos do Universo\". \"Em ambos os livros, ci\u00eancia e literatura s\u00e3o tecnologias sociais para criarmos outros imagin\u00e1rios e mundos poss\u00edveis, sobretudo no ch\u00e3o\u2026","rel":"","context":"Em &quot;Cidade&quot;","block_context":{"text":"Cidade","link":"https:\/\/blogdafeira.com.br\/home\/categoria\/cidade\/"},"img":{"alt_text":"","src":"https:\/\/i0.wp.com\/blogdafeira.com.br\/home\/wp-content\/uploads\/2022\/04\/FB_IMG_1649338510521.jpg?resize=350%2C200&ssl=1","width":350,"height":200,"srcset":"https:\/\/i0.wp.com\/blogdafeira.com.br\/home\/wp-content\/uploads\/2022\/04\/FB_IMG_1649338510521.jpg?resize=350%2C200&ssl=1 1x, https:\/\/i0.wp.com\/blogdafeira.com.br\/home\/wp-content\/uploads\/2022\/04\/FB_IMG_1649338510521.jpg?resize=525%2C300&ssl=1 1.5x, https:\/\/i0.wp.com\/blogdafeira.com.br\/home\/wp-content\/uploads\/2022\/04\/FB_IMG_1649338510521.jpg?resize=700%2C400&ssl=1 2x"},"classes":[]},{"id":10719,"url":"https:\/\/blogdafeira.com.br\/home\/2014\/06\/02\/professora-da-uneb-lancou-livro-na-escola-regis-bittencourt-em-feira\/","url_meta":{"origin":66077,"position":3},"title":"Professora da UNEB lan\u00e7ou livro na Escola R\u00e9gis Bittencourt em Feira","author":"Blog da Feira","date":"02\/06\/2014","format":false,"excerpt":"\"Letramento Escolar e Cotidiano\" \u00e9 o livro que a docente da Universidade Estadual da Bahia, \u00darsula Cunha, lan\u00e7ou no \u00faltimo s\u00e1bado, em evento ocorrido na Escola Estadual R\u00e9gis Bittencourt, em Feira de Santana, onde a autora \u00e9 gestora. Com a presen\u00e7a marcante de educadores, al\u00e9m de amigos e familiares de\u2026","rel":"","context":"Em &quot;Home&quot;","block_context":{"text":"Home","link":"https:\/\/blogdafeira.com.br\/home\/categoria\/raiz\/"},"img":{"alt_text":"IMG_3863","src":"https:\/\/i0.wp.com\/blogdafeira.com.br\/home\/wp-content\/uploads\/2014\/06\/IMG_3863.jpg?resize=350%2C200","width":350,"height":200,"srcset":"https:\/\/i0.wp.com\/blogdafeira.com.br\/home\/wp-content\/uploads\/2014\/06\/IMG_3863.jpg?resize=350%2C200 1x, https:\/\/i0.wp.com\/blogdafeira.com.br\/home\/wp-content\/uploads\/2014\/06\/IMG_3863.jpg?resize=525%2C300 1.5x"},"classes":[]},{"id":64238,"url":"https:\/\/blogdafeira.com.br\/home\/2024\/10\/11\/lore-cerqueira-lanca-candidatura-ao-conselho-estadual-de-cultura-da-bahia-pelo-territorio-portal-do-sertao\/","url_meta":{"origin":66077,"position":4},"title":"Lore Cerqueira lan\u00e7a candidatura ao Conselho Estadual de Cultura da Bahia pelo territ\u00f3rio Portal do Sert\u00e3o","author":"Blog da Feira","date":"11\/10\/2024","format":false,"excerpt":"\"Forma\u00e7\u00e3o em gest\u00e3o e sustentabilidade para agentes e coletivos culturais\", \"mapeamento\" e \"rede de comunica\u00e7\u00e3o\" s\u00e3o as tr\u00eas principais propostas de atua\u00e7\u00e3o da candidata feirense ao Conselho Estadual de Cultura da Bahia, cujo prazo se encerra hoje (sexta-feira) 11, \u00e0s 23:59h, Lore Cerqueira. Multiartista, gestora e produtora cultural Lore Cerqueira\u2026","rel":"","context":"Em &quot;Cultura&quot;","block_context":{"text":"Cultura","link":"https:\/\/blogdafeira.com.br\/home\/categoria\/cultura\/"},"img":{"alt_text":"","src":"https:\/\/i0.wp.com\/blogdafeira.com.br\/home\/wp-content\/uploads\/2024\/10\/IMG-20241011-WA00673.jpg?resize=350%2C200&ssl=1","width":350,"height":200,"srcset":"https:\/\/i0.wp.com\/blogdafeira.com.br\/home\/wp-content\/uploads\/2024\/10\/IMG-20241011-WA00673.jpg?resize=350%2C200&ssl=1 1x, https:\/\/i0.wp.com\/blogdafeira.com.br\/home\/wp-content\/uploads\/2024\/10\/IMG-20241011-WA00673.jpg?resize=525%2C300&ssl=1 1.5x, https:\/\/i0.wp.com\/blogdafeira.com.br\/home\/wp-content\/uploads\/2024\/10\/IMG-20241011-WA00673.jpg?resize=700%2C400&ssl=1 2x"},"classes":[]},{"id":54703,"url":"https:\/\/blogdafeira.com.br\/home\/2022\/10\/03\/palestra-da-professora-selma-marca-31-anos-do-conselho-municipal-de-educacao\/","url_meta":{"origin":66077,"position":5},"title":"Palestra da Professora Selma marca 31 anos do Conselho Municipal de Educa\u00e7\u00e3o","author":"Blog da Feira","date":"03\/10\/2022","format":false,"excerpt":"O Conselho Municipal de Educa\u00e7\u00e3o de Feira de Santana (CME) completou 31 anos de exist\u00eancia e celebrou essa data, no \u00faltimo dia 28,\u00a0 com atividades de homenagem, palestra e aprecia\u00e7\u00e3o da cultura feirense, que ocorreram no audit\u00f3rio do SESI, no Jardim Cruzeiro. Na palestra \u201cConselho Municipal de Educa\u00e7\u00e3o, Hist\u00f3ria, Contributos\u2026","rel":"","context":"Em &quot;Cidade&quot;","block_context":{"text":"Cidade","link":"https:\/\/blogdafeira.com.br\/home\/categoria\/cidade\/"},"img":{"alt_text":"","src":"https:\/\/i0.wp.com\/blogdafeira.com.br\/home\/wp-content\/uploads\/2022\/10\/a1364f35-ec1d-43a9-9d35-2c61a2d63861.jpg?resize=350%2C200&ssl=1","width":350,"height":200,"srcset":"https:\/\/i0.wp.com\/blogdafeira.com.br\/home\/wp-content\/uploads\/2022\/10\/a1364f35-ec1d-43a9-9d35-2c61a2d63861.jpg?resize=350%2C200&ssl=1 1x, https:\/\/i0.wp.com\/blogdafeira.com.br\/home\/wp-content\/uploads\/2022\/10\/a1364f35-ec1d-43a9-9d35-2c61a2d63861.jpg?resize=525%2C300&ssl=1 1.5x, https:\/\/i0.wp.com\/blogdafeira.com.br\/home\/wp-content\/uploads\/2022\/10\/a1364f35-ec1d-43a9-9d35-2c61a2d63861.jpg?resize=700%2C400&ssl=1 2x"},"classes":[]}],"_links":{"self":[{"href":"https:\/\/blogdafeira.com.br\/home\/wp-json\/wp\/v2\/posts\/66077","targetHints":{"allow":["GET"]}}],"collection":[{"href":"https:\/\/blogdafeira.com.br\/home\/wp-json\/wp\/v2\/posts"}],"about":[{"href":"https:\/\/blogdafeira.com.br\/home\/wp-json\/wp\/v2\/types\/post"}],"author":[{"embeddable":true,"href":"https:\/\/blogdafeira.com.br\/home\/wp-json\/wp\/v2\/users\/1"}],"replies":[{"embeddable":true,"href":"https:\/\/blogdafeira.com.br\/home\/wp-json\/wp\/v2\/comments?post=66077"}],"version-history":[{"count":3,"href":"https:\/\/blogdafeira.com.br\/home\/wp-json\/wp\/v2\/posts\/66077\/revisions"}],"predecessor-version":[{"id":66082,"href":"https:\/\/blogdafeira.com.br\/home\/wp-json\/wp\/v2\/posts\/66077\/revisions\/66082"}],"wp:featuredmedia":[{"embeddable":true,"href":"https:\/\/blogdafeira.com.br\/home\/wp-json\/wp\/v2\/media\/66079"}],"wp:attachment":[{"href":"https:\/\/blogdafeira.com.br\/home\/wp-json\/wp\/v2\/media?parent=66077"}],"wp:term":[{"taxonomy":"category","embeddable":true,"href":"https:\/\/blogdafeira.com.br\/home\/wp-json\/wp\/v2\/categories?post=66077"},{"taxonomy":"post_tag","embeddable":true,"href":"https:\/\/blogdafeira.com.br\/home\/wp-json\/wp\/v2\/tags?post=66077"}],"curies":[{"name":"wp","href":"https:\/\/api.w.org\/{rel}","templated":true}]}}