{"id":66100,"date":"2025-03-12T00:13:24","date_gmt":"2025-03-12T03:13:24","guid":{"rendered":"https:\/\/blogdafeira.com.br\/home\/?p=66100"},"modified":"2025-08-19T00:07:30","modified_gmt":"2025-08-19T03:07:30","slug":"alem-de-rui-jeronimo-reune-se-com-mais-cinco-ministros-e-coloca-pautas-da-bahia-nos-ministerios","status":"publish","type":"post","link":"https:\/\/blogdafeira.com.br\/home\/2025\/03\/12\/alem-de-rui-jeronimo-reune-se-com-mais-cinco-ministros-e-coloca-pautas-da-bahia-nos-ministerios\/","title":{"rendered":"Al\u00e9m de Rui, Jer\u00f4nimo re\u00fane-se com mais cinco ministros e coloca pautas da Bahia nos Minist\u00e9rios"},"content":{"rendered":"<div>O governador da Bahia, Jer\u00f4nimo Rodrigues, se reuniu em Bras\u00edlia, com a ministra da Gest\u00e3o e da Inova\u00e7\u00e3o em Servi\u00e7os P\u00fablicos, Esther Dweck e com os ministros da Sa\u00fade, Alexandre Padilha; dos Portos e Aeroportos, Silvio Costa Filho; dos Transportes, Renan Filho; e da Integra\u00e7\u00e3o e Desenvolvimento Regional, Waldez G\u00f3es. Isso sem contar com o ministro da Casa Civil, o ex- governador baiano, Rui Costa.<\/div>\n<div><\/div>\n<div>Na \u00e1rea da sa\u00fade, foram discutidos avan\u00e7os para o Hospital Regional de Paulo Afonso, novos investimentos para radioterapia, o custeio das Unidades B\u00e1sicas de Sa\u00fade Ind\u00edgenas e a expans\u00e3o do Servi\u00e7o de Atendimento M\u00f3vel de Urg\u00eancia (SAMU), no estado. Tamb\u00e9m foram tratados temas como o fortalecimento da Bahiafarma e a garantia do pagamento do piso da enfermagem.<\/div>\n<div><\/div>\n<div>Ficou definido ainda que at\u00e9 o dia 31 de mar\u00e7o ser\u00e3o entregues 80 novas ambul\u00e2ncias para a Bahia, e, ap\u00f3s esse prazo, o estado ainda receber\u00e1 mais 28 unidades, totalizando 108 novas ambul\u00e2ncias para refor\u00e7ar o atendimento de emerg\u00eancia.<\/div>\n<div><\/div>\n<div>No Minist\u00e9rio da Gest\u00e3o e da Inova\u00e7\u00e3o em Servi\u00e7os P\u00fablicos, o governador tratou sobre o uso da intelig\u00eancia artificial para modernizar a gest\u00e3o p\u00fablica e impulsionar o sistema produtivo da Bahia. O destino do antigo aeroporto de Vit\u00f3ria da Conquista tamb\u00e9m esteve na pauta da reuni\u00e3o.<\/div>\n<div><\/div>\n<div>Para o setor de transportes e infraestrutura, as conversas avan\u00e7aram sobre a moderniza\u00e7\u00e3o e amplia\u00e7\u00e3o de aeroportos nos munic\u00edpios de Conde, Ilh\u00e9us, Morro de S\u00e3o Paulo, Teixeira de Freitas e Irec\u00ea, al\u00e9m de melhorias na\u00a0<a href=\"https:\/\/www.google.com\/maps\/search\/BR-324+e+na+BR-101?entry=gmail&amp;source=g\">BR-324 e na BR-101<\/a>. O governador tamb\u00e9m solicitou a\u00e7\u00f5es para o fortalecimento da Hidrovia do S\u00e3o Francisco, um projeto estrat\u00e9gico para a log\u00edstica e desenvolvimento do estado.<\/div>\n<div><\/div>\n<div>Durante encontro com o ministro da Integra\u00e7\u00e3o e Desenvolvimento Regional, Waldez G\u00f3es, foram discutidas solu\u00e7\u00f5es para o abastecimento de \u00e1gua no semi\u00e1rido baiano, incluindo a primeira etapa do Canal do Sert\u00e3o e medidas emergenciais para os munic\u00edpios atingidos pela estiagem.<\/div>\n<div id=\"blogd-3580071223\" class=\"blogd-final-post blogd-entity-placement\"><a href=\"https:\/\/www.feiradesantana.ba.leg.br\/\" target=\"_blank\" aria-label=\"BANNER-SITE-ENTREGADECHEQUE-CAMARADEFEIRA\"><img loading=\"lazy\" decoding=\"async\" src=\"https:\/\/blogdafeira.com.br\/home\/wp-content\/uploads\/2026\/03\/BANNER-SITE-ENTREGADECHEQUE-CAMARADEFEIRA.gif\" alt=\"\"  class=\"no-lazyload\" width=\"728\" height=\"90\"   \/><\/a><\/div><div><em>foto:Eduardo Ayach\/GOV.BA<\/em><\/div>\n","protected":false},"excerpt":{"rendered":"<p>O governador da Bahia, Jer\u00f4nimo Rodrigues, se reuniu em Bras\u00edlia, com a ministra da Gest\u00e3o e da Inova\u00e7\u00e3o em Servi\u00e7os P\u00fablicos, Esther Dweck e com os ministros da Sa\u00fade, Alexandre Padilha; dos Portos e Aeroportos, Silvio Costa Filho; dos Transportes, Renan Filho; e da Integra\u00e7\u00e3o e Desenvolvimento Regional, Waldez G\u00f3es. Isso sem contar com o<\/p>\n","protected":false},"author":1,"featured_media":66110,"comment_status":"open","ping_status":"open","sticky":false,"template":"","format":"standard","meta":{"jetpack_post_was_ever_published":false,"cybocfi_hide_featured_image":"","_jetpack_newsletter_access":"","_jetpack_dont_email_post_to_subs":false,"_jetpack_newsletter_tier_id":0,"_jetpack_memberships_contains_paywalled_content":false,"_jetpack_memberships_contains_paid_content":false,"footnotes":"","jetpack_publicize_message":"","jetpack_publicize_feature_enabled":true,"jetpack_social_post_already_shared":true,"jetpack_social_options":{"image_generator_settings":{"template":"highway","default_image_id":0,"font":"","enabled":false},"version":2}},"categories":[1,631],"tags":[],"class_list":["post-66100","post","type-post","status-publish","format-standard","has-post-thumbnail","hentry","category-raiz","category-politica"],"jetpack_publicize_connections":[],"jetpack_featured_media_url":"https:\/\/blogdafeira.com.br\/home\/wp-content\/uploads\/2025\/03\/Fotos-Eduardo-AiacheGOVBA-3.jpeg","jetpack_shortlink":"https:\/\/wp.me\/p3niVf-hc8","jetpack_sharing_enabled":true,"jetpack-related-posts":[{"id":66135,"url":"https:\/\/blogdafeira.com.br\/home\/2025\/03\/12\/padilha-chega-sexta-a-itabuna-para-entregar-equipamento-de-saude-com-rui-e-jeronimo\/","url_meta":{"origin":66100,"position":0},"title":"Padilha chega sexta a Itabuna para entregar equipamento de sa\u00fade com Rui e Jer\u00f4nimo","author":"Ascom\/GOV.BA","date":"12\/03\/2025","format":false,"excerpt":"Jer\u00f4nimo est\u00e1 acelerando a Sa\u00fade na Bahia. A secret\u00e1ria Roberta Santana desliza bem na governan\u00e7a e as coisas acontecem. \u00c9 o que um governo precisa. Em Itabuna, nos pr\u00f3ximos dois dias, a pauta do Governador\u00a0 \u00e9 quase toda dessa \u00e1rea: nesta quinta-feira entrega equipamentos para o Hospital Manoel Novaes, depois\u00a0\u00a0\u2026","rel":"","context":"Em &quot;Home&quot;","block_context":{"text":"Home","link":"https:\/\/blogdafeira.com.br\/home\/categoria\/raiz\/"},"img":{"alt_text":"","src":"https:\/\/i0.wp.com\/blogdafeira.com.br\/home\/wp-content\/uploads\/2025\/03\/26052023-pzzb4095_binary_328837-13.jpg?resize=350%2C200&ssl=1","width":350,"height":200,"srcset":"https:\/\/i0.wp.com\/blogdafeira.com.br\/home\/wp-content\/uploads\/2025\/03\/26052023-pzzb4095_binary_328837-13.jpg?resize=350%2C200&ssl=1 1x, https:\/\/i0.wp.com\/blogdafeira.com.br\/home\/wp-content\/uploads\/2025\/03\/26052023-pzzb4095_binary_328837-13.jpg?resize=525%2C300&ssl=1 1.5x, https:\/\/i0.wp.com\/blogdafeira.com.br\/home\/wp-content\/uploads\/2025\/03\/26052023-pzzb4095_binary_328837-13.jpg?resize=700%2C400&ssl=1 2x"},"classes":[]},{"id":66069,"url":"https:\/\/blogdafeira.com.br\/home\/2025\/03\/11\/novo-hospital-de-paulo-afonso-vai-quebrar-vazio-assistencial-na-regiao-diz-secretaria-roberta-santana\/","url_meta":{"origin":66100,"position":1},"title":"Novo Hospital de Paulo Afonso vai &#8220;quebrar vazio assistencial&#8221; na regi\u00e3o, diz secret\u00e1ria Roberta Santana","author":"Ascom\/GOV.BA","date":"11\/03\/2025","format":false,"excerpt":"O novo hospital de Paulo Afonso, vinculado \u00e0 Empresa Brasileira de Servi\u00e7os Hospitalares (Ebserh), e \u00e0 Universidade Federal do Vale do S\u00e3o Francisco (Univasf), contar\u00e1 com investimentos de R$134 milh\u00f5es para atender a 22 munic\u00edpios da regi\u00e3o.\u00a0 Ontem,\u00a0 (10), o ministro da Casa Civil, Rui Costa, reuniu em Bras\u00edlia o\u2026","rel":"","context":"Em &quot;Geral&quot;","block_context":{"text":"Geral","link":"https:\/\/blogdafeira.com.br\/home\/categoria\/geral\/"},"img":{"alt_text":"","src":"https:\/\/i0.wp.com\/blogdafeira.com.br\/home\/wp-content\/uploads\/2025\/03\/9aecfb74-f587-40eb-97c3-50ac5f9591ee-1.png?resize=350%2C200&ssl=1","width":350,"height":200,"srcset":"https:\/\/i0.wp.com\/blogdafeira.com.br\/home\/wp-content\/uploads\/2025\/03\/9aecfb74-f587-40eb-97c3-50ac5f9591ee-1.png?resize=350%2C200&ssl=1 1x, https:\/\/i0.wp.com\/blogdafeira.com.br\/home\/wp-content\/uploads\/2025\/03\/9aecfb74-f587-40eb-97c3-50ac5f9591ee-1.png?resize=525%2C300&ssl=1 1.5x, https:\/\/i0.wp.com\/blogdafeira.com.br\/home\/wp-content\/uploads\/2025\/03\/9aecfb74-f587-40eb-97c3-50ac5f9591ee-1.png?resize=700%2C400&ssl=1 2x"},"classes":[]},{"id":68363,"url":"https:\/\/blogdafeira.com.br\/home\/2025\/07\/16\/em-juazeiro-amanha-lula-rui-e-jeronimo-apresentam-resultados-do-pac-2025-no-ambito-da-saude\/","url_meta":{"origin":66100,"position":2},"title":"Em Juazeiro amanh\u00e3: Lula, Rui e Jer\u00f4nimo apresentam resultados do PAC 2025 no \u00e2mbito da Sa\u00fade","author":"Ascom\/GOV.BA","date":"16\/07\/2025","format":false,"excerpt":"\u00c0s 15:30h, na Orla II, amanh\u00e3, 17, em Juazeiro, o presidente Lula, o governador Jer\u00f4nimo e os ministros Rui Costa (Casa Civil) e Alexandre Padilha (Sa\u00fade)v\u00e3o apresentar os resultados do PAC 2025 no \u00e2mbito da Sa\u00fade, principalmente na Bahia e no Nordeste. H\u00e1 menos de 20 dias, o presidente esteve\u2026","rel":"","context":"Em &quot;Home&quot;","block_context":{"text":"Home","link":"https:\/\/blogdafeira.com.br\/home\/categoria\/raiz\/"},"img":{"alt_text":"","src":"https:\/\/i0.wp.com\/blogdafeira.com.br\/home\/wp-content\/uploads\/2025\/07\/images-7.jpeg?resize=350%2C200&ssl=1","width":350,"height":200,"srcset":"https:\/\/i0.wp.com\/blogdafeira.com.br\/home\/wp-content\/uploads\/2025\/07\/images-7.jpeg?resize=350%2C200&ssl=1 1x, https:\/\/i0.wp.com\/blogdafeira.com.br\/home\/wp-content\/uploads\/2025\/07\/images-7.jpeg?resize=525%2C300&ssl=1 1.5x"},"classes":[]},{"id":68290,"url":"https:\/\/blogdafeira.com.br\/home\/2025\/07\/13\/jeronimo-defende-rui-dos-ataques-do-senador-ciro-nogueira\/","url_meta":{"origin":66100,"position":3},"title":"Jer\u00f4nimo defende Rui dos ataques do senador Ciro Nogueira","author":"Ascom\/GOV.BA","date":"13\/07\/2025","format":false,"excerpt":"Ap\u00f3s o senador\u00a0 Ciro Nogueira, em defesa do governador de S\u00e3o Paulo,\u00a0 \"mandar\" o ministro Rui Costa trabalhar para \"tirar o Brasil da 'encrenca em que o radicalismo da diplomacia do PT enfiou o pa\u00eds\", o governador da Bahia foi pra cima do senador e desconstruiu a agressividade do senador\u2026","rel":"","context":"Em &quot;Home&quot;","block_context":{"text":"Home","link":"https:\/\/blogdafeira.com.br\/home\/categoria\/raiz\/"},"img":{"alt_text":"","src":"https:\/\/i0.wp.com\/blogdafeira.com.br\/home\/wp-content\/uploads\/2025\/07\/20250713_101301.jpg?resize=350%2C200&ssl=1","width":350,"height":200},"classes":[]},{"id":38078,"url":"https:\/\/blogdafeira.com.br\/home\/2020\/05\/27\/rui-costa-defende-suspensao-do-transporte-interestadual-e-apela-ao-ministro-da-saude\/","url_meta":{"origin":66100,"position":4},"title":"Rui Costa defende suspens\u00e3o do transporte interestadual e apela ao ministro da Sa\u00fade","author":"Ascom\/GOV.BA","date":"27\/05\/2020","format":false,"excerpt":"Na manh\u00e3 desta quarta-feira, (hoje,27), durante entrevista \u00e0 r\u00e1dio Metr\u00f3pole FM, o governador Rui Costa criticou as a\u00e7\u00f5es adotadas pelo Governo Federal para impedir a suspens\u00e3o do transporte interestadual na Bahia e fez apelo ao ministro da Sa\u00fade, general Eduardo Pazuello. O chefe do executivo baiano ponderou que, enquanto foi\u2026","rel":"","context":"Em &quot;Bahia&quot;","block_context":{"text":"Bahia","link":"https:\/\/blogdafeira.com.br\/home\/categoria\/bahia\/"},"img":{"alt_text":"","src":"https:\/\/i0.wp.com\/blogdafeira.com.br\/home\/wp-content\/uploads\/2020\/04\/Imagem-padrao-portal-novo-coronavirus-covid19.3-768x511-1.jpeg?resize=350%2C200&ssl=1","width":350,"height":200,"srcset":"https:\/\/i0.wp.com\/blogdafeira.com.br\/home\/wp-content\/uploads\/2020\/04\/Imagem-padrao-portal-novo-coronavirus-covid19.3-768x511-1.jpeg?resize=350%2C200&ssl=1 1x, https:\/\/i0.wp.com\/blogdafeira.com.br\/home\/wp-content\/uploads\/2020\/04\/Imagem-padrao-portal-novo-coronavirus-covid19.3-768x511-1.jpeg?resize=525%2C300&ssl=1 1.5x, https:\/\/i0.wp.com\/blogdafeira.com.br\/home\/wp-content\/uploads\/2020\/04\/Imagem-padrao-portal-novo-coronavirus-covid19.3-768x511-1.jpeg?resize=700%2C400&ssl=1 2x"},"classes":[]},{"id":70846,"url":"https:\/\/blogdafeira.com.br\/home\/2026\/01\/11\/jeronimo-e-rui-costa-autorizam-obras-do-novo-pac-para-contencoes-de-encostas-em-salvador\/","url_meta":{"origin":66100,"position":5},"title":"Jer\u00f4nimo e Rui Costa autorizam obras do Novo PAC para conten\u00e7\u00f5es de encostas em Salvador","author":"Ascom\/GOV.BA","date":"11\/01\/2026","format":false,"excerpt":"Depois da repercuss\u00e3o sobre a foto \"puro sangue\" - Jer\u00f4nimo com\u00a0 Rui e o senador Wagner - o ministro da Casa Civil apareceu neste domingo ao lado de\u00a0 Jer\u00f4nimo, em Salvador, na assinatura da ordem de servi\u00e7o para a constru\u00e7\u00e3o de nove novas obras de conten\u00e7\u00e3o de encostas em \u00e1reas\u2026","rel":"","context":"Em &quot;Destaques&quot;","block_context":{"text":"Destaques","link":"https:\/\/blogdafeira.com.br\/home\/categoria\/destaques\/"},"img":{"alt_text":"","src":"https:\/\/i0.wp.com\/blogdafeira.com.br\/home\/wp-content\/uploads\/2026\/01\/Chapa-puro-sangue-Foto-de-Jeronimo-Rui-e-Wagner-ag0137497800202601060941-346x219.webp?resize=350%2C200&ssl=1","width":350,"height":200},"classes":[]}],"_links":{"self":[{"href":"https:\/\/blogdafeira.com.br\/home\/wp-json\/wp\/v2\/posts\/66100","targetHints":{"allow":["GET"]}}],"collection":[{"href":"https:\/\/blogdafeira.com.br\/home\/wp-json\/wp\/v2\/posts"}],"about":[{"href":"https:\/\/blogdafeira.com.br\/home\/wp-json\/wp\/v2\/types\/post"}],"author":[{"embeddable":true,"href":"https:\/\/blogdafeira.com.br\/home\/wp-json\/wp\/v2\/users\/1"}],"replies":[{"embeddable":true,"href":"https:\/\/blogdafeira.com.br\/home\/wp-json\/wp\/v2\/comments?post=66100"}],"version-history":[{"count":2,"href":"https:\/\/blogdafeira.com.br\/home\/wp-json\/wp\/v2\/posts\/66100\/revisions"}],"predecessor-version":[{"id":66102,"href":"https:\/\/blogdafeira.com.br\/home\/wp-json\/wp\/v2\/posts\/66100\/revisions\/66102"}],"wp:featuredmedia":[{"embeddable":true,"href":"https:\/\/blogdafeira.com.br\/home\/wp-json\/wp\/v2\/media\/66110"}],"wp:attachment":[{"href":"https:\/\/blogdafeira.com.br\/home\/wp-json\/wp\/v2\/media?parent=66100"}],"wp:term":[{"taxonomy":"category","embeddable":true,"href":"https:\/\/blogdafeira.com.br\/home\/wp-json\/wp\/v2\/categories?post=66100"},{"taxonomy":"post_tag","embeddable":true,"href":"https:\/\/blogdafeira.com.br\/home\/wp-json\/wp\/v2\/tags?post=66100"}],"curies":[{"name":"wp","href":"https:\/\/api.w.org\/{rel}","templated":true}]}}