{"id":66183,"date":"2025-03-13T19:35:52","date_gmt":"2025-03-13T22:35:52","guid":{"rendered":"https:\/\/blogdafeira.com.br\/home\/?p=66183"},"modified":"2025-08-19T00:07:29","modified_gmt":"2025-08-19T03:07:29","slug":"adessil-guimaraes-um-grande-secretario-das-micaretas","status":"publish","type":"post","link":"https:\/\/blogdafeira.com.br\/home\/2025\/03\/13\/adessil-guimaraes-um-grande-secretario-das-micaretas\/","title":{"rendered":"Adessil Guimar\u00e3es, um grande secret\u00e1rio das Micaretas"},"content":{"rendered":"<div id=\"blogd-1703064147\" class=\"blogd-fim-do-post-mobile blogd-entity-placement\" style=\"margin-left: auto;margin-right: auto;text-align: center;\"><a href=\"https:\/\/www.sefaz.feiradesantana.ba.gov.br\/\" target=\"_blank\" aria-label=\"728&#215;90 (6)\"><img loading=\"lazy\" decoding=\"async\" src=\"https:\/\/blogdafeira.com.br\/home\/wp-content\/uploads\/2026\/03\/728x90-6.gif\" alt=\"\"  class=\"no-lazyload\" width=\"728\" height=\"90\"  style=\"display: inline-block;\" \/><\/a><\/div><p>Por falar em Micareta de Feira; vou aqui puxar um #TBT de muita nostalgia e reconhecimento p\u00fablico: o competente e saudoso advogado e &#8216;bom festeiro de carteirinha&#8217;; Adessil Fernandes Guimar\u00e3es, foi um grande Secret\u00e1rio das Micaretas, ainda no tempo da pasta da Ind\u00fastria, Com\u00e9rcio e Turismo, localizada ali no final da Senhor dos Passos. Ficou de 1993 a 1995; per\u00edodo Jo\u00e3o Durval\/Jos\u00e9 Raimundo Azevedo, e fez \u00f3timas festas no per\u00edodo. Era um &#8220;D\u00e2ndi&#8221; no tratamento com todos; e minucioso aos definir os detalhes do evento. Fez com gosto; as duas maiores festas da d\u00e9cada de &#8217;90: em 1993 a Micareta &#8220;Cara Pintada&#8221;, em alus\u00e3o ao evento do impeachment de Collor; e a impec\u00e1vel &#8220;Micareta da Copa&#8221;, em 1994. Nesta \u00faltima; a Kaiser praticamente &#8220;bancou a festa&#8221; e o Olodum puxou o &#8216;Bloco Shock&#8217;, lan\u00e7ando o hit atemporal &#8216;Rosa&#8217;\ud83c\udf39 na voz de Pierre Onassis! Fui testemunha ocular em ambas!*<\/p><div id=\"blogd-2698639024\" class=\"blogd-conteudo-2-mobile blogd-entity-placement\"><a href=\"https:\/\/feirenses.com.br\/\" target=\"_blank\" aria-label=\"feirenses\"><img loading=\"lazy\" decoding=\"async\" src=\"https:\/\/blogdafeira.com.br\/home\/wp-content\/uploads\/2026\/04\/feirenses.png\" alt=\"\"  srcset=\"https:\/\/blogdafeira.com.br\/home\/wp-content\/uploads\/2026\/04\/feirenses.png 300w, https:\/\/blogdafeira.com.br\/home\/wp-content\/uploads\/2026\/04\/feirenses-170x45.png 170w, https:\/\/blogdafeira.com.br\/home\/wp-content\/uploads\/2026\/04\/feirenses-280x74.png 280w\" sizes=\"(max-width: 300px) 100vw, 300px\" class=\"no-lazyload\" width=\"300\" height=\"79\"  style=\"display: inline-block;\" \/><\/a><\/div>\n<div id=\"blogd-2433399478\" class=\"blogd-final-post blogd-entity-placement\"><a href=\"https:\/\/www.feiradesantana.ba.leg.br\/\" target=\"_blank\" aria-label=\"BANNER-SITE-ENTREGADECHEQUE-CAMARADEFEIRA\"><img loading=\"lazy\" decoding=\"async\" src=\"https:\/\/blogdafeira.com.br\/home\/wp-content\/uploads\/2026\/03\/BANNER-SITE-ENTREGADECHEQUE-CAMARADEFEIRA.gif\" alt=\"\"  class=\"no-lazyload\" width=\"728\" height=\"90\"   \/><\/a><\/div><p><strong><em>Kelmo Bernardes \u00e9 jornalista<\/em><\/strong><\/p>\n","protected":false},"excerpt":{"rendered":"<p>Por falar em Micareta de Feira; vou aqui puxar um #TBT de muita nostalgia e reconhecimento p\u00fablico: o competente e saudoso advogado e &#8216;bom festeiro de carteirinha&#8217;; Adessil Fernandes Guimar\u00e3es, foi um grande Secret\u00e1rio das Micaretas, ainda no tempo da pasta da Ind\u00fastria, Com\u00e9rcio e Turismo, localizada ali no final da Senhor dos Passos. Ficou<\/p>\n","protected":false},"author":1,"featured_media":66184,"comment_status":"open","ping_status":"open","sticky":false,"template":"","format":"standard","meta":{"jetpack_post_was_ever_published":false,"cybocfi_hide_featured_image":"","_jetpack_newsletter_access":"","_jetpack_dont_email_post_to_subs":false,"_jetpack_newsletter_tier_id":0,"_jetpack_memberships_contains_paywalled_content":false,"_jetpack_memberships_contains_paid_content":false,"footnotes":"","jetpack_publicize_message":"","jetpack_publicize_feature_enabled":true,"jetpack_social_post_already_shared":true,"jetpack_social_options":{"image_generator_settings":{"template":"highway","default_image_id":0,"font":"","enabled":false},"version":2}},"categories":[592,1],"tags":[],"class_list":["post-66183","post","type-post","status-publish","format-standard","has-post-thumbnail","hentry","category-colunistas","category-raiz"],"jetpack_publicize_connections":[],"jetpack_featured_media_url":"https:\/\/blogdafeira.com.br\/home\/wp-content\/uploads\/2025\/03\/IMG-20250313-WA0087.jpg","jetpack_shortlink":"https:\/\/wp.me\/p3niVf-hdt","jetpack_sharing_enabled":true,"jetpack-related-posts":[{"id":66217,"url":"https:\/\/blogdafeira.com.br\/home\/2025\/03\/17\/governo-do-estado-entrega-proposta-de-ajuda-a-micareta-a-ze-ronaldo-ate-o-final-de-semana\/","url_meta":{"origin":66183,"position":0},"title":"Governo do Estado entrega proposta de ajuda \u00e0 Micareta a Z\u00e9 Ronaldo at\u00e9 o final de semana","author":"Kelmo Bernardes","date":"17\/03\/2025","format":false,"excerpt":"O secret\u00e1rio estadual de Cultura, Bruno Monteiro, afirmou que apresentar\u00e1 ao Governo Municipal de Feira\u00a0 uma proposta de participa\u00e7\u00e3o na Micareta de Feira at\u00e9 o final desta semana. Ele esteve hoje pela manh\u00e3 (segunda-feira,17) no Gabinete do Prefeito Z\u00e9 Ronaldo em conversa sobre o assunto. A Micareta de Feira de\u2026","rel":"","context":"Em &quot;Cultura&quot;","block_context":{"text":"Cultura","link":"https:\/\/blogdafeira.com.br\/home\/categoria\/cultura\/"},"img":{"alt_text":"","src":"https:\/\/i0.wp.com\/blogdafeira.com.br\/home\/wp-content\/uploads\/2025\/03\/17032025151859.jpg?resize=350%2C200&ssl=1","width":350,"height":200,"srcset":"https:\/\/i0.wp.com\/blogdafeira.com.br\/home\/wp-content\/uploads\/2025\/03\/17032025151859.jpg?resize=350%2C200&ssl=1 1x, https:\/\/i0.wp.com\/blogdafeira.com.br\/home\/wp-content\/uploads\/2025\/03\/17032025151859.jpg?resize=525%2C300&ssl=1 1.5x, https:\/\/i0.wp.com\/blogdafeira.com.br\/home\/wp-content\/uploads\/2025\/03\/17032025151859.jpg?resize=700%2C400&ssl=1 2x, https:\/\/i0.wp.com\/blogdafeira.com.br\/home\/wp-content\/uploads\/2025\/03\/17032025151859.jpg?resize=1050%2C600&ssl=1 3x"},"classes":[]},{"id":35243,"url":"https:\/\/blogdafeira.com.br\/home\/2020\/02\/08\/micareta-de-feira-divulgada-em-salvador-antes-do-carnaval-colbert-anuncia-atracoes\/","url_meta":{"origin":66183,"position":1},"title":"Micareta de Feira divulgada em Salvador antes do Carnaval; Colbert anuncia atra\u00e7\u00f5es","author":"Kelmo Bernardes","date":"08\/02\/2020","format":false,"excerpt":"A Prefeitura de Feira de Santana fez pela primeira vez uma a\u00e7\u00e3o ousada de divulga\u00e7\u00e3o da Micareta de Feira aproveitando a visibilidade do Carnaval de Salvador. As grandes atra\u00e7\u00f5es j\u00e1 contratadas pela Prefeitura de Feira de Santana foram anunciadas na noite desta quinta-feira, 6, pelo prefeito Colbert Martins Filho, durante\u2026","rel":"","context":"Em &quot;Cidade&quot;","block_context":{"text":"Cidade","link":"https:\/\/blogdafeira.com.br\/home\/categoria\/cidade\/"},"img":{"alt_text":"","src":"https:\/\/i0.wp.com\/blogdafeira.com.br\/home\/wp-content\/uploads\/2020\/02\/722020160725-346x230.jpg?resize=350%2C200","width":350,"height":200},"classes":[]},{"id":67088,"url":"https:\/\/blogdafeira.com.br\/home\/2025\/05\/06\/secretario-de-cultura-da-bahia-visita-ze-ronaldo-e-apresenta-numeros-da-micareta-no-centro-de-convencoes\/","url_meta":{"origin":66183,"position":2},"title":"Bruno Monteiro visita Z\u00e9 Ronaldo e apresenta n\u00fameros da Micareta no Centro de Conven\u00e7\u00f5es","author":"Kelmo Bernardes","date":"06\/05\/2025","format":false,"excerpt":"O secret\u00e1rio de Cultura da Bahia, Bruno Monteiro, visitou, na manh\u00e3 de hoje (ter\u00e7a-feira,6), o prefeito Z\u00e9 Ronaldo, antes de chegar ao Centro de Conven\u00e7\u00f5es onde apresentou \u00e0 imprensa de Feira um balan\u00e7o, positivo,\u00a0 da participa\u00e7\u00e3o do Governo do Estado na realiza\u00e7\u00e3o da Micareta de Feira de Santana. Bruno foi\u2026","rel":"","context":"Em &quot;Cultura&quot;","block_context":{"text":"Cultura","link":"https:\/\/blogdafeira.com.br\/home\/categoria\/cultura\/"},"img":{"alt_text":"","src":"https:\/\/i0.wp.com\/blogdafeira.com.br\/home\/wp-content\/uploads\/2025\/05\/Visita-do-Secretario-de-Cultura-do-Estado-Bruno-Monteiro-ao-Prefeito-Jose-Ronaldo-e-Secretarios-Foto-ACM-2.jpeg?resize=350%2C200&ssl=1","width":350,"height":200,"srcset":"https:\/\/i0.wp.com\/blogdafeira.com.br\/home\/wp-content\/uploads\/2025\/05\/Visita-do-Secretario-de-Cultura-do-Estado-Bruno-Monteiro-ao-Prefeito-Jose-Ronaldo-e-Secretarios-Foto-ACM-2.jpeg?resize=350%2C200&ssl=1 1x, https:\/\/i0.wp.com\/blogdafeira.com.br\/home\/wp-content\/uploads\/2025\/05\/Visita-do-Secretario-de-Cultura-do-Estado-Bruno-Monteiro-ao-Prefeito-Jose-Ronaldo-e-Secretarios-Foto-ACM-2.jpeg?resize=525%2C300&ssl=1 1.5x, https:\/\/i0.wp.com\/blogdafeira.com.br\/home\/wp-content\/uploads\/2025\/05\/Visita-do-Secretario-de-Cultura-do-Estado-Bruno-Monteiro-ao-Prefeito-Jose-Ronaldo-e-Secretarios-Foto-ACM-2.jpeg?resize=700%2C400&ssl=1 2x, https:\/\/i0.wp.com\/blogdafeira.com.br\/home\/wp-content\/uploads\/2025\/05\/Visita-do-Secretario-de-Cultura-do-Estado-Bruno-Monteiro-ao-Prefeito-Jose-Ronaldo-e-Secretarios-Foto-ACM-2.jpeg?resize=1050%2C600&ssl=1 3x"},"classes":[]},{"id":53402,"url":"https:\/\/blogdafeira.com.br\/home\/2022\/07\/22\/a-volta-das-micaretas-no-brasil\/","url_meta":{"origin":66183,"position":3},"title":"A volta das Micaretas no Brasil","author":"Kelmo Bernardes","date":"22\/07\/2022","format":false,"excerpt":"Come\u00e7aram os Carnavais fora de \u00e9poca por todo territ\u00f3rio brasileiro. A partir deste m\u00eas bde julho, com a volta do tradicional Fortal (Fortaleza\/CE), o calend\u00e1rio das Micaretas abre-se para a cada 15 dias, at\u00e9 o m\u00eas de dezembro acontecer as festas momescas. Entre as mais famosas est\u00e3o a Micareta de\u2026","rel":"","context":"Em &quot;Colunistas&quot;","block_context":{"text":"Colunistas","link":"https:\/\/blogdafeira.com.br\/home\/categoria\/colunistas\/"},"img":{"alt_text":"","src":"https:\/\/i0.wp.com\/blogdafeira.com.br\/home\/wp-content\/uploads\/2022\/07\/IMG-20220722-WA0045.jpg?resize=350%2C200&ssl=1","width":350,"height":200,"srcset":"https:\/\/i0.wp.com\/blogdafeira.com.br\/home\/wp-content\/uploads\/2022\/07\/IMG-20220722-WA0045.jpg?resize=350%2C200&ssl=1 1x, https:\/\/i0.wp.com\/blogdafeira.com.br\/home\/wp-content\/uploads\/2022\/07\/IMG-20220722-WA0045.jpg?resize=525%2C300&ssl=1 1.5x, https:\/\/i0.wp.com\/blogdafeira.com.br\/home\/wp-content\/uploads\/2022\/07\/IMG-20220722-WA0045.jpg?resize=700%2C400&ssl=1 2x, https:\/\/i0.wp.com\/blogdafeira.com.br\/home\/wp-content\/uploads\/2022\/07\/IMG-20220722-WA0045.jpg?resize=1050%2C600&ssl=1 3x"},"classes":[]},{"id":28614,"url":"https:\/\/blogdafeira.com.br\/home\/2017\/11\/22\/micareta-de-feira-de-santana-agora-tem-conselho-gestor-atuando-o-ano-inteiro\/","url_meta":{"origin":66183,"position":4},"title":"Micareta de Feira de Santana agora tem Conselho Gestor atuando o ano inteiro","author":"Kelmo Bernardes","date":"22\/11\/2017","format":false,"excerpt":"Conselho Gestor, hor\u00e1rios de sa\u00edda e quantidade das empresas e contratados, camarotes, ponto universit\u00e1rio, per\u00edodo de inscri\u00e7\u00e3o, blocos, normatiza\u00e7\u00e3o do uso de microfone. O Regulamento da Micareta de Feira de Santana, com 14 itens, foi homologado pelo prefeito Jos\u00e9 Ronaldo de Carvalho.\u00a0Foram estabelecidas diretrizes para um realiza\u00e7\u00e3o da festa.\u00a0Um avan\u00e7o\u2026","rel":"","context":"Em &quot;Home&quot;","block_context":{"text":"Home","link":"https:\/\/blogdafeira.com.br\/home\/categoria\/raiz\/"},"img":{"alt_text":"entrevista-coletiva-micareta-2018-foto-jorge-magalh_es-4","src":"https:\/\/i0.wp.com\/blogdafeira.com.br\/home\/wp-content\/uploads\/2017\/11\/Entrevista-Coletiva-Micareta-2018-foto-Jorge-Magalh_es-4.jpg?resize=350%2C200","width":350,"height":200,"srcset":"https:\/\/i0.wp.com\/blogdafeira.com.br\/home\/wp-content\/uploads\/2017\/11\/Entrevista-Coletiva-Micareta-2018-foto-Jorge-Magalh_es-4.jpg?resize=350%2C200 1x, https:\/\/i0.wp.com\/blogdafeira.com.br\/home\/wp-content\/uploads\/2017\/11\/Entrevista-Coletiva-Micareta-2018-foto-Jorge-Magalh_es-4.jpg?resize=525%2C300 1.5x, https:\/\/i0.wp.com\/blogdafeira.com.br\/home\/wp-content\/uploads\/2017\/11\/Entrevista-Coletiva-Micareta-2018-foto-Jorge-Magalh_es-4.jpg?resize=700%2C400 2x"},"classes":[]},{"id":31022,"url":"https:\/\/blogdafeira.com.br\/home\/2019\/03\/27\/secretario-de-cultura-investe-contra-os-depreciadores-da-micareta-de-feira-de-santana\/","url_meta":{"origin":66183,"position":5},"title":"Secret\u00e1rio de Cultura  investe contra os &#8216;depreciadores&#8217; da Micareta de Feira de Santana","author":"Kelmo Bernardes","date":"27\/03\/2019","format":false,"excerpt":"O secret\u00e1rio de Cultura de Feira de Santana, jornalista Edson Borges, assumiu a defesa da Micareta, a maior festa popular da cidade, que tem sido alvo de ataques de diversos setores da comunidade. Na sua p\u00e1gina do Facebook, o jornalista abriu o que parece ser uma s\u00e9rie de postagens em\u2026","rel":"","context":"Em &quot;Home&quot;","block_context":{"text":"Home","link":"https:\/\/blogdafeira.com.br\/home\/categoria\/raiz\/"},"img":{"alt_text":"","src":"https:\/\/i0.wp.com\/blogdafeira.com.br\/home\/wp-content\/uploads\/2019\/03\/70905-3.jpg?resize=350%2C200&ssl=1","width":350,"height":200,"srcset":"https:\/\/i0.wp.com\/blogdafeira.com.br\/home\/wp-content\/uploads\/2019\/03\/70905-3.jpg?resize=350%2C200&ssl=1 1x, https:\/\/i0.wp.com\/blogdafeira.com.br\/home\/wp-content\/uploads\/2019\/03\/70905-3.jpg?resize=525%2C300&ssl=1 1.5x"},"classes":[]}],"_links":{"self":[{"href":"https:\/\/blogdafeira.com.br\/home\/wp-json\/wp\/v2\/posts\/66183","targetHints":{"allow":["GET"]}}],"collection":[{"href":"https:\/\/blogdafeira.com.br\/home\/wp-json\/wp\/v2\/posts"}],"about":[{"href":"https:\/\/blogdafeira.com.br\/home\/wp-json\/wp\/v2\/types\/post"}],"author":[{"embeddable":true,"href":"https:\/\/blogdafeira.com.br\/home\/wp-json\/wp\/v2\/users\/1"}],"replies":[{"embeddable":true,"href":"https:\/\/blogdafeira.com.br\/home\/wp-json\/wp\/v2\/comments?post=66183"}],"version-history":[{"count":1,"href":"https:\/\/blogdafeira.com.br\/home\/wp-json\/wp\/v2\/posts\/66183\/revisions"}],"predecessor-version":[{"id":66185,"href":"https:\/\/blogdafeira.com.br\/home\/wp-json\/wp\/v2\/posts\/66183\/revisions\/66185"}],"wp:featuredmedia":[{"embeddable":true,"href":"https:\/\/blogdafeira.com.br\/home\/wp-json\/wp\/v2\/media\/66184"}],"wp:attachment":[{"href":"https:\/\/blogdafeira.com.br\/home\/wp-json\/wp\/v2\/media?parent=66183"}],"wp:term":[{"taxonomy":"category","embeddable":true,"href":"https:\/\/blogdafeira.com.br\/home\/wp-json\/wp\/v2\/categories?post=66183"},{"taxonomy":"post_tag","embeddable":true,"href":"https:\/\/blogdafeira.com.br\/home\/wp-json\/wp\/v2\/tags?post=66183"}],"curies":[{"name":"wp","href":"https:\/\/api.w.org\/{rel}","templated":true}]}}