{"id":66205,"date":"2025-03-17T11:00:25","date_gmt":"2025-03-17T14:00:25","guid":{"rendered":"https:\/\/blogdafeira.com.br\/home\/?p=66205"},"modified":"2025-08-19T00:07:29","modified_gmt":"2025-08-19T03:07:29","slug":"feira-de-agricultura-familiar-na-uefs-serao-tres-dias-de-26-a-28","status":"publish","type":"post","link":"https:\/\/blogdafeira.com.br\/home\/2025\/03\/17\/feira-de-agricultura-familiar-na-uefs-serao-tres-dias-de-26-a-28\/","title":{"rendered":"Feira de Agricultura Familiar na UEFS ser\u00e3o tr\u00eas dias: de 26 a 28"},"content":{"rendered":"<div id=\"blogd-3174328076\" class=\"blogd-fim-do-post-mobile blogd-entity-placement\" style=\"margin-left: auto;margin-right: auto;text-align: center;\"><a href=\"https:\/\/www.sefaz.feiradesantana.ba.gov.br\/\" target=\"_blank\" aria-label=\"728&#215;90 (6)\"><img loading=\"lazy\" decoding=\"async\" src=\"https:\/\/blogdafeira.com.br\/home\/wp-content\/uploads\/2026\/03\/728x90-6.gif\" alt=\"\"  class=\"no-lazyload\" width=\"728\" height=\"90\"  style=\"display: inline-block;\" \/><\/a><\/div><p>O Movimento de Organiza\u00e7\u00e3o Comunit\u00e1ria (MOC), em parceria com diversas organiza\u00e7\u00f5es, realiza a Feira da Agricultura Familiar, Economia Criativa, Popular e Solid\u00e1ria entre os dias 26 e 28 de mar\u00e7o de 2025, na Universidade Estadual de Feira de Santana (UEFS). Com o tema \u201cMar\u00e7o Mulher: Ra\u00edzes de Empoderamento e Conex\u00e3o Solid\u00e1ria\u201d, o evento busca fortalecer a economia local, incentivar o consumo consciente e promover a comercializa\u00e7\u00e3o de produtos sustent\u00e1veis, criativos e solid\u00e1rios.<\/p><div id=\"blogd-852661070\" class=\"blogd-conteudo-2-mobile blogd-entity-placement\"><a href=\"https:\/\/feirenses.com.br\/\" target=\"_blank\" aria-label=\"feirenses\"><img loading=\"lazy\" decoding=\"async\" src=\"https:\/\/blogdafeira.com.br\/home\/wp-content\/uploads\/2026\/04\/feirenses.png\" alt=\"\"  srcset=\"https:\/\/blogdafeira.com.br\/home\/wp-content\/uploads\/2026\/04\/feirenses.png 300w, https:\/\/blogdafeira.com.br\/home\/wp-content\/uploads\/2026\/04\/feirenses-170x45.png 170w, https:\/\/blogdafeira.com.br\/home\/wp-content\/uploads\/2026\/04\/feirenses-280x74.png 280w\" sizes=\"(max-width: 300px) 100vw, 300px\" class=\"no-lazyload\" width=\"300\" height=\"79\"  style=\"display: inline-block;\" \/><\/a><\/div>\n<p>A feira ser\u00e1 um espa\u00e7o de trocas e aprendizado para pequenos produtores, artes\u00e3os, empreendedores e coletivos que atuam na agricultura familiar e na economia solid\u00e1ria. Al\u00e9m da exposi\u00e7\u00e3o e comercializa\u00e7\u00e3o de produtos, o evento oferecer\u00e1 oportunidades para a amplia\u00e7\u00e3o de redes de contato, troca de experi\u00eancias e fortalecimento da comercializa\u00e7\u00e3o justa e solid\u00e1ria.<\/p>\n<p>Outro destaque \u00e9 a valoriza\u00e7\u00e3o do papel da mulher na economia popular, evidenciando suas iniciativas empreendedoras e sua contribui\u00e7\u00e3o para o desenvolvimento local.<\/p>\n<div id=\"blogd-790197686\" class=\"blogd-final-post blogd-entity-placement\"><a href=\"https:\/\/www.feiradesantana.ba.leg.br\/\" target=\"_blank\" aria-label=\"BANNER-SITE-ENTREGADECHEQUE-CAMARADEFEIRA\"><img loading=\"lazy\" decoding=\"async\" src=\"https:\/\/blogdafeira.com.br\/home\/wp-content\/uploads\/2026\/03\/BANNER-SITE-ENTREGADECHEQUE-CAMARADEFEIRA.gif\" alt=\"\"  class=\"no-lazyload\" width=\"728\" height=\"90\"   \/><\/a><\/div><p>A Feira da Agricultura Familiar, Economia Criativa, Popular e Solid\u00e1ria promete movimentar a UEFS com diversidade de produtos, cultura e conex\u00f5es solid\u00e1rias.<\/p>\n","protected":false},"excerpt":{"rendered":"<p>O Movimento de Organiza\u00e7\u00e3o Comunit\u00e1ria (MOC), em parceria com diversas organiza\u00e7\u00f5es, realiza a Feira da Agricultura Familiar, Economia Criativa, Popular e Solid\u00e1ria entre os dias 26 e 28 de mar\u00e7o de 2025, na Universidade Estadual de Feira de Santana (UEFS). Com o tema \u201cMar\u00e7o Mulher: Ra\u00edzes de Empoderamento e Conex\u00e3o Solid\u00e1ria\u201d, o evento busca fortalecer<\/p>\n","protected":false},"author":1,"featured_media":66206,"comment_status":"open","ping_status":"open","sticky":false,"template":"","format":"standard","meta":{"jetpack_post_was_ever_published":false,"cybocfi_hide_featured_image":"","_jetpack_newsletter_access":"","_jetpack_dont_email_post_to_subs":false,"_jetpack_newsletter_tier_id":0,"_jetpack_memberships_contains_paywalled_content":false,"_jetpack_memberships_contains_paid_content":false,"footnotes":"","jetpack_publicize_message":"","jetpack_publicize_feature_enabled":true,"jetpack_social_post_already_shared":true,"jetpack_social_options":{"image_generator_settings":{"template":"highway","default_image_id":0,"font":"","enabled":false},"version":2}},"categories":[774,1],"tags":[],"class_list":["post-66205","post","type-post","status-publish","format-standard","has-post-thumbnail","hentry","category-economia","category-raiz"],"jetpack_publicize_connections":[],"jetpack_featured_media_url":"https:\/\/blogdafeira.com.br\/home\/wp-content\/uploads\/2025\/03\/IMG-20250317-WA00381.jpg","jetpack_shortlink":"https:\/\/wp.me\/p3niVf-hdP","jetpack_sharing_enabled":true,"jetpack-related-posts":[{"id":40804,"url":"https:\/\/blogdafeira.com.br\/home\/2020\/09\/29\/feira-da-agricultura-familiar-deste-ano-tera-27-armazens-virtuais\/","url_meta":{"origin":66205,"position":0},"title":"Feira da Agricultura Familiar deste ano ter\u00e1 27 armaz\u00e9ns virtuais","author":"Blog da Feira","date":"29\/09\/2020","format":false,"excerpt":"Est\u00e3o abertas as inscri\u00e7\u00f5es para 11\u00aa Feira Baiana da Agricultura Familiar e Economia Solid\u00e1ria (11\u00aa FEBAFES), a maior feira da agricultura familiar do pa\u00eds, que neste ano, por conta da pandemia do novo\u00a0coronav\u00edrus, ser\u00e1 realizada de modo virtual, no per\u00edodo de 5 a 13 de dezembro de 2020. Podem participar\u2026","rel":"","context":"Em &quot;Bahia&quot;","block_context":{"text":"Bahia","link":"https:\/\/blogdafeira.com.br\/home\/categoria\/bahia\/"},"img":{"alt_text":"","src":"https:\/\/i0.wp.com\/blogdafeira.com.br\/home\/wp-content\/uploads\/2020\/09\/capa-materia.png?resize=350%2C200&ssl=1","width":350,"height":200,"srcset":"https:\/\/i0.wp.com\/blogdafeira.com.br\/home\/wp-content\/uploads\/2020\/09\/capa-materia.png?resize=350%2C200&ssl=1 1x, https:\/\/i0.wp.com\/blogdafeira.com.br\/home\/wp-content\/uploads\/2020\/09\/capa-materia.png?resize=525%2C300&ssl=1 1.5x, https:\/\/i0.wp.com\/blogdafeira.com.br\/home\/wp-content\/uploads\/2020\/09\/capa-materia.png?resize=700%2C400&ssl=1 2x, https:\/\/i0.wp.com\/blogdafeira.com.br\/home\/wp-content\/uploads\/2020\/09\/capa-materia.png?resize=1050%2C600&ssl=1 3x"},"classes":[]},{"id":63893,"url":"https:\/\/blogdafeira.com.br\/home\/2024\/09\/20\/inscricoes-abertas-para-a-feira-de-agricultura-solidaria-em-dezembro\/","url_meta":{"origin":66205,"position":1},"title":"Inscri\u00e7\u00f5es abertas para a Feira de Agricultura Solid\u00e1ria em dezembro","author":"Blog da Feira","date":"20\/09\/2024","format":false,"excerpt":"Est\u00e3o abertas, at\u00e9 20 de outubro, as inscri\u00e7\u00f5es para a participa\u00e7\u00e3o de organiza\u00e7\u00f5es produtivas da Bahia na 15\u00aa Feira Baiana da Agricultura Familiar e Economia Solid\u00e1ria (FEBAFES), que acontecer\u00e1 no Parque Costa Azul, em Salvador, de 11 a 15 de dezembro de 2024. O edital, dispon\u00edvel em www.sdr.ba.gov.br e www.car.ba.gov.br,\u2026","rel":"","context":"Em &quot;Economia&quot;","block_context":{"text":"Economia","link":"https:\/\/blogdafeira.com.br\/home\/categoria\/economia\/"},"img":{"alt_text":"","src":"https:\/\/i0.wp.com\/blogdafeira.com.br\/home\/wp-content\/uploads\/2024\/09\/Andre-Matos.jpg?resize=350%2C200&ssl=1","width":350,"height":200,"srcset":"https:\/\/i0.wp.com\/blogdafeira.com.br\/home\/wp-content\/uploads\/2024\/09\/Andre-Matos.jpg?resize=350%2C200&ssl=1 1x, https:\/\/i0.wp.com\/blogdafeira.com.br\/home\/wp-content\/uploads\/2024\/09\/Andre-Matos.jpg?resize=525%2C300&ssl=1 1.5x, https:\/\/i0.wp.com\/blogdafeira.com.br\/home\/wp-content\/uploads\/2024\/09\/Andre-Matos.jpg?resize=700%2C400&ssl=1 2x, https:\/\/i0.wp.com\/blogdafeira.com.br\/home\/wp-content\/uploads\/2024\/09\/Andre-Matos.jpg?resize=1050%2C600&ssl=1 3x, https:\/\/i0.wp.com\/blogdafeira.com.br\/home\/wp-content\/uploads\/2024\/09\/Andre-Matos.jpg?resize=1400%2C800&ssl=1 4x"},"classes":[]},{"id":48597,"url":"https:\/\/blogdafeira.com.br\/home\/2021\/11\/19\/abertas-as-inscricoes-para-feira-da-agricultura-familiar-e-economia-solidaria\/","url_meta":{"origin":66205,"position":2},"title":"Abertas as inscri\u00e7\u00f5es para Feira da Agricultura Familiar e Economia Solid\u00e1ria","author":"Blog da Feira","date":"19\/11\/2021","format":false,"excerpt":"Est\u00e3o abertas, at\u00e9\u00a0 30 de novembro, as inscri\u00e7\u00f5es para a 12\u00aa Feira Baiana da Agricultura Familiar e Economia Solid\u00e1ria, que acontecer\u00e1 no per\u00edodo de 15 a 19 de dezembro, em formato h\u00edbrido, presencial e virtual. O edital\u00a0est\u00e1 dispon\u00edvel no site\u00a0www.sdr.ba.gov.br, com as\u00a0orienta\u00e7\u00f5es para a realiza\u00e7\u00e3o das inscri\u00e7\u00f5es. Podem se inscrever\u2026","rel":"","context":"Em &quot;Bahia&quot;","block_context":{"text":"Bahia","link":"https:\/\/blogdafeira.com.br\/home\/categoria\/bahia\/"},"img":{"alt_text":"","src":"https:\/\/i0.wp.com\/blogdafeira.com.br\/home\/wp-content\/uploads\/2021\/11\/WhatsApp-Image-2021-11-18-at-18.00.59.jpeg?resize=350%2C200&ssl=1","width":350,"height":200,"srcset":"https:\/\/i0.wp.com\/blogdafeira.com.br\/home\/wp-content\/uploads\/2021\/11\/WhatsApp-Image-2021-11-18-at-18.00.59.jpeg?resize=350%2C200&ssl=1 1x, https:\/\/i0.wp.com\/blogdafeira.com.br\/home\/wp-content\/uploads\/2021\/11\/WhatsApp-Image-2021-11-18-at-18.00.59.jpeg?resize=525%2C300&ssl=1 1.5x, https:\/\/i0.wp.com\/blogdafeira.com.br\/home\/wp-content\/uploads\/2021\/11\/WhatsApp-Image-2021-11-18-at-18.00.59.jpeg?resize=700%2C400&ssl=1 2x, https:\/\/i0.wp.com\/blogdafeira.com.br\/home\/wp-content\/uploads\/2021\/11\/WhatsApp-Image-2021-11-18-at-18.00.59.jpeg?resize=1050%2C600&ssl=1 3x"},"classes":[]},{"id":64745,"url":"https:\/\/blogdafeira.com.br\/home\/2024\/12\/02\/agricultura-familiar-e-cultura-nordestina-movimentam-a-capital-baiana-ate-o-dia-15\/","url_meta":{"origin":66205,"position":3},"title":"Agricultura familiar e cultura nordestina movimentam a capital baiana at\u00e9 o dia 15","author":"Blog da Feira","date":"02\/12\/2024","format":false,"excerpt":"Prepare-se para vivenciar o melhor da agricultura familiar, cultura e gastronomia nordestina. A capital baiana ser\u00e1 palco da 15\u00aa Feira Baiana da Agricultura Familiar e Economia Solid\u00e1ria, at\u00e9 o dia 15, no Parque Costa Azul. Com entrada gratuita e vista deslumbrante da orla mar\u00edtima, o evento, j\u00e1 consolidado no calend\u00e1rio\u2026","rel":"","context":"Em &quot;Geral&quot;","block_context":{"text":"Geral","link":"https:\/\/blogdafeira.com.br\/home\/categoria\/geral\/"},"img":{"alt_text":"","src":"https:\/\/i0.wp.com\/blogdafeira.com.br\/home\/wp-content\/uploads\/2024\/12\/WhatsApp-Image-2024-11-28-at-18.45.14-1068x711-1.jpeg?resize=350%2C200&ssl=1","width":350,"height":200,"srcset":"https:\/\/i0.wp.com\/blogdafeira.com.br\/home\/wp-content\/uploads\/2024\/12\/WhatsApp-Image-2024-11-28-at-18.45.14-1068x711-1.jpeg?resize=350%2C200&ssl=1 1x, https:\/\/i0.wp.com\/blogdafeira.com.br\/home\/wp-content\/uploads\/2024\/12\/WhatsApp-Image-2024-11-28-at-18.45.14-1068x711-1.jpeg?resize=525%2C300&ssl=1 1.5x, https:\/\/i0.wp.com\/blogdafeira.com.br\/home\/wp-content\/uploads\/2024\/12\/WhatsApp-Image-2024-11-28-at-18.45.14-1068x711-1.jpeg?resize=700%2C400&ssl=1 2x, https:\/\/i0.wp.com\/blogdafeira.com.br\/home\/wp-content\/uploads\/2024\/12\/WhatsApp-Image-2024-11-28-at-18.45.14-1068x711-1.jpeg?resize=1050%2C600&ssl=1 3x"},"classes":[]},{"id":18016,"url":"https:\/\/blogdafeira.com.br\/home\/2015\/11\/29\/aberta-em-salvador-a-28a-fenagro-e-6a-feira-da-agricultura-familiar\/","url_meta":{"origin":66205,"position":4},"title":"Aberta em Salvador a 28\u00aa Fenagro e 6\u00aa Feira da Agricultura Familiar","author":"Blog da Feira","date":"29\/11\/2015","format":false,"excerpt":"Foi aberta neste domingo,\u00a0no Parque de Exposi\u00e7\u00f5es de Salvador, a\u00a0\u00a028\u00aa edi\u00e7\u00e3o da Feira Nacional da Agropecu\u00e1ria (Fenagro) e da VI Feira Baiana da Agricultura Familiar e Economia Solid\u00e1ria (Febafes). Ela acontece de 28 de novembro a 6 de dezembro, das 8h \u00e0s 22h, no Parque de Exposi\u00e7\u00f5es de Salvador. Os\u2026","rel":"","context":"Em &quot;Home&quot;","block_context":{"text":"Home","link":"https:\/\/blogdafeira.com.br\/home\/categoria\/raiz\/"},"img":{"alt_text":"fenagro","src":"https:\/\/i0.wp.com\/blogdafeira.com.br\/home\/wp-content\/uploads\/2015\/11\/fenagro.jpg?resize=350%2C200","width":350,"height":200,"srcset":"https:\/\/i0.wp.com\/blogdafeira.com.br\/home\/wp-content\/uploads\/2015\/11\/fenagro.jpg?resize=350%2C200 1x, https:\/\/i0.wp.com\/blogdafeira.com.br\/home\/wp-content\/uploads\/2015\/11\/fenagro.jpg?resize=525%2C300 1.5x, https:\/\/i0.wp.com\/blogdafeira.com.br\/home\/wp-content\/uploads\/2015\/11\/fenagro.jpg?resize=700%2C400 2x"},"classes":[]},{"id":49428,"url":"https:\/\/blogdafeira.com.br\/home\/2021\/12\/16\/marcos-heynna-na-12a-feira-da-agricultura-familiar-em-salvador\/","url_meta":{"origin":66205,"position":5},"title":"Marcos Heynna na 12\u00aa Feira da Agricultura Familiar em Salvador","author":"Blog da Feira","date":"16\/12\/2021","format":false,"excerpt":"A programa\u00e7\u00e3o cultural da12\u00aa Feira Baiana da Agricultura Familiar e Economia Solid\u00e1ria que segue at\u00e9 o pr\u00f3ximo domingo (19) no Parque Costa Azul em Salvador, traz nesta sexta-feira,17, a partir das 18:00h o show do cantor e compositor Marcos Heynna. Al\u00e9m das atra\u00e7\u00f5es musicais, a 12\u00aa Feira conta com Vila\u2026","rel":"","context":"Em &quot;Cultura&quot;","block_context":{"text":"Cultura","link":"https:\/\/blogdafeira.com.br\/home\/categoria\/cultura\/"},"img":{"alt_text":"","src":"https:\/\/i0.wp.com\/blogdafeira.com.br\/home\/wp-content\/uploads\/2021\/12\/FB_IMG_1639663294560.jpg?resize=350%2C200&ssl=1","width":350,"height":200,"srcset":"https:\/\/i0.wp.com\/blogdafeira.com.br\/home\/wp-content\/uploads\/2021\/12\/FB_IMG_1639663294560.jpg?resize=350%2C200&ssl=1 1x, https:\/\/i0.wp.com\/blogdafeira.com.br\/home\/wp-content\/uploads\/2021\/12\/FB_IMG_1639663294560.jpg?resize=525%2C300&ssl=1 1.5x"},"classes":[]}],"_links":{"self":[{"href":"https:\/\/blogdafeira.com.br\/home\/wp-json\/wp\/v2\/posts\/66205","targetHints":{"allow":["GET"]}}],"collection":[{"href":"https:\/\/blogdafeira.com.br\/home\/wp-json\/wp\/v2\/posts"}],"about":[{"href":"https:\/\/blogdafeira.com.br\/home\/wp-json\/wp\/v2\/types\/post"}],"author":[{"embeddable":true,"href":"https:\/\/blogdafeira.com.br\/home\/wp-json\/wp\/v2\/users\/1"}],"replies":[{"embeddable":true,"href":"https:\/\/blogdafeira.com.br\/home\/wp-json\/wp\/v2\/comments?post=66205"}],"version-history":[{"count":1,"href":"https:\/\/blogdafeira.com.br\/home\/wp-json\/wp\/v2\/posts\/66205\/revisions"}],"predecessor-version":[{"id":66207,"href":"https:\/\/blogdafeira.com.br\/home\/wp-json\/wp\/v2\/posts\/66205\/revisions\/66207"}],"wp:featuredmedia":[{"embeddable":true,"href":"https:\/\/blogdafeira.com.br\/home\/wp-json\/wp\/v2\/media\/66206"}],"wp:attachment":[{"href":"https:\/\/blogdafeira.com.br\/home\/wp-json\/wp\/v2\/media?parent=66205"}],"wp:term":[{"taxonomy":"category","embeddable":true,"href":"https:\/\/blogdafeira.com.br\/home\/wp-json\/wp\/v2\/categories?post=66205"},{"taxonomy":"post_tag","embeddable":true,"href":"https:\/\/blogdafeira.com.br\/home\/wp-json\/wp\/v2\/tags?post=66205"}],"curies":[{"name":"wp","href":"https:\/\/api.w.org\/{rel}","templated":true}]}}