{"id":66232,"date":"2025-03-18T17:30:14","date_gmt":"2025-03-18T20:30:14","guid":{"rendered":"https:\/\/blogdafeira.com.br\/home\/?p=66232"},"modified":"2025-08-19T00:07:28","modified_gmt":"2025-08-19T03:07:28","slug":"clube-ali-baba-fechado-e-pintado-de-preto","status":"publish","type":"post","link":"https:\/\/blogdafeira.com.br\/home\/2025\/03\/18\/clube-ali-baba-fechado-e-pintado-de-preto\/","title":{"rendered":"Clube Ali Bab\u00e1 fechado e pintado de preto"},"content":{"rendered":"<div id=\"blogd-2939660642\" class=\"blogd-fim-do-post-mobile blogd-entity-placement\" style=\"margin-left: auto;margin-right: auto;text-align: center;\"><a href=\"https:\/\/www.sefaz.feiradesantana.ba.gov.br\/\" target=\"_blank\" aria-label=\"728&#215;90 (6)\"><img loading=\"lazy\" decoding=\"async\" src=\"https:\/\/blogdafeira.com.br\/home\/wp-content\/uploads\/2026\/03\/728x90-6.gif\" alt=\"\"  class=\"no-lazyload\" width=\"728\" height=\"90\"  style=\"display: inline-block;\" \/><\/a><\/div><p>Por tr\u00e1s do pr\u00e9dio do Clube Ali Bab\u00e1, na Ladeira do Tanque da Na\u00e7\u00e3o, est\u00e1 a Vila Santa Cruz. Um local reservado, buc\u00f3lico e silencioso, onde durante muito tempo existiu um cruzeiro pr\u00f3ximo a uma das fontes d&#8217;\u00e1gua que existiam no local. Conta a lenda que a cruz foi erguida para aplacar os &#8220;gritos da alma&#8221; de um homem morto afogado em um dos tanques existentes na \u00e1rea. Os artistas que iam se apresentar, entravam pela vila onde existe um port\u00e3o que d\u00e1 acesso ao clube. Moradoras do local lembram, com saudades,\u00a0 como era movimentada a chegada dos famosos, como Wanderley Cardoso, Jos\u00e9 Ribeiro, Waldick Soriano e at\u00e9 Pablo do Arrocha, al\u00e9m do grupo Viol\u00e3o de Ouro que tinha &#8220;cadeira cativa&#8221; na grade de atra\u00e7\u00f5es. &#8220;<em>Era t\u00e3o bom! As festas n\u00e3o incomodavam ningu\u00e9m, dorm\u00edamos tranquilas<\/em>&#8221;<\/p><div id=\"blogd-825862130\" class=\"blogd-conteudo-2-mobile blogd-entity-placement\"><a href=\"https:\/\/feirenses.com.br\/\" target=\"_blank\" aria-label=\"feirenses\"><img loading=\"lazy\" decoding=\"async\" src=\"https:\/\/blogdafeira.com.br\/home\/wp-content\/uploads\/2026\/04\/feirenses.png\" alt=\"\"  srcset=\"https:\/\/blogdafeira.com.br\/home\/wp-content\/uploads\/2026\/04\/feirenses.png 300w, https:\/\/blogdafeira.com.br\/home\/wp-content\/uploads\/2026\/04\/feirenses-170x45.png 170w, https:\/\/blogdafeira.com.br\/home\/wp-content\/uploads\/2026\/04\/feirenses-280x74.png 280w\" sizes=\"(max-width: 300px) 100vw, 300px\" class=\"no-lazyload\" width=\"300\" height=\"79\"  style=\"display: inline-block;\" \/><\/a><\/div>\n<p><img loading=\"lazy\" decoding=\"async\" class=\"aligncenter size-medium wp-image-66238\" src=\"https:\/\/blogdafeira.com.br\/home\/wp-content\/uploads\/2025\/03\/IMG-20250318-WA0048-225x300.jpg\" alt=\"\" width=\"225\" height=\"300\" srcset=\"https:\/\/blogdafeira.com.br\/home\/wp-content\/uploads\/2025\/03\/IMG-20250318-WA0048-225x300.jpg 225w, https:\/\/blogdafeira.com.br\/home\/wp-content\/uploads\/2025\/03\/IMG-20250318-WA0048-768x1024.jpg 768w, https:\/\/blogdafeira.com.br\/home\/wp-content\/uploads\/2025\/03\/IMG-20250318-WA0048-113x150.jpg 113w, https:\/\/blogdafeira.com.br\/home\/wp-content\/uploads\/2025\/03\/IMG-20250318-WA0048-1152x1536.jpg 1152w, https:\/\/blogdafeira.com.br\/home\/wp-content\/uploads\/2025\/03\/IMG-20250318-WA0048-140x187.jpg 140w, https:\/\/blogdafeira.com.br\/home\/wp-content\/uploads\/2025\/03\/IMG-20250318-WA0048-1170x1560.jpg 1170w, https:\/\/blogdafeira.com.br\/home\/wp-content\/uploads\/2025\/03\/IMG-20250318-WA0048.jpg 1200w\" sizes=\"auto, (max-width: 225px) 100vw, 225px\" \/><\/p>\n<p>Sempre foi um clube de perfil popular. Come\u00e7ou como um bloco micaretesco &#8211; &#8220;Ali Bab\u00e1 e os 40 Ladr\u00f5es&#8221; &#8211; \u00a0formado por pessoas do bairro e que, de tanto sucesso (saia com cerca de 500 pessoas), tornou-se um clube social. S\u00e3o considerados seus fundadores o conhecido desportista\u00a0 Manoel de Em\u00edlia, al\u00e9m de Luiz\u00e3o Borracheiro, Antonio Pirulito e Aroeira. <em>Esses foram os baluartes&#8221;,\u00a0<\/em>lembra um vizinho do pr\u00e9dio, nascido no bairro,\u00a0 Rosalvo Silva, ou melhor, o famoso ex-jogador Neinha, (ex Fluminense de Feira, ex Fluminense do Rio de Janeiro e de diversos outros times brasileiros e no exterior).<\/p>\n<p><img loading=\"lazy\" decoding=\"async\" class=\"aligncenter size-medium wp-image-66241\" src=\"https:\/\/blogdafeira.com.br\/home\/wp-content\/uploads\/2025\/03\/IMG-20250318-WA0047-1-225x300.jpg\" alt=\"\" width=\"225\" height=\"300\" srcset=\"https:\/\/blogdafeira.com.br\/home\/wp-content\/uploads\/2025\/03\/IMG-20250318-WA0047-1-225x300.jpg 225w, https:\/\/blogdafeira.com.br\/home\/wp-content\/uploads\/2025\/03\/IMG-20250318-WA0047-1-768x1024.jpg 768w, https:\/\/blogdafeira.com.br\/home\/wp-content\/uploads\/2025\/03\/IMG-20250318-WA0047-1-113x150.jpg 113w, https:\/\/blogdafeira.com.br\/home\/wp-content\/uploads\/2025\/03\/IMG-20250318-WA0047-1-1152x1536.jpg 1152w, https:\/\/blogdafeira.com.br\/home\/wp-content\/uploads\/2025\/03\/IMG-20250318-WA0047-1-140x187.jpg 140w, https:\/\/blogdafeira.com.br\/home\/wp-content\/uploads\/2025\/03\/IMG-20250318-WA0047-1-1170x1560.jpg 1170w, https:\/\/blogdafeira.com.br\/home\/wp-content\/uploads\/2025\/03\/IMG-20250318-WA0047-1.jpg 1200w\" sizes=\"auto, (max-width: 225px) 100vw, 225px\" \/><\/p>\n<p>Depois dos &#8220;baluartes&#8221; o clube ainda teve momentos dourados, com a dire\u00e7\u00e3o de Joel e Jair Almeida. Foi um tempo de &#8220;renascimento&#8221;, com festa quase toda a semana e\u00a0 frequentadores fi\u00e9is. Um desses, foi\u00a0 o fotojornalista Reginaldo Pereira (autor das fotos dessa p\u00e1gina) que mobilizava grupos de amigos e colegas para as festas dan\u00e7antes do <em>Aliba.<\/em><\/p>\n<p>Em 2010, ainda atuante, o clube trouxe para Feira o cantor brega Reginaldo Rossi, um dos shows mais concorridos na hist\u00f3ria do clube. Depois desse show, ainda aconteceram outros mas <strong><em>logo<\/em><\/strong> veio a decad\u00eancia e em seguida a paralisa\u00e7\u00e3o total. Hoje \u00e9 um pr\u00e9dio fechado, praticamente sem dono (pois tem figura jur\u00eddica de clube social), mas aparentemente conservado. Atualmente est\u00e1, ironicamente, com a fachada toda pintada de preto, como se estivesse de luto pela morte da alegria que viveu ali por um bom tempo.<\/p>\n<div id=\"blogd-216198637\" class=\"blogd-final-post blogd-entity-placement\"><a href=\"https:\/\/www.feiradesantana.ba.leg.br\/\" target=\"_blank\" aria-label=\"BANNER-SITE-ENTREGADECHEQUE-CAMARADEFEIRA\"><img loading=\"lazy\" decoding=\"async\" src=\"https:\/\/blogdafeira.com.br\/home\/wp-content\/uploads\/2026\/03\/BANNER-SITE-ENTREGADECHEQUE-CAMARADEFEIRA.gif\" alt=\"\"  class=\"no-lazyload\" width=\"728\" height=\"90\"   \/><\/a><\/div><p>fotos:Reginaldo Pereira<\/p>\n","protected":false},"excerpt":{"rendered":"<p>Por tr\u00e1s do pr\u00e9dio do Clube Ali Bab\u00e1, na Ladeira do Tanque da Na\u00e7\u00e3o, est\u00e1 a Vila Santa Cruz. Um local reservado, buc\u00f3lico e silencioso, onde durante muito tempo existiu um cruzeiro pr\u00f3ximo a uma das fontes d&#8217;\u00e1gua que existiam no local. Conta a lenda que a cruz foi erguida para aplacar os &#8220;gritos da<\/p>\n","protected":false},"author":1,"featured_media":66242,"comment_status":"open","ping_status":"open","sticky":false,"template":"","format":"standard","meta":{"jetpack_post_was_ever_published":false,"cybocfi_hide_featured_image":"","_jetpack_newsletter_access":"","_jetpack_dont_email_post_to_subs":false,"_jetpack_newsletter_tier_id":0,"_jetpack_memberships_contains_paywalled_content":false,"_jetpack_memberships_contains_paid_content":false,"footnotes":"","jetpack_publicize_message":"","jetpack_publicize_feature_enabled":true,"jetpack_social_post_already_shared":true,"jetpack_social_options":{"image_generator_settings":{"template":"highway","default_image_id":0,"font":"","enabled":false},"version":2}},"categories":[4,1],"tags":[],"class_list":["post-66232","post","type-post","status-publish","format-standard","has-post-thumbnail","hentry","category-cultura","category-raiz"],"jetpack_publicize_connections":[],"jetpack_featured_media_url":"https:\/\/blogdafeira.com.br\/home\/wp-content\/uploads\/2025\/03\/IMG-20250318-WA0044.jpg","jetpack_shortlink":"https:\/\/wp.me\/p3niVf-heg","jetpack_sharing_enabled":true,"jetpack-related-posts":[{"id":66695,"url":"https:\/\/blogdafeira.com.br\/home\/2025\/04\/14\/ze-ronaldo-autoriza-licitacao-para-obra-de-revitalizacao-do-tanque-da-matinha\/","url_meta":{"origin":66232,"position":0},"title":"Z\u00e9 Ronaldo autoriza licita\u00e7\u00e3o para obra de revitaliza\u00e7\u00e3o do Tanque da Matinha","author":"Blog da Feira","date":"14\/04\/2025","format":false,"excerpt":"Em uma conversa, s\u00e1bado, \u00e0 margem do Tanque da Matinha com moradores e lideran\u00e7as comunit\u00e1rias daquele distrito rural de Feira de Santana, o prefeito Z\u00e9 Ronaldo, disse que nesta segunda-feira (hoje) j\u00e1 come\u00e7a o processo de abertura de licita\u00e7\u00e3o para realizar a revitalizac\u00e3o do local que se constitui num patrim\u00f4nio\u2026","rel":"","context":"Em &quot;Distritos&quot;","block_context":{"text":"Distritos","link":"https:\/\/blogdafeira.com.br\/home\/categoria\/distritos\/"},"img":{"alt_text":"","src":"https:\/\/i0.wp.com\/blogdafeira.com.br\/home\/wp-content\/uploads\/2025\/04\/PROJETO-TANQUE-DA-MATINHA-FOTO-VALDENIR-LIMA-112.jpeg?resize=350%2C200&ssl=1","width":350,"height":200,"srcset":"https:\/\/i0.wp.com\/blogdafeira.com.br\/home\/wp-content\/uploads\/2025\/04\/PROJETO-TANQUE-DA-MATINHA-FOTO-VALDENIR-LIMA-112.jpeg?resize=350%2C200&ssl=1 1x, https:\/\/i0.wp.com\/blogdafeira.com.br\/home\/wp-content\/uploads\/2025\/04\/PROJETO-TANQUE-DA-MATINHA-FOTO-VALDENIR-LIMA-112.jpeg?resize=525%2C300&ssl=1 1.5x, https:\/\/i0.wp.com\/blogdafeira.com.br\/home\/wp-content\/uploads\/2025\/04\/PROJETO-TANQUE-DA-MATINHA-FOTO-VALDENIR-LIMA-112.jpeg?resize=700%2C400&ssl=1 2x, https:\/\/i0.wp.com\/blogdafeira.com.br\/home\/wp-content\/uploads\/2025\/04\/PROJETO-TANQUE-DA-MATINHA-FOTO-VALDENIR-LIMA-112.jpeg?resize=1050%2C600&ssl=1 3x"},"classes":[]},{"id":41126,"url":"https:\/\/blogdafeira.com.br\/home\/2020\/10\/13\/freio-de-arrumacao-no-centro-da-feira\/","url_meta":{"origin":66232,"position":1},"title":"Freio de arruma\u00e7\u00e3o no centro da Feira","author":"J\u00e2nio R\u00eago","date":"13\/10\/2020","format":false,"excerpt":"Cal\u00e7adas desimpedidas de barracas e lojas vazias de consumidores. Tr\u00e1fego suave. Nem engarrafamento teve hoje aqui na Conselheiro, me diz Jorginho no Mandacaru tomando uma cerveja no balc\u00e3o, antes de me responder que Ciso, meu amigo Narciso, do sebo na esquina do beco, foi almo\u00e7ar na casa dele ali por\u2026","rel":"","context":"Em &quot;Cidade&quot;","block_context":{"text":"Cidade","link":"https:\/\/blogdafeira.com.br\/home\/categoria\/cidade\/"},"img":{"alt_text":"","src":"https:\/\/i0.wp.com\/blogdafeira.com.br\/home\/wp-content\/uploads\/2020\/10\/IMG_20201013_134846_102-scaled.jpg?resize=350%2C200&ssl=1","width":350,"height":200,"srcset":"https:\/\/i0.wp.com\/blogdafeira.com.br\/home\/wp-content\/uploads\/2020\/10\/IMG_20201013_134846_102-scaled.jpg?resize=350%2C200&ssl=1 1x, https:\/\/i0.wp.com\/blogdafeira.com.br\/home\/wp-content\/uploads\/2020\/10\/IMG_20201013_134846_102-scaled.jpg?resize=525%2C300&ssl=1 1.5x, https:\/\/i0.wp.com\/blogdafeira.com.br\/home\/wp-content\/uploads\/2020\/10\/IMG_20201013_134846_102-scaled.jpg?resize=700%2C400&ssl=1 2x, https:\/\/i0.wp.com\/blogdafeira.com.br\/home\/wp-content\/uploads\/2020\/10\/IMG_20201013_134846_102-scaled.jpg?resize=1050%2C600&ssl=1 3x, https:\/\/i0.wp.com\/blogdafeira.com.br\/home\/wp-content\/uploads\/2020\/10\/IMG_20201013_134846_102-scaled.jpg?resize=1400%2C800&ssl=1 4x"},"classes":[]},{"id":43432,"url":"https:\/\/blogdafeira.com.br\/home\/2021\/02\/13\/caminhada-ecologica-neste-domingo-do-tanque-da-matinha-a-lagoa-salgada\/","url_meta":{"origin":66232,"position":2},"title":"Caminhada ecol\u00f3gica neste domingo do Tanque da Matinha \u00e0 Lagoa Salgada","author":"Blog da Feira","date":"13\/02\/2021","format":false,"excerpt":"Uma caminhada ecol\u00f3gica em defesa dos patrim\u00f4nios ambientais do distrito da Matinha, acontecer\u00e1 neste domingo, a partir da 7 horas da manh\u00e3, do Tanque da Matinha at\u00e9 a Lagoa Salgada, como forma de chamar a aten\u00e7\u00e3o para os patrim\u00f4nios, principalmente o tanque e a lagoa. A Lagoa Salgada da Matinha\u2026","rel":"","context":"Em &quot;Distritos&quot;","block_context":{"text":"Distritos","link":"https:\/\/blogdafeira.com.br\/home\/categoria\/distritos\/"},"img":{"alt_text":"","src":"https:\/\/i0.wp.com\/blogdafeira.com.br\/home\/wp-content\/uploads\/2021\/02\/IMG_20210108_083926_1082-scaled.jpg?resize=350%2C200&ssl=1","width":350,"height":200,"srcset":"https:\/\/i0.wp.com\/blogdafeira.com.br\/home\/wp-content\/uploads\/2021\/02\/IMG_20210108_083926_1082-scaled.jpg?resize=350%2C200&ssl=1 1x, https:\/\/i0.wp.com\/blogdafeira.com.br\/home\/wp-content\/uploads\/2021\/02\/IMG_20210108_083926_1082-scaled.jpg?resize=525%2C300&ssl=1 1.5x, https:\/\/i0.wp.com\/blogdafeira.com.br\/home\/wp-content\/uploads\/2021\/02\/IMG_20210108_083926_1082-scaled.jpg?resize=700%2C400&ssl=1 2x, https:\/\/i0.wp.com\/blogdafeira.com.br\/home\/wp-content\/uploads\/2021\/02\/IMG_20210108_083926_1082-scaled.jpg?resize=1050%2C600&ssl=1 3x, https:\/\/i0.wp.com\/blogdafeira.com.br\/home\/wp-content\/uploads\/2021\/02\/IMG_20210108_083926_1082-scaled.jpg?resize=1400%2C800&ssl=1 4x"},"classes":[]},{"id":69710,"url":"https:\/\/blogdafeira.com.br\/home\/2025\/10\/04\/vao-comecar-as-obras-no-tanque-da-matinha-ze-ronaldo-assina-ordem-de-servico-neste-domingo\/","url_meta":{"origin":66232,"position":3},"title":"V\u00e3o come\u00e7ar as obras no Tanque da Matinha; Z\u00e9 Ronaldo assina ordem de servi\u00e7o neste domingo","author":"Blog da Feira","date":"04\/10\/2025","format":false,"excerpt":"Na \u00e9poca da pandemia da COVID, os moradores do Distrito da Matinha realizaram um \"abra\u00e7o\" no Tanque da Matinha, um local marcante na forma\u00e7\u00e3o da comunidade quilombola que se formou no lugar, no s\u00e9culo 19. O Tanque, inicialmente um pequeno olho d'\u00e1gua, serviu de reservat\u00f3rio do l\u00edquido para o uso\u2026","rel":"","context":"Em &quot;Distritos&quot;","block_context":{"text":"Distritos","link":"https:\/\/blogdafeira.com.br\/home\/categoria\/distritos\/"},"img":{"alt_text":"","src":"https:\/\/i0.wp.com\/blogdafeira.com.br\/home\/wp-content\/uploads\/2025\/10\/droi13.jpg?resize=350%2C200&ssl=1","width":350,"height":200,"srcset":"https:\/\/i0.wp.com\/blogdafeira.com.br\/home\/wp-content\/uploads\/2025\/10\/droi13.jpg?resize=350%2C200&ssl=1 1x, https:\/\/i0.wp.com\/blogdafeira.com.br\/home\/wp-content\/uploads\/2025\/10\/droi13.jpg?resize=525%2C300&ssl=1 1.5x, https:\/\/i0.wp.com\/blogdafeira.com.br\/home\/wp-content\/uploads\/2025\/10\/droi13.jpg?resize=700%2C400&ssl=1 2x"},"classes":[]},{"id":71091,"url":"https:\/\/blogdafeira.com.br\/home\/2026\/01\/27\/honroso-destino-do-feira-tenis-clube\/","url_meta":{"origin":66232,"position":4},"title":"Honroso destino do Feira T\u00eanis Clube","author":"J\u00e2nio R\u00eago","date":"27\/01\/2026","format":false,"excerpt":"O educador Evandro Oliveira, que uma Feira mais antiga e seleta conhece desde o Col\u00e9gio Santan\u00f3polis, me faz sempre essa observa\u00e7\u00e3o sobre o destino do Feira T\u00eanis Clube, quando temos oportunidade de conversar sobre \"as coisas da Feira\": de um clube social a um complexo educacional. Inevit\u00e1vel a compara\u00e7\u00e3o com\u2026","rel":"","context":"Em &quot;Colunistas&quot;","block_context":{"text":"Colunistas","link":"https:\/\/blogdafeira.com.br\/home\/categoria\/colunistas\/"},"img":{"alt_text":"","src":"https:\/\/i0.wp.com\/blogdafeira.com.br\/home\/wp-content\/uploads\/2026\/01\/89dsqt.jpg?resize=350%2C200&ssl=1","width":350,"height":200,"srcset":"https:\/\/i0.wp.com\/blogdafeira.com.br\/home\/wp-content\/uploads\/2026\/01\/89dsqt.jpg?resize=350%2C200&ssl=1 1x, https:\/\/i0.wp.com\/blogdafeira.com.br\/home\/wp-content\/uploads\/2026\/01\/89dsqt.jpg?resize=525%2C300&ssl=1 1.5x, https:\/\/i0.wp.com\/blogdafeira.com.br\/home\/wp-content\/uploads\/2026\/01\/89dsqt.jpg?resize=700%2C400&ssl=1 2x"},"classes":[]},{"id":33138,"url":"https:\/\/blogdafeira.com.br\/home\/2019\/10\/02\/equipe-campea-de-handebol-de-feira-de-santana-sem-local-para-treinar-por-francisco-junior\/","url_meta":{"origin":66232,"position":5},"title":"&#8220;Equipe campe\u00e3 de handebol de Feira de Santana sem local para treinar&#8221;, por Francisco Junior","author":"J\u00e2nio R\u00eago","date":"02\/10\/2019","format":false,"excerpt":"Fundado em 1983 o Feira Handebol Clube (Fhanc) \u00e9 o representante da Princesa do Sert\u00e3o que em 2014 sagrou-se campe\u00e3o baiano pela primeira vez na categoria adulta e tamb\u00e9m com boas participa\u00e7\u00f5es em campeonatos de n\u00edvel nacional, onde, numa bela campanha, ficou em quinto lugar no campeonato brasileiro de 2013,\u2026","rel":"","context":"Em &quot;Home&quot;","block_context":{"text":"Home","link":"https:\/\/blogdafeira.com.br\/home\/categoria\/raiz\/"},"img":{"alt_text":"","src":"https:\/\/i0.wp.com\/blogdafeira.com.br\/home\/wp-content\/uploads\/2019\/10\/FB_IMG_1570038923825-346x208.jpg?resize=350%2C200","width":350,"height":200},"classes":[]}],"_links":{"self":[{"href":"https:\/\/blogdafeira.com.br\/home\/wp-json\/wp\/v2\/posts\/66232","targetHints":{"allow":["GET"]}}],"collection":[{"href":"https:\/\/blogdafeira.com.br\/home\/wp-json\/wp\/v2\/posts"}],"about":[{"href":"https:\/\/blogdafeira.com.br\/home\/wp-json\/wp\/v2\/types\/post"}],"author":[{"embeddable":true,"href":"https:\/\/blogdafeira.com.br\/home\/wp-json\/wp\/v2\/users\/1"}],"replies":[{"embeddable":true,"href":"https:\/\/blogdafeira.com.br\/home\/wp-json\/wp\/v2\/comments?post=66232"}],"version-history":[{"count":11,"href":"https:\/\/blogdafeira.com.br\/home\/wp-json\/wp\/v2\/posts\/66232\/revisions"}],"predecessor-version":[{"id":66288,"href":"https:\/\/blogdafeira.com.br\/home\/wp-json\/wp\/v2\/posts\/66232\/revisions\/66288"}],"wp:featuredmedia":[{"embeddable":true,"href":"https:\/\/blogdafeira.com.br\/home\/wp-json\/wp\/v2\/media\/66242"}],"wp:attachment":[{"href":"https:\/\/blogdafeira.com.br\/home\/wp-json\/wp\/v2\/media?parent=66232"}],"wp:term":[{"taxonomy":"category","embeddable":true,"href":"https:\/\/blogdafeira.com.br\/home\/wp-json\/wp\/v2\/categories?post=66232"},{"taxonomy":"post_tag","embeddable":true,"href":"https:\/\/blogdafeira.com.br\/home\/wp-json\/wp\/v2\/tags?post=66232"}],"curies":[{"name":"wp","href":"https:\/\/api.w.org\/{rel}","templated":true}]}}