{"id":66247,"date":"2025-03-18T17:48:28","date_gmt":"2025-03-18T20:48:28","guid":{"rendered":"https:\/\/blogdafeira.com.br\/home\/?p=66247"},"modified":"2025-08-19T00:07:28","modified_gmt":"2025-08-19T03:07:28","slug":"feira-tem-teatro-celebram-os-15-anos-do-grupo-conto-em-cena","status":"publish","type":"post","link":"https:\/\/blogdafeira.com.br\/home\/2025\/03\/18\/feira-tem-teatro-celebram-os-15-anos-do-grupo-conto-em-cena\/","title":{"rendered":"&#8216;Feira tem Teatro&#8217; celebra os 15 anos do grupo &#8216;Conto em Cena&#8217;"},"content":{"rendered":"<div id=\"blogd-1073600810\" class=\"blogd-fim-do-post-mobile blogd-entity-placement\" style=\"margin-left: auto;margin-right: auto;text-align: center;\"><a href=\"https:\/\/www.sefaz.feiradesantana.ba.gov.br\/\" target=\"_blank\" aria-label=\"728&#215;90 (6)\"><img loading=\"lazy\" decoding=\"async\" src=\"https:\/\/blogdafeira.com.br\/home\/wp-content\/uploads\/2026\/03\/728x90-6.gif\" alt=\"\"  class=\"no-lazyload\" width=\"728\" height=\"90\"  style=\"display: inline-block;\" \/><\/a><\/div><p>A temporada 2025 do Feira Tem Teatro, projeto que re\u00fane produ\u00e7\u00f5es teatrais de Feira de Santana, se iniciar\u00e1 nos dias 28 e 29 de mar\u00e7o com a estreia do espet\u00e1culo Soraia, uma com\u00e9dia musical inspirada nas irreverentes can\u00e7\u00f5es do artista baiano Z\u00e9u Britto. A pe\u00e7a teatral \u00e9 uma cria\u00e7\u00e3o coletiva e tem dire\u00e7\u00e3o e dramaturgia assinadas por Geovane Mascarenhas que tamb\u00e9m \u00e9 idealizador do projeto que chega \u00e0 sexta edi\u00e7\u00e3o. Os ingressos podem ser adquiridos atrav\u00e9s do Sympla com desconto. https:\/\/www.sympla.com.br\/evento\/soraia\/2863806<\/p><div id=\"blogd-1606165772\" class=\"blogd-conteudo-2-mobile blogd-entity-placement\"><a href=\"https:\/\/feirenses.com.br\/\" target=\"_blank\" aria-label=\"feirenses\"><img loading=\"lazy\" decoding=\"async\" src=\"https:\/\/blogdafeira.com.br\/home\/wp-content\/uploads\/2026\/04\/feirenses.png\" alt=\"\"  srcset=\"https:\/\/blogdafeira.com.br\/home\/wp-content\/uploads\/2026\/04\/feirenses.png 300w, https:\/\/blogdafeira.com.br\/home\/wp-content\/uploads\/2026\/04\/feirenses-170x45.png 170w, https:\/\/blogdafeira.com.br\/home\/wp-content\/uploads\/2026\/04\/feirenses-280x74.png 280w\" sizes=\"(max-width: 300px) 100vw, 300px\" class=\"no-lazyload\" width=\"300\" height=\"79\"  style=\"display: inline-block;\" \/><\/a><\/div>\n<p>\u201cO espet\u00e1culo Soraia foi criado a partir de um processo divertido de cria\u00e7\u00e3o da pe\u00e7a, desde a dramaturgia at\u00e9 a decis\u00e3o dos elementos, numa oficina Montagem do Cuca e que envolveu atores experientes e novos talentos. Todo o espet\u00e1culo \u00e9 inspirado nas can\u00e7\u00f5es de Z\u00e9u Britto, ator e m\u00fasico de Jequi\u00e9 que se tornou conhecido nacionalmente por seu trabalho na TV, cinema e com a m\u00fasica\u201d, explica o diretor.<\/p>\n<p><strong>CONTO EM CENA &#8211;\u00a0<\/strong>Consolidado como uma das principais iniciativas de fortalecimento da cena teatral em Feira de Santana, O Feira Tem Teatro est\u00e1 h\u00e1 seis edi\u00e7\u00f5es promovendo apresenta\u00e7\u00f5es de espet\u00e1culos feirenses para o p\u00fablico de Feira de Santana. Em 2025, al\u00e9m da pe\u00e7a in\u00e9dita Soraia, haver\u00e1 programa\u00e7\u00e3o especial em comemora\u00e7\u00e3o aos 15 anos do Grupo Conto em Cena. Por isso far\u00e1 parte da programa\u00e7\u00e3o do projeto, nesses primeiros meses do ano, o espet\u00e1culo mais visto do grupo, A Cartomante, que j\u00e1 teve p\u00fablico estimado em 40 mil espectadores desde a estreia.<\/p>\n<p>&#8220;Novas apresenta\u00e7\u00f5es de Amor, conto de Clarice Lispector, e Sexo com Ab\u00f3boras, uma com\u00e9dia inspirada nas cr\u00f4nicas de Luis Fernando Ver\u00edssimo tamb\u00e9m voltar\u00e3o a estar em cartaz&#8221;, afirma Geovane Mascarenhas.<\/p>\n<p>A programa\u00e7\u00e3o busca atender \u00e0 crescente demanda do p\u00fablico de Feira de Santana por uma agenda teatral. O projeto se fortaleceu ao longo de oito anos e j\u00e1 faz parte do calend\u00e1rio cultural da cidade, oferecendo ao p\u00fablico um espa\u00e7o para se conectar com a produ\u00e7\u00e3o art\u00edstica local.<\/p>\n<p>Foto: Gabriel Lima<\/p>\n<div id=\"blogd-3990590802\" class=\"blogd-final-post blogd-entity-placement\"><a href=\"https:\/\/www.feiradesantana.ba.leg.br\/\" target=\"_blank\" aria-label=\"BANNER-SITE-ENTREGADECHEQUE-CAMARADEFEIRA\"><img loading=\"lazy\" decoding=\"async\" src=\"https:\/\/blogdafeira.com.br\/home\/wp-content\/uploads\/2026\/03\/BANNER-SITE-ENTREGADECHEQUE-CAMARADEFEIRA.gif\" alt=\"\"  class=\"no-lazyload\" width=\"728\" height=\"90\"   \/><\/a><\/div><p>SERVI\u00c7O: FEIRA TEM TEATRO<br \/>\nEspet\u00e1culo: Soraia<br \/>\nOnde: Teatro do CUCA<br \/>\nQuando: 28 e 29 de mar\u00e7o, \u00e0s 20h<br \/>\nClassifica\u00e7\u00e3o: 16 anos<br \/>\nIngressos: R$ 40,00 (inteira) e R$ 20,00 (meia)<br \/>\nCompra antecipada pelo Sympla: ingresso promocional por R$ 20,00<br \/>\nVendas no local: a partir das 18h30, nos dias das apresenta\u00e7\u00f5es<\/p>\n","protected":false},"excerpt":{"rendered":"<p>A temporada 2025 do Feira Tem Teatro, projeto que re\u00fane produ\u00e7\u00f5es teatrais de Feira de Santana, se iniciar\u00e1 nos dias 28 e 29 de mar\u00e7o com a estreia do espet\u00e1culo Soraia, uma com\u00e9dia musical inspirada nas irreverentes can\u00e7\u00f5es do artista baiano Z\u00e9u Britto. A pe\u00e7a teatral \u00e9 uma cria\u00e7\u00e3o coletiva e tem dire\u00e7\u00e3o e dramaturgia<\/p>\n","protected":false},"author":1,"featured_media":66248,"comment_status":"open","ping_status":"open","sticky":false,"template":"","format":"standard","meta":{"jetpack_post_was_ever_published":false,"cybocfi_hide_featured_image":"","_jetpack_newsletter_access":"","_jetpack_dont_email_post_to_subs":false,"_jetpack_newsletter_tier_id":0,"_jetpack_memberships_contains_paywalled_content":false,"_jetpack_memberships_contains_paid_content":false,"footnotes":"","jetpack_publicize_message":"","jetpack_publicize_feature_enabled":true,"jetpack_social_post_already_shared":true,"jetpack_social_options":{"image_generator_settings":{"template":"highway","default_image_id":0,"font":"","enabled":false},"version":2}},"categories":[4,1],"tags":[],"class_list":["post-66247","post","type-post","status-publish","format-standard","has-post-thumbnail","hentry","category-cultura","category-raiz"],"jetpack_publicize_connections":[],"jetpack_featured_media_url":"https:\/\/blogdafeira.com.br\/home\/wp-content\/uploads\/2025\/03\/IMG-20250318-WA0067.jpg","jetpack_shortlink":"https:\/\/wp.me\/p3niVf-hev","jetpack_sharing_enabled":true,"jetpack-related-posts":[{"id":66483,"url":"https:\/\/blogdafeira.com.br\/home\/2025\/04\/02\/soraia-nova-peca-de-geovane-mascarenhas-teve-estreia-com-zeu-brito-e-sabado-tem-apresentacao-extra\/","url_meta":{"origin":66247,"position":0},"title":"&#8216;Soraia&#8217;, nova pe\u00e7a de Geovane Mascarenhas teve estreia com Z\u00e9u Brito; s\u00e1bado tem sess\u00e3o extra","author":"Ascom","date":"02\/04\/2025","format":false,"excerpt":"O jornalista Wilson M\u00e1rio e o artista Z\u00e9u Brito encontraram-se ao final da estreia da mais nova pe\u00e7a do diretor Geovane Mascarenhas, Soraia.\u00a0 \"Foi um encontro muito descontra\u00eddo\", comenta o jornalista, sugerindo a pe\u00e7a, uma divertida e inteligente\u00a0 com\u00e9dia, aos apreciadores do teatro em Feira. Cerca de 500 pessoas foram\u2026","rel":"","context":"Em &quot;Cultura&quot;","block_context":{"text":"Cultura","link":"https:\/\/blogdafeira.com.br\/home\/categoria\/cultura\/"},"img":{"alt_text":"","src":"https:\/\/i0.wp.com\/blogdafeira.com.br\/home\/wp-content\/uploads\/2025\/04\/IMG-20250402-WA00632.jpg?resize=350%2C200&ssl=1","width":350,"height":200,"srcset":"https:\/\/i0.wp.com\/blogdafeira.com.br\/home\/wp-content\/uploads\/2025\/04\/IMG-20250402-WA00632.jpg?resize=350%2C200&ssl=1 1x, https:\/\/i0.wp.com\/blogdafeira.com.br\/home\/wp-content\/uploads\/2025\/04\/IMG-20250402-WA00632.jpg?resize=525%2C300&ssl=1 1.5x, https:\/\/i0.wp.com\/blogdafeira.com.br\/home\/wp-content\/uploads\/2025\/04\/IMG-20250402-WA00632.jpg?resize=700%2C400&ssl=1 2x, https:\/\/i0.wp.com\/blogdafeira.com.br\/home\/wp-content\/uploads\/2025\/04\/IMG-20250402-WA00632.jpg?resize=1050%2C600&ssl=1 3x"},"classes":[]},{"id":70872,"url":"https:\/\/blogdafeira.com.br\/home\/2026\/01\/12\/los-catedraticos-abre-a-temporada-teatral-de-verao-em-salvador\/","url_meta":{"origin":66247,"position":1},"title":"Los Catedr\u00e1sticos abre a temporada teatral de ver\u00e3o em Salvador","author":"Ascom","date":"12\/01\/2026","format":false,"excerpt":"Depois de uma temporada com todas as sess\u00f5es lotadas, no ver\u00e3o de 2025, e de uma turn\u00ea bem-sucedida pelo interior da Bahia, nas cidades de Vit\u00f3ria da Conquista, Feira de Santana e Cama\u00e7ari, esse espet\u00e1culo, que \u00e9 um marco do teatro brasileiro, estreia no dia 16, \u00e0s 20h, marcando o\u2026","rel":"","context":"Em &quot;Cultura&quot;","block_context":{"text":"Cultura","link":"https:\/\/blogdafeira.com.br\/home\/categoria\/cultura\/"},"img":{"alt_text":"","src":"https:\/\/i0.wp.com\/blogdafeira.com.br\/home\/wp-content\/uploads\/2026\/01\/Maria-e-Luisa-scaled.jpg?resize=350%2C200&ssl=1","width":350,"height":200,"srcset":"https:\/\/i0.wp.com\/blogdafeira.com.br\/home\/wp-content\/uploads\/2026\/01\/Maria-e-Luisa-scaled.jpg?resize=350%2C200&ssl=1 1x, https:\/\/i0.wp.com\/blogdafeira.com.br\/home\/wp-content\/uploads\/2026\/01\/Maria-e-Luisa-scaled.jpg?resize=525%2C300&ssl=1 1.5x, https:\/\/i0.wp.com\/blogdafeira.com.br\/home\/wp-content\/uploads\/2026\/01\/Maria-e-Luisa-scaled.jpg?resize=700%2C400&ssl=1 2x, https:\/\/i0.wp.com\/blogdafeira.com.br\/home\/wp-content\/uploads\/2026\/01\/Maria-e-Luisa-scaled.jpg?resize=1050%2C600&ssl=1 3x, https:\/\/i0.wp.com\/blogdafeira.com.br\/home\/wp-content\/uploads\/2026\/01\/Maria-e-Luisa-scaled.jpg?resize=1400%2C800&ssl=1 4x"},"classes":[]},{"id":23135,"url":"https:\/\/blogdafeira.com.br\/home\/2016\/08\/19\/domingo-tem-teatro-no-cuca-em-feira-as-rimas-de-catarina\/","url_meta":{"origin":66247,"position":2},"title":"Domingo tem Teatro no Cuca em Feira: &#8220;As Rimas de Catarina&#8221;","author":"Ascom","date":"19\/08\/2016","format":false,"excerpt":"O projeto Domingo Tem Teatro traz de volta aos palcos de Feira de Santana, o premiado espet\u00e1culo As Rimas de Catarina do grupo soteropolitano Cia. Raps\u00f3dia de Teatro. As apresenta\u00e7\u00f5es acontecem nos dias 21 e 28 de agosto, \u00e0s 10h30, no teatro do Centro Universit\u00e1rio de Cultura e Arte -\u2026","rel":"","context":"Em &quot;Home&quot;","block_context":{"text":"Home","link":"https:\/\/blogdafeira.com.br\/home\/categoria\/raiz\/"},"img":{"alt_text":"Domingo Tem Teatro recebe As Rimas de Catarina","src":"https:\/\/i0.wp.com\/blogdafeira.com.br\/home\/wp-content\/uploads\/2016\/08\/Domingo-Tem-Teatro-recebe-As-Rimas-de-Catarina.jpg?resize=350%2C200","width":350,"height":200,"srcset":"https:\/\/i0.wp.com\/blogdafeira.com.br\/home\/wp-content\/uploads\/2016\/08\/Domingo-Tem-Teatro-recebe-As-Rimas-de-Catarina.jpg?resize=350%2C200 1x, https:\/\/i0.wp.com\/blogdafeira.com.br\/home\/wp-content\/uploads\/2016\/08\/Domingo-Tem-Teatro-recebe-As-Rimas-de-Catarina.jpg?resize=525%2C300 1.5x, https:\/\/i0.wp.com\/blogdafeira.com.br\/home\/wp-content\/uploads\/2016\/08\/Domingo-Tem-Teatro-recebe-As-Rimas-de-Catarina.jpg?resize=700%2C400 2x"},"classes":[]},{"id":55009,"url":"https:\/\/blogdafeira.com.br\/home\/2022\/10\/21\/o-velho-lobo-do-mar-em-cartas-nos-dias-34-e-5-no-cuca\/","url_meta":{"origin":66247,"position":3},"title":"&#8220;O Velho Lobo do Mar&#8221; em cartaz nos dias 3,4 e 5 no CUCA","author":"Ascom","date":"21\/10\/2022","format":false,"excerpt":"Com uma nova montagem do espet\u00e1culo, o grupo de teatro Conto em Cena estar\u00e1 em cartaz nos dias 03, 04 e 05 de novembro com a pe\u00e7a \u201cO velho lobo do mar\u201d. A obra conta a trajet\u00f3ria de vida do seu personagem principal, o lobo, proporcionando para o p\u00fablico momentos\u2026","rel":"","context":"Em &quot;Cultura&quot;","block_context":{"text":"Cultura","link":"https:\/\/blogdafeira.com.br\/home\/categoria\/cultura\/"},"img":{"alt_text":"","src":"https:\/\/i0.wp.com\/blogdafeira.com.br\/home\/wp-content\/uploads\/2022\/10\/VELHO-LOBO-DO-MAR-CARD.png?resize=350%2C200&ssl=1","width":350,"height":200,"srcset":"https:\/\/i0.wp.com\/blogdafeira.com.br\/home\/wp-content\/uploads\/2022\/10\/VELHO-LOBO-DO-MAR-CARD.png?resize=350%2C200&ssl=1 1x, https:\/\/i0.wp.com\/blogdafeira.com.br\/home\/wp-content\/uploads\/2022\/10\/VELHO-LOBO-DO-MAR-CARD.png?resize=525%2C300&ssl=1 1.5x, https:\/\/i0.wp.com\/blogdafeira.com.br\/home\/wp-content\/uploads\/2022\/10\/VELHO-LOBO-DO-MAR-CARD.png?resize=700%2C400&ssl=1 2x, https:\/\/i0.wp.com\/blogdafeira.com.br\/home\/wp-content\/uploads\/2022\/10\/VELHO-LOBO-DO-MAR-CARD.png?resize=1050%2C600&ssl=1 3x"},"classes":[]},{"id":31183,"url":"https:\/\/blogdafeira.com.br\/home\/2019\/04\/11\/encarceradas-na-sexta-e-sabado-e-a-montagem-de-abril-do-projeto-feira-tem-teatro\/","url_meta":{"origin":66247,"position":4},"title":"&#8216;Encarceradas&#8217;, na sexta e s\u00e1bado, \u00e9 a montagem de abril do projeto &#8216;Feira tem Teatro&#8217;","author":"Ascom","date":"11\/04\/2019","format":false,"excerpt":"\"Encarceradas\" volta ao teatro do Centro Universit\u00e1rio de Cultura e Arte (CUCA) pelo projeto Feira Tem Teatro', nesta sexta (12) e s\u00e1bado (13), \u00e0s 20h. Do diretor e dramaturgo Fernando Souza, que recentemente tamb\u00e9m preparou o elenco do longa metragem Porque Eu Te Amei, a montagem foi indicada ao\u00a0pr\u00eamio Braskem\u2026","rel":"","context":"Em &quot;Home&quot;","block_context":{"text":"Home","link":"https:\/\/blogdafeira.com.br\/home\/categoria\/raiz\/"},"img":{"alt_text":"","src":"https:\/\/i0.wp.com\/blogdafeira.com.br\/home\/wp-content\/uploads\/2019\/04\/FEIRA-TEM-TEATRO.jpeg?resize=350%2C200","width":350,"height":200},"classes":[]},{"id":70546,"url":"https:\/\/blogdafeira.com.br\/home\/2025\/12\/17\/musical-revive-elza-soares-neste-sabado-no-teatro-do-centro-de-convencoes-de-feira\/","url_meta":{"origin":66247,"position":5},"title":"Musical revive Elza Soares neste s\u00e1bado no Teatro do Centro de Conven\u00e7\u00f5es de Feira","author":"Ascom","date":"17\/12\/2025","format":false,"excerpt":"O Teatro e Centro de Conven\u00e7\u00f5es de Feira de Santana (TCCFSA) recebe neste s\u00e1bado (20), \u00e0s 19h, o musical \u201cSe acaso voc\u00ea chegasse \u2013 Uma homenagem a Elza Soares\u201d, espet\u00e1culo que celebra a vida, a obra e a pot\u00eancia de uma das maiores vozes da m\u00fasica brasileira. Com dire\u00e7\u00e3o de\u2026","rel":"","context":"Em &quot;Cultura&quot;","block_context":{"text":"Cultura","link":"https:\/\/blogdafeira.com.br\/home\/categoria\/cultura\/"},"img":{"alt_text":"","src":"https:\/\/i0.wp.com\/blogdafeira.com.br\/home\/wp-content\/uploads\/2025\/12\/IMG-20251217-WA0036.jpg?resize=350%2C200&ssl=1","width":350,"height":200,"srcset":"https:\/\/i0.wp.com\/blogdafeira.com.br\/home\/wp-content\/uploads\/2025\/12\/IMG-20251217-WA0036.jpg?resize=350%2C200&ssl=1 1x, https:\/\/i0.wp.com\/blogdafeira.com.br\/home\/wp-content\/uploads\/2025\/12\/IMG-20251217-WA0036.jpg?resize=525%2C300&ssl=1 1.5x, https:\/\/i0.wp.com\/blogdafeira.com.br\/home\/wp-content\/uploads\/2025\/12\/IMG-20251217-WA0036.jpg?resize=700%2C400&ssl=1 2x, https:\/\/i0.wp.com\/blogdafeira.com.br\/home\/wp-content\/uploads\/2025\/12\/IMG-20251217-WA0036.jpg?resize=1050%2C600&ssl=1 3x"},"classes":[]}],"_links":{"self":[{"href":"https:\/\/blogdafeira.com.br\/home\/wp-json\/wp\/v2\/posts\/66247","targetHints":{"allow":["GET"]}}],"collection":[{"href":"https:\/\/blogdafeira.com.br\/home\/wp-json\/wp\/v2\/posts"}],"about":[{"href":"https:\/\/blogdafeira.com.br\/home\/wp-json\/wp\/v2\/types\/post"}],"author":[{"embeddable":true,"href":"https:\/\/blogdafeira.com.br\/home\/wp-json\/wp\/v2\/users\/1"}],"replies":[{"embeddable":true,"href":"https:\/\/blogdafeira.com.br\/home\/wp-json\/wp\/v2\/comments?post=66247"}],"version-history":[{"count":2,"href":"https:\/\/blogdafeira.com.br\/home\/wp-json\/wp\/v2\/posts\/66247\/revisions"}],"predecessor-version":[{"id":66250,"href":"https:\/\/blogdafeira.com.br\/home\/wp-json\/wp\/v2\/posts\/66247\/revisions\/66250"}],"wp:featuredmedia":[{"embeddable":true,"href":"https:\/\/blogdafeira.com.br\/home\/wp-json\/wp\/v2\/media\/66248"}],"wp:attachment":[{"href":"https:\/\/blogdafeira.com.br\/home\/wp-json\/wp\/v2\/media?parent=66247"}],"wp:term":[{"taxonomy":"category","embeddable":true,"href":"https:\/\/blogdafeira.com.br\/home\/wp-json\/wp\/v2\/categories?post=66247"},{"taxonomy":"post_tag","embeddable":true,"href":"https:\/\/blogdafeira.com.br\/home\/wp-json\/wp\/v2\/tags?post=66247"}],"curies":[{"name":"wp","href":"https:\/\/api.w.org\/{rel}","templated":true}]}}