{"id":66268,"date":"2025-03-19T00:09:08","date_gmt":"2025-03-19T03:09:08","guid":{"rendered":"https:\/\/blogdafeira.com.br\/home\/?p=66268"},"modified":"2025-08-19T00:07:28","modified_gmt":"2025-08-19T03:07:28","slug":"predio-da-25-de-marco-esta-pedindo-para-ser-incendiado","status":"publish","type":"post","link":"https:\/\/blogdafeira.com.br\/home\/2025\/03\/19\/predio-da-25-de-marco-esta-pedindo-para-ser-incendiado\/","title":{"rendered":"Pr\u00e9dio da &#8217;25 de Mar\u00e7o&#8217; est\u00e1 &#8220;pedindo&#8221; para ser incendiado"},"content":{"rendered":"<div id=\"blogd-1574884273\" class=\"blogd-fim-do-post-mobile blogd-entity-placement\" style=\"margin-left: auto;margin-right: auto;text-align: center;\"><a href=\"https:\/\/www.sefaz.feiradesantana.ba.gov.br\/\" target=\"_blank\" aria-label=\"728&#215;90 (6)\"><img loading=\"lazy\" decoding=\"async\" src=\"https:\/\/blogdafeira.com.br\/home\/wp-content\/uploads\/2026\/03\/728x90-6.gif\" alt=\"\"  class=\"no-lazyload\" width=\"728\" height=\"90\"  style=\"display: inline-block;\" \/><\/a><\/div><p>H\u00e1 cerca de 10 anos, o engenheiro Pedro Elias, hoje aposentado do servi\u00e7o p\u00fablico municipal, fez uma avalia\u00e7\u00e3o t\u00e9cnica desse pr\u00e9dio da Filarm\u00f4nica 25 de Mar\u00e7o, na rua Conselheiro Franco, no centro de Feira de Santana. O laudo, elaborado pelo profissional, p\u00f3s-graduado, mostrou as fragilidades e os riscos da antiga constru\u00e7\u00e3o. Foi a \u00faltima an\u00e1lise estrutural feita no im\u00f3vel.\u00a0 Mas de l\u00e1 pra c\u00e1, a n\u00e3o ser retoques e alguns escoramentos, nada de consequente foi feito para restaurar a antiga sede dessa Sociedade Filarm\u00f4nica, criada por ricos comerciantes da cidade, e onde funcionou durante muitos anos, um jogo de cartas entre homens da elite feirense. Um dos remanescentes desses grupos do &#8220;carteado da 25&#8221; \u00e9 o educador (Col\u00e9gio Santan\u00f3polis)\u00a0 e pecuarista Evandro Oliveira.<\/p><div id=\"blogd-857469592\" class=\"blogd-conteudo-2-mobile blogd-entity-placement\"><a href=\"https:\/\/feirenses.com.br\/\" target=\"_blank\" aria-label=\"feirenses\"><img loading=\"lazy\" decoding=\"async\" src=\"https:\/\/blogdafeira.com.br\/home\/wp-content\/uploads\/2026\/04\/feirenses.png\" alt=\"\"  srcset=\"https:\/\/blogdafeira.com.br\/home\/wp-content\/uploads\/2026\/04\/feirenses.png 300w, https:\/\/blogdafeira.com.br\/home\/wp-content\/uploads\/2026\/04\/feirenses-170x45.png 170w, https:\/\/blogdafeira.com.br\/home\/wp-content\/uploads\/2026\/04\/feirenses-280x74.png 280w\" sizes=\"(max-width: 300px) 100vw, 300px\" class=\"no-lazyload\" width=\"300\" height=\"79\"  style=\"display: inline-block;\" \/><\/a><\/div>\n<p><img loading=\"lazy\" decoding=\"async\" class=\"aligncenter size-medium wp-image-66270\" src=\"https:\/\/blogdafeira.com.br\/home\/wp-content\/uploads\/2025\/03\/IMG-20250318-WA0106-225x300.jpg\" alt=\"\" width=\"225\" height=\"300\" srcset=\"https:\/\/blogdafeira.com.br\/home\/wp-content\/uploads\/2025\/03\/IMG-20250318-WA0106-225x300.jpg 225w, https:\/\/blogdafeira.com.br\/home\/wp-content\/uploads\/2025\/03\/IMG-20250318-WA0106-768x1024.jpg 768w, https:\/\/blogdafeira.com.br\/home\/wp-content\/uploads\/2025\/03\/IMG-20250318-WA0106-113x150.jpg 113w, https:\/\/blogdafeira.com.br\/home\/wp-content\/uploads\/2025\/03\/IMG-20250318-WA0106-140x187.jpg 140w, https:\/\/blogdafeira.com.br\/home\/wp-content\/uploads\/2025\/03\/IMG-20250318-WA0106.jpg 960w\" sizes=\"auto, (max-width: 225px) 100vw, 225px\" \/><\/p>\n<p>Antes desse laudo de Pedro Elias,\u00a0 o pr\u00e9dio j\u00e1 fechado e j\u00e1 em estado de profunda deteriora\u00e7\u00e3o, a banda de m\u00fasica, ou seja, a Filarm\u00f4nica propriamente dita, foi revigorada pela Funda\u00e7\u00e3o Senhor dos Passos e alojados seus ensaios, partituras\u00a0 e instrumentos em um outro local. A sede antiga continuou a ruir. Hoje a Filarm\u00f4nica 25 de Mar\u00e7o, regida pelo maestro Ant\u00f4nio das Neves \u00e9 um orgulho da Feira e presen\u00e7a indispens\u00e1vel em determinados eventos da vida social. Mas a antiga sede piorou muito, a um ponto tal que ela pr\u00f3pria parece pedir para ser vandalizada ou, quem sabe, at\u00e9 incendiada por alguma chama jogada pela enorme\u00a0 brecha na velha porta de entrada,\u00a0 &#8220;segura&#8221; por uma corrente e um cadeado enferrujados. N\u00e3o duvidem dos maus instintos urbanos nem da poderosa e obscura especula\u00e7\u00e3o imobili\u00e1ria da Feira de Santana.<\/p>\n<div id=\"blogd-2274604786\" class=\"blogd-final-post blogd-entity-placement\"><a href=\"https:\/\/www.feiradesantana.ba.leg.br\/\" target=\"_blank\" aria-label=\"BANNER-SITE-ENTREGADECHEQUE-CAMARADEFEIRA\"><img loading=\"lazy\" decoding=\"async\" src=\"https:\/\/blogdafeira.com.br\/home\/wp-content\/uploads\/2026\/03\/BANNER-SITE-ENTREGADECHEQUE-CAMARADEFEIRA.gif\" alt=\"\"  class=\"no-lazyload\" width=\"728\" height=\"90\"   \/><\/a><\/div><p><em><strong>fotos: Reginaldo Pereira<\/strong><\/em><\/p>\n","protected":false},"excerpt":{"rendered":"<p>H\u00e1 cerca de 10 anos, o engenheiro Pedro Elias, hoje aposentado do servi\u00e7o p\u00fablico municipal, fez uma avalia\u00e7\u00e3o t\u00e9cnica desse pr\u00e9dio da Filarm\u00f4nica 25 de Mar\u00e7o, na rua Conselheiro Franco, no centro de Feira de Santana. O laudo, elaborado pelo profissional, p\u00f3s-graduado, mostrou as fragilidades e os riscos da antiga constru\u00e7\u00e3o. Foi a \u00faltima an\u00e1lise<\/p>\n","protected":false},"author":8,"featured_media":66273,"comment_status":"open","ping_status":"open","sticky":false,"template":"","format":"standard","meta":{"jetpack_post_was_ever_published":false,"cybocfi_hide_featured_image":"","_jetpack_newsletter_access":"","_jetpack_dont_email_post_to_subs":false,"_jetpack_newsletter_tier_id":0,"_jetpack_memberships_contains_paywalled_content":false,"_jetpack_memberships_contains_paid_content":false,"footnotes":"","jetpack_publicize_message":"","jetpack_publicize_feature_enabled":true,"jetpack_social_post_already_shared":true,"jetpack_social_options":{"image_generator_settings":{"template":"highway","default_image_id":0,"font":"","enabled":false},"version":2}},"categories":[3,1],"tags":[],"class_list":["post-66268","post","type-post","status-publish","format-standard","has-post-thumbnail","hentry","category-cidade","category-raiz"],"jetpack_publicize_connections":[],"jetpack_featured_media_url":"https:\/\/blogdafeira.com.br\/home\/wp-content\/uploads\/2025\/03\/IMG_20250318_1336487945-scaled.jpg","jetpack_shortlink":"https:\/\/wp.me\/p3niVf-heQ","jetpack_sharing_enabled":true,"jetpack-related-posts":[{"id":21273,"url":"https:\/\/blogdafeira.com.br\/home\/2016\/05\/04\/casarao-historico-de-filarmonica-em-feira-pode-cair-a-qualquer-hora-2\/","url_meta":{"origin":66268,"position":0},"title":"Casar\u00e3o hist\u00f3rico de Filarm\u00f4nica em Feira pode cair a qualquer hora","author":"Blog da Feira","date":"04\/05\/2016","format":false,"excerpt":"O antigo pr\u00e9dio da Filarm\u00f4nica 25 de Mar\u00e7o, uma entidade sem fins lucrativos que existe apenas juridicamente, localizado numa das principais ruas do centro da cidade, a Conselheiro Franco, est\u00e1 h\u00e1 muitos anos abandonado e se deteriorando a ponto de cair a qualquer momento, principalmente se as chuvas se intensificarem.\u2026","rel":"","context":"Em &quot;Home&quot;","block_context":{"text":"Home","link":"https:\/\/blogdafeira.com.br\/home\/categoria\/raiz\/"},"img":{"alt_text":"IMG_20160504_122132281","src":"https:\/\/i0.wp.com\/blogdafeira.com.br\/home\/wp-content\/uploads\/2016\/05\/IMG_20160504_122132281-1024x576.jpg?resize=350%2C200","width":350,"height":200,"srcset":"https:\/\/i0.wp.com\/blogdafeira.com.br\/home\/wp-content\/uploads\/2016\/05\/IMG_20160504_122132281-1024x576.jpg?resize=350%2C200 1x, https:\/\/i0.wp.com\/blogdafeira.com.br\/home\/wp-content\/uploads\/2016\/05\/IMG_20160504_122132281-1024x576.jpg?resize=525%2C300 1.5x"},"classes":[]},{"id":57294,"url":"https:\/\/blogdafeira.com.br\/home\/2023\/04\/28\/filarmonica-25-de-marco-faz-publico-interagir-e-conhecer-os-instrumentos\/","url_meta":{"origin":66268,"position":1},"title":"Filarm\u00f4nica 25 de Mar\u00e7o, o p\u00fablico interage e conhece os instrumentos","author":"Blog da Feira","date":"28\/04\/2023","format":false,"excerpt":"No m\u00eas passado quando fez 155 anos a Filarm\u00f4nica 25 de Mar\u00e7o comemorou com uma retreta no Coreto da Matriz de Senhora Santana, a padroeira da cidade. Em outros anivers\u00e1rios ela tamb\u00e9m tocou pelas ruas, na cal\u00e7ada defronte ao antigo pr\u00e9dio aonde foi sua sede (foto) Neste s\u00e1bado,29, ela executa\u2026","rel":"","context":"Em &quot;Cultura&quot;","block_context":{"text":"Cultura","link":"https:\/\/blogdafeira.com.br\/home\/categoria\/cultura\/"},"img":{"alt_text":"","src":"https:\/\/i0.wp.com\/blogdafeira.com.br\/home\/wp-content\/uploads\/2023\/04\/IMG_20180323_170937189_HDR-768x1024-1.jpg?resize=350%2C200&ssl=1","width":350,"height":200,"srcset":"https:\/\/i0.wp.com\/blogdafeira.com.br\/home\/wp-content\/uploads\/2023\/04\/IMG_20180323_170937189_HDR-768x1024-1.jpg?resize=350%2C200&ssl=1 1x, https:\/\/i0.wp.com\/blogdafeira.com.br\/home\/wp-content\/uploads\/2023\/04\/IMG_20180323_170937189_HDR-768x1024-1.jpg?resize=525%2C300&ssl=1 1.5x, https:\/\/i0.wp.com\/blogdafeira.com.br\/home\/wp-content\/uploads\/2023\/04\/IMG_20180323_170937189_HDR-768x1024-1.jpg?resize=700%2C400&ssl=1 2x"},"classes":[]},{"id":64008,"url":"https:\/\/blogdafeira.com.br\/home\/2024\/09\/27\/filarmonicas-um-passado-ainda-presente-na-feira-de-santana\/","url_meta":{"origin":66268,"position":2},"title":"Filarm\u00f4nicas, um passado ainda presente na Feira de Santana","author":"Blog da Feira","date":"27\/09\/2024","format":false,"excerpt":"Assim como um Fla x Flu, ou para ser mais regional, um Ba x Vi, eram as disputas entre as filarm\u00f4nicas de Feira de Santana no final do s\u00e9culo XIX e at\u00e9 metade do s\u00e9culo XX. Nas festas religiosas e pol\u00edticas, eventos da alta sociedade e nas retretas realizadas nos\u2026","rel":"","context":"Em &quot;Cidade&quot;","block_context":{"text":"Cidade","link":"https:\/\/blogdafeira.com.br\/home\/categoria\/cidade\/"},"img":{"alt_text":"","src":"https:\/\/i0.wp.com\/blogdafeira.com.br\/home\/wp-content\/uploads\/2024\/09\/27092024111922.jpg?resize=350%2C200&ssl=1","width":350,"height":200,"srcset":"https:\/\/i0.wp.com\/blogdafeira.com.br\/home\/wp-content\/uploads\/2024\/09\/27092024111922.jpg?resize=350%2C200&ssl=1 1x, https:\/\/i0.wp.com\/blogdafeira.com.br\/home\/wp-content\/uploads\/2024\/09\/27092024111922.jpg?resize=525%2C300&ssl=1 1.5x, https:\/\/i0.wp.com\/blogdafeira.com.br\/home\/wp-content\/uploads\/2024\/09\/27092024111922.jpg?resize=700%2C400&ssl=1 2x, https:\/\/i0.wp.com\/blogdafeira.com.br\/home\/wp-content\/uploads\/2024\/09\/27092024111922.jpg?resize=1050%2C600&ssl=1 3x"},"classes":[]},{"id":4669,"url":"https:\/\/blogdafeira.com.br\/home\/2013\/08\/28\/filarmonica-25-de-marco-e-montepioexemplos-do-descaso-com-a-historia-de-feira\/","url_meta":{"origin":66268,"position":3},"title":"Filarm\u00f4nica 25 de Mar\u00e7o e Montepio:exemplos do descaso com a hist\u00f3ria de Feira","author":"Blog da Feira","date":"28\/08\/2013","format":false,"excerpt":"A sede da Filarm\u00f4nica 25 de Mar\u00e7o e a do Montepio dos Artistas s\u00e3o dois pr\u00e9dios antigos localizados no centro de Feira de Santana est\u00e3o condenados ao abandono. A Filarm\u00f4nica, criada por 'homens ricos' de Feira, h\u00e1 145 anos, e \u00a0j\u00e1 est\u00e1 com as paredes deterioradas e condenadas a cair\u2026","rel":"","context":"Em &quot;Home&quot;","block_context":{"text":"Home","link":"https:\/\/blogdafeira.com.br\/home\/categoria\/raiz\/"},"img":{"alt_text":"DSC08559","src":"https:\/\/i0.wp.com\/blogdafeira.com.br\/home\/wp-content\/uploads\/2013\/08\/DSC08559.jpg?resize=350%2C200","width":350,"height":200,"srcset":"https:\/\/i0.wp.com\/blogdafeira.com.br\/home\/wp-content\/uploads\/2013\/08\/DSC08559.jpg?resize=350%2C200 1x, https:\/\/i0.wp.com\/blogdafeira.com.br\/home\/wp-content\/uploads\/2013\/08\/DSC08559.jpg?resize=525%2C300 1.5x"},"classes":[]},{"id":22907,"url":"https:\/\/blogdafeira.com.br\/home\/2016\/08\/05\/filarmonica-25-de-marco-parte-do-telhado-ja-caiu-e-paredes-estao-ameacadas\/","url_meta":{"origin":66268,"position":4},"title":"Filarm\u00f4nica 25 de mar\u00e7o: parte do telhado j\u00e1 caiu e paredes est\u00e3o amea\u00e7adas","author":"Blog da Feira","date":"05\/08\/2016","format":false,"excerpt":"Uma parte do telhado do pr\u00e9dio secular da Filarm\u00f4nica 25 de Mar\u00e7o de Feira de Santana foi ao ch\u00e3o. Quem passa defronte ao edif\u00edcio na rua Conselheiro Franco, no centro da cidade, n\u00e3o percebe mas internamente as paredes est\u00e3o com infiltra\u00e7\u00f5es e nesse per\u00edodo chuvoso correm risco de desabar. O\u2026","rel":"","context":"Em &quot;Home&quot;","block_context":{"text":"Home","link":"https:\/\/blogdafeira.com.br\/home\/categoria\/raiz\/"},"img":{"alt_text":"filarmonica","src":"https:\/\/i0.wp.com\/blogdafeira.com.br\/home\/wp-content\/uploads\/2016\/08\/filarmonica.jpg?resize=350%2C200","width":350,"height":200},"classes":[]},{"id":51489,"url":"https:\/\/blogdafeira.com.br\/home\/2022\/03\/27\/a-musica-que-a-filarmonica-25-de-marco-nao-sabe-tocar\/","url_meta":{"origin":66268,"position":5},"title":"A m\u00fasica que a Filarm\u00f4nica 25 de Mar\u00e7o n\u00e3o sabe tocar","author":"J\u00e2nio R\u00eago","date":"27\/03\/2022","format":false,"excerpt":"Em 2014 a\u00a0 Sociedade Filarm\u00f4nica 25 de Mar\u00e7o, de Feira de Santana, come\u00e7ou a sair da completa inatividade em que vivia h\u00e1 mais de duas d\u00e9cadas, com a cria\u00e7\u00e3o da Escola de M\u00fasica Estevam Moura, nome de um de seus mais festejados\u00a0 maestros ao longo de uma hist\u00f3ria que completou\u2026","rel":"","context":"Em &quot;Cultura&quot;","block_context":{"text":"Cultura","link":"https:\/\/blogdafeira.com.br\/home\/categoria\/cultura\/"},"img":{"alt_text":"","src":"https:\/\/i0.wp.com\/blogdafeira.com.br\/home\/wp-content\/uploads\/2022\/03\/IMG_20220327_203554_308.webp?resize=350%2C200&ssl=1","width":350,"height":200,"srcset":"https:\/\/i0.wp.com\/blogdafeira.com.br\/home\/wp-content\/uploads\/2022\/03\/IMG_20220327_203554_308.webp?resize=350%2C200&ssl=1 1x, https:\/\/i0.wp.com\/blogdafeira.com.br\/home\/wp-content\/uploads\/2022\/03\/IMG_20220327_203554_308.webp?resize=525%2C300&ssl=1 1.5x, https:\/\/i0.wp.com\/blogdafeira.com.br\/home\/wp-content\/uploads\/2022\/03\/IMG_20220327_203554_308.webp?resize=700%2C400&ssl=1 2x"},"classes":[]}],"_links":{"self":[{"href":"https:\/\/blogdafeira.com.br\/home\/wp-json\/wp\/v2\/posts\/66268","targetHints":{"allow":["GET"]}}],"collection":[{"href":"https:\/\/blogdafeira.com.br\/home\/wp-json\/wp\/v2\/posts"}],"about":[{"href":"https:\/\/blogdafeira.com.br\/home\/wp-json\/wp\/v2\/types\/post"}],"author":[{"embeddable":true,"href":"https:\/\/blogdafeira.com.br\/home\/wp-json\/wp\/v2\/users\/8"}],"replies":[{"embeddable":true,"href":"https:\/\/blogdafeira.com.br\/home\/wp-json\/wp\/v2\/comments?post=66268"}],"version-history":[{"count":2,"href":"https:\/\/blogdafeira.com.br\/home\/wp-json\/wp\/v2\/posts\/66268\/revisions"}],"predecessor-version":[{"id":66274,"href":"https:\/\/blogdafeira.com.br\/home\/wp-json\/wp\/v2\/posts\/66268\/revisions\/66274"}],"wp:featuredmedia":[{"embeddable":true,"href":"https:\/\/blogdafeira.com.br\/home\/wp-json\/wp\/v2\/media\/66273"}],"wp:attachment":[{"href":"https:\/\/blogdafeira.com.br\/home\/wp-json\/wp\/v2\/media?parent=66268"}],"wp:term":[{"taxonomy":"category","embeddable":true,"href":"https:\/\/blogdafeira.com.br\/home\/wp-json\/wp\/v2\/categories?post=66268"},{"taxonomy":"post_tag","embeddable":true,"href":"https:\/\/blogdafeira.com.br\/home\/wp-json\/wp\/v2\/tags?post=66268"}],"curies":[{"name":"wp","href":"https:\/\/api.w.org\/{rel}","templated":true}]}}