{"id":66285,"date":"2025-03-19T23:47:50","date_gmt":"2025-03-20T02:47:50","guid":{"rendered":"https:\/\/blogdafeira.com.br\/home\/?p=66285"},"modified":"2025-08-19T00:07:28","modified_gmt":"2025-08-19T03:07:28","slug":"primeira-edicao-do-enem-dos-professores-sera-no-segundo-semestre","status":"publish","type":"post","link":"https:\/\/blogdafeira.com.br\/home\/2025\/03\/19\/primeira-edicao-do-enem-dos-professores-sera-no-segundo-semestre\/","title":{"rendered":"Primeira edi\u00e7\u00e3o do &#8220;Enem dos Professores&#8221; ser\u00e1 no segundo semestre"},"content":{"rendered":"<div id=\"blogd-3750515843\" class=\"blogd-fim-do-post-mobile blogd-entity-placement\" style=\"margin-left: auto;margin-right: auto;text-align: center;\"><a href=\"https:\/\/www.sefaz.feiradesantana.ba.gov.br\/\" target=\"_blank\" aria-label=\"728&#215;90 (6)\"><img loading=\"lazy\" decoding=\"async\" src=\"https:\/\/blogdafeira.com.br\/home\/wp-content\/uploads\/2026\/03\/728x90-6.gif\" alt=\"\"  class=\"no-lazyload\" width=\"728\" height=\"90\"  style=\"display: inline-block;\" \/><\/a><\/div><p><strong>O Minist\u00e9rio da Educa\u00e7\u00e3o (MEC) confirmou que a aplica\u00e7\u00e3o da Prova Nacional Docente (PND) ser\u00e1 no segundo semestre<\/strong>. O exame unificado poder\u00e1 ser usado pelas secretarias de Educa\u00e7\u00e3o dos estados, do Distrito Federal e dos munic\u00edpios para contratar professores nas redes p\u00fablicas de ensino.<img decoding=\"async\" src=\"https:\/\/agenciabrasil.ebc.com.br\/ebc.png?id=1633592&amp;o=node\" \/><img decoding=\"async\" src=\"https:\/\/agenciabrasil.ebc.com.br\/ebc.gif?id=1633592&amp;o=node\" \/><\/p><div id=\"blogd-152494275\" class=\"blogd-conteudo-2-mobile blogd-entity-placement\"><a href=\"https:\/\/feirenses.com.br\/\" target=\"_blank\" aria-label=\"feirenses\"><img loading=\"lazy\" decoding=\"async\" src=\"https:\/\/blogdafeira.com.br\/home\/wp-content\/uploads\/2026\/04\/feirenses.png\" alt=\"\"  srcset=\"https:\/\/blogdafeira.com.br\/home\/wp-content\/uploads\/2026\/04\/feirenses.png 300w, https:\/\/blogdafeira.com.br\/home\/wp-content\/uploads\/2026\/04\/feirenses-170x45.png 170w, https:\/\/blogdafeira.com.br\/home\/wp-content\/uploads\/2026\/04\/feirenses-280x74.png 280w\" sizes=\"(max-width: 300px) 100vw, 300px\" class=\"no-lazyload\" width=\"300\" height=\"79\"  style=\"display: inline-block;\" \/><\/a><\/div>\n<p><strong>O PND ganhou o apelido de Enem dos Professores<\/strong>\u00a0porque poder\u00e1 concentrar a forma de ingresso no magist\u00e9rio da educa\u00e7\u00e3o b\u00e1sica p\u00fablica em todo o pa\u00eds, a exemplo do Exame Nacional do Ensino M\u00e9dio (Enem). O Enem se consolidou como a principal forma de ingresso em universidades p\u00fablicas e privadas, porque pode substituir os vestibulares.<\/p>\n<h2>Ades\u00e3o<\/h2>\n<p><strong>A ades\u00e3o \u00e0 Prova Nacional Docente (PND) \u00e9 volunt\u00e1ria.<\/strong>\u00a0As secretarias de Educa\u00e7\u00e3o podem confirmar o interesse na prova at\u00e9 17 de abril, como estabelece o\u00a0<a href=\"https:\/\/www.in.gov.br\/en\/web\/dou\/-\/edital-n-1-de-11-de-fevereiro-de-2025-612175010\" target=\"_blank\" rel=\"noopener\">edital do MEC para a ades\u00e3o<\/a>.<\/p>\n<p>Primeiramente, as secretarias de Educa\u00e7\u00e3o devem acessar o\u00a0<a href=\"http:\/\/https\/\/simec.mec.gov.br\/login.php\" target=\"_blank\" rel=\"noopener\">Sistema Integrado de Monitoramento Execu\u00e7\u00e3o e Controle (Simec)<\/a>\u00a0com seu login no portal Gov.br.<\/p>\n<p>Em seguida, no m\u00f3dulo Prova Nacional Docente (PND), o gestor municipal, estadual ou do Distrito Federal da \u00e1rea de educa\u00e7\u00e3o deve selecionar a aba Ades\u00e3o no menu principal e responder ao question\u00e1rio correspondente.<\/p>\n<p>Ap\u00f3s a confirma\u00e7\u00e3o da ades\u00e3o, a respectiva\u00a0<strong>secretaria de Educa\u00e7\u00e3o deve cadastrar o edital de sele\u00e7\u00e3o at\u00e9 25 de junho<\/strong>. O prazo para o cadastro foi aberto no s\u00e1bado (1\u00ba).<\/p>\n<p>As redes p\u00fablicas de ensino de todo o pa\u00eds podem usar os resultados da PND como mecanismo \u00fanico ou complementar de sele\u00e7\u00e3o de futuros docentes da educa\u00e7\u00e3o b\u00e1sica. Nesse caso, os estados, munic\u00edpios e o Distrito Federal podem estabelecer outros crit\u00e9rios de recrutamento, como prova pr\u00e1tica ou de t\u00edtulos.<\/p>\n<h2>Prova<\/h2>\n<p><strong>A Prova Nacional Docente usar\u00e1 como refer\u00eancia a prova do Exame Nacional de Desempenho dos Estudantes das Licenciaturas (Enade)<\/strong>, aplicado pelo Instituto Nacional de Estudos e Pesquisas Educacionais An\u00edsio Teixeira (Inep), desde 2024.<\/p>\n<p><strong>A inscri\u00e7\u00e3o no exame \u00e9 obrigat\u00f3ria a todos os concluintes de cursos de licenciaturas<\/strong>, que s\u00e3o aqueles formadores de professores da educa\u00e7\u00e3o b\u00e1sica.<\/p>\n<p>Anualmente, o Enade das Licenciaturas avalia as compet\u00eancias e as habilidades gerais e espec\u00edficas, necess\u00e1rias a quem se dedica ao ensino.<\/p>\n<p><strong>O Inep aplica o exame de forma descentralizada em todo o territ\u00f3rio nacional no m\u00eas de novembro.<\/strong><\/p>\n<h2>\u00c1reas avaliadas<\/h2>\n<p><strong>Todos os formandos que participam do Enade das Licenciaturas fazem dois tipos de avalia\u00e7\u00e3o<\/strong>: a te\u00f3rica, composta por quest\u00f5es de compet\u00eancias e habilidades gerais da forma\u00e7\u00e3o docente, e a pr\u00e1tica, desenvolvida pelos estudantes nos est\u00e1gios supervisionados obrigat\u00f3rios, com conte\u00fados espec\u00edficos das \u00e1reas avaliadas.<\/p>\n<p><strong>Para a primeira edi\u00e7\u00e3o da Prova Nacional Docente, o MEC estabeleceu que ser\u00e3o avaliadas 17 \u00e1reas do conhecimento<\/strong>: artes visuais; ci\u00eancias biol\u00f3gicas; ci\u00eancias sociais; computa\u00e7\u00e3o; educa\u00e7\u00e3o f\u00edsica; filosofia; f\u00edsica; geografia; hist\u00f3ria; letras (ingl\u00eas); letras (portugu\u00eas); letras (portugu\u00eas e espanhol); letras (portugu\u00eas e ingl\u00eas); matem\u00e1tica; m\u00fasica; pedagogia e qu\u00edmica.<\/p>\n<h2>PND<\/h2>\n<p>A Prova Nacional Docente \u00e9 um dos eixos do\u00a0<a href=\"https:\/\/agenciabrasil.ebc.com.br\/educacao\/noticia\/2025-01\/mais-professores-e-demanda-antiga-das-redes-e-da-categoria\" target=\"_blank\" rel=\"noopener\">Programa Mais Professores para o Brasil, lan\u00e7ado em janeiro deste ano<\/a>.<\/p>\n<p>O processo unificado para o ingresso de professores na rede p\u00fablica de ensino\u00a0<strong>foi apresentado pelo MEC e pelo Inep durante o Encontro de Novos Prefeitos e Novas Prefeitas<\/strong>, em fevereiro, em Bras\u00edlia.<\/p>\n<p>Al\u00e9m de contribuir para que os entes federativos selecionem profissionais mais qualificados para suas redes de ensino, o\u00a0<strong>exame tem o objetivo de ajudar a Uni\u00e3o, os estados, os munic\u00edpios e o Distrito Federal a formular e avaliar as pol\u00edticas p\u00fablicas de forma\u00e7\u00e3o inicial e continuada de professores<\/strong>\u00a0e permitir a autoavalia\u00e7\u00e3o dos participantes da prova.<\/p>\n<div id=\"blogd-2295130550\" class=\"blogd-final-post blogd-entity-placement\"><a href=\"https:\/\/www.feiradesantana.ba.leg.br\/\" target=\"_blank\" aria-label=\"BANNER-SITE-ENTREGADECHEQUE-CAMARADEFEIRA\"><img loading=\"lazy\" decoding=\"async\" src=\"https:\/\/blogdafeira.com.br\/home\/wp-content\/uploads\/2026\/03\/BANNER-SITE-ENTREGADECHEQUE-CAMARADEFEIRA.gif\" alt=\"\"  class=\"no-lazyload\" width=\"728\" height=\"90\"   \/><\/a><\/div><p><a href=\"https:\/\/www.gov.br\/mec\/pt-br\/mais-professores\/prova-nacional-docente\" target=\"_blank\" rel=\"noopener\">Saiba mais sobre a prova<\/a>.<\/p>\n","protected":false},"excerpt":{"rendered":"<p>O Minist\u00e9rio da Educa\u00e7\u00e3o (MEC) confirmou que a aplica\u00e7\u00e3o da Prova Nacional Docente (PND) ser\u00e1 no segundo semestre. O exame unificado poder\u00e1 ser usado pelas secretarias de Educa\u00e7\u00e3o dos estados, do Distrito Federal e dos munic\u00edpios para contratar professores nas redes p\u00fablicas de ensino. O PND ganhou o apelido de Enem dos Professores\u00a0porque poder\u00e1 concentrar<\/p>\n","protected":false},"author":5,"featured_media":66286,"comment_status":"open","ping_status":"open","sticky":false,"template":"","format":"standard","meta":{"jetpack_post_was_ever_published":false,"cybocfi_hide_featured_image":"","_jetpack_newsletter_access":"","_jetpack_dont_email_post_to_subs":false,"_jetpack_newsletter_tier_id":0,"_jetpack_memberships_contains_paywalled_content":false,"_jetpack_memberships_contains_paid_content":false,"footnotes":"","jetpack_publicize_message":"","jetpack_publicize_feature_enabled":true,"jetpack_social_post_already_shared":true,"jetpack_social_options":{"image_generator_settings":{"template":"highway","default_image_id":0,"font":"","enabled":false},"version":2}},"categories":[751,1],"tags":[],"class_list":["post-66285","post","type-post","status-publish","format-standard","has-post-thumbnail","hentry","category-geral","category-raiz"],"jetpack_publicize_connections":[],"jetpack_featured_media_url":"https:\/\/blogdafeira.com.br\/home\/wp-content\/uploads\/2025\/03\/mg_3680.webp","jetpack_shortlink":"https:\/\/wp.me\/p3niVf-hf7","jetpack_sharing_enabled":true,"jetpack-related-posts":[{"id":68543,"url":"https:\/\/blogdafeira.com.br\/home\/2025\/07\/22\/cnu-dos-professores-inscricoes-estao-abertas-ate-sexta-feira-bahia-participa-do-certame\/","url_meta":{"origin":66285,"position":0},"title":"CNU dos professores: inscri\u00e7\u00f5es est\u00e3o abertas at\u00e9 sexta-feira (25)","author":"Ag\u00eancia Brasil","date":"22\/07\/2025","format":false,"excerpt":"As inscri\u00e7\u00f5es para a primeira edi\u00e7\u00e3o da Prova Nacional Docente (PND) est\u00e3o abertas at\u00e9 sexta-feira (25). Os interessados devem se inscrever exclusivamente pelo Sistema PND, dispon\u00edvel no portal do Instituto Nacional de Estudos e Pesquisas Educacionais An\u00edsio Teixeira (Inep). \u00c9 necess\u00e1rio preencher os dados solicitados, escolher o munic\u00edpio para fazer\u2026","rel":"","context":"Em &quot;Bahia&quot;","block_context":{"text":"Bahia","link":"https:\/\/blogdafeira.com.br\/home\/categoria\/bahia\/"},"img":{"alt_text":"","src":"https:\/\/i0.wp.com\/blogdafeira.com.br\/home\/wp-content\/uploads\/2025\/07\/WhatsApp-Image-2024-07-26-at-06.11.04-1_0.jpeg?resize=350%2C200&ssl=1","width":350,"height":200,"srcset":"https:\/\/i0.wp.com\/blogdafeira.com.br\/home\/wp-content\/uploads\/2025\/07\/WhatsApp-Image-2024-07-26-at-06.11.04-1_0.jpeg?resize=350%2C200&ssl=1 1x, https:\/\/i0.wp.com\/blogdafeira.com.br\/home\/wp-content\/uploads\/2025\/07\/WhatsApp-Image-2024-07-26-at-06.11.04-1_0.jpeg?resize=525%2C300&ssl=1 1.5x"},"classes":[]},{"id":37749,"url":"https:\/\/blogdafeira.com.br\/home\/2020\/05\/14\/a-quem-interessa-nao-adiar-a-data-do-enem\/","url_meta":{"origin":66285,"position":1},"title":"A quem interessa n\u00e3o adiar a data do ENEM?","author":"Ag\u00eancia Brasil","date":"14\/05\/2020","format":false,"excerpt":"O que esperar de um governo opressor, ditador, fascista e que caminha na linha da coloniza\u00e7\u00e3o do pensamento? A data do ENEM (Exame Nacional do Ensino M\u00e9dio), deste ano n\u00e3o foi adiada mesmo com a paralisa\u00e7\u00e3o das aulas em todo pa\u00eds. Isto, mais uma vez escancara a linha da desigualdade,\u2026","rel":"","context":"Em &quot;Colunistas&quot;","block_context":{"text":"Colunistas","link":"https:\/\/blogdafeira.com.br\/home\/categoria\/colunistas\/"},"img":{"alt_text":"","src":"","width":0,"height":0},"classes":[]},{"id":59248,"url":"https:\/\/blogdafeira.com.br\/home\/2023\/09\/08\/projetos-na-camara-podem-garantir-gratuidade-no-transporte-para-o-enem-e-parada-segura\/","url_meta":{"origin":66285,"position":2},"title":"Projetos na C\u00e2mara podem garantir gratuidade no transporte para o ENEM e &#8220;Parada Segura&#8221;","author":"Ag\u00eancia Brasil","date":"08\/09\/2023","format":false,"excerpt":"Dois projetos de lei, aprovados em primeira vota\u00e7\u00e3o na \u00faltima quarta-feira (6), na C\u00e2mara Municipal, podem resultar em benef\u00edcios para os usu\u00e1rios do\u00a0 transporte urbano por meio de \u00f4nibus, em Feira de Santana. Uma das mat\u00e9rias, de autoria do vereador Professor Ivamberg (PT), prop\u00f5e a gratuidade para os candidatos inscritos\u2026","rel":"","context":"Em &quot;Cidade&quot;","block_context":{"text":"Cidade","link":"https:\/\/blogdafeira.com.br\/home\/categoria\/cidade\/"},"img":{"alt_text":"","src":"https:\/\/i0.wp.com\/blogdafeira.com.br\/home\/wp-content\/uploads\/2023\/09\/64f8ba6f779e5.jpeg?resize=350%2C200&ssl=1","width":350,"height":200,"srcset":"https:\/\/i0.wp.com\/blogdafeira.com.br\/home\/wp-content\/uploads\/2023\/09\/64f8ba6f779e5.jpeg?resize=350%2C200&ssl=1 1x, https:\/\/i0.wp.com\/blogdafeira.com.br\/home\/wp-content\/uploads\/2023\/09\/64f8ba6f779e5.jpeg?resize=525%2C300&ssl=1 1.5x, https:\/\/i0.wp.com\/blogdafeira.com.br\/home\/wp-content\/uploads\/2023\/09\/64f8ba6f779e5.jpeg?resize=700%2C400&ssl=1 2x, https:\/\/i0.wp.com\/blogdafeira.com.br\/home\/wp-content\/uploads\/2023\/09\/64f8ba6f779e5.jpeg?resize=1050%2C600&ssl=1 3x"},"classes":[]},{"id":42558,"url":"https:\/\/blogdafeira.com.br\/home\/2020\/12\/17\/nesta-sexta-feira-tem-aulao-virtual-enem-100\/","url_meta":{"origin":66285,"position":3},"title":"Nesta sexta-feira tem aul\u00e3o virtual Enem 100%","author":"Ag\u00eancia Brasil","date":"17\/12\/2020","format":false,"excerpt":"Produ\u00e7\u00e3o Textual ser\u00e1 o destaque do aul\u00e3o virtual do projeto ENEM 100%, nesta sexta-feira (18), \u00e0s 16h. A atividade, que contar\u00e1 com a participa\u00e7\u00e3o do professor T\u00e1rcio Carvalho, \u00e9 promovida pela Secretaria da Educa\u00e7\u00e3o do Estado (SEC), sendo transmitida, ao vivo, pelo canal do Youtube da Educa\u00e7\u00e3o Bahia (https:\/\/bit.ly\/2G2kOpt). A\u2026","rel":"","context":"Em &quot;Bahia&quot;","block_context":{"text":"Bahia","link":"https:\/\/blogdafeira.com.br\/home\/categoria\/bahia\/"},"img":{"alt_text":"","src":"https:\/\/i0.wp.com\/blogdafeira.com.br\/home\/wp-content\/uploads\/2020\/12\/1608216517027_WhatsApp-Image-2020-12-17-at-09.18.59.jpeg?resize=350%2C200&ssl=1","width":350,"height":200},"classes":[]},{"id":57114,"url":"https:\/\/blogdafeira.com.br\/home\/2023\/04\/10\/candidatos-poderao-pedir-isencao-da-taxa-do-enem-a-partir-do-dia-17\/","url_meta":{"origin":66285,"position":4},"title":"Candidatos poder\u00e3o pedir isen\u00e7\u00e3o da taxa do Enem a partir do dia 17","author":"Ag\u00eancia Brasil","date":"10\/04\/2023","format":false,"excerpt":"O prazo para solicitar a isen\u00e7\u00e3o da taxa de inscri\u00e7\u00e3o no Enem 2023 vai de 17 a 28 de abril. Podem ter direito ao benef\u00edcio os alunos da \u00faltima s\u00e9rie do ensino m\u00e9dio na rede p\u00fablica, os que cursaram todo o ensino m\u00e9dio em escola p\u00fablica ou como bolsista integral\u2026","rel":"","context":"Em &quot;Geral&quot;","block_context":{"text":"Geral","link":"https:\/\/blogdafeira.com.br\/home\/categoria\/geral\/"},"img":{"alt_text":"","src":"https:\/\/i0.wp.com\/blogdafeira.com.br\/home\/wp-content\/uploads\/2023\/04\/foto_5_-_2_fase_da_17_obmep_-_divulgacao_obmep.jpg?resize=350%2C200&ssl=1","width":350,"height":200,"srcset":"https:\/\/i0.wp.com\/blogdafeira.com.br\/home\/wp-content\/uploads\/2023\/04\/foto_5_-_2_fase_da_17_obmep_-_divulgacao_obmep.jpg?resize=350%2C200&ssl=1 1x, https:\/\/i0.wp.com\/blogdafeira.com.br\/home\/wp-content\/uploads\/2023\/04\/foto_5_-_2_fase_da_17_obmep_-_divulgacao_obmep.jpg?resize=525%2C300&ssl=1 1.5x, https:\/\/i0.wp.com\/blogdafeira.com.br\/home\/wp-content\/uploads\/2023\/04\/foto_5_-_2_fase_da_17_obmep_-_divulgacao_obmep.jpg?resize=700%2C400&ssl=1 2x, https:\/\/i0.wp.com\/blogdafeira.com.br\/home\/wp-content\/uploads\/2023\/04\/foto_5_-_2_fase_da_17_obmep_-_divulgacao_obmep.jpg?resize=1050%2C600&ssl=1 3x"},"classes":[]},{"id":67488,"url":"https:\/\/blogdafeira.com.br\/home\/2025\/05\/27\/inscricoes-para-o-enem-continuam-ate-o-proximo-dia-6\/","url_meta":{"origin":66285,"position":5},"title":"Inscri\u00e7\u00f5es para o ENEM continuam at\u00e9 o pr\u00f3ximo dia 6","author":"Ag\u00eancia Brasil","date":"27\/05\/2025","format":false,"excerpt":"Come\u00e7aram nesta segunda-feira (26), as inscri\u00e7\u00f5es para o Exame Nacional do Ensino M\u00e9dio (ENEM) 2025. O cadastro deve ser feito no\u00a0site, at\u00e9 \u00e0s 23h59 (hor\u00e1rio de Bras\u00edlia) de 6 de junho. Realizado pelo Instituto Nacional de Estudos e Pesquisas Educacionais An\u00edsio Teixeira (Inep), o exame ser\u00e1 aplicado nos dias 9\u2026","rel":"","context":"Em &quot;Geral&quot;","block_context":{"text":"Geral","link":"https:\/\/blogdafeira.com.br\/home\/categoria\/geral\/"},"img":{"alt_text":"","src":"https:\/\/i0.wp.com\/blogdafeira.com.br\/home\/wp-content\/uploads\/2025\/05\/Foto-Elisabeth-Guerra-7.jpeg?resize=350%2C200&ssl=1","width":350,"height":200,"srcset":"https:\/\/i0.wp.com\/blogdafeira.com.br\/home\/wp-content\/uploads\/2025\/05\/Foto-Elisabeth-Guerra-7.jpeg?resize=350%2C200&ssl=1 1x, https:\/\/i0.wp.com\/blogdafeira.com.br\/home\/wp-content\/uploads\/2025\/05\/Foto-Elisabeth-Guerra-7.jpeg?resize=525%2C300&ssl=1 1.5x, https:\/\/i0.wp.com\/blogdafeira.com.br\/home\/wp-content\/uploads\/2025\/05\/Foto-Elisabeth-Guerra-7.jpeg?resize=700%2C400&ssl=1 2x, https:\/\/i0.wp.com\/blogdafeira.com.br\/home\/wp-content\/uploads\/2025\/05\/Foto-Elisabeth-Guerra-7.jpeg?resize=1050%2C600&ssl=1 3x, https:\/\/i0.wp.com\/blogdafeira.com.br\/home\/wp-content\/uploads\/2025\/05\/Foto-Elisabeth-Guerra-7.jpeg?resize=1400%2C800&ssl=1 4x"},"classes":[]}],"_links":{"self":[{"href":"https:\/\/blogdafeira.com.br\/home\/wp-json\/wp\/v2\/posts\/66285","targetHints":{"allow":["GET"]}}],"collection":[{"href":"https:\/\/blogdafeira.com.br\/home\/wp-json\/wp\/v2\/posts"}],"about":[{"href":"https:\/\/blogdafeira.com.br\/home\/wp-json\/wp\/v2\/types\/post"}],"author":[{"embeddable":true,"href":"https:\/\/blogdafeira.com.br\/home\/wp-json\/wp\/v2\/users\/5"}],"replies":[{"embeddable":true,"href":"https:\/\/blogdafeira.com.br\/home\/wp-json\/wp\/v2\/comments?post=66285"}],"version-history":[{"count":1,"href":"https:\/\/blogdafeira.com.br\/home\/wp-json\/wp\/v2\/posts\/66285\/revisions"}],"predecessor-version":[{"id":66287,"href":"https:\/\/blogdafeira.com.br\/home\/wp-json\/wp\/v2\/posts\/66285\/revisions\/66287"}],"wp:featuredmedia":[{"embeddable":true,"href":"https:\/\/blogdafeira.com.br\/home\/wp-json\/wp\/v2\/media\/66286"}],"wp:attachment":[{"href":"https:\/\/blogdafeira.com.br\/home\/wp-json\/wp\/v2\/media?parent=66285"}],"wp:term":[{"taxonomy":"category","embeddable":true,"href":"https:\/\/blogdafeira.com.br\/home\/wp-json\/wp\/v2\/categories?post=66285"},{"taxonomy":"post_tag","embeddable":true,"href":"https:\/\/blogdafeira.com.br\/home\/wp-json\/wp\/v2\/tags?post=66285"}],"curies":[{"name":"wp","href":"https:\/\/api.w.org\/{rel}","templated":true}]}}