{"id":66322,"date":"2025-03-21T21:16:35","date_gmt":"2025-03-22T00:16:35","guid":{"rendered":"https:\/\/blogdafeira.com.br\/home\/?p=66322"},"modified":"2025-08-19T00:07:27","modified_gmt":"2025-08-19T03:07:27","slug":"cantora-de-arrocha-que-comecou-em-sergipe-marina-sage-quer-invadir-a-bahia-com-voz-e-talento","status":"publish","type":"post","link":"https:\/\/blogdafeira.com.br\/home\/2025\/03\/21\/cantora-de-arrocha-que-comecou-em-sergipe-marina-sage-quer-invadir-a-bahia-com-voz-e-talento\/","title":{"rendered":"Cantora de arrocha que come\u00e7ou em Sergipe, Marina Sage quer invadir a Bahia com voz e talento"},"content":{"rendered":"<div id=\"blogd-4181719844\" class=\"blogd-fim-do-post-mobile blogd-entity-placement\" style=\"margin-left: auto;margin-right: auto;text-align: center;\"><a href=\"https:\/\/www.sefaz.feiradesantana.ba.gov.br\/\" target=\"_blank\" aria-label=\"728&#215;90 (6)\"><img loading=\"lazy\" decoding=\"async\" src=\"https:\/\/blogdafeira.com.br\/home\/wp-content\/uploads\/2026\/03\/728x90-6.gif\" alt=\"\"  class=\"no-lazyload\" width=\"728\" height=\"90\"  style=\"display: inline-block;\" \/><\/a><\/div><p>Marina Sage, cantora e compositora, natural de Guarulhos-SP ,iniciou sua carreira profissional em dezembro de 2022 em Aracaju- SE, mas sua hist\u00f3ria com a m\u00fasica n\u00e3o come\u00e7ou em 2022. Marina cresceu em uma igreja Evang\u00e9lica tradicional , onde fazia parte do coral desde muito pequena, ela se recorda do exato dia em que o seu sonho de ser cantora nasceu, Marina costumava brincar de cantar com seus amigo, certo dia ela pego uma vassoura e come\u00e7ou e fingir que aquele objeto era um pedestal com microfone, e o que para seus amigos era s\u00f3 mais uma brincadeira , para ela iniciava-se um sonho de ser cantora e a paix\u00e3o pela m\u00fasica foi crescendo junto com ela.<\/p><div id=\"blogd-1944211762\" class=\"blogd-conteudo-2-mobile blogd-entity-placement\"><a href=\"https:\/\/feirenses.com.br\/\" target=\"_blank\" aria-label=\"feirenses\"><img loading=\"lazy\" decoding=\"async\" src=\"https:\/\/blogdafeira.com.br\/home\/wp-content\/uploads\/2026\/04\/feirenses.png\" alt=\"\"  srcset=\"https:\/\/blogdafeira.com.br\/home\/wp-content\/uploads\/2026\/04\/feirenses.png 300w, https:\/\/blogdafeira.com.br\/home\/wp-content\/uploads\/2026\/04\/feirenses-170x45.png 170w, https:\/\/blogdafeira.com.br\/home\/wp-content\/uploads\/2026\/04\/feirenses-280x74.png 280w\" sizes=\"(max-width: 300px) 100vw, 300px\" class=\"no-lazyload\" width=\"300\" height=\"79\"  style=\"display: inline-block;\" \/><\/a><\/div>\n<p>Em 2013, um tr\u00e1gico acidente quase fatal paralisou um sonho.Foram 2 paradas card\u00edacas quase 20 cirurgias, 9 meses de interna\u00e7\u00e3o hospitalar sendo 2 meses e 15 dias na UTI. Perna e bra\u00e7o esquerdo quebrados, infec\u00e7\u00e3o hospitalar por bact\u00e9ria. Por ter que lutar pela vida e por sua recupera\u00e7\u00e3o durante quase 6 anos Marina teve que deixar seu sonho de crian\u00e7a em pausa.<\/p>\n<p>Mas<em> Deus n\u00e3o desampara os seus<\/em>, e Marina se recuperou bem e hoje conseguiu consolidar sua carreira com o ritmo que vem crescendo muito no Brasil , o arrocha.\u00a0J\u00e1 s\u00e3o 7 CDs , clipes e um Audiovisual. Com uma voz marcante e um carisma \u00edmpar\u00a0 Marina Sage foi abra\u00e7ada pelo seu p\u00fablico que a nomeou como \u201cA Embaixadora\u201d<\/p>\n<div id=\"blogd-2599365777\" class=\"blogd-final-post blogd-entity-placement\"><a href=\"https:\/\/www.feiradesantana.ba.leg.br\/\" target=\"_blank\" aria-label=\"BANNER-SITE-ENTREGADECHEQUE-CAMARADEFEIRA\"><img loading=\"lazy\" decoding=\"async\" src=\"https:\/\/blogdafeira.com.br\/home\/wp-content\/uploads\/2026\/03\/BANNER-SITE-ENTREGADECHEQUE-CAMARADEFEIRA.gif\" alt=\"\"  class=\"no-lazyload\" width=\"728\" height=\"90\"   \/><\/a><\/div><p>Agora nossa Embaixadora dar\u00e1 mais um passo em sua carreira levando seu projeto para invadir a Bahia e diz est\u00e1 bastante animada em poder levar sua m\u00fasica para um estado, segundo a mesma \u201ct\u00e3o maravilhoso&#8221;<\/p>\n","protected":false},"excerpt":{"rendered":"<p>Marina Sage, cantora e compositora, natural de Guarulhos-SP ,iniciou sua carreira profissional em dezembro de 2022 em Aracaju- SE, mas sua hist\u00f3ria com a m\u00fasica n\u00e3o come\u00e7ou em 2022. Marina cresceu em uma igreja Evang\u00e9lica tradicional , onde fazia parte do coral desde muito pequena, ela se recorda do exato dia em que o seu<\/p>\n","protected":false},"author":1,"featured_media":66323,"comment_status":"open","ping_status":"open","sticky":false,"template":"","format":"standard","meta":{"jetpack_post_was_ever_published":false,"cybocfi_hide_featured_image":"","_jetpack_newsletter_access":"","_jetpack_dont_email_post_to_subs":false,"_jetpack_newsletter_tier_id":0,"_jetpack_memberships_contains_paywalled_content":false,"_jetpack_memberships_contains_paid_content":false,"footnotes":"","jetpack_publicize_message":"","jetpack_publicize_feature_enabled":true,"jetpack_social_post_already_shared":true,"jetpack_social_options":{"image_generator_settings":{"template":"highway","default_image_id":0,"font":"","enabled":false},"version":2}},"categories":[4,1],"tags":[],"class_list":["post-66322","post","type-post","status-publish","format-standard","has-post-thumbnail","hentry","category-cultura","category-raiz"],"jetpack_publicize_connections":[],"jetpack_featured_media_url":"https:\/\/blogdafeira.com.br\/home\/wp-content\/uploads\/2025\/03\/IMG-20250321-WA0065.jpg","jetpack_shortlink":"https:\/\/wp.me\/p3niVf-hfI","jetpack_sharing_enabled":true,"jetpack-related-posts":[{"id":52013,"url":"https:\/\/blogdafeira.com.br\/home\/2022\/05\/02\/cantoria-no-map-reverencia-a-trajetoria-de-joao-ramos-e-caboquinho\/","url_meta":{"origin":66322,"position":0},"title":"&#8216;Cantoria no MAP&#8217; reverencia a trajet\u00f3ria de Jo\u00e3o Ramos e Caboquinho","author":"Ascom","date":"02\/05\/2022","format":false,"excerpt":"Dois irm\u00e3os violeiros repentistas - Jo\u00e3o Ramos e Caboquinho - mantiveram acesa a chama da Cantoria de Viola com um evento municipal e anual, o Festival de Violeiros de Feira de Santana com mais de 40 edi\u00e7\u00f5es. A 'saga'\u00a0 dessa fam\u00edlia come\u00e7ou com o pai, Dadinho que junto ao filho\u2026","rel":"","context":"Em &quot;Cidade&quot;","block_context":{"text":"Cidade","link":"https:\/\/blogdafeira.com.br\/home\/categoria\/cidade\/"},"img":{"alt_text":"","src":"https:\/\/i0.wp.com\/blogdafeira.com.br\/home\/wp-content\/uploads\/2022\/05\/joao-ramos.jpg?resize=350%2C200&ssl=1","width":350,"height":200,"srcset":"https:\/\/i0.wp.com\/blogdafeira.com.br\/home\/wp-content\/uploads\/2022\/05\/joao-ramos.jpg?resize=350%2C200&ssl=1 1x, https:\/\/i0.wp.com\/blogdafeira.com.br\/home\/wp-content\/uploads\/2022\/05\/joao-ramos.jpg?resize=525%2C300&ssl=1 1.5x, https:\/\/i0.wp.com\/blogdafeira.com.br\/home\/wp-content\/uploads\/2022\/05\/joao-ramos.jpg?resize=700%2C400&ssl=1 2x"},"classes":[]},{"id":36260,"url":"https:\/\/blogdafeira.com.br\/home\/2020\/03\/15\/morreu-frei-marino-de-offida-criador-do-coral-santo-antonio-de-feira\/","url_meta":{"origin":66322,"position":1},"title":"Frei Marino de Offida, criador do Coral Santo Ant\u00f4nio em Feira","author":"Ascom","date":"15\/03\/2020","format":false,"excerpt":"Frei Marino de Offida faria 84 anos no pr\u00f3ximo m\u00eas de julho. Ele faleceu neste domingo, por volta de 21 horas. O an\u00fancio do falecimento foi feito pelo arcebispo de Feira de Santana, dom Zanoni: Partiu agora para os bra\u00e7os do Pai nosso querido Pe. Marino, justamente no momento em\u2026","rel":"","context":"Em &quot;Cidade&quot;","block_context":{"text":"Cidade","link":"https:\/\/blogdafeira.com.br\/home\/categoria\/cidade\/"},"img":{"alt_text":"","src":"https:\/\/i0.wp.com\/blogdafeira.com.br\/home\/wp-content\/uploads\/2020\/03\/IMG_20200315_233053.jpg?resize=350%2C200&ssl=1","width":350,"height":200,"srcset":"https:\/\/i0.wp.com\/blogdafeira.com.br\/home\/wp-content\/uploads\/2020\/03\/IMG_20200315_233053.jpg?resize=350%2C200&ssl=1 1x, https:\/\/i0.wp.com\/blogdafeira.com.br\/home\/wp-content\/uploads\/2020\/03\/IMG_20200315_233053.jpg?resize=525%2C300&ssl=1 1.5x, https:\/\/i0.wp.com\/blogdafeira.com.br\/home\/wp-content\/uploads\/2020\/03\/IMG_20200315_233053.jpg?resize=700%2C400&ssl=1 2x, https:\/\/i0.wp.com\/blogdafeira.com.br\/home\/wp-content\/uploads\/2020\/03\/IMG_20200315_233053.jpg?resize=1050%2C600&ssl=1 3x, https:\/\/i0.wp.com\/blogdafeira.com.br\/home\/wp-content\/uploads\/2020\/03\/IMG_20200315_233053.jpg?resize=1400%2C800&ssl=1 4x"},"classes":[]},{"id":11969,"url":"https:\/\/blogdafeira.com.br\/home\/2014\/08\/16\/marina-silva-fez-corpo-a-corpo-na-ultima-visita-a-feira-de-santana\/","url_meta":{"origin":66322,"position":2},"title":"Marina Silva fez &#8216;corpo-a-corpo&#8217; na \u00faltima visita a Feira de Santana","author":"Ascom","date":"16\/08\/2014","format":false,"excerpt":"O fotojornalista Luiz Tito acompanhou, no \u00faltimo dia 8, a r\u00e1pida visita que Marina Silva fez a Feira de Santana, ainda como vice de Eduardo Campos e registrou o 'corpo-a-corpo' da candidata nas ruas do centro da cidade.(fotos) Marina percorreu o trecho que sai da pra\u00e7a da Matriz, entra no\u2026","rel":"","context":"Em &quot;Home&quot;","block_context":{"text":"Home","link":"https:\/\/blogdafeira.com.br\/home\/categoria\/raiz\/"},"img":{"alt_text":"marina","src":"https:\/\/i0.wp.com\/blogdafeira.com.br\/home\/wp-content\/uploads\/2014\/08\/marina.jpg?resize=350%2C200","width":350,"height":200,"srcset":"https:\/\/i0.wp.com\/blogdafeira.com.br\/home\/wp-content\/uploads\/2014\/08\/marina.jpg?resize=350%2C200 1x, https:\/\/i0.wp.com\/blogdafeira.com.br\/home\/wp-content\/uploads\/2014\/08\/marina.jpg?resize=525%2C300 1.5x"},"classes":[]},{"id":67524,"url":"https:\/\/blogdafeira.com.br\/home\/2025\/05\/29\/ataque-a-marina-silva-sintoma-da-brutalizacao-do-parlamento\/","url_meta":{"origin":66322,"position":3},"title":"Ataque a Marina Silva: sintoma da brutaliza\u00e7\u00e3o do Parlamento","author":"Ascom","date":"29\/05\/2025","format":false,"excerpt":"Toda pessoa convidada a falar em um parlamento, qualquer que seja a condi\u00e7\u00e3o desse convite, merece respeito, considera\u00e7\u00e3o e urbanidade no trato. \u00c9 isso que prev\u00ea a civilidade democr\u00e1tica, \u00e9 o que preconiza a boa educa\u00e7\u00e3o. Assim, o epis\u00f3dio do ataque \u00e0 ministra Marina Silva em audi\u00eancia no Congresso Nacional\u2026","rel":"","context":"Em &quot;Colunistas&quot;","block_context":{"text":"Colunistas","link":"https:\/\/blogdafeira.com.br\/home\/categoria\/colunistas\/"},"img":{"alt_text":"","src":"https:\/\/i0.wp.com\/blogdafeira.com.br\/home\/wp-content\/uploads\/2025\/05\/IMG-20250529-WA0023.jpg?resize=350%2C200&ssl=1","width":350,"height":200,"srcset":"https:\/\/i0.wp.com\/blogdafeira.com.br\/home\/wp-content\/uploads\/2025\/05\/IMG-20250529-WA0023.jpg?resize=350%2C200&ssl=1 1x, https:\/\/i0.wp.com\/blogdafeira.com.br\/home\/wp-content\/uploads\/2025\/05\/IMG-20250529-WA0023.jpg?resize=525%2C300&ssl=1 1.5x, https:\/\/i0.wp.com\/blogdafeira.com.br\/home\/wp-content\/uploads\/2025\/05\/IMG-20250529-WA0023.jpg?resize=700%2C400&ssl=1 2x"},"classes":[]},{"id":55412,"url":"https:\/\/blogdafeira.com.br\/home\/2022\/11\/18\/baby-gal\/","url_meta":{"origin":66322,"position":4},"title":"Baby, Gal","author":"Ascom","date":"18\/11\/2022","format":false,"excerpt":"O Brasil estava desconfigurado politicamente - como sempre ocorreu desde o imp\u00e9rio - nos anos 1960, depois do Golpe Militar de 1964, mas por incr\u00edvel que possa parecer, dentre as discuss\u00f5es pol\u00edticas a meia boca no seio social, num certo momento, pelas bandas do ano 1967 a pergunta \u00e9 de\u2026","rel":"","context":"Em &quot;Bahia&quot;","block_context":{"text":"Bahia","link":"https:\/\/blogdafeira.com.br\/home\/categoria\/bahia\/"},"img":{"alt_text":"","src":"https:\/\/i0.wp.com\/blogdafeira.com.br\/home\/wp-content\/uploads\/2022\/11\/198_g-1.jpeg?resize=350%2C200&ssl=1","width":350,"height":200},"classes":[]},{"id":1445,"url":"https:\/\/blogdafeira.com.br\/home\/2013\/05\/10\/marina-silva-diz-em-feira-que-a-politica-do-pais-esta-estagnada\/","url_meta":{"origin":66322,"position":5},"title":"Marina Silva diz em Feira que a pol\u00edtica do pa\u00eds est\u00e1 estagnada","author":"Ascom","date":"10\/05\/2013","format":false,"excerpt":"A ex-senadora Marina Silva, em visita esta tarde a Feira de Santana, disse que a proposta do partido que est\u00e1 fundando, Rede, \u00e9 o de atualizar o processo pol\u00edtico brasileiro que segundo ela est\u00e1 'estagnado'. - J\u00e1 n\u00e3o se discutem mais propostas, mas o poder pelo poder, o dinheiro pelo\u2026","rel":"","context":"Em &quot;Cidade&quot;","block_context":{"text":"Cidade","link":"https:\/\/blogdafeira.com.br\/home\/categoria\/cidade\/"},"img":{"alt_text":"DSC06930","src":"https:\/\/i0.wp.com\/blogdafeira.com.br\/home\/wp-content\/uploads\/2013\/05\/DSC06930.jpg?resize=350%2C200","width":350,"height":200,"srcset":"https:\/\/i0.wp.com\/blogdafeira.com.br\/home\/wp-content\/uploads\/2013\/05\/DSC06930.jpg?resize=350%2C200 1x, https:\/\/i0.wp.com\/blogdafeira.com.br\/home\/wp-content\/uploads\/2013\/05\/DSC06930.jpg?resize=525%2C300 1.5x"},"classes":[]}],"_links":{"self":[{"href":"https:\/\/blogdafeira.com.br\/home\/wp-json\/wp\/v2\/posts\/66322","targetHints":{"allow":["GET"]}}],"collection":[{"href":"https:\/\/blogdafeira.com.br\/home\/wp-json\/wp\/v2\/posts"}],"about":[{"href":"https:\/\/blogdafeira.com.br\/home\/wp-json\/wp\/v2\/types\/post"}],"author":[{"embeddable":true,"href":"https:\/\/blogdafeira.com.br\/home\/wp-json\/wp\/v2\/users\/1"}],"replies":[{"embeddable":true,"href":"https:\/\/blogdafeira.com.br\/home\/wp-json\/wp\/v2\/comments?post=66322"}],"version-history":[{"count":1,"href":"https:\/\/blogdafeira.com.br\/home\/wp-json\/wp\/v2\/posts\/66322\/revisions"}],"predecessor-version":[{"id":66324,"href":"https:\/\/blogdafeira.com.br\/home\/wp-json\/wp\/v2\/posts\/66322\/revisions\/66324"}],"wp:featuredmedia":[{"embeddable":true,"href":"https:\/\/blogdafeira.com.br\/home\/wp-json\/wp\/v2\/media\/66323"}],"wp:attachment":[{"href":"https:\/\/blogdafeira.com.br\/home\/wp-json\/wp\/v2\/media?parent=66322"}],"wp:term":[{"taxonomy":"category","embeddable":true,"href":"https:\/\/blogdafeira.com.br\/home\/wp-json\/wp\/v2\/categories?post=66322"},{"taxonomy":"post_tag","embeddable":true,"href":"https:\/\/blogdafeira.com.br\/home\/wp-json\/wp\/v2\/tags?post=66322"}],"curies":[{"name":"wp","href":"https:\/\/api.w.org\/{rel}","templated":true}]}}