{"id":66562,"date":"2025-04-04T20:24:24","date_gmt":"2025-04-04T23:24:24","guid":{"rendered":"https:\/\/blogdafeira.com.br\/home\/?p=66562"},"modified":"2025-08-19T00:07:24","modified_gmt":"2025-08-19T03:07:24","slug":"codevasf-faz-peixamento-no-municipio-de-serra-do-ramalho-50-mil-alevinos-de-curimata-no-sao-francisco","status":"publish","type":"post","link":"https:\/\/blogdafeira.com.br\/home\/2025\/04\/04\/codevasf-faz-peixamento-no-municipio-de-serra-do-ramalho-50-mil-alevinos-de-curimata-no-sao-francisco\/","title":{"rendered":"Codevasf faz peixamento em Serra do Ramalho: 50 mil alevinos de curimat\u00e3 no S\u00e3o Francisco"},"content":{"rendered":"<div id=\"blogd-118881826\" class=\"blogd-fim-do-post-mobile blogd-entity-placement\" style=\"margin-left: auto;margin-right: auto;text-align: center;\"><a href=\"https:\/\/www.sefaz.feiradesantana.ba.gov.br\/\" target=\"_blank\" aria-label=\"728&#215;90 (6)\"><img loading=\"lazy\" decoding=\"async\" src=\"https:\/\/blogdafeira.com.br\/home\/wp-content\/uploads\/2026\/03\/728x90-6.gif\" alt=\"\"  class=\"no-lazyload\" width=\"728\" height=\"90\"  style=\"display: inline-block;\" \/><\/a><\/div><p>A Companhia de Desenvolvimento dos Vales do S\u00e3o Francisco e do Parna\u00edba (Codevasf) realizou uma mais um peixamento no Rio S\u00e3o Francisco, introduzindo 50 mil alevinos de curimat\u00e3 na zona rural do munic\u00edpio de <a href=\"https:\/\/blogdafeira.com.br\/home\/2021\/12\/06\/codevasf-recupera-nascentes-em-serra-do-ramalho-no-medio-sao-francisco\/\"><strong>Serra do Ramalho<\/strong><\/a>, na Regi\u00e3o de Bom Jesus da Lapa.<\/p><div id=\"blogd-2363013318\" class=\"blogd-conteudo-2-mobile blogd-entity-placement\"><a href=\"https:\/\/feirenses.com.br\/\" target=\"_blank\" aria-label=\"feirenses\"><img loading=\"lazy\" decoding=\"async\" src=\"https:\/\/blogdafeira.com.br\/home\/wp-content\/uploads\/2026\/04\/feirenses.png\" alt=\"\"  srcset=\"https:\/\/blogdafeira.com.br\/home\/wp-content\/uploads\/2026\/04\/feirenses.png 300w, https:\/\/blogdafeira.com.br\/home\/wp-content\/uploads\/2026\/04\/feirenses-170x45.png 170w, https:\/\/blogdafeira.com.br\/home\/wp-content\/uploads\/2026\/04\/feirenses-280x74.png 280w\" sizes=\"(max-width: 300px) 100vw, 300px\" class=\"no-lazyload\" width=\"300\" height=\"79\"  style=\"display: inline-block;\" \/><\/a><\/div>\n<div id=\"blogd-3124209718\" class=\"blogd-final-post blogd-entity-placement\"><a href=\"https:\/\/www.feiradesantana.ba.leg.br\/\" target=\"_blank\" aria-label=\"BANNER-SITE-ENTREGADECHEQUE-CAMARADEFEIRA\"><img loading=\"lazy\" decoding=\"async\" src=\"https:\/\/blogdafeira.com.br\/home\/wp-content\/uploads\/2026\/03\/BANNER-SITE-ENTREGADECHEQUE-CAMARADEFEIRA.gif\" alt=\"\"  class=\"no-lazyload\" width=\"728\" height=\"90\"   \/><\/a><\/div><p>Os alevinos foram produzidos no <a href=\"https:\/\/www.codevasf.gov.br\/noticias\/2021\/codevasf-moderniza-estrutura-do-centro-integrado-de-recursos-pesqueiros-e-aquicultura-de-xique-xique-ba\"><strong>Centro Integrado de Recursos Pesqueiros e Aquicultura de Xique-Xique,<\/strong><\/a> uma unidade que gera milh\u00f5es de alevinos de esp\u00e9cies nativas anualmente.<\/p>\n","protected":false},"excerpt":{"rendered":"<p>A Companhia de Desenvolvimento dos Vales do S\u00e3o Francisco e do Parna\u00edba (Codevasf) realizou uma mais um peixamento no Rio S\u00e3o Francisco, introduzindo 50 mil alevinos de curimat\u00e3 na zona rural do munic\u00edpio de Serra do Ramalho, na Regi\u00e3o de Bom Jesus da Lapa. Os alevinos foram produzidos no Centro Integrado de Recursos Pesqueiros e<\/p>\n","protected":false},"author":1,"featured_media":66563,"comment_status":"open","ping_status":"open","sticky":false,"template":"","format":"standard","meta":{"jetpack_post_was_ever_published":false,"cybocfi_hide_featured_image":"","_jetpack_newsletter_access":"","_jetpack_dont_email_post_to_subs":false,"_jetpack_newsletter_tier_id":0,"_jetpack_memberships_contains_paywalled_content":false,"_jetpack_memberships_contains_paid_content":false,"footnotes":"","jetpack_publicize_message":"","jetpack_publicize_feature_enabled":true,"jetpack_social_post_already_shared":true,"jetpack_social_options":{"image_generator_settings":{"template":"highway","default_image_id":0,"font":"","enabled":false},"version":2}},"categories":[3,774,1],"tags":[],"class_list":["post-66562","post","type-post","status-publish","format-standard","has-post-thumbnail","hentry","category-cidade","category-economia","category-raiz"],"jetpack_publicize_connections":[],"jetpack_featured_media_url":"https:\/\/blogdafeira.com.br\/home\/wp-content\/uploads\/2025\/04\/peixamento-Serra-do-Ramalho-rio-Sao-Francisco.jpg","jetpack_shortlink":"https:\/\/wp.me\/p3niVf-hjA","jetpack_sharing_enabled":true,"jetpack-related-posts":[{"id":49142,"url":"https:\/\/blogdafeira.com.br\/home\/2021\/12\/06\/codevasf-recupera-nascentes-em-serra-do-ramalho-no-medio-sao-francisco\/","url_meta":{"origin":66562,"position":0},"title":"Codevasf recupera nascentes em Serra do Ramalho no m\u00e9dio S\u00e3o Francisco","author":"Ascom","date":"06\/12\/2021","format":false,"excerpt":"A Companhia de Desenvolvimento dos Vales do S\u00e3o Francisco e do Parna\u00edba (Codevasf) est\u00e1 recuperando nascentes do riacho Taquari, na comunidade de Taquari, em Serra do Ramalho, no M\u00e9dio S\u00e3o Francisco baiano, a 720 km de Feira de Santana. A a\u00e7\u00e3o representa um investimento de R$ 69,9 mil. A ordem\u2026","rel":"","context":"Em &quot;Bahia&quot;","block_context":{"text":"Bahia","link":"https:\/\/blogdafeira.com.br\/home\/categoria\/bahia\/"},"img":{"alt_text":"","src":"","width":0,"height":0},"classes":[]},{"id":41816,"url":"https:\/\/blogdafeira.com.br\/home\/2020\/11\/17\/baixio-de-irece-governo-federal-abre-concessao-para-13-298-hectares-irrigados\/","url_meta":{"origin":66562,"position":1},"title":"Baixio de Irec\u00ea, governo federal abre concess\u00e3o para 13.298 hectares irrigados","author":"Ascom","date":"17\/11\/2020","format":false,"excerpt":"A Companhia de Desenvolvimento dos Vales do S\u00e3o Francisco e do Parna\u00edba (Codevasf) e o Minist\u00e9rio do Desenvolvimento Regional (MDR), em parceria com a Secretaria Especial do Programa de Parcerias de Investimentos (SPPI), promovem, at\u00e9 16 de dezembro, consulta p\u00fablica sobre o processo de concess\u00e3o \u00e0 iniciativa privada do Per\u00edmetro\u2026","rel":"","context":"Em &quot;Bahia&quot;","block_context":{"text":"Bahia","link":"https:\/\/blogdafeira.com.br\/home\/categoria\/bahia\/"},"img":{"alt_text":"","src":"https:\/\/i0.wp.com\/blogdafeira.com.br\/home\/wp-content\/uploads\/2020\/11\/baixio-de-irece-640x330-1.jpg?resize=350%2C200&ssl=1","width":350,"height":200,"srcset":"https:\/\/i0.wp.com\/blogdafeira.com.br\/home\/wp-content\/uploads\/2020\/11\/baixio-de-irece-640x330-1.jpg?resize=350%2C200&ssl=1 1x, https:\/\/i0.wp.com\/blogdafeira.com.br\/home\/wp-content\/uploads\/2020\/11\/baixio-de-irece-640x330-1.jpg?resize=525%2C300&ssl=1 1.5x"},"classes":[]},{"id":17263,"url":"https:\/\/blogdafeira.com.br\/home\/2015\/10\/22\/lago-do-sobradinho-esta-com-apenas-559-do-volume-util-de-agua\/","url_meta":{"origin":66562,"position":2},"title":"Lago do Sobradinho est\u00e1 com apenas 5,59% do volume \u00fatil de \u00e1gua","author":"Ascom","date":"22\/10\/2015","format":false,"excerpt":"O Lago de Sobradinho se encontra hoje com 5,59% do seu volume \u00fatil de armazenamento. A previs\u00e3o de chegada ao volume morto \u00e9 no final do m\u00eas de novembro, quando o n\u00edvel da \u00e1gua alcan\u00e7ar\u00e1 5,45 bilh\u00f5es de metros c\u00fabicos, suficiente para garantir o abastecimento de \u00e1gua para consumo humano\u2026","rel":"","context":"Em &quot;Distritos&quot;","block_context":{"text":"Distritos","link":"https:\/\/blogdafeira.com.br\/home\/categoria\/distritos\/"},"img":{"alt_text":"","src":"","width":0,"height":0},"classes":[]},{"id":3405,"url":"https:\/\/blogdafeira.com.br\/home\/2013\/07\/10\/ze-neto-reuniu-se-com-o-presidente-da-codevasf-em-brasilia\/","url_meta":{"origin":66562,"position":3},"title":"Z\u00e9 Neto reuniu-se com o presidente da Codevasf em Bras\u00edlia","author":"Ascom","date":"10\/07\/2013","format":false,"excerpt":"Em Bras\u00edlia, no in\u00edcio desta semana, o deputado estadual e l\u00edder do governo na Assembleia Legislativa da Bahia, Z\u00e9 Neto (PT), reuniu-se com o presidente da Companhia de Desenvolvimento dos Vales do S\u00e3o Francisco e do Parna\u00edba (Codevasf), Elmo Vaz, para tratar de a\u00e7\u00f5es do \u00f3rg\u00e3o para a Bahia. O\u2026","rel":"","context":"Em &quot;Home&quot;","block_context":{"text":"Home","link":"https:\/\/blogdafeira.com.br\/home\/categoria\/raiz\/"},"img":{"alt_text":"Reuni\u00e3o na Codevasf","src":"https:\/\/i0.wp.com\/blogdafeira.com.br\/home\/wp-content\/uploads\/2013\/07\/Reuni%C3%A3o-na-Codevasf-170x113.jpg?resize=350%2C200","width":350,"height":200},"classes":[]},{"id":22573,"url":"https:\/\/blogdafeira.com.br\/home\/2016\/07\/19\/kenia-assume-presidencia-da-codevasf-nesta-terca-feira-em-brasilia\/","url_meta":{"origin":66562,"position":4},"title":"K\u00eania assume presid\u00eancia da Codevasf nesta ter\u00e7a-feira em Bras\u00edlia","author":"Ascom","date":"19\/07\/2016","format":false,"excerpt":"K\u00eania R\u00e9gia Anasenko Marcelino \u00e9 a nova presidente da Companhia de Desenvolvimento dos Vales do S\u00e3o Francisco e do Parna\u00edba (Codevasf). A nomea\u00e7\u00e3o foi publicada no Di\u00e1rio Oficial da Uni\u00e3o desta segunda-feira (18). Natural de Goian\u00e9sia (GO), K\u00eania \u00e9 zoot\u00e9cnica graduada pela Universidade Cat\u00f3lica de Goi\u00e1s (PUC), mestre em Ci\u00eancias\u2026","rel":"","context":"Em &quot;Distritos&quot;","block_context":{"text":"Distritos","link":"https:\/\/blogdafeira.com.br\/home\/categoria\/distritos\/"},"img":{"alt_text":"K\u00eania Marcelino \u00e9 primeira mulher a presidir a Codevasf","src":"https:\/\/i0.wp.com\/c8.staticflickr.com\/8\/7563\/27779681583_1385e2c43f.jpg?resize=350%2C200&ssl=1","width":350,"height":200},"classes":[]},{"id":12313,"url":"https:\/\/blogdafeira.com.br\/home\/2014\/09\/12\/rui-costa-promete-ponte-sobre-o-rio-sao-francisco-em-barra\/","url_meta":{"origin":66562,"position":5},"title":"Rui Costa promete ponte sobre o Rio S\u00e3o Francisco em Barra","author":"Ascom","date":"12\/09\/2014","format":false,"excerpt":"Durante com\u00edcio em Barra, o candidato a governador da Bahia pelo PT, deputado Rui Costa, comprometeu-se com a constru\u00e7\u00e3o de uma nova ponte sobre o Rio S\u00e3o Francisco, naquela cidade. A ponte vai facilitar o acesso ao munic\u00edpio pela regi\u00e3o de Xique-Xique e a estrada do feij\u00e3o. Rui estava ao\u2026","rel":"","context":"Em &quot;Home&quot;","block_context":{"text":"Home","link":"https:\/\/blogdafeira.com.br\/home\/categoria\/raiz\/"},"img":{"alt_text":"","src":"","width":0,"height":0},"classes":[]}],"_links":{"self":[{"href":"https:\/\/blogdafeira.com.br\/home\/wp-json\/wp\/v2\/posts\/66562","targetHints":{"allow":["GET"]}}],"collection":[{"href":"https:\/\/blogdafeira.com.br\/home\/wp-json\/wp\/v2\/posts"}],"about":[{"href":"https:\/\/blogdafeira.com.br\/home\/wp-json\/wp\/v2\/types\/post"}],"author":[{"embeddable":true,"href":"https:\/\/blogdafeira.com.br\/home\/wp-json\/wp\/v2\/users\/1"}],"replies":[{"embeddable":true,"href":"https:\/\/blogdafeira.com.br\/home\/wp-json\/wp\/v2\/comments?post=66562"}],"version-history":[{"count":3,"href":"https:\/\/blogdafeira.com.br\/home\/wp-json\/wp\/v2\/posts\/66562\/revisions"}],"predecessor-version":[{"id":66566,"href":"https:\/\/blogdafeira.com.br\/home\/wp-json\/wp\/v2\/posts\/66562\/revisions\/66566"}],"wp:featuredmedia":[{"embeddable":true,"href":"https:\/\/blogdafeira.com.br\/home\/wp-json\/wp\/v2\/media\/66563"}],"wp:attachment":[{"href":"https:\/\/blogdafeira.com.br\/home\/wp-json\/wp\/v2\/media?parent=66562"}],"wp:term":[{"taxonomy":"category","embeddable":true,"href":"https:\/\/blogdafeira.com.br\/home\/wp-json\/wp\/v2\/categories?post=66562"},{"taxonomy":"post_tag","embeddable":true,"href":"https:\/\/blogdafeira.com.br\/home\/wp-json\/wp\/v2\/tags?post=66562"}],"curies":[{"name":"wp","href":"https:\/\/api.w.org\/{rel}","templated":true}]}}