{"id":66568,"date":"2025-04-04T22:26:25","date_gmt":"2025-04-05T01:26:25","guid":{"rendered":"https:\/\/blogdafeira.com.br\/home\/?p=66568"},"modified":"2025-08-19T00:07:24","modified_gmt":"2025-08-19T03:07:24","slug":"ze-ronaldo-critica-lancamento-de-caiado-a-presidencia-e-muito-cedo","status":"publish","type":"post","link":"https:\/\/blogdafeira.com.br\/home\/2025\/04\/04\/ze-ronaldo-critica-lancamento-de-caiado-a-presidencia-e-muito-cedo\/","title":{"rendered":"Z\u00e9 Ronaldo critica lan\u00e7amento de Caiado \u00e0 Presid\u00eancia: &#8220;\u00e9 muito cedo&#8221;"},"content":{"rendered":"<div id=\"blogd-1510084454\" class=\"blogd-fim-do-post-mobile blogd-entity-placement\" style=\"margin-left: auto;margin-right: auto;text-align: center;\"><a href=\"https:\/\/www.sefaz.feiradesantana.ba.gov.br\/\" target=\"_blank\" aria-label=\"728&#215;90 (6)\"><img loading=\"lazy\" decoding=\"async\" src=\"https:\/\/blogdafeira.com.br\/home\/wp-content\/uploads\/2026\/03\/728x90-6.gif\" alt=\"\"  class=\"no-lazyload\" width=\"728\" height=\"90\"  style=\"display: inline-block;\" \/><\/a><\/div><p>Enquanto o governador de Goi\u00e1s, Ronaldo Caiado, fazia uma conven\u00e7\u00e3o pol\u00edtica de lan\u00e7amento da candidatura \u00e0 Presid\u00eancia em 2026, acompanhado euforicamente pelo ex e atual prefeitos de Salvador, ACM Neto e Bruno Reis, o prefeito\u00a0 Z\u00e9 Ronaldo , tamb\u00e9m do Uni\u00e3o Brasil e l\u00edder do segundo maior col\u00e9gio eleitoral da Bahia, estava em Feira assinando uma ordem de servi\u00e7o de 3 milh\u00f5es de reais para a renova\u00e7\u00e3o de uma escola municipal que tem o nome de Eduardo Fr\u00f3es da Mota, um c\u00e9lebre pol\u00edtico, ex-prefeito e comerciante da Feira.<\/p><div id=\"blogd-1275340574\" class=\"blogd-conteudo-2-mobile blogd-entity-placement\"><a href=\"https:\/\/feirenses.com.br\/\" target=\"_blank\" aria-label=\"feirenses\"><img loading=\"lazy\" decoding=\"async\" src=\"https:\/\/blogdafeira.com.br\/home\/wp-content\/uploads\/2026\/04\/feirenses.png\" alt=\"\"  srcset=\"https:\/\/blogdafeira.com.br\/home\/wp-content\/uploads\/2026\/04\/feirenses.png 300w, https:\/\/blogdafeira.com.br\/home\/wp-content\/uploads\/2026\/04\/feirenses-170x45.png 170w, https:\/\/blogdafeira.com.br\/home\/wp-content\/uploads\/2026\/04\/feirenses-280x74.png 280w\" sizes=\"(max-width: 300px) 100vw, 300px\" class=\"no-lazyload\" width=\"300\" height=\"79\"  style=\"display: inline-block;\" \/><\/a><\/div>\n<div id=\"blogd-1322808629\" class=\"blogd-final-post blogd-entity-placement\"><a href=\"https:\/\/www.feiradesantana.ba.leg.br\/\" target=\"_blank\" aria-label=\"BANNER-SITE-ENTREGADECHEQUE-CAMARADEFEIRA\"><img loading=\"lazy\" decoding=\"async\" src=\"https:\/\/blogdafeira.com.br\/home\/wp-content\/uploads\/2026\/03\/BANNER-SITE-ENTREGADECHEQUE-CAMARADEFEIRA.gif\" alt=\"\"  class=\"no-lazyload\" width=\"728\" height=\"90\"   \/><\/a><\/div><p>\u00c0 tarde, quando governador de Goi\u00e1s foi receber\u00a0 honrarias na Assembleia Legislativa, l\u00e1 estava o prefeito de Feira, Z\u00e9 Ronaldo. <a href=\"https:\/\/www.acordacidade.com.br\/politica\/eleicoes\/jose-ronaldo-considera-precoce-a-pre-candidatura-de-caiado-a-presidencia\/\"><strong>Em entrevista ao Acorda Cidade,<\/strong><\/a> Ronaldo explica que estava ali de forma institucional e criticou o lan\u00e7amento da candidatura de seu hom\u00f4nimo Ronaldo Caiado, sem meias palavras: &#8220;\u00e9 muito cedo&#8221;, para em seguida amenizar, justificando que est\u00e1 muito absorvido pela administra\u00e7\u00e3o municipal e n\u00e3o tem tempo para acompanha a movimenta\u00e7\u00e3o pol\u00edtica nacional.<\/p>\n<p><img loading=\"lazy\" decoding=\"async\" class=\"aligncenter size-medium wp-image-66570\" src=\"https:\/\/blogdafeira.com.br\/home\/wp-content\/uploads\/2025\/04\/tzhjk0-346x266.jpg\" alt=\"\" width=\"346\" height=\"266\" srcset=\"https:\/\/blogdafeira.com.br\/home\/wp-content\/uploads\/2025\/04\/tzhjk0-346x266.jpg 346w, https:\/\/blogdafeira.com.br\/home\/wp-content\/uploads\/2025\/04\/tzhjk0-170x131.jpg 170w, https:\/\/blogdafeira.com.br\/home\/wp-content\/uploads\/2025\/04\/tzhjk0-243x187.jpg 243w, https:\/\/blogdafeira.com.br\/home\/wp-content\/uploads\/2025\/04\/tzhjk0.jpg 595w\" sizes=\"auto, (max-width: 346px) 100vw, 346px\" \/><\/p>\n","protected":false},"excerpt":{"rendered":"<p>Enquanto o governador de Goi\u00e1s, Ronaldo Caiado, fazia uma conven\u00e7\u00e3o pol\u00edtica de lan\u00e7amento da candidatura \u00e0 Presid\u00eancia em 2026, acompanhado euforicamente pelo ex e atual prefeitos de Salvador, ACM Neto e Bruno Reis, o prefeito\u00a0 Z\u00e9 Ronaldo , tamb\u00e9m do Uni\u00e3o Brasil e l\u00edder do segundo maior col\u00e9gio eleitoral da Bahia, estava em Feira assinando<\/p>\n","protected":false},"author":1,"featured_media":66539,"comment_status":"open","ping_status":"open","sticky":false,"template":"","format":"standard","meta":{"jetpack_post_was_ever_published":false,"cybocfi_hide_featured_image":"","_jetpack_newsletter_access":"","_jetpack_dont_email_post_to_subs":false,"_jetpack_newsletter_tier_id":0,"_jetpack_memberships_contains_paywalled_content":false,"_jetpack_memberships_contains_paid_content":false,"footnotes":"","jetpack_publicize_message":"","jetpack_publicize_feature_enabled":true,"jetpack_social_post_already_shared":true,"jetpack_social_options":{"image_generator_settings":{"template":"highway","default_image_id":0,"font":"","enabled":false},"version":2}},"categories":[1,631],"tags":[],"class_list":["post-66568","post","type-post","status-publish","format-standard","has-post-thumbnail","hentry","category-raiz","category-politica"],"jetpack_publicize_connections":[],"jetpack_featured_media_url":"https:\/\/blogdafeira.com.br\/home\/wp-content\/uploads\/2025\/04\/Autorizacao-Construcao-Nova-Escola-Eduardo-Froes-da-Mota-foto-Jorge-Magalhaes-70.jpeg","jetpack_shortlink":"https:\/\/wp.me\/p3niVf-hjG","jetpack_sharing_enabled":true,"jetpack-related-posts":[{"id":29458,"url":"https:\/\/blogdafeira.com.br\/home\/2018\/04\/16\/candidatura-de-ze-ronaldo-ao-governo-da-bahia-continua-desidratada\/","url_meta":{"origin":66568,"position":0},"title":"Candidatura de Z\u00e9 Ronaldo ao governo da Bahia continua &#8216;desidratada&#8217;","author":"Blog da Feira","date":"16\/04\/2018","format":false,"excerpt":"Sem nenhum avan\u00e7o vis\u00edvel nas negocia\u00e7\u00f5es para formar uma chapa \u00fanica de oposi\u00e7\u00e3o, a candidatura do ex-prefeito de Feira de Santana, Jos\u00e9 Ronaldo, ao governo da Bahia continua 'desidratada' como chegou, h\u00e1 mais de uma semana. Candidato 'tamp\u00e3o' de ACM Neto, que desistiu de \u00faltima hora, e\u00a0 com uma desenvoltura\u2026","rel":"","context":"Em &quot;Home&quot;","block_context":{"text":"Home","link":"https:\/\/blogdafeira.com.br\/home\/categoria\/raiz\/"},"img":{"alt_text":"","src":"https:\/\/i0.wp.com\/blogdafeira.com.br\/home\/wp-content\/uploads\/2018\/04\/redimensiona.jpeg?resize=350%2C200","width":350,"height":200},"classes":[]},{"id":62907,"url":"https:\/\/blogdafeira.com.br\/home\/2024\/07\/18\/paulo-camara-assume-o-mandato-se-o-deputado-pablo-for-o-vice-de-ze-ronaldo-na-feira\/","url_meta":{"origin":66568,"position":1},"title":"Paulo C\u00e2mara assume o mandato se o deputado Pablo for o vice de Z\u00e9 Ronaldo na Feira","author":"Blog da Feira","date":"18\/07\/2024","format":false,"excerpt":"Caso Pablo Roberto seja o candidato a vice-prefeito da Feira, com Z\u00e9 Ronaldo (UB)( o que \u00e9 muito prov\u00e1vel) quem assume o mandato se ele se licenciar \u00e9 o ex-deputado Paulo C\u00e2mara, que j\u00e1 foi presidente estadual do PSDB e vereador em Salvador. Pablo Roberto desistiu, quarta-feira , da pr\u00e9\u2026","rel":"","context":"Em &quot;Elei\u00e7\u00f5es 2024&quot;","block_context":{"text":"Elei\u00e7\u00f5es 2024","link":"https:\/\/blogdafeira.com.br\/home\/categoria\/politica\/eleicoes-2024\/"},"img":{"alt_text":"","src":"https:\/\/i0.wp.com\/blogdafeira.com.br\/home\/wp-content\/uploads\/2024\/07\/tpuspp.jpg?resize=350%2C200&ssl=1","width":350,"height":200},"classes":[]},{"id":71001,"url":"https:\/\/blogdafeira.com.br\/home\/2026\/01\/21\/ze-ronaldo-reitera-que-vai-cumprir-mandato-de-prefeito-ate-o-final-zero-chance-de-candidatura-este-ano\/","url_meta":{"origin":66568,"position":2},"title":"Z\u00e9 Ronaldo reitera que vai cumprir mandato de Prefeito at\u00e9 o final: zero chance de candidatura este ano","author":"Blog da Feira","date":"21\/01\/2026","format":false,"excerpt":"O prefeito de Feira, Z\u00e9 Ronaldo, reiterou hoje (quarta-feira,21) para a imprensa do munic\u00edpio o que disse desde a campanha eleitoral: cumprir\u00e1 o mandato de Prefeito at\u00e9 o final, portanto, zero chance de ser candidato a algum cargo eletivo este ano. E disse que continua \"focado na administra\u00e7\u00e3o\". Dessa maneira,\u2026","rel":"","context":"Em &quot;Destaques&quot;","block_context":{"text":"Destaques","link":"https:\/\/blogdafeira.com.br\/home\/categoria\/destaques\/"},"img":{"alt_text":"","src":"https:\/\/i0.wp.com\/blogdafeira.com.br\/home\/wp-content\/uploads\/2026\/01\/IMG_20260121_1135353152-scaled.jpg?resize=350%2C200&ssl=1","width":350,"height":200,"srcset":"https:\/\/i0.wp.com\/blogdafeira.com.br\/home\/wp-content\/uploads\/2026\/01\/IMG_20260121_1135353152-scaled.jpg?resize=350%2C200&ssl=1 1x, https:\/\/i0.wp.com\/blogdafeira.com.br\/home\/wp-content\/uploads\/2026\/01\/IMG_20260121_1135353152-scaled.jpg?resize=525%2C300&ssl=1 1.5x, https:\/\/i0.wp.com\/blogdafeira.com.br\/home\/wp-content\/uploads\/2026\/01\/IMG_20260121_1135353152-scaled.jpg?resize=700%2C400&ssl=1 2x, https:\/\/i0.wp.com\/blogdafeira.com.br\/home\/wp-content\/uploads\/2026\/01\/IMG_20260121_1135353152-scaled.jpg?resize=1050%2C600&ssl=1 3x, https:\/\/i0.wp.com\/blogdafeira.com.br\/home\/wp-content\/uploads\/2026\/01\/IMG_20260121_1135353152-scaled.jpg?resize=1400%2C800&ssl=1 4x"},"classes":[]},{"id":51173,"url":"https:\/\/blogdafeira.com.br\/home\/2022\/03\/09\/candidatura-de-evaldo-martins-depende-do-destino-de-ze-ronaldo\/","url_meta":{"origin":66568,"position":3},"title":"Candidatura de Evaldo Martins depende do destino de Z\u00e9 Ronaldo","author":"Blog da Feira","date":"09\/03\/2022","format":false,"excerpt":"O que antes era apenas uma especula\u00e7\u00e3o est\u00e1 confirmado: o prefeito Colbert Filho tem um poss\u00edvel candidato a deputado federal, o irm\u00e3o dele, empres\u00e1rio Evaldo Martins, ex-secret\u00e1rio municipal da Fazenda e vice-presidente do MDB de Feira de Santana. A candidatura de Evaldo, no entanto, est\u00e1 condicionada ao futuro pol\u00edtico de\u2026","rel":"","context":"Em &quot;Home&quot;","block_context":{"text":"Home","link":"https:\/\/blogdafeira.com.br\/home\/categoria\/raiz\/"},"img":{"alt_text":"","src":"https:\/\/i0.wp.com\/blogdafeira.com.br\/home\/wp-content\/uploads\/2022\/03\/InShot_20220309_160448227.jpg?resize=350%2C200&ssl=1","width":350,"height":200,"srcset":"https:\/\/i0.wp.com\/blogdafeira.com.br\/home\/wp-content\/uploads\/2022\/03\/InShot_20220309_160448227.jpg?resize=350%2C200&ssl=1 1x, https:\/\/i0.wp.com\/blogdafeira.com.br\/home\/wp-content\/uploads\/2022\/03\/InShot_20220309_160448227.jpg?resize=525%2C300&ssl=1 1.5x, https:\/\/i0.wp.com\/blogdafeira.com.br\/home\/wp-content\/uploads\/2022\/03\/InShot_20220309_160448227.jpg?resize=700%2C400&ssl=1 2x, https:\/\/i0.wp.com\/blogdafeira.com.br\/home\/wp-content\/uploads\/2022\/03\/InShot_20220309_160448227.jpg?resize=1050%2C600&ssl=1 3x, https:\/\/i0.wp.com\/blogdafeira.com.br\/home\/wp-content\/uploads\/2022\/03\/InShot_20220309_160448227.jpg?resize=1400%2C800&ssl=1 4x"},"classes":[]},{"id":31722,"url":"https:\/\/blogdafeira.com.br\/home\/2019\/06\/19\/pleito-eleitoral-de-2020-comeca-a-ganhar-forma-em-feira-de-santana-por-rogerio-correia\/","url_meta":{"origin":66568,"position":4},"title":"&#8216;Pleito eleitoral de 2020 come\u00e7a a ganhar forma em Feira de Santana&#8217;, por Rog\u00e9rio Correia","author":"J\u00e2nio R\u00eago","date":"19\/06\/2019","format":false,"excerpt":"Feira de Santana \u00e9 o segundo maior Munic\u00edpio da Bahia, possuindo atualmente 388.717 (trezentos e oitenta e oito mil setecentos e dezessete) eleitores. Podendo o Pleito Eleitoral no referido Munic\u00edpio ocorrer em dois turnos. A \u00faltima vez que ocorreu segundo turno nas elei\u00e7\u00f5es Municipais de Feira de Santana foi no\u2026","rel":"","context":"Em &quot;Home&quot;","block_context":{"text":"Home","link":"https:\/\/blogdafeira.com.br\/home\/categoria\/raiz\/"},"img":{"alt_text":"","src":"https:\/\/i0.wp.com\/blogdafeira.com.br\/home\/wp-content\/uploads\/2019\/06\/FB_IMG_1560982956764.jpg?resize=350%2C200","width":350,"height":200,"srcset":"https:\/\/i0.wp.com\/blogdafeira.com.br\/home\/wp-content\/uploads\/2019\/06\/FB_IMG_1560982956764.jpg?resize=350%2C200 1x, https:\/\/i0.wp.com\/blogdafeira.com.br\/home\/wp-content\/uploads\/2019\/06\/FB_IMG_1560982956764.jpg?resize=525%2C300 1.5x, https:\/\/i0.wp.com\/blogdafeira.com.br\/home\/wp-content\/uploads\/2019\/06\/FB_IMG_1560982956764.jpg?resize=700%2C400 2x"},"classes":[]},{"id":10450,"url":"https:\/\/blogdafeira.com.br\/home\/2014\/05\/12\/candidatura-de-aecio-coloca-graca-e-ronaldo-no-mesmo-palanque\/","url_meta":{"origin":66568,"position":5},"title":"Candidatura de A\u00e9cio coloca Gra\u00e7a e Ronaldo no mesmo palanque","author":"Blog da Feira","date":"12\/05\/2014","format":false,"excerpt":"A ex-primeira dama de Feira de Santana, deputada estadual Gra\u00e7a Pimenta (PMDB) e o prefeito de Feira de Santana, Jos\u00e9 Ronaldo (DEM) est\u00e3o no mesmo palanque eleitoral nas elei\u00e7\u00f5es deste ano. Advers\u00e1rios pol\u00edticos em 2012, quando ela era do PR e seu marido, o ent\u00e3o prefeito de Feira, Tarc\u00edzio Pimenta\u2026","rel":"","context":"Em &quot;Home&quot;","block_context":{"text":"Home","link":"https:\/\/blogdafeira.com.br\/home\/categoria\/raiz\/"},"img":{"alt_text":"10366127_696465607076767_1206504091869858703_n","src":"https:\/\/i0.wp.com\/blogdafeira.com.br\/home\/wp-content\/uploads\/2014\/05\/10366127_696465607076767_1206504091869858703_n.jpg?resize=350%2C200","width":350,"height":200,"srcset":"https:\/\/i0.wp.com\/blogdafeira.com.br\/home\/wp-content\/uploads\/2014\/05\/10366127_696465607076767_1206504091869858703_n.jpg?resize=350%2C200 1x, https:\/\/i0.wp.com\/blogdafeira.com.br\/home\/wp-content\/uploads\/2014\/05\/10366127_696465607076767_1206504091869858703_n.jpg?resize=525%2C300 1.5x"},"classes":[]}],"_links":{"self":[{"href":"https:\/\/blogdafeira.com.br\/home\/wp-json\/wp\/v2\/posts\/66568","targetHints":{"allow":["GET"]}}],"collection":[{"href":"https:\/\/blogdafeira.com.br\/home\/wp-json\/wp\/v2\/posts"}],"about":[{"href":"https:\/\/blogdafeira.com.br\/home\/wp-json\/wp\/v2\/types\/post"}],"author":[{"embeddable":true,"href":"https:\/\/blogdafeira.com.br\/home\/wp-json\/wp\/v2\/users\/1"}],"replies":[{"embeddable":true,"href":"https:\/\/blogdafeira.com.br\/home\/wp-json\/wp\/v2\/comments?post=66568"}],"version-history":[{"count":5,"href":"https:\/\/blogdafeira.com.br\/home\/wp-json\/wp\/v2\/posts\/66568\/revisions"}],"predecessor-version":[{"id":66587,"href":"https:\/\/blogdafeira.com.br\/home\/wp-json\/wp\/v2\/posts\/66568\/revisions\/66587"}],"wp:featuredmedia":[{"embeddable":true,"href":"https:\/\/blogdafeira.com.br\/home\/wp-json\/wp\/v2\/media\/66539"}],"wp:attachment":[{"href":"https:\/\/blogdafeira.com.br\/home\/wp-json\/wp\/v2\/media?parent=66568"}],"wp:term":[{"taxonomy":"category","embeddable":true,"href":"https:\/\/blogdafeira.com.br\/home\/wp-json\/wp\/v2\/categories?post=66568"},{"taxonomy":"post_tag","embeddable":true,"href":"https:\/\/blogdafeira.com.br\/home\/wp-json\/wp\/v2\/tags?post=66568"}],"curies":[{"name":"wp","href":"https:\/\/api.w.org\/{rel}","templated":true}]}}