{"id":66766,"date":"2025-04-17T09:21:00","date_gmt":"2025-04-17T12:21:00","guid":{"rendered":"https:\/\/blogdafeira.com.br\/home\/?p=66766"},"modified":"2025-08-19T00:07:21","modified_gmt":"2025-08-19T03:07:21","slug":"tv-feira-exibe-a-encenacao-da-paixao-e-morte-de-cristo-realizada-no-joia","status":"publish","type":"post","link":"https:\/\/blogdafeira.com.br\/home\/2025\/04\/17\/tv-feira-exibe-a-encenacao-da-paixao-e-morte-de-cristo-realizada-no-joia\/","title":{"rendered":"TV Feira exibe a encena\u00e7\u00e3o da Paix\u00e3o e Morte de Cristo realizada no Joia"},"content":{"rendered":"<div id=\"blogd-966678502\" class=\"blogd-fim-do-post-mobile blogd-entity-placement\" style=\"margin-left: auto;margin-right: auto;text-align: center;\"><a href=\"https:\/\/www.sefaz.feiradesantana.ba.gov.br\/\" target=\"_blank\" aria-label=\"728&#215;90 (6)\"><img loading=\"lazy\" decoding=\"async\" src=\"https:\/\/blogdafeira.com.br\/home\/wp-content\/uploads\/2026\/03\/728x90-6.gif\" alt=\"\"  class=\"no-lazyload\" width=\"728\" height=\"90\"  style=\"display: inline-block;\" \/><\/a><\/div><p>A TV Feira, emissora p\u00fablica do munic\u00edpio de Feira de Santana, afiliada \u00e0 TV Brasil, exibe nesta sexta-feira (18) o espet\u00e1culo &#8220;Paix\u00e3o e Morte de Cristo&#8221;, a partir das 13h30. \u00c9 a primeira vez que um canal de TV aberta local apresenta a encena\u00e7\u00e3o, realizada pelo Grupo Teatral Renascer. A grava\u00e7\u00e3o aconteceu no Est\u00e1dio Alberto Oliveira, o Joia da Princesa.<\/p><div id=\"blogd-3743226818\" class=\"blogd-conteudo-2-mobile blogd-entity-placement\"><a href=\"https:\/\/feirenses.com.br\/\" target=\"_blank\" aria-label=\"feirenses\"><img loading=\"lazy\" decoding=\"async\" src=\"https:\/\/blogdafeira.com.br\/home\/wp-content\/uploads\/2026\/04\/feirenses.png\" alt=\"\"  srcset=\"https:\/\/blogdafeira.com.br\/home\/wp-content\/uploads\/2026\/04\/feirenses.png 300w, https:\/\/blogdafeira.com.br\/home\/wp-content\/uploads\/2026\/04\/feirenses-170x45.png 170w, https:\/\/blogdafeira.com.br\/home\/wp-content\/uploads\/2026\/04\/feirenses-280x74.png 280w\" sizes=\"(max-width: 300px) 100vw, 300px\" class=\"no-lazyload\" width=\"300\" height=\"79\"  style=\"display: inline-block;\" \/><\/a><\/div>\n<p>Essa representa\u00e7\u00e3o teatral retrata os \u00faltimos dias da vida de Jesus Cristo, desde sua entrada triunfal em Jerusal\u00e9m at\u00e9 sua crucifica\u00e7\u00e3o e morte, levando os espectadores a refletir sobre sua f\u00e9 e rela\u00e7\u00e3o com Deus.<\/p>\n<div id=\"blogd-3695084290\" class=\"blogd-final-post blogd-entity-placement\"><a href=\"https:\/\/www.feiradesantana.ba.leg.br\/\" target=\"_blank\" aria-label=\"BANNER-SITE-ENTREGADECHEQUE-CAMARADEFEIRA\"><img loading=\"lazy\" decoding=\"async\" src=\"https:\/\/blogdafeira.com.br\/home\/wp-content\/uploads\/2026\/03\/BANNER-SITE-ENTREGADECHEQUE-CAMARADEFEIRA.gif\" alt=\"\"  class=\"no-lazyload\" width=\"728\" height=\"90\"   \/><\/a><\/div><p>Para sintonizar a TV Feira, os espectadores podem procurar pelo canal 2.1. Tamb\u00e9m \u00e9 poss\u00edvel acompanhar a programa\u00e7\u00e3o da emissora pelo YouTube e canais digitais.<\/p>\n<p><span class=\"embed-youtube\" style=\"text-align:center; display: block;\"><iframe loading=\"lazy\" class=\"youtube-player\" width=\"1170\" height=\"659\" src=\"https:\/\/www.youtube.com\/embed\/SoEG1ogqBwo?version=3&#038;rel=1&#038;showsearch=0&#038;showinfo=1&#038;iv_load_policy=1&#038;fs=1&#038;hl=pt-BR&#038;autohide=2&#038;wmode=transparent\" allowfullscreen=\"true\" style=\"border:0;\" sandbox=\"allow-scripts allow-same-origin allow-popups allow-presentation allow-popups-to-escape-sandbox\"><\/iframe><\/span><\/p>\n<p>&nbsp;<\/p>\n","protected":false},"excerpt":{"rendered":"<p>A TV Feira, emissora p\u00fablica do munic\u00edpio de Feira de Santana, afiliada \u00e0 TV Brasil, exibe nesta sexta-feira (18) o espet\u00e1culo &#8220;Paix\u00e3o e Morte de Cristo&#8221;, a partir das 13h30. \u00c9 a primeira vez que um canal de TV aberta local apresenta a encena\u00e7\u00e3o, realizada pelo Grupo Teatral Renascer. A grava\u00e7\u00e3o aconteceu no Est\u00e1dio Alberto<\/p>\n","protected":false},"author":1,"featured_media":66767,"comment_status":"open","ping_status":"open","sticky":false,"template":"","format":"standard","meta":{"jetpack_post_was_ever_published":false,"cybocfi_hide_featured_image":"","_jetpack_newsletter_access":"","_jetpack_dont_email_post_to_subs":false,"_jetpack_newsletter_tier_id":0,"_jetpack_memberships_contains_paywalled_content":false,"_jetpack_memberships_contains_paid_content":false,"footnotes":"","jetpack_publicize_message":"","jetpack_publicize_feature_enabled":true,"jetpack_social_post_already_shared":true,"jetpack_social_options":{"image_generator_settings":{"template":"highway","default_image_id":0,"font":"","enabled":false},"version":2}},"categories":[751,1],"tags":[],"class_list":["post-66766","post","type-post","status-publish","format-standard","has-post-thumbnail","hentry","category-geral","category-raiz"],"jetpack_publicize_connections":[],"jetpack_featured_media_url":"https:\/\/blogdafeira.com.br\/home\/wp-content\/uploads\/2025\/04\/Screenshot_20250417-091530.png","jetpack_shortlink":"https:\/\/wp.me\/p3niVf-hmS","jetpack_sharing_enabled":true,"jetpack-related-posts":[{"id":14391,"url":"https:\/\/blogdafeira.com.br\/home\/2015\/03\/31\/grupo-de-teatro-do-distrito-de-humildes-em-feira-encena-a-paixao-ha-18-anos\/","url_meta":{"origin":66766,"position":0},"title":"Grupo de Teatro do distrito de Humildes em Feira encena a &#8216;Paix\u00e3o&#8217; h\u00e1 18 anos","author":"Ascom","date":"31\/03\/2015","format":false,"excerpt":"O espet\u00e1culo \u201cA Paix\u00e3o e Morte de Cristo\u201d, que ser\u00e1 encenada nos distritos de Bonfim de Feira e Humildes, dias 1 e 2 de abril, sempre a partir das 19h,\u00e9 organizado h\u00e1 18 anos por Ubaldo de Oliveira Santos, mais conhecido como Bal de Humildes, que tamb\u00e9m faz o papel\u2026","rel":"","context":"Em &quot;Distritos&quot;","block_context":{"text":"Distritos","link":"https:\/\/blogdafeira.com.br\/home\/categoria\/distritos\/"},"img":{"alt_text":"bonfim","src":"https:\/\/i0.wp.com\/blogdafeira.com.br\/home\/wp-content\/uploads\/2015\/03\/bonfim.jpg?resize=350%2C200","width":350,"height":200,"srcset":"https:\/\/i0.wp.com\/blogdafeira.com.br\/home\/wp-content\/uploads\/2015\/03\/bonfim.jpg?resize=350%2C200 1x, https:\/\/i0.wp.com\/blogdafeira.com.br\/home\/wp-content\/uploads\/2015\/03\/bonfim.jpg?resize=525%2C300 1.5x"},"classes":[]},{"id":10192,"url":"https:\/\/blogdafeira.com.br\/home\/2014\/04\/11\/paixao-e-morte-de-cristo-hoje-no-parque-de-exposicao-em-feira\/","url_meta":{"origin":66766,"position":1},"title":"&#8216;Paix\u00e3o e Morte de Cristo&#8217; hoje no Parque de Exposi\u00e7\u00e3o em Feira","author":"Ascom","date":"11\/04\/2014","format":false,"excerpt":"A partir desta sexta-feira at\u00e9 domingo (11 a 13 de abril), no Parque de Exposi\u00e7\u00e3o Jo\u00e3o Martins da Silva, em Feira de Santana, sempre a partir das 19h, ser\u00e1 encenada a 'Paix\u00e3o e Morte de Cristo', pelo grupo teatral Renascer,\u00a0com mais de 150 atores e figurantes. O acesso \u00e9 gratuito.\u2026","rel":"","context":"Em &quot;Home&quot;","block_context":{"text":"Home","link":"https:\/\/blogdafeira.com.br\/home\/categoria\/raiz\/"},"img":{"alt_text":"grupo_renascer_paixao_cristo3","src":"https:\/\/i0.wp.com\/blogdafeira.com.br\/home\/wp-content\/uploads\/2014\/04\/grupo_renascer_paixao_cristo3.jpg?resize=350%2C200","width":350,"height":200,"srcset":"https:\/\/i0.wp.com\/blogdafeira.com.br\/home\/wp-content\/uploads\/2014\/04\/grupo_renascer_paixao_cristo3.jpg?resize=350%2C200 1x, https:\/\/i0.wp.com\/blogdafeira.com.br\/home\/wp-content\/uploads\/2014\/04\/grupo_renascer_paixao_cristo3.jpg?resize=525%2C300 1.5x, https:\/\/i0.wp.com\/blogdafeira.com.br\/home\/wp-content\/uploads\/2014\/04\/grupo_renascer_paixao_cristo3.jpg?resize=700%2C400 2x"},"classes":[]},{"id":53126,"url":"https:\/\/blogdafeira.com.br\/home\/2022\/06\/30\/tv-feira-entra-no-ar-em-canal-aberto\/","url_meta":{"origin":66766,"position":2},"title":"TV Feira entra no ar em canal aberto","author":"Ascom","date":"30\/06\/2022","format":false,"excerpt":"A partir desta sexta-feira, 1\u00ba, a popula\u00e7\u00e3o de Feira de Santana, na Bahia, passa a contar com mais um canal aberto de televis\u00e3o. A TV Feira, emissora ligada \u00e0 Prefeitura, entra no ar em parceria com Empresa Brasil de Comunica\u00e7\u00e3o (EBC), e vai alcan\u00e7ar a regi\u00e3o metropolitana do munic\u00edpio. A\u2026","rel":"","context":"Em &quot;Geral&quot;","block_context":{"text":"Geral","link":"https:\/\/blogdafeira.com.br\/home\/categoria\/geral\/"},"img":{"alt_text":"","src":"https:\/\/i0.wp.com\/blogdafeira.com.br\/home\/wp-content\/uploads\/2022\/06\/Construcao-Sede-da-TV-Feira-GALERIA-Foto-Jorge-Magalhaes-5.jpeg?resize=350%2C200&ssl=1","width":350,"height":200,"srcset":"https:\/\/i0.wp.com\/blogdafeira.com.br\/home\/wp-content\/uploads\/2022\/06\/Construcao-Sede-da-TV-Feira-GALERIA-Foto-Jorge-Magalhaes-5.jpeg?resize=350%2C200&ssl=1 1x, https:\/\/i0.wp.com\/blogdafeira.com.br\/home\/wp-content\/uploads\/2022\/06\/Construcao-Sede-da-TV-Feira-GALERIA-Foto-Jorge-Magalhaes-5.jpeg?resize=525%2C300&ssl=1 1.5x, https:\/\/i0.wp.com\/blogdafeira.com.br\/home\/wp-content\/uploads\/2022\/06\/Construcao-Sede-da-TV-Feira-GALERIA-Foto-Jorge-Magalhaes-5.jpeg?resize=700%2C400&ssl=1 2x"},"classes":[]},{"id":55986,"url":"https:\/\/blogdafeira.com.br\/home\/2023\/01\/01\/entra-no-ar-a-programacao-local-da-tv-feira-canal-2-1\/","url_meta":{"origin":66766,"position":3},"title":"Entra no ar a programa\u00e7\u00e3o local da TV Feira, Canal 2.1","author":"Ascom","date":"01\/01\/2023","format":false,"excerpt":"A TV Feira j\u00e1 pode ser acompanhada pelos telespectadores no Canal 2.1. Afiliada da TV Brasil, a nova emissora j\u00e1 est\u00e1 transmitindo sua pr\u00f3pria programa\u00e7\u00e3o, com mat\u00e9rias sobre os acontecimentos do dia-a-dia, dicas sobre sa\u00fade, entretenimento e direitos do consumidor, e reportagens especiais sobre a hist\u00f3ria e a cultura de\u2026","rel":"","context":"Em &quot;Geral&quot;","block_context":{"text":"Geral","link":"https:\/\/blogdafeira.com.br\/home\/categoria\/geral\/"},"img":{"alt_text":"","src":"https:\/\/i0.wp.com\/blogdafeira.com.br\/home\/wp-content\/uploads\/2023\/01\/Screenshot_20230101-1942162.png?resize=350%2C200&ssl=1","width":350,"height":200,"srcset":"https:\/\/i0.wp.com\/blogdafeira.com.br\/home\/wp-content\/uploads\/2023\/01\/Screenshot_20230101-1942162.png?resize=350%2C200&ssl=1 1x, https:\/\/i0.wp.com\/blogdafeira.com.br\/home\/wp-content\/uploads\/2023\/01\/Screenshot_20230101-1942162.png?resize=525%2C300&ssl=1 1.5x, https:\/\/i0.wp.com\/blogdafeira.com.br\/home\/wp-content\/uploads\/2023\/01\/Screenshot_20230101-1942162.png?resize=700%2C400&ssl=1 2x"},"classes":[]},{"id":60598,"url":"https:\/\/blogdafeira.com.br\/home\/2023\/12\/26\/tv-feira-comemora-um-ano-inaugurando-estudio-e-sede-propria\/","url_meta":{"origin":66766,"position":4},"title":"TV Feira comemora um ano inaugurando est\u00fadio e sede pr\u00f3pria","author":"Ascom","date":"26\/12\/2023","format":false,"excerpt":"A TV Feira, emissora p\u00fablica mantida pela Prefeitura de Feira de Santana, inaugurou nesta ter\u00e7a-feira (26) seu novo est\u00fadio e sede pr\u00f3pria, al\u00e9m de comemorar um ano de atividades. A cerim\u00f4nia foi conduzida pelo prefeito Colbert Martins Filho, ao lado da secret\u00e1ria de Comunica\u00e7\u00e3o Social, Renata Maia, e contou com\u2026","rel":"","context":"Em &quot;Geral&quot;","block_context":{"text":"Geral","link":"https:\/\/blogdafeira.com.br\/home\/categoria\/geral\/"},"img":{"alt_text":"","src":"https:\/\/i0.wp.com\/blogdafeira.com.br\/home\/wp-content\/uploads\/2023\/12\/Inauguracao-da-tv-feira-26-12-2023-Foto-Izinaldo-Barreto-1-scaled.jpeg?resize=350%2C200&ssl=1","width":350,"height":200,"srcset":"https:\/\/i0.wp.com\/blogdafeira.com.br\/home\/wp-content\/uploads\/2023\/12\/Inauguracao-da-tv-feira-26-12-2023-Foto-Izinaldo-Barreto-1-scaled.jpeg?resize=350%2C200&ssl=1 1x, https:\/\/i0.wp.com\/blogdafeira.com.br\/home\/wp-content\/uploads\/2023\/12\/Inauguracao-da-tv-feira-26-12-2023-Foto-Izinaldo-Barreto-1-scaled.jpeg?resize=525%2C300&ssl=1 1.5x, https:\/\/i0.wp.com\/blogdafeira.com.br\/home\/wp-content\/uploads\/2023\/12\/Inauguracao-da-tv-feira-26-12-2023-Foto-Izinaldo-Barreto-1-scaled.jpeg?resize=700%2C400&ssl=1 2x, https:\/\/i0.wp.com\/blogdafeira.com.br\/home\/wp-content\/uploads\/2023\/12\/Inauguracao-da-tv-feira-26-12-2023-Foto-Izinaldo-Barreto-1-scaled.jpeg?resize=1050%2C600&ssl=1 3x, https:\/\/i0.wp.com\/blogdafeira.com.br\/home\/wp-content\/uploads\/2023\/12\/Inauguracao-da-tv-feira-26-12-2023-Foto-Izinaldo-Barreto-1-scaled.jpeg?resize=1400%2C800&ssl=1 4x"},"classes":[]},{"id":29116,"url":"https:\/\/blogdafeira.com.br\/home\/2018\/02\/23\/soteropolis-da-tve-completa-15-anos-e-sera-exibido-nacionalmente-na-tv-brasil\/","url_meta":{"origin":66766,"position":5},"title":"&#8216;Soter\u00f3polis&#8217; da TVE completa 15 anos e ser\u00e1 exibido nacionalmente na TV Brasil","author":"Ascom","date":"23\/02\/2018","format":false,"excerpt":"A proje\u00e7\u00e3o e repercuss\u00e3o para os artistas e produtores culturais baianos ser\u00e1 ainda maior a partir desta sexta-feira. O Programa de arte e cultura da TVE Bahia, o Soter\u00f3polis completa agora 15 anos no ar e a\u00a0partir desta sexta-feira, 23, sempre \u00e0s 23h15 (hor\u00e1rio de Bras\u00edlia), a TV Brasil exibir\u00e1\u2026","rel":"","context":"Em &quot;Home&quot;","block_context":{"text":"Home","link":"https:\/\/blogdafeira.com.br\/home\/categoria\/raiz\/"},"img":{"alt_text":"logo_soteropolis_g-1024x341","src":"https:\/\/i0.wp.com\/blogdafeira.com.br\/home\/wp-content\/uploads\/2018\/02\/logo_soteropolis_G-1024x341-1024x341.png?resize=350%2C200","width":350,"height":200,"srcset":"https:\/\/i0.wp.com\/blogdafeira.com.br\/home\/wp-content\/uploads\/2018\/02\/logo_soteropolis_G-1024x341-1024x341.png?resize=350%2C200 1x, https:\/\/i0.wp.com\/blogdafeira.com.br\/home\/wp-content\/uploads\/2018\/02\/logo_soteropolis_G-1024x341-1024x341.png?resize=525%2C300 1.5x, https:\/\/i0.wp.com\/blogdafeira.com.br\/home\/wp-content\/uploads\/2018\/02\/logo_soteropolis_G-1024x341-1024x341.png?resize=700%2C400 2x"},"classes":[]}],"_links":{"self":[{"href":"https:\/\/blogdafeira.com.br\/home\/wp-json\/wp\/v2\/posts\/66766","targetHints":{"allow":["GET"]}}],"collection":[{"href":"https:\/\/blogdafeira.com.br\/home\/wp-json\/wp\/v2\/posts"}],"about":[{"href":"https:\/\/blogdafeira.com.br\/home\/wp-json\/wp\/v2\/types\/post"}],"author":[{"embeddable":true,"href":"https:\/\/blogdafeira.com.br\/home\/wp-json\/wp\/v2\/users\/1"}],"replies":[{"embeddable":true,"href":"https:\/\/blogdafeira.com.br\/home\/wp-json\/wp\/v2\/comments?post=66766"}],"version-history":[{"count":1,"href":"https:\/\/blogdafeira.com.br\/home\/wp-json\/wp\/v2\/posts\/66766\/revisions"}],"predecessor-version":[{"id":66768,"href":"https:\/\/blogdafeira.com.br\/home\/wp-json\/wp\/v2\/posts\/66766\/revisions\/66768"}],"wp:featuredmedia":[{"embeddable":true,"href":"https:\/\/blogdafeira.com.br\/home\/wp-json\/wp\/v2\/media\/66767"}],"wp:attachment":[{"href":"https:\/\/blogdafeira.com.br\/home\/wp-json\/wp\/v2\/media?parent=66766"}],"wp:term":[{"taxonomy":"category","embeddable":true,"href":"https:\/\/blogdafeira.com.br\/home\/wp-json\/wp\/v2\/categories?post=66766"},{"taxonomy":"post_tag","embeddable":true,"href":"https:\/\/blogdafeira.com.br\/home\/wp-json\/wp\/v2\/tags?post=66766"}],"curies":[{"name":"wp","href":"https:\/\/api.w.org\/{rel}","templated":true}]}}