{"id":66864,"date":"2025-04-22T19:43:15","date_gmt":"2025-04-22T22:43:15","guid":{"rendered":"https:\/\/blogdafeira.com.br\/home\/?p=66864"},"modified":"2025-08-19T00:07:20","modified_gmt":"2025-08-19T03:07:20","slug":"uma-noticia-alvissareira","status":"publish","type":"post","link":"https:\/\/blogdafeira.com.br\/home\/2025\/04\/22\/uma-noticia-alvissareira\/","title":{"rendered":"Uma not\u00edcia alvissareira"},"content":{"rendered":"<div id=\"blogd-2483054953\" class=\"blogd-fim-do-post-mobile blogd-entity-placement\" style=\"margin-left: auto;margin-right: auto;text-align: center;\"><a href=\"https:\/\/www.sefaz.feiradesantana.ba.gov.br\/\" target=\"_blank\" aria-label=\"728&#215;90 (6)\"><img loading=\"lazy\" decoding=\"async\" src=\"https:\/\/blogdafeira.com.br\/home\/wp-content\/uploads\/2026\/03\/728x90-6.gif\" alt=\"\"  class=\"no-lazyload\" width=\"728\" height=\"90\"  style=\"display: inline-block;\" \/><\/a><\/div><p>A not\u00edcia de que a Secretaria Municipal de Cultura vai ser alocada na antiga Escola Maria Quit\u00e9ria, ali na Pra\u00e7a Froes da Motta, no centro da Feira de Santana, \u00e9 alvissareira. Quem transita por l\u00e1 sofre com a ang\u00fastia provocada pela vis\u00e3o do\u00a0 im\u00f3vel abandonado, se deteriorando. Quem conhece a Hist\u00f3ria da Princesa do Sert\u00e3o sabe do triste destino de in\u00fameros im\u00f3veis antigos, com valor arquitet\u00f4nico e cultural. Muitos simplesmente ru\u00edram, alguns viraram estacionamento.<\/p><div id=\"blogd-765592912\" class=\"blogd-conteudo-2-mobile blogd-entity-placement\"><a href=\"https:\/\/feirenses.com.br\/\" target=\"_blank\" aria-label=\"feirenses\"><img loading=\"lazy\" decoding=\"async\" src=\"https:\/\/blogdafeira.com.br\/home\/wp-content\/uploads\/2026\/04\/feirenses.png\" alt=\"\"  srcset=\"https:\/\/blogdafeira.com.br\/home\/wp-content\/uploads\/2026\/04\/feirenses.png 300w, https:\/\/blogdafeira.com.br\/home\/wp-content\/uploads\/2026\/04\/feirenses-170x45.png 170w, https:\/\/blogdafeira.com.br\/home\/wp-content\/uploads\/2026\/04\/feirenses-280x74.png 280w\" sizes=\"(max-width: 300px) 100vw, 300px\" class=\"no-lazyload\" width=\"300\" height=\"79\"  style=\"display: inline-block;\" \/><\/a><\/div>\n<p>Com o im\u00f3vel reformado e em funcionamento, os impactos positivos n\u00e3o v\u00e3o se limitar \u00e0 edifica\u00e7\u00e3o em si. V\u00e3o repercutir tamb\u00e9m sobre a pra\u00e7a, que anda vazia e malcuidada. Os jardins \u2013 por exemplo \u2013 e as \u00e1rvores est\u00e3o necessitando de cuidados, inclusive a \u00faltima palmeira imperial que sobrevive no local.<\/p>\n<p>Mais gente circulando pelas cercanias pode induzir a interven\u00e7\u00f5es de revitaliza\u00e7\u00e3o da pra\u00e7a, sem d\u00favida. Tudo somado, pode representar um passo promissor para um objetivo\u00a0 mais amplo, que a Feira de Santana necessita h\u00e1 tempos: um ambicioso projeto de resgate e revitaliza\u00e7\u00e3o do seu centro comercial, que vem se esvaziando ao longo dos anos.<\/p>\n<p>\u00c9 necess\u00e1rio enfatizar que o projeto Novo Centro \u2013 que ampliou cal\u00e7adas e as possibilidades de circula\u00e7\u00e3o de pedestres \u2013 foi um passo importante para a humaniza\u00e7\u00e3o daquelas vias. Mas este, embora com alcance, contemplou apenas uma dimens\u00e3o. Como se sabe, h\u00e1 outras, indispens\u00e1veis para a revitaliza\u00e7\u00e3o do centro.<\/p>\n<p>A mais \u00f3bvia \u00e9 a reocupa\u00e7\u00e3o de in\u00fameros im\u00f3veis que est\u00e3o ociosos. A expans\u00e3o do per\u00edmetro urbano da Feira de Santana nas \u00faltimas d\u00e9cadas \u2013 com o surgimento de bairros inteiros \u2013 desconcentrou o com\u00e9rcio e tornou o centro da cidade menos atraente, por conta das dist\u00e2ncias e das dificuldades de mobilidade.<\/p>\n<p>Enfim, os desafios s\u00e3o vastos para que o antigo centro comercial \u2013 e at\u00e9 amplas \u00e1reas no interior do Anel de Contorno \u2013 sejam reocupados, com uso racional. Sim, tudo \u00e9 complexo, exige recursos e uma fina articula\u00e7\u00e3o com os atores privados. Mas o \u201cmiolo hist\u00f3rico\u201d da Feira de Santana precisa revitalizar-se.<\/p>\n<p>Destinar a antiga Escola Maria Quit\u00e9ria para a Secretaria da Cultura \u00e9 promissor. Foi uma grande ideia da gest\u00e3o Jos\u00e9 Ronaldo de Carvalho. N\u00e3o, ainda n\u00e3o se articula a um projeto mais amplo, nem \u00e9 fruto de a\u00e7\u00f5es mais concatenadas, pelo menos aparentemente. Mas sinaliza aten\u00e7\u00e3o com o destino do patrim\u00f4nio arquitet\u00f4nico do munic\u00edpio.<\/p>\n<div id=\"blogd-1167791370\" class=\"blogd-final-post blogd-entity-placement\"><a href=\"https:\/\/www.feiradesantana.ba.leg.br\/\" target=\"_blank\" aria-label=\"BANNER-SITE-ENTREGADECHEQUE-CAMARADEFEIRA\"><img loading=\"lazy\" decoding=\"async\" src=\"https:\/\/blogdafeira.com.br\/home\/wp-content\/uploads\/2026\/03\/BANNER-SITE-ENTREGADECHEQUE-CAMARADEFEIRA.gif\" alt=\"\"  class=\"no-lazyload\" width=\"728\" height=\"90\"   \/><\/a><\/div><p>N\u00e3o deixa, portanto, de ser um passo. Ou um tijolo na desafiadora reconstru\u00e7\u00e3o do pujante centro comercial da Feira de Santana&#8230;<\/p>\n","protected":false},"excerpt":{"rendered":"<p>A not\u00edcia de que a Secretaria Municipal de Cultura vai ser alocada na antiga Escola Maria Quit\u00e9ria, ali na Pra\u00e7a Froes da Motta, no centro da Feira de Santana, \u00e9 alvissareira. Quem transita por l\u00e1 sofre com a ang\u00fastia provocada pela vis\u00e3o do\u00a0 im\u00f3vel abandonado, se deteriorando. Quem conhece a Hist\u00f3ria da Princesa do Sert\u00e3o<\/p>\n","protected":false},"author":13,"featured_media":66865,"comment_status":"open","ping_status":"open","sticky":false,"template":"","format":"standard","meta":{"jetpack_post_was_ever_published":false,"cybocfi_hide_featured_image":"","_jetpack_newsletter_access":"","_jetpack_dont_email_post_to_subs":false,"_jetpack_newsletter_tier_id":0,"_jetpack_memberships_contains_paywalled_content":false,"_jetpack_memberships_contains_paid_content":false,"footnotes":"","jetpack_publicize_message":"","jetpack_publicize_feature_enabled":true,"jetpack_social_post_already_shared":true,"jetpack_social_options":{"image_generator_settings":{"template":"highway","default_image_id":0,"font":"","enabled":false},"version":2}},"categories":[592,1],"tags":[],"class_list":["post-66864","post","type-post","status-publish","format-standard","has-post-thumbnail","hentry","category-colunistas","category-raiz"],"jetpack_publicize_connections":[],"jetpack_featured_media_url":"https:\/\/blogdafeira.com.br\/home\/wp-content\/uploads\/2025\/04\/FB_IMG_1745361749787.jpg","jetpack_shortlink":"https:\/\/wp.me\/p3niVf-hos","jetpack_sharing_enabled":true,"jetpack-related-posts":[{"id":66788,"url":"https:\/\/blogdafeira.com.br\/home\/2025\/04\/17\/secretaria-de-cultura-da-feira-vai-funcionar-no-predio-da-antiga-escola-maria-quiteria\/","url_meta":{"origin":66864,"position":0},"title":"Secretaria de Cultura da Feira vai funcionar no pr\u00e9dio da antiga escola Maria Quiteria","author":"Blog da Feira","date":"17\/04\/2025","format":false,"excerpt":"Finalmente o Poder P\u00fablico Municipal resolveu socorrer o pr\u00e9dio secular onde funcionou a Escola Maria Quit\u00e9ria que encontra-se fechado h\u00e1 cerca de\u00a0 uma d\u00e9cada. Aqui no BF reclamamos disso\u00a0 insistentemente (clique) .Constru\u00eddo na intend\u00eancia de Agostinho Fr\u00f3es da Mota, o im\u00f3vel \u00e9 uma rel\u00edquia hist\u00f3rica-arquitet\u00f4nica que merece restauro e preserva\u00e7\u00e3o.\u2026","rel":"","context":"Em &quot;Geral&quot;","block_context":{"text":"Geral","link":"https:\/\/blogdafeira.com.br\/home\/categoria\/geral\/"},"img":{"alt_text":"","src":"https:\/\/i0.wp.com\/blogdafeira.com.br\/home\/wp-content\/uploads\/2025\/04\/Prefeito-e-secretario-visitam-Escola-Maria-Quiteria-Foto-DivulgacaoSEGOV-33.jpg?resize=350%2C200&ssl=1","width":350,"height":200,"srcset":"https:\/\/i0.wp.com\/blogdafeira.com.br\/home\/wp-content\/uploads\/2025\/04\/Prefeito-e-secretario-visitam-Escola-Maria-Quiteria-Foto-DivulgacaoSEGOV-33.jpg?resize=350%2C200&ssl=1 1x, https:\/\/i0.wp.com\/blogdafeira.com.br\/home\/wp-content\/uploads\/2025\/04\/Prefeito-e-secretario-visitam-Escola-Maria-Quiteria-Foto-DivulgacaoSEGOV-33.jpg?resize=525%2C300&ssl=1 1.5x, https:\/\/i0.wp.com\/blogdafeira.com.br\/home\/wp-content\/uploads\/2025\/04\/Prefeito-e-secretario-visitam-Escola-Maria-Quiteria-Foto-DivulgacaoSEGOV-33.jpg?resize=700%2C400&ssl=1 2x, https:\/\/i0.wp.com\/blogdafeira.com.br\/home\/wp-content\/uploads\/2025\/04\/Prefeito-e-secretario-visitam-Escola-Maria-Quiteria-Foto-DivulgacaoSEGOV-33.jpg?resize=1050%2C600&ssl=1 3x"},"classes":[]},{"id":71277,"url":"https:\/\/blogdafeira.com.br\/home\/2026\/02\/08\/antigas-fachadas-que-ainda-sobrevivem-na-feira\/","url_meta":{"origin":66864,"position":1},"title":"Antigas fachadas que ainda sobrevivem na Feira","author":"J\u00e2nio R\u00eago","date":"08\/02\/2026","format":false,"excerpt":"Os desenhos e adornos das fachadas davam status aos donos e beleza ao im\u00f3vel. N\u00e3o tinham significados profundos. Refletiam tradi\u00e7\u00f5es europeias, influ\u00eancias africanas, simbolismos religiosos e, mais das vezes, apenas modismos da \u00e9poca. Juraci D\u00f3rea tem um trabalho profundo sobre a arquitetura ecl\u00e9tica da cidade da Feira. Claro, n\u00e3o esgotou\u2026","rel":"","context":"Em &quot;Colunistas&quot;","block_context":{"text":"Colunistas","link":"https:\/\/blogdafeira.com.br\/home\/categoria\/colunistas\/"},"img":{"alt_text":"","src":"https:\/\/i0.wp.com\/blogdafeira.com.br\/home\/wp-content\/uploads\/2026\/02\/IMG_20210102_144053_164-scaled.jpg?resize=350%2C200&ssl=1","width":350,"height":200,"srcset":"https:\/\/i0.wp.com\/blogdafeira.com.br\/home\/wp-content\/uploads\/2026\/02\/IMG_20210102_144053_164-scaled.jpg?resize=350%2C200&ssl=1 1x, https:\/\/i0.wp.com\/blogdafeira.com.br\/home\/wp-content\/uploads\/2026\/02\/IMG_20210102_144053_164-scaled.jpg?resize=525%2C300&ssl=1 1.5x, https:\/\/i0.wp.com\/blogdafeira.com.br\/home\/wp-content\/uploads\/2026\/02\/IMG_20210102_144053_164-scaled.jpg?resize=700%2C400&ssl=1 2x, https:\/\/i0.wp.com\/blogdafeira.com.br\/home\/wp-content\/uploads\/2026\/02\/IMG_20210102_144053_164-scaled.jpg?resize=1050%2C600&ssl=1 3x, https:\/\/i0.wp.com\/blogdafeira.com.br\/home\/wp-content\/uploads\/2026\/02\/IMG_20210102_144053_164-scaled.jpg?resize=1400%2C800&ssl=1 4x"},"classes":[]},{"id":64692,"url":"https:\/\/blogdafeira.com.br\/home\/2024\/11\/25\/manifesto-por-mais-decoracao-natalina\/","url_meta":{"origin":66864,"position":2},"title":"Manifesto por mais decora\u00e7\u00e3o natalina","author":"Andr\u00e9 Pomponet","date":"25\/11\/2024","format":false,"excerpt":"Vai chegando o Natal e os prefeitos \u2013 os reeleitos \u2013 come\u00e7am a se mexer para garantir a decora\u00e7\u00e3o natalina. Afinal, a popula\u00e7\u00e3o espera capricho em luzes e adere\u00e7os para garantir aquelas selfies que v\u00e3o circular entre amigos, nos grupos familiares e tamb\u00e9m viralizar nas m\u00eddias digitais. Decora\u00e7\u00e3o natalina aumenta\u2026","rel":"","context":"Em &quot;Colunistas&quot;","block_context":{"text":"Colunistas","link":"https:\/\/blogdafeira.com.br\/home\/categoria\/colunistas\/"},"img":{"alt_text":"","src":"https:\/\/i0.wp.com\/blogdafeira.com.br\/home\/wp-content\/uploads\/2024\/11\/images-10.jpeg?resize=350%2C200&ssl=1","width":350,"height":200},"classes":[]},{"id":8261,"url":"https:\/\/blogdafeira.com.br\/home\/2014\/01\/13\/imovel-industrial-no-cis-de-feira-esta-a-venda-por-r11-milhoes\/","url_meta":{"origin":66864,"position":3},"title":"Im\u00f3vel industrial no CIS de Feira est\u00e1 \u00e0 venda por  R$11 milh\u00f5es","author":"Blog da Feira","date":"13\/01\/2014","format":false,"excerpt":"Uma corretora de im\u00f3veis com sede em S\u00e3o Paulo, a Herzog, \u00e9 a respons\u00e1vel pela venda do pr\u00e9dio de uma antiga ind\u00fastria que fechou as portas no Centro Industrial do Suba\u00e9 (CIS), em Feira de Santana. Valor: 11 milh\u00f5es de reais.\u00a0O im\u00f3vel tem 75 mil metros quadrados de terreno sendo\u2026","rel":"","context":"Em &quot;Home&quot;","block_context":{"text":"Home","link":"https:\/\/blogdafeira.com.br\/home\/categoria\/raiz\/"},"img":{"alt_text":"CIS FEIRA","src":"https:\/\/i0.wp.com\/blogdafeira.com.br\/home\/wp-content\/uploads\/2014\/01\/CIS-FEIRA.jpg?resize=350%2C200","width":350,"height":200,"srcset":"https:\/\/i0.wp.com\/blogdafeira.com.br\/home\/wp-content\/uploads\/2014\/01\/CIS-FEIRA.jpg?resize=350%2C200 1x, https:\/\/i0.wp.com\/blogdafeira.com.br\/home\/wp-content\/uploads\/2014\/01\/CIS-FEIRA.jpg?resize=525%2C300 1.5x"},"classes":[]},{"id":71532,"url":"https:\/\/blogdafeira.com.br\/home\/2026\/03\/04\/mercado-imobiliario-chega-ao-beco-da-energia-no-centro-antigo-da-feira\/","url_meta":{"origin":66864,"position":4},"title":"Mercado imobili\u00e1rio chega ao &#8216;Beco da Energia&#8217; no centro antigo da Feira","author":"Blog da Feira","date":"04\/03\/2026","format":false,"excerpt":"Um im\u00f3vel encontra-se \u00e0 venda no Beco da Energia, um enclave em L,\u00a0 para pedestres,\u00a0 entre a Marechal e o Beco do Moc\u00f3, no centro antigo da Feira. No im\u00f3vel funcionou o bar e boate de Claudia, parceira de M\u00e1rcio Punk, Marcelo Ven\u00edcio, Elsimar Pond\u00e9, Charles Mendes, Karen Mendes e\u2026","rel":"","context":"Em &quot;Cultura&quot;","block_context":{"text":"Cultura","link":"https:\/\/blogdafeira.com.br\/home\/categoria\/cultura\/"},"img":{"alt_text":"","src":"https:\/\/i0.wp.com\/blogdafeira.com.br\/home\/wp-content\/uploads\/2026\/03\/IMG_20260302_155435883_HDR2-scaled.jpg?resize=350%2C200&ssl=1","width":350,"height":200,"srcset":"https:\/\/i0.wp.com\/blogdafeira.com.br\/home\/wp-content\/uploads\/2026\/03\/IMG_20260302_155435883_HDR2-scaled.jpg?resize=350%2C200&ssl=1 1x, https:\/\/i0.wp.com\/blogdafeira.com.br\/home\/wp-content\/uploads\/2026\/03\/IMG_20260302_155435883_HDR2-scaled.jpg?resize=525%2C300&ssl=1 1.5x, https:\/\/i0.wp.com\/blogdafeira.com.br\/home\/wp-content\/uploads\/2026\/03\/IMG_20260302_155435883_HDR2-scaled.jpg?resize=700%2C400&ssl=1 2x, https:\/\/i0.wp.com\/blogdafeira.com.br\/home\/wp-content\/uploads\/2026\/03\/IMG_20260302_155435883_HDR2-scaled.jpg?resize=1050%2C600&ssl=1 3x, https:\/\/i0.wp.com\/blogdafeira.com.br\/home\/wp-content\/uploads\/2026\/03\/IMG_20260302_155435883_HDR2-scaled.jpg?resize=1400%2C800&ssl=1 4x"},"classes":[]},{"id":71402,"url":"https:\/\/blogdafeira.com.br\/home\/2026\/02\/18\/arvore-simbolo-de-conceicao-do-coite-e-conservada-no-patamar-da-igreja-matriz\/","url_meta":{"origin":66864,"position":5},"title":"\u00c1rvore s\u00edmbolo de Concei\u00e7\u00e3o do Coit\u00e9 \u00e9 conservada no patamar da Igreja Matriz","author":"Blog da Feira","date":"18\/02\/2026","format":false,"excerpt":"Quando se estabeleceu como comerciante na pra\u00e7a da igreja, no in\u00edcio da d\u00e9cada de 60 do s\u00e9culo passado, o p\u00e9 de coit\u00e9 j\u00e1 estava plantado no patamar da Matriz de Nossa Senhora da Concei\u00e7\u00e3o , em Concei\u00e7\u00e3o do Coit\u00e9. O Sr Carlos Gomes \u00e9 dono do Bar Esportiva, um dos\u2026","rel":"","context":"Em &quot;Cidade&quot;","block_context":{"text":"Cidade","link":"https:\/\/blogdafeira.com.br\/home\/categoria\/cidade\/"},"img":{"alt_text":"","src":"https:\/\/i0.wp.com\/blogdafeira.com.br\/home\/wp-content\/uploads\/2026\/02\/IMG_20260216_1855271683-scaled.jpg?resize=350%2C200&ssl=1","width":350,"height":200,"srcset":"https:\/\/i0.wp.com\/blogdafeira.com.br\/home\/wp-content\/uploads\/2026\/02\/IMG_20260216_1855271683-scaled.jpg?resize=350%2C200&ssl=1 1x, https:\/\/i0.wp.com\/blogdafeira.com.br\/home\/wp-content\/uploads\/2026\/02\/IMG_20260216_1855271683-scaled.jpg?resize=525%2C300&ssl=1 1.5x, https:\/\/i0.wp.com\/blogdafeira.com.br\/home\/wp-content\/uploads\/2026\/02\/IMG_20260216_1855271683-scaled.jpg?resize=700%2C400&ssl=1 2x, https:\/\/i0.wp.com\/blogdafeira.com.br\/home\/wp-content\/uploads\/2026\/02\/IMG_20260216_1855271683-scaled.jpg?resize=1050%2C600&ssl=1 3x, https:\/\/i0.wp.com\/blogdafeira.com.br\/home\/wp-content\/uploads\/2026\/02\/IMG_20260216_1855271683-scaled.jpg?resize=1400%2C800&ssl=1 4x"},"classes":[]}],"_links":{"self":[{"href":"https:\/\/blogdafeira.com.br\/home\/wp-json\/wp\/v2\/posts\/66864","targetHints":{"allow":["GET"]}}],"collection":[{"href":"https:\/\/blogdafeira.com.br\/home\/wp-json\/wp\/v2\/posts"}],"about":[{"href":"https:\/\/blogdafeira.com.br\/home\/wp-json\/wp\/v2\/types\/post"}],"author":[{"embeddable":true,"href":"https:\/\/blogdafeira.com.br\/home\/wp-json\/wp\/v2\/users\/13"}],"replies":[{"embeddable":true,"href":"https:\/\/blogdafeira.com.br\/home\/wp-json\/wp\/v2\/comments?post=66864"}],"version-history":[{"count":1,"href":"https:\/\/blogdafeira.com.br\/home\/wp-json\/wp\/v2\/posts\/66864\/revisions"}],"predecessor-version":[{"id":66866,"href":"https:\/\/blogdafeira.com.br\/home\/wp-json\/wp\/v2\/posts\/66864\/revisions\/66866"}],"wp:featuredmedia":[{"embeddable":true,"href":"https:\/\/blogdafeira.com.br\/home\/wp-json\/wp\/v2\/media\/66865"}],"wp:attachment":[{"href":"https:\/\/blogdafeira.com.br\/home\/wp-json\/wp\/v2\/media?parent=66864"}],"wp:term":[{"taxonomy":"category","embeddable":true,"href":"https:\/\/blogdafeira.com.br\/home\/wp-json\/wp\/v2\/categories?post=66864"},{"taxonomy":"post_tag","embeddable":true,"href":"https:\/\/blogdafeira.com.br\/home\/wp-json\/wp\/v2\/tags?post=66864"}],"curies":[{"name":"wp","href":"https:\/\/api.w.org\/{rel}","templated":true}]}}