{"id":66895,"date":"2025-04-24T08:35:41","date_gmt":"2025-04-24T11:35:41","guid":{"rendered":"https:\/\/blogdafeira.com.br\/home\/?p=66895"},"modified":"2025-08-19T00:07:20","modified_gmt":"2025-08-19T03:07:20","slug":"ze-ronaldo-estima-em-20-milhoes-o-investimento-do-municipio-na-micareta-de-feira","status":"publish","type":"post","link":"https:\/\/blogdafeira.com.br\/home\/2025\/04\/24\/ze-ronaldo-estima-em-20-milhoes-o-investimento-do-municipio-na-micareta-de-feira\/","title":{"rendered":"Z\u00e9 Ronaldo estima em 20 milh\u00f5es o investimento do Munic\u00edpio na Micareta de Feira"},"content":{"rendered":"<div id=\"blogd-2552762147\" class=\"blogd-final-post blogd-entity-placement\"><a href=\"https:\/\/www.feiradesantana.ba.leg.br\/\" target=\"_blank\" aria-label=\"BANNER-SITE-ENTREGADECHEQUE-CAMARADEFEIRA\"><img loading=\"lazy\" decoding=\"async\" src=\"https:\/\/blogdafeira.com.br\/home\/wp-content\/uploads\/2026\/03\/BANNER-SITE-ENTREGADECHEQUE-CAMARADEFEIRA.gif\" alt=\"\"  class=\"no-lazyload\" width=\"728\" height=\"90\"   \/><\/a><\/div><div id=\"blogd-2869797419\" class=\"blogd-fim-do-post-mobile blogd-entity-placement\" style=\"margin-left: auto;margin-right: auto;text-align: center;\"><a href=\"https:\/\/www.sefaz.feiradesantana.ba.gov.br\/\" target=\"_blank\" aria-label=\"728&#215;90 (6)\"><img loading=\"lazy\" decoding=\"async\" src=\"https:\/\/blogdafeira.com.br\/home\/wp-content\/uploads\/2026\/03\/728x90-6.gif\" alt=\"\"  class=\"no-lazyload\" width=\"728\" height=\"90\"  style=\"display: inline-block;\" \/><\/a><\/div><p>Z\u00e9 Ronaldo estima que chegue a 20 milh\u00f5es de reais em recursos do Munic\u00edpio o investimento para a realiza\u00e7\u00e3o da Micareta de Feira, a maior festa carnavalesca do interior da Bahia. O Prefeito contabiliza na estimativa todas as a\u00e7\u00f5es realizadas pelas secretarias diretamente envolvidas com o evento, incluindo as contrata\u00e7\u00f5es das atra\u00e7\u00f5es locais e nacionais. Ontem, em um encontro com micaretescos e a imprensa, no Teatro do Sesc,\u00a0 o Prefeito de Feira apresentou a grade art\u00edstica da programa\u00e7\u00e3o e explicou a montagem e articula\u00e7\u00f5es para a realiza\u00e7\u00e3o da Micareta que acontece na pr\u00f3xima semana.<\/p><div id=\"blogd-2267115540\" class=\"blogd-conteudo-2-mobile blogd-entity-placement\"><a href=\"https:\/\/feirenses.com.br\/\" target=\"_blank\" aria-label=\"feirenses\"><img loading=\"lazy\" decoding=\"async\" src=\"https:\/\/blogdafeira.com.br\/home\/wp-content\/uploads\/2026\/04\/feirenses.png\" alt=\"\"  srcset=\"https:\/\/blogdafeira.com.br\/home\/wp-content\/uploads\/2026\/04\/feirenses.png 300w, https:\/\/blogdafeira.com.br\/home\/wp-content\/uploads\/2026\/04\/feirenses-170x45.png 170w, https:\/\/blogdafeira.com.br\/home\/wp-content\/uploads\/2026\/04\/feirenses-280x74.png 280w\" sizes=\"(max-width: 300px) 100vw, 300px\" class=\"no-lazyload\" width=\"300\" height=\"79\"  style=\"display: inline-block;\" \/><\/a><\/div>\n","protected":false},"excerpt":{"rendered":"<p>Z\u00e9 Ronaldo estima que chegue a 20 milh\u00f5es de reais em recursos do Munic\u00edpio o investimento para a realiza\u00e7\u00e3o da Micareta de Feira, a maior festa carnavalesca do interior da Bahia. O Prefeito contabiliza na estimativa todas as a\u00e7\u00f5es realizadas pelas secretarias diretamente envolvidas com o evento, incluindo as contrata\u00e7\u00f5es das atra\u00e7\u00f5es locais e nacionais.<\/p>\n","protected":false},"author":1,"featured_media":66899,"comment_status":"open","ping_status":"open","sticky":false,"template":"","format":"standard","meta":{"jetpack_post_was_ever_published":false,"cybocfi_hide_featured_image":"","_jetpack_newsletter_access":"","_jetpack_dont_email_post_to_subs":false,"_jetpack_newsletter_tier_id":0,"_jetpack_memberships_contains_paywalled_content":false,"_jetpack_memberships_contains_paid_content":false,"footnotes":"","jetpack_publicize_message":"","jetpack_publicize_feature_enabled":true,"jetpack_social_post_already_shared":true,"jetpack_social_options":{"image_generator_settings":{"template":"highway","default_image_id":0,"font":"","enabled":false},"version":2}},"categories":[4,1,631],"tags":[],"class_list":["post-66895","post","type-post","status-publish","format-standard","has-post-thumbnail","hentry","category-cultura","category-raiz","category-politica"],"jetpack_publicize_connections":[],"jetpack_featured_media_url":"https:\/\/blogdafeira.com.br\/home\/wp-content\/uploads\/2025\/04\/IMG_20250423_113439330-scaled.jpg","jetpack_shortlink":"https:\/\/wp.me\/p3niVf-hoX","jetpack_sharing_enabled":true,"jetpack-related-posts":[{"id":66916,"url":"https:\/\/blogdafeira.com.br\/home\/2025\/04\/24\/jeronimo-faz-reuniao-com-ze-ronaldo-e-libera-r3-milhoes-para-a-micareta-de-feira\/","url_meta":{"origin":66895,"position":0},"title":"Jer\u00f4nimo faz reuni\u00e3o com Z\u00e9 Ronaldo e libera R$3 milh\u00f5es para a Micareta de Feira","author":"Blog da Feira","date":"24\/04\/2025","format":false,"excerpt":"Hoje pela manh\u00e3, na Governadoria, em Salvador, o governador Jer\u00f4nimo Rodrigues e o prefeito de Feira, Z\u00e9 Ronaldo, afinaram o discurso e a a\u00e7\u00e3o em torno da Micareta de Feira que acontece na pr\u00f3xima semana. O Governador liberou uma ajuda financeira de R$3 milh\u00f5es e comprometeu-se na parceria em servi\u00e7os\u2026","rel":"","context":"Em &quot;Geral&quot;","block_context":{"text":"Geral","link":"https:\/\/blogdafeira.com.br\/home\/categoria\/geral\/"},"img":{"alt_text":"","src":"https:\/\/i0.wp.com\/blogdafeira.com.br\/home\/wp-content\/uploads\/2025\/04\/Screenshot_20250424-191521.jpg?resize=350%2C200&ssl=1","width":350,"height":200,"srcset":"https:\/\/i0.wp.com\/blogdafeira.com.br\/home\/wp-content\/uploads\/2025\/04\/Screenshot_20250424-191521.jpg?resize=350%2C200&ssl=1 1x, https:\/\/i0.wp.com\/blogdafeira.com.br\/home\/wp-content\/uploads\/2025\/04\/Screenshot_20250424-191521.jpg?resize=525%2C300&ssl=1 1.5x, https:\/\/i0.wp.com\/blogdafeira.com.br\/home\/wp-content\/uploads\/2025\/04\/Screenshot_20250424-191521.jpg?resize=700%2C400&ssl=1 2x, https:\/\/i0.wp.com\/blogdafeira.com.br\/home\/wp-content\/uploads\/2025\/04\/Screenshot_20250424-191521.jpg?resize=1050%2C600&ssl=1 3x"},"classes":[]},{"id":66929,"url":"https:\/\/blogdafeira.com.br\/home\/2025\/04\/25\/micareta-de-feira-vai-custar-mais-de-r-40-milhoes-segundo-estimativas\/","url_meta":{"origin":66895,"position":1},"title":"Micareta de Feira vai custar mais de R$ 40 milh\u00f5es, segundo estimativas","author":"Blog da Feira","date":"25\/04\/2025","format":false,"excerpt":"O governador Jer\u00f4nimo esteve em Feira nesta sexta-feira,25,\u00a0 para inaugurar a nova Delegacia da Mulher e outros compromissos, seguiu depois para Banza\u00ea mas deixou o secret\u00e1rio de Cultura Bruno Barreto para anunciar, oficialmente,\u00a0 a ajuda do Governo do Estado para a Micareta de Feira, incluindo os 3 milh\u00f5es j\u00e1 prometidos\u2026","rel":"","context":"Em &quot;Geral&quot;","block_context":{"text":"Geral","link":"https:\/\/blogdafeira.com.br\/home\/categoria\/geral\/"},"img":{"alt_text":"","src":"https:\/\/i0.wp.com\/blogdafeira.com.br\/home\/wp-content\/uploads\/2025\/04\/Fotos-Feijao-AlmeidaGOVBA-3.jpg?resize=350%2C200&ssl=1","width":350,"height":200,"srcset":"https:\/\/i0.wp.com\/blogdafeira.com.br\/home\/wp-content\/uploads\/2025\/04\/Fotos-Feijao-AlmeidaGOVBA-3.jpg?resize=350%2C200&ssl=1 1x, https:\/\/i0.wp.com\/blogdafeira.com.br\/home\/wp-content\/uploads\/2025\/04\/Fotos-Feijao-AlmeidaGOVBA-3.jpg?resize=525%2C300&ssl=1 1.5x, https:\/\/i0.wp.com\/blogdafeira.com.br\/home\/wp-content\/uploads\/2025\/04\/Fotos-Feijao-AlmeidaGOVBA-3.jpg?resize=700%2C400&ssl=1 2x, https:\/\/i0.wp.com\/blogdafeira.com.br\/home\/wp-content\/uploads\/2025\/04\/Fotos-Feijao-AlmeidaGOVBA-3.jpg?resize=1050%2C600&ssl=1 3x, https:\/\/i0.wp.com\/blogdafeira.com.br\/home\/wp-content\/uploads\/2025\/04\/Fotos-Feijao-AlmeidaGOVBA-3.jpg?resize=1400%2C800&ssl=1 4x"},"classes":[]},{"id":28623,"url":"https:\/\/blogdafeira.com.br\/home\/2017\/11\/23\/vereador-sugere-a-ronaldo-imitar-crivella-e-cortar-90-da-verba-da-micareta-de-feira-de-santana\/","url_meta":{"origin":66895,"position":2},"title":"Vereador sugere a  Ronaldo imitar Crivella e cortar  90% da verba da Micareta de Feira de Santana","author":"Blog da Feira","date":"23\/11\/2017","format":false,"excerpt":"Em discurso na tribuna da C\u00e2mara de Vereadores, o vereador Edvaldo Lima (PP) defendeu a redu\u00e7\u00e3o de 90% da verba p\u00fablica que \u00e9 disponibilizada para realiza\u00e7\u00e3o da Micareta de Feira de Santana. Ele quer que esses recursos sejam destinados \u00e0 educa\u00e7\u00e3o, sa\u00fade e mobilidade urbana. Para o vereador, Feira de\u2026","rel":"","context":"Em &quot;Home&quot;","block_context":{"text":"Home","link":"https:\/\/blogdafeira.com.br\/home\/categoria\/raiz\/"},"img":{"alt_text":"fb_img_1509986570304","src":"https:\/\/i0.wp.com\/blogdafeira.com.br\/home\/wp-content\/uploads\/2017\/11\/FB_IMG_1509986570304.jpg?resize=350%2C200","width":350,"height":200},"classes":[]},{"id":67088,"url":"https:\/\/blogdafeira.com.br\/home\/2025\/05\/06\/secretario-de-cultura-da-bahia-visita-ze-ronaldo-e-apresenta-numeros-da-micareta-no-centro-de-convencoes\/","url_meta":{"origin":66895,"position":3},"title":"Bruno Monteiro visita Z\u00e9 Ronaldo e apresenta n\u00fameros da Micareta no Centro de Conven\u00e7\u00f5es","author":"Blog da Feira","date":"06\/05\/2025","format":false,"excerpt":"O secret\u00e1rio de Cultura da Bahia, Bruno Monteiro, visitou, na manh\u00e3 de hoje (ter\u00e7a-feira,6), o prefeito Z\u00e9 Ronaldo, antes de chegar ao Centro de Conven\u00e7\u00f5es onde apresentou \u00e0 imprensa de Feira um balan\u00e7o, positivo,\u00a0 da participa\u00e7\u00e3o do Governo do Estado na realiza\u00e7\u00e3o da Micareta de Feira de Santana. Bruno foi\u2026","rel":"","context":"Em &quot;Cultura&quot;","block_context":{"text":"Cultura","link":"https:\/\/blogdafeira.com.br\/home\/categoria\/cultura\/"},"img":{"alt_text":"","src":"https:\/\/i0.wp.com\/blogdafeira.com.br\/home\/wp-content\/uploads\/2025\/05\/Visita-do-Secretario-de-Cultura-do-Estado-Bruno-Monteiro-ao-Prefeito-Jose-Ronaldo-e-Secretarios-Foto-ACM-2.jpeg?resize=350%2C200&ssl=1","width":350,"height":200,"srcset":"https:\/\/i0.wp.com\/blogdafeira.com.br\/home\/wp-content\/uploads\/2025\/05\/Visita-do-Secretario-de-Cultura-do-Estado-Bruno-Monteiro-ao-Prefeito-Jose-Ronaldo-e-Secretarios-Foto-ACM-2.jpeg?resize=350%2C200&ssl=1 1x, https:\/\/i0.wp.com\/blogdafeira.com.br\/home\/wp-content\/uploads\/2025\/05\/Visita-do-Secretario-de-Cultura-do-Estado-Bruno-Monteiro-ao-Prefeito-Jose-Ronaldo-e-Secretarios-Foto-ACM-2.jpeg?resize=525%2C300&ssl=1 1.5x, https:\/\/i0.wp.com\/blogdafeira.com.br\/home\/wp-content\/uploads\/2025\/05\/Visita-do-Secretario-de-Cultura-do-Estado-Bruno-Monteiro-ao-Prefeito-Jose-Ronaldo-e-Secretarios-Foto-ACM-2.jpeg?resize=700%2C400&ssl=1 2x, https:\/\/i0.wp.com\/blogdafeira.com.br\/home\/wp-content\/uploads\/2025\/05\/Visita-do-Secretario-de-Cultura-do-Estado-Bruno-Monteiro-ao-Prefeito-Jose-Ronaldo-e-Secretarios-Foto-ACM-2.jpeg?resize=1050%2C600&ssl=1 3x"},"classes":[]},{"id":9903,"url":"https:\/\/blogdafeira.com.br\/home\/2014\/03\/26\/micareta-de-feira-vereador-do-pt-elogia-reacao-de-ronaldo-as-pressoes\/","url_meta":{"origin":66895,"position":4},"title":"Micareta de Feira &#8211; Vereador do PT elogia rea\u00e7\u00e3o de Ronaldo \u00e0s press\u00f5es","author":"Blog da Feira","date":"26\/03\/2014","format":false,"excerpt":"A aus\u00eancia total de empresas na licita\u00e7\u00e3o para montagem dos camarotes da Micareta, que seria realizada ontem pela Prefeitura de Feira de Santana, repercutiu na C\u00e2mara Municipal. O vereador Pablo Roberto (PT) elogiou, nesta quarta-feira (26), a postura do prefeito Jos\u00e9 Ronaldo, que, segundo o Blog da Feira, disse que\u2026","rel":"","context":"Em &quot;Home&quot;","block_context":{"text":"Home","link":"https:\/\/blogdafeira.com.br\/home\/categoria\/raiz\/"},"img":{"alt_text":"","src":"","width":0,"height":0},"classes":[]},{"id":67122,"url":"https:\/\/blogdafeira.com.br\/home\/2025\/05\/08\/ze-ronaldo-sugere-micareta-2026-no-mes-de-novembro-e-quer-ouvir-opinioes-da-populacao\/","url_meta":{"origin":66895,"position":5},"title":"Z\u00e9 Ronaldo sugere Micareta 2026 no m\u00eas de novembro e quer ouvir opini\u00f5es da popula\u00e7\u00e3o","author":"Blog da Feira","date":"08\/05\/2025","format":false,"excerpt":"Depois de apresentar \u00e0 imprensa, hoje no Pa\u00e7o Maria Quit\u00e9ria,\u00a0 um 'balan\u00e7o' positivo da Micareta que passou , o prefeito de Feira, Z\u00e9 Ronaldo, prop\u00f4s que a festa no pr\u00f3ximo ano aconte\u00e7a no m\u00eas de novembro. O Prefeito apresentou a sugest\u00e3o e disse\u00a0 que ela deve ser discutida pela popula\u00e7\u00e3o.\u2026","rel":"","context":"Em &quot;Cidade&quot;","block_context":{"text":"Cidade","link":"https:\/\/blogdafeira.com.br\/home\/categoria\/cidade\/"},"img":{"alt_text":"","src":"https:\/\/i0.wp.com\/blogdafeira.com.br\/home\/wp-content\/uploads\/2025\/05\/IMG_20250508_100258223_HDR2-scaled.jpg?resize=350%2C200&ssl=1","width":350,"height":200,"srcset":"https:\/\/i0.wp.com\/blogdafeira.com.br\/home\/wp-content\/uploads\/2025\/05\/IMG_20250508_100258223_HDR2-scaled.jpg?resize=350%2C200&ssl=1 1x, https:\/\/i0.wp.com\/blogdafeira.com.br\/home\/wp-content\/uploads\/2025\/05\/IMG_20250508_100258223_HDR2-scaled.jpg?resize=525%2C300&ssl=1 1.5x, https:\/\/i0.wp.com\/blogdafeira.com.br\/home\/wp-content\/uploads\/2025\/05\/IMG_20250508_100258223_HDR2-scaled.jpg?resize=700%2C400&ssl=1 2x, https:\/\/i0.wp.com\/blogdafeira.com.br\/home\/wp-content\/uploads\/2025\/05\/IMG_20250508_100258223_HDR2-scaled.jpg?resize=1050%2C600&ssl=1 3x, https:\/\/i0.wp.com\/blogdafeira.com.br\/home\/wp-content\/uploads\/2025\/05\/IMG_20250508_100258223_HDR2-scaled.jpg?resize=1400%2C800&ssl=1 4x"},"classes":[]}],"_links":{"self":[{"href":"https:\/\/blogdafeira.com.br\/home\/wp-json\/wp\/v2\/posts\/66895","targetHints":{"allow":["GET"]}}],"collection":[{"href":"https:\/\/blogdafeira.com.br\/home\/wp-json\/wp\/v2\/posts"}],"about":[{"href":"https:\/\/blogdafeira.com.br\/home\/wp-json\/wp\/v2\/types\/post"}],"author":[{"embeddable":true,"href":"https:\/\/blogdafeira.com.br\/home\/wp-json\/wp\/v2\/users\/1"}],"replies":[{"embeddable":true,"href":"https:\/\/blogdafeira.com.br\/home\/wp-json\/wp\/v2\/comments?post=66895"}],"version-history":[{"count":2,"href":"https:\/\/blogdafeira.com.br\/home\/wp-json\/wp\/v2\/posts\/66895\/revisions"}],"predecessor-version":[{"id":66898,"href":"https:\/\/blogdafeira.com.br\/home\/wp-json\/wp\/v2\/posts\/66895\/revisions\/66898"}],"wp:featuredmedia":[{"embeddable":true,"href":"https:\/\/blogdafeira.com.br\/home\/wp-json\/wp\/v2\/media\/66899"}],"wp:attachment":[{"href":"https:\/\/blogdafeira.com.br\/home\/wp-json\/wp\/v2\/media?parent=66895"}],"wp:term":[{"taxonomy":"category","embeddable":true,"href":"https:\/\/blogdafeira.com.br\/home\/wp-json\/wp\/v2\/categories?post=66895"},{"taxonomy":"post_tag","embeddable":true,"href":"https:\/\/blogdafeira.com.br\/home\/wp-json\/wp\/v2\/tags?post=66895"}],"curies":[{"name":"wp","href":"https:\/\/api.w.org\/{rel}","templated":true}]}}