{"id":6871,"date":"2013-12-06T09:05:23","date_gmt":"2013-12-06T11:05:23","guid":{"rendered":"http:\/\/blogdafeira.com.br\/home\/?p=6871"},"modified":"2013-12-06T10:11:25","modified_gmt":"2013-12-06T12:11:25","slug":"psol-promove-debate-sobre-transporte-e-mobilidade-urbana-em-feira","status":"publish","type":"post","link":"https:\/\/blogdafeira.com.br\/home\/2013\/12\/06\/psol-promove-debate-sobre-transporte-e-mobilidade-urbana-em-feira\/","title":{"rendered":"PSOL  promove debate sobre transporte e mobilidade urbana em Feira"},"content":{"rendered":"<div id=\"blogd-2191920213\" class=\"blogd-fim-do-post-mobile blogd-entity-placement\" style=\"margin-left: auto;margin-right: auto;text-align: center;\"><a href=\"https:\/\/www.sefaz.feiradesantana.ba.gov.br\/\" target=\"_blank\" aria-label=\"728&#215;90 (6)\"><img loading=\"lazy\" decoding=\"async\" src=\"https:\/\/blogdafeira.com.br\/home\/wp-content\/uploads\/2026\/03\/728x90-6.gif\" alt=\"\"  class=\"no-lazyload\" width=\"728\" height=\"90\"  style=\"display: inline-block;\" \/><\/a><\/div><p>A 3\u00aa edi\u00e7\u00e3o do \u2018PSOL Debate\u2019 vai acontecer no pr\u00f3ximo dia 14, a partir das 15h na <img loading=\"lazy\" decoding=\"async\" class=\"alignright size-medium wp-image-6872\" alt=\"rosevaldor\" src=\"http:\/\/blogdafeira.com.br\/home\/wp-content\/uploads\/2013\/12\/rosevaldor-209x300.jpg\" width=\"209\" height=\"300\" srcset=\"https:\/\/blogdafeira.com.br\/home\/wp-content\/uploads\/2013\/12\/rosevaldor-209x300.jpg 209w, https:\/\/blogdafeira.com.br\/home\/wp-content\/uploads\/2013\/12\/rosevaldor-104x150.jpg 104w, https:\/\/blogdafeira.com.br\/home\/wp-content\/uploads\/2013\/12\/rosevaldor.jpg 243w\" sizes=\"auto, (max-width: 209px) 100vw, 209px\" \/>Casa S\u00e3o Paulo Ap\u00f3stolo, rua Castro Alves, n\u00b0 1270, pr\u00f3ximo ao Habib\u2019s,\u00a0 no centro comercial de Feira de Santana.<\/p><div id=\"blogd-2988853096\" class=\"blogd-conteudo-2-mobile blogd-entity-placement\"><a href=\"https:\/\/feirenses.com.br\/\" target=\"_blank\" aria-label=\"feirenses\"><img loading=\"lazy\" decoding=\"async\" src=\"https:\/\/blogdafeira.com.br\/home\/wp-content\/uploads\/2026\/04\/feirenses.png\" alt=\"\"  srcset=\"https:\/\/blogdafeira.com.br\/home\/wp-content\/uploads\/2026\/04\/feirenses.png 300w, https:\/\/blogdafeira.com.br\/home\/wp-content\/uploads\/2026\/04\/feirenses-170x45.png 170w, https:\/\/blogdafeira.com.br\/home\/wp-content\/uploads\/2026\/04\/feirenses-280x74.png 280w\" sizes=\"(max-width: 300px) 100vw, 300px\" class=\"no-lazyload\" width=\"300\" height=\"79\"  style=\"display: inline-block;\" \/><\/a><\/div>\n<p>O tema escolhido pelo Partido Socialismo e Liberdade de Feira de Santana ser\u00e1 \u201cTransporte coletivo e mobilidade urbana\u201d.<\/p>\n<div id=\"blogd-306349786\" class=\"blogd-final-post blogd-entity-placement\"><a href=\"https:\/\/www.feiradesantana.ba.leg.br\/\" target=\"_blank\" aria-label=\"BANNER-SITE-ENTREGADECHEQUE-CAMARADEFEIRA\"><img loading=\"lazy\" decoding=\"async\" src=\"https:\/\/blogdafeira.com.br\/home\/wp-content\/uploads\/2026\/03\/BANNER-SITE-ENTREGADECHEQUE-CAMARADEFEIRA.gif\" alt=\"\"  class=\"no-lazyload\" width=\"728\" height=\"90\"   \/><\/a><\/div><p>Os principais convidados para debaterem o \u00a0tema s\u00e3o o professor Antonio Rosevaldo Ferreira (foto), economista, mestre em desenvolvimento regional e urbano, especialista em regula\u00e7\u00e3o da AGERBA e pesquisador do GT sobre transporte p\u00fablico da UEFS; e Marcos Musse, estudante de Hist\u00f3ria, integrante do Movimento do Passe Livre (MPL) em Salvador e militante do PSOL.<\/p>\n","protected":false},"excerpt":{"rendered":"<p>A 3\u00aa edi\u00e7\u00e3o do \u2018PSOL Debate\u2019 vai acontecer no pr\u00f3ximo dia 14, a partir das 15h na Casa S\u00e3o Paulo Ap\u00f3stolo, rua Castro Alves, n\u00b0 1270, pr\u00f3ximo ao Habib\u2019s,\u00a0 no centro comercial de Feira de Santana. O tema escolhido pelo Partido Socialismo e Liberdade de Feira de Santana ser\u00e1 \u201cTransporte coletivo e mobilidade urbana\u201d. Os<\/p>\n","protected":false},"author":1,"featured_media":0,"comment_status":"closed","ping_status":"closed","sticky":false,"template":"","format":"standard","meta":{"jetpack_post_was_ever_published":false,"cybocfi_hide_featured_image":"","_jetpack_newsletter_access":"","_jetpack_dont_email_post_to_subs":false,"_jetpack_newsletter_tier_id":0,"_jetpack_memberships_contains_paywalled_content":false,"_jetpack_memberships_contains_paid_content":false,"footnotes":"","jetpack_publicize_message":"","jetpack_publicize_feature_enabled":true,"jetpack_social_post_already_shared":true,"jetpack_social_options":{"image_generator_settings":{"template":"highway","default_image_id":0,"font":"","enabled":false},"version":2}},"categories":[1],"tags":[],"class_list":["post-6871","post","type-post","status-publish","format-standard","hentry","category-raiz"],"jetpack_publicize_connections":[],"jetpack_featured_media_url":"","jetpack_shortlink":"https:\/\/wp.me\/p3niVf-1MP","jetpack_sharing_enabled":true,"jetpack-related-posts":[{"id":9047,"url":"https:\/\/blogdafeira.com.br\/home\/2014\/02\/10\/jhonatas-diz-que-psol-debate-e-aberto-a-toda-a-comunidade-de-feira\/","url_meta":{"origin":6871,"position":0},"title":"Jh\u00f4natas diz que &#8216;PSOL Debate&#8217; \u00e9 aberto a toda a comunidade de Feira","author":"Blog da Feira","date":"10\/02\/2014","format":false,"excerpt":"O professor Jh\u00f4natas Monteiro, quer a presen\u00e7a de n\u00e3o-filiados no 'PSOL Debate', evento que o partido promove no pr\u00f3ximo s\u00e1bado, a partir das 15 horas, na Casa S\u00e3o Paulo Ap\u00f3stolo, na rua Castro Alves, centro da Cidade. O tema deste s\u00e1bado \u00e9 \u00a0\"Organiza\u00e7\u00e3o comunit\u00e1ria e a luta nos bairros\". \"Como\u2026","rel":"","context":"Em &quot;Home&quot;","block_context":{"text":"Home","link":"https:\/\/blogdafeira.com.br\/home\/categoria\/raiz\/"},"img":{"alt_text":"psol1","src":"https:\/\/i0.wp.com\/blogdafeira.com.br\/home\/wp-content\/uploads\/2014\/02\/psol1.jpg?resize=350%2C200","width":350,"height":200,"srcset":"https:\/\/i0.wp.com\/blogdafeira.com.br\/home\/wp-content\/uploads\/2014\/02\/psol1.jpg?resize=350%2C200 1x, https:\/\/i0.wp.com\/blogdafeira.com.br\/home\/wp-content\/uploads\/2014\/02\/psol1.jpg?resize=525%2C300 1.5x"},"classes":[]},{"id":8932,"url":"https:\/\/blogdafeira.com.br\/home\/2014\/02\/05\/jhonatas-do-psol-cumpre-agenda-de-debates-desde-novembro\/","url_meta":{"origin":6871,"position":1},"title":"Jh\u00f4natas do PSOL  cumpre agenda de debates desde novembro","author":"Blog da Feira","date":"05\/02\/2014","format":false,"excerpt":"Pr\u00e9-candidato a deputado estadual pelo PSOL na elei\u00e7\u00e3o deste ano, o professor Jh\u00f4natas Monteiro cumpre uma agenda de debates e palestras desde novembro. O partido iniciou naquele \u00a0m\u00eas o PSOL Debate \u2018um evento de reflex\u00e3o aberto a toda comunidade, formado por uma s\u00e9rie de debates p\u00fablicos\u2019. O PSOL Debate 2013-14\u2026","rel":"","context":"Em &quot;Home&quot;","block_context":{"text":"Home","link":"https:\/\/blogdafeira.com.br\/home\/categoria\/raiz\/"},"img":{"alt_text":"26927-2","src":"https:\/\/i0.wp.com\/blogdafeira.com.br\/home\/wp-content\/uploads\/2014\/02\/26927-2.jpg?resize=350%2C200","width":350,"height":200},"classes":[]},{"id":23038,"url":"https:\/\/blogdafeira.com.br\/home\/2016\/08\/13\/psol-abre-debate-publico-em-feira-sobre-plano-de-governo-2017-2020\/","url_meta":{"origin":6871,"position":2},"title":"PSOL abre debate p\u00fablico em Feira sobre Plano de Governo 2017-2020","author":"Blog da Feira","date":"13\/08\/2016","format":false,"excerpt":"O PSOL de Feira de Santana abriu um debate p\u00fablico e suprapartid\u00e1rio sobre o Plano de Governo do candidato a Prefeito, Jhonatas Monteiro. A primeira reuni\u00e3o aconteceu no s\u00e1bado, no Col\u00e9gio Intelecto, no centro da cidade, com a participa\u00e7\u00e3o de palestrantes convidados para os temas Cultura, Planejamento e Urbanismo e\u2026","rel":"","context":"Em &quot;Home&quot;","block_context":{"text":"Home","link":"https:\/\/blogdafeira.com.br\/home\/categoria\/raiz\/"},"img":{"alt_text":"IMG_20160813_170316996","src":"https:\/\/i0.wp.com\/blogdafeira.com.br\/home\/wp-content\/uploads\/2016\/08\/IMG_20160813_170316996-1024x576.jpg?resize=350%2C200","width":350,"height":200,"srcset":"https:\/\/i0.wp.com\/blogdafeira.com.br\/home\/wp-content\/uploads\/2016\/08\/IMG_20160813_170316996-1024x576.jpg?resize=350%2C200 1x, https:\/\/i0.wp.com\/blogdafeira.com.br\/home\/wp-content\/uploads\/2016\/08\/IMG_20160813_170316996-1024x576.jpg?resize=525%2C300 1.5x, https:\/\/i0.wp.com\/blogdafeira.com.br\/home\/wp-content\/uploads\/2016\/08\/IMG_20160813_170316996-1024x576.jpg?resize=700%2C400 2x"},"classes":[]},{"id":69200,"url":"https:\/\/blogdafeira.com.br\/home\/2025\/08\/26\/feira-sedia-forum-de-mobilidade-e-debate-onibus-eletricos-e-melhorias-no-transporte-publico\/","url_meta":{"origin":6871,"position":3},"title":"Feira sedia F\u00f3rum de Mobilidade e debate \u00f4nibus el\u00e9tricos e melhorias no transporte p\u00fablico","author":"Blog da Feira","date":"26\/08\/2025","format":false,"excerpt":"Na manh\u00e3 desta ter\u00e7a-feira (26), a Secretaria Municipal de Mobilidade Urbana (Semob) de Feira de Santana foi palco do lan\u00e7amento da Oficina de Eletromobilidade no Transporte P\u00fablico, promovida pelo F\u00f3rum Baiano de Secret\u00e1rios e Dirigentes de Mobilidade Urbana. O encontro reuniu representantes de diversas cidades baianas com o objetivo de\u2026","rel":"","context":"Em &quot;Cidade&quot;","block_context":{"text":"Cidade","link":"https:\/\/blogdafeira.com.br\/home\/categoria\/cidade\/"},"img":{"alt_text":"","src":"https:\/\/i0.wp.com\/blogdafeira.com.br\/home\/wp-content\/uploads\/2025\/08\/Onibus-eletrico-SEMOB-Foto-Apolo-Rocha-4.jpeg?resize=350%2C200&ssl=1","width":350,"height":200,"srcset":"https:\/\/i0.wp.com\/blogdafeira.com.br\/home\/wp-content\/uploads\/2025\/08\/Onibus-eletrico-SEMOB-Foto-Apolo-Rocha-4.jpeg?resize=350%2C200&ssl=1 1x, https:\/\/i0.wp.com\/blogdafeira.com.br\/home\/wp-content\/uploads\/2025\/08\/Onibus-eletrico-SEMOB-Foto-Apolo-Rocha-4.jpeg?resize=525%2C300&ssl=1 1.5x, https:\/\/i0.wp.com\/blogdafeira.com.br\/home\/wp-content\/uploads\/2025\/08\/Onibus-eletrico-SEMOB-Foto-Apolo-Rocha-4.jpeg?resize=700%2C400&ssl=1 2x, https:\/\/i0.wp.com\/blogdafeira.com.br\/home\/wp-content\/uploads\/2025\/08\/Onibus-eletrico-SEMOB-Foto-Apolo-Rocha-4.jpeg?resize=1050%2C600&ssl=1 3x"},"classes":[]},{"id":63337,"url":"https:\/\/blogdafeira.com.br\/home\/2024\/08\/20\/tarifa-zero-na-feira-e-possivel-o-debate-e-nesta-quarta-na-camara-de-vereadores-nesta-quarta-feira-na-camara\/","url_meta":{"origin":6871,"position":4},"title":"Tarifa Zero na Feira \u00e9 poss\u00edvel ? O debate \u00e9 nesta quarta-feira, na C\u00e2mara de Vereadores","author":"Blog da Feira","date":"20\/08\/2024","format":false,"excerpt":"No fim de 2023, a Folha de S.Paulo divulgou, por meio de dados do pesquisador da USP, Daniel Santini, que j\u00e1 haviam 85 cidades brasileiras com passe livre. Atualmente, de acordo com recente relat\u00f3rio t\u00e9cnico (\u201cTarifa Zero nas Cidades Brasileiras\u201d) publicado pela Associa\u00e7\u00e3o Nacional das Empresas de Transportes Urbanos (NTU)\u2026","rel":"","context":"Em &quot;Geral&quot;","block_context":{"text":"Geral","link":"https:\/\/blogdafeira.com.br\/home\/categoria\/geral\/"},"img":{"alt_text":"","src":"https:\/\/i0.wp.com\/blogdafeira.com.br\/home\/wp-content\/uploads\/2024\/08\/Screenshot_20240820-195617.png?resize=350%2C200&ssl=1","width":350,"height":200,"srcset":"https:\/\/i0.wp.com\/blogdafeira.com.br\/home\/wp-content\/uploads\/2024\/08\/Screenshot_20240820-195617.png?resize=350%2C200&ssl=1 1x, https:\/\/i0.wp.com\/blogdafeira.com.br\/home\/wp-content\/uploads\/2024\/08\/Screenshot_20240820-195617.png?resize=525%2C300&ssl=1 1.5x, https:\/\/i0.wp.com\/blogdafeira.com.br\/home\/wp-content\/uploads\/2024\/08\/Screenshot_20240820-195617.png?resize=700%2C400&ssl=1 2x, https:\/\/i0.wp.com\/blogdafeira.com.br\/home\/wp-content\/uploads\/2024\/08\/Screenshot_20240820-195617.png?resize=1050%2C600&ssl=1 3x"},"classes":[]},{"id":62232,"url":"https:\/\/blogdafeira.com.br\/home\/2024\/05\/22\/compromissos-de-ze-neto-com-psol-incluem-tarifa-zero-no-transporte-publico-na-feira\/","url_meta":{"origin":6871,"position":5},"title":"Compromissos de Z\u00e9 Neto com PSOL incluem &#8220;tarifa zero&#8221; no transporte p\u00fablico na Feira","author":"Blog da Feira","date":"22\/05\/2024","format":false,"excerpt":"Dentre os compromissos assumidos por Z\u00e9 Neto para receber o apoio do PSOL de Feita est\u00e1 a de \"encampar a possibilidade\u00a0 de tarifa zero\" nos\u00a0 transportes coletivs de Feira de Santana. Z\u00e9 Neto (PT)\u00a0 assinou juntamente\u00a0 com o vereador Jhonatas Monteiro (PSOL)\u00a0 um termo de compromisso envolvendo seis temas relativos\u2026","rel":"","context":"Em &quot;Elei\u00e7\u00f5es 2024&quot;","block_context":{"text":"Elei\u00e7\u00f5es 2024","link":"https:\/\/blogdafeira.com.br\/home\/categoria\/politica\/eleicoes-2024\/"},"img":{"alt_text":"","src":"https:\/\/i0.wp.com\/blogdafeira.com.br\/home\/wp-content\/uploads\/2024\/05\/20240522_164723.jpg?resize=350%2C200&ssl=1","width":350,"height":200,"srcset":"https:\/\/i0.wp.com\/blogdafeira.com.br\/home\/wp-content\/uploads\/2024\/05\/20240522_164723.jpg?resize=350%2C200&ssl=1 1x, https:\/\/i0.wp.com\/blogdafeira.com.br\/home\/wp-content\/uploads\/2024\/05\/20240522_164723.jpg?resize=525%2C300&ssl=1 1.5x, https:\/\/i0.wp.com\/blogdafeira.com.br\/home\/wp-content\/uploads\/2024\/05\/20240522_164723.jpg?resize=700%2C400&ssl=1 2x"},"classes":[]}],"_links":{"self":[{"href":"https:\/\/blogdafeira.com.br\/home\/wp-json\/wp\/v2\/posts\/6871","targetHints":{"allow":["GET"]}}],"collection":[{"href":"https:\/\/blogdafeira.com.br\/home\/wp-json\/wp\/v2\/posts"}],"about":[{"href":"https:\/\/blogdafeira.com.br\/home\/wp-json\/wp\/v2\/types\/post"}],"author":[{"embeddable":true,"href":"https:\/\/blogdafeira.com.br\/home\/wp-json\/wp\/v2\/users\/1"}],"replies":[{"embeddable":true,"href":"https:\/\/blogdafeira.com.br\/home\/wp-json\/wp\/v2\/comments?post=6871"}],"version-history":[{"count":2,"href":"https:\/\/blogdafeira.com.br\/home\/wp-json\/wp\/v2\/posts\/6871\/revisions"}],"predecessor-version":[{"id":6878,"href":"https:\/\/blogdafeira.com.br\/home\/wp-json\/wp\/v2\/posts\/6871\/revisions\/6878"}],"wp:attachment":[{"href":"https:\/\/blogdafeira.com.br\/home\/wp-json\/wp\/v2\/media?parent=6871"}],"wp:term":[{"taxonomy":"category","embeddable":true,"href":"https:\/\/blogdafeira.com.br\/home\/wp-json\/wp\/v2\/categories?post=6871"},{"taxonomy":"post_tag","embeddable":true,"href":"https:\/\/blogdafeira.com.br\/home\/wp-json\/wp\/v2\/tags?post=6871"}],"curies":[{"name":"wp","href":"https:\/\/api.w.org\/{rel}","templated":true}]}}