{"id":68869,"date":"2025-08-08T16:59:21","date_gmt":"2025-08-08T19:59:21","guid":{"rendered":"https:\/\/blogdafeira.com.br\/home\/?p=68869"},"modified":"2025-08-19T00:06:06","modified_gmt":"2025-08-19T03:06:06","slug":"matinha-festeja-sao-roque-com-novenario-e-atracoes-culturais-ate-o-dia-17","status":"publish","type":"post","link":"https:\/\/blogdafeira.com.br\/home\/2025\/08\/08\/matinha-festeja-sao-roque-com-novenario-e-atracoes-culturais-ate-o-dia-17\/","title":{"rendered":"Matinha festeja S\u00e3o Roque com noven\u00e1rio e atra\u00e7\u00f5es culturais at\u00e9 o dia 17"},"content":{"rendered":"<div id=\"blogd-1960756990\" class=\"blogd-fim-do-post-mobile blogd-entity-placement\" style=\"margin-left: auto;margin-right: auto;text-align: center;\"><a href=\"https:\/\/www.sefaz.feiradesantana.ba.gov.br\/\" target=\"_blank\" aria-label=\"728&#215;90 (6)\"><img loading=\"lazy\" decoding=\"async\" src=\"https:\/\/blogdafeira.com.br\/home\/wp-content\/uploads\/2026\/03\/728x90-6.gif\" alt=\"\"  class=\"no-lazyload\" width=\"728\" height=\"90\"  style=\"display: inline-block;\" \/><\/a><\/div><p>\u201c<em>S\u00e3o 11 dias de festa, com nove noites de noven\u00e1rio e o dia festivo, em 17 de agosto. O tema deste ano, inspirado na realidade da comunidade e no ano jubilar, \u00e9 \u2018O exemplo de S\u00e3o Roque nos ensine a cuidar de f\u00e9 e esperan\u00e7a&#8221;,<\/em> destacou em entrevista ao Rotativo News, o\u00a0 padre Luiz Ant\u00f4nio, p\u00e1roco da Par\u00f3quia Quilombola de S\u00e3o Roque da Matinha, que deu in\u00edcio na noite de quinta-feira (7) \u00e0s celebra\u00e7\u00f5es em honra ao &#8220;Glorioso S\u00e3o Roque&#8221;, padroeiro desse distrito rural\u00a0 de Feira de Santana<\/p><div id=\"blogd-352465040\" class=\"blogd-conteudo-2-mobile blogd-entity-placement\"><a href=\"https:\/\/feirenses.com.br\/\" target=\"_blank\" aria-label=\"feirenses\"><img loading=\"lazy\" decoding=\"async\" src=\"https:\/\/blogdafeira.com.br\/home\/wp-content\/uploads\/2026\/04\/feirenses.png\" alt=\"\"  srcset=\"https:\/\/blogdafeira.com.br\/home\/wp-content\/uploads\/2026\/04\/feirenses.png 300w, https:\/\/blogdafeira.com.br\/home\/wp-content\/uploads\/2026\/04\/feirenses-170x45.png 170w, https:\/\/blogdafeira.com.br\/home\/wp-content\/uploads\/2026\/04\/feirenses-280x74.png 280w\" sizes=\"(max-width: 300px) 100vw, 300px\" class=\"no-lazyload\" width=\"300\" height=\"79\"  style=\"display: inline-block;\" \/><\/a><\/div>\n<div id=\"blogd-1276476737\" class=\"blogd-final-post blogd-entity-placement\"><a href=\"https:\/\/www.feiradesantana.ba.leg.br\/\" target=\"_blank\" aria-label=\"BANNER-SITE-ENTREGADECHEQUE-CAMARADEFEIRA\"><img loading=\"lazy\" decoding=\"async\" src=\"https:\/\/blogdafeira.com.br\/home\/wp-content\/uploads\/2026\/03\/BANNER-SITE-ENTREGADECHEQUE-CAMARADEFEIRA.gif\" alt=\"\"  class=\"no-lazyload\" width=\"728\" height=\"90\"   \/><\/a><\/div><p><em>&#8220;O lema b\u00edblico, retirado da carta de S\u00e3o Paulo aos Romanos, nos convida a sermos \u2018alegres na esperan\u00e7a, pacientes na tribula\u00e7\u00e3o e perseverantes na ora\u00e7\u00e3o<\/em>\u2019\u201d, explicou o padre. Durante o noven\u00e1rio, as missas acontecem sempre \u00e0s 19h30h, seguidas de apresenta\u00e7\u00f5es culturais na pra\u00e7a, que conta com palco e barracas da tradicional quermesse. Ao todo, ser\u00e3o 25 atra\u00e7\u00f5es culturais, entre bandas, grupos musicais cat\u00f3licos e manifesta\u00e7\u00f5es art\u00edsticas que representam a diversidade cultural da comunidade, como o samba.<\/p>\n","protected":false},"excerpt":{"rendered":"<p>\u201cS\u00e3o 11 dias de festa, com nove noites de noven\u00e1rio e o dia festivo, em 17 de agosto. O tema deste ano, inspirado na realidade da comunidade e no ano jubilar, \u00e9 \u2018O exemplo de S\u00e3o Roque nos ensine a cuidar de f\u00e9 e esperan\u00e7a&#8221;, destacou em entrevista ao Rotativo News, o\u00a0 padre Luiz Ant\u00f4nio,<\/p>\n","protected":false},"author":1,"featured_media":68872,"comment_status":"open","ping_status":"open","sticky":false,"template":"","format":"standard","meta":{"jetpack_post_was_ever_published":false,"cybocfi_hide_featured_image":"","_jetpack_newsletter_access":"","_jetpack_dont_email_post_to_subs":false,"_jetpack_newsletter_tier_id":0,"_jetpack_memberships_contains_paywalled_content":false,"_jetpack_memberships_contains_paid_content":false,"footnotes":"","jetpack_publicize_message":"","jetpack_publicize_feature_enabled":true,"jetpack_social_post_already_shared":true,"jetpack_social_options":{"image_generator_settings":{"template":"highway","default_image_id":0,"font":"","enabled":false},"version":2}},"categories":[748,1],"tags":[],"class_list":["post-68869","post","type-post","status-publish","format-standard","has-post-thumbnail","hentry","category-distritos","category-raiz"],"jetpack_publicize_connections":[],"jetpack_featured_media_url":"https:\/\/blogdafeira.com.br\/home\/wp-content\/uploads\/2025\/08\/original_9a50edf3-7701-4493-9d01-8d9cc525ba84_IMG_20220817_185636_6152-scaled.jpg","jetpack_shortlink":"https:\/\/wp.me\/p3niVf-hUN","jetpack_sharing_enabled":true,"jetpack-related-posts":[{"id":59023,"url":"https:\/\/blogdafeira.com.br\/home\/2023\/08\/12\/dom-itamar-presidiu-primeira-noite-do-novenario-de-sao-roque-na-matinha\/","url_meta":{"origin":68869,"position":0},"title":"Dom Itamar presidiu primeira noite do noven\u00e1rio de S\u00e3o Roque na Matinha","author":"Rotativo News","date":"12\/08\/2023","format":false,"excerpt":"Quando no in\u00edcio do s\u00e9culo passado a peste bub\u00f4nica atingiu a localidade do Jacu, na zona rural de Feira de Santana os moradores da Matinha dos Pretos assustaram-se. Uma\u00a0 moradora fez uma promessa para S\u00e3o Roque que se a epidemia n\u00e3o se alastrasse at\u00e9 a comunidade, um cruzeiro seria erguido\u2026","rel":"","context":"Em &quot;Distritos&quot;","block_context":{"text":"Distritos","link":"https:\/\/blogdafeira.com.br\/home\/categoria\/distritos\/"},"img":{"alt_text":"","src":"https:\/\/i0.wp.com\/blogdafeira.com.br\/home\/wp-content\/uploads\/2023\/08\/IMG_20230811_202026231-scaled.jpg?resize=350%2C200&ssl=1","width":350,"height":200,"srcset":"https:\/\/i0.wp.com\/blogdafeira.com.br\/home\/wp-content\/uploads\/2023\/08\/IMG_20230811_202026231-scaled.jpg?resize=350%2C200&ssl=1 1x, https:\/\/i0.wp.com\/blogdafeira.com.br\/home\/wp-content\/uploads\/2023\/08\/IMG_20230811_202026231-scaled.jpg?resize=525%2C300&ssl=1 1.5x, https:\/\/i0.wp.com\/blogdafeira.com.br\/home\/wp-content\/uploads\/2023\/08\/IMG_20230811_202026231-scaled.jpg?resize=700%2C400&ssl=1 2x, https:\/\/i0.wp.com\/blogdafeira.com.br\/home\/wp-content\/uploads\/2023\/08\/IMG_20230811_202026231-scaled.jpg?resize=1050%2C600&ssl=1 3x, https:\/\/i0.wp.com\/blogdafeira.com.br\/home\/wp-content\/uploads\/2023\/08\/IMG_20230811_202026231-scaled.jpg?resize=1400%2C800&ssl=1 4x"},"classes":[]},{"id":53897,"url":"https:\/\/blogdafeira.com.br\/home\/2022\/08\/17\/matinha-celebra-sao-roque-ate-domingo-com-samba-de-roda\/","url_meta":{"origin":68869,"position":1},"title":"Matinha celebra S\u00e3o Roque at\u00e9 domingo com vasta programa\u00e7\u00e3o","author":"Rotativo News","date":"17\/08\/2022","format":false,"excerpt":"Est\u00e1 sendo a primeira festa do padroeiro da Matinha organizada pela rec\u00e9m-criada Par\u00f3quia Quilombola de S\u00e3o Roque, cujo p\u00e1roco \u00e9 o padre Luiz Ant\u00f4nio Brito . O dia oficial dedicado ao santo cat\u00f3lico foi na ter\u00e7a-feira,16, mas a celebra\u00e7\u00e3o na sede do distrito e na igreja central da par\u00f3quia vai\u2026","rel":"","context":"Em &quot;Distritos&quot;","block_context":{"text":"Distritos","link":"https:\/\/blogdafeira.com.br\/home\/categoria\/distritos\/"},"img":{"alt_text":"","src":"https:\/\/i0.wp.com\/blogdafeira.com.br\/home\/wp-content\/uploads\/2022\/08\/IMG_20220817_185636_615-1-scaled.jpg?resize=350%2C200&ssl=1","width":350,"height":200,"srcset":"https:\/\/i0.wp.com\/blogdafeira.com.br\/home\/wp-content\/uploads\/2022\/08\/IMG_20220817_185636_615-1-scaled.jpg?resize=350%2C200&ssl=1 1x, https:\/\/i0.wp.com\/blogdafeira.com.br\/home\/wp-content\/uploads\/2022\/08\/IMG_20220817_185636_615-1-scaled.jpg?resize=525%2C300&ssl=1 1.5x, https:\/\/i0.wp.com\/blogdafeira.com.br\/home\/wp-content\/uploads\/2022\/08\/IMG_20220817_185636_615-1-scaled.jpg?resize=700%2C400&ssl=1 2x, https:\/\/i0.wp.com\/blogdafeira.com.br\/home\/wp-content\/uploads\/2022\/08\/IMG_20220817_185636_615-1-scaled.jpg?resize=1050%2C600&ssl=1 3x, https:\/\/i0.wp.com\/blogdafeira.com.br\/home\/wp-content\/uploads\/2022\/08\/IMG_20220817_185636_615-1-scaled.jpg?resize=1400%2C800&ssl=1 4x"},"classes":[]},{"id":63278,"url":"https:\/\/blogdafeira.com.br\/home\/2024\/08\/17\/guda-da-quixabeira-comeca-campanha-para-vereador-na-procissao-de-sao-roque-da-matinha\/","url_meta":{"origin":68869,"position":2},"title":"Guda da Quixabeira come\u00e7a campanha para vereador na prociss\u00e3o de S\u00e3o Roque da Matinha","author":"Rotativo News","date":"17\/08\/2024","format":false,"excerpt":"Cantor, sambador e compositor de samba-de-roda, o l\u00edder comunit\u00e1rio Guda da Quixabeira participou, ontem, da prociss\u00e3o do Dia de S\u00e3o Roque, no distrito da Matinha, marcando o primeiro dia de campanha para vereador do Munic\u00edpio de Feira de Santana, pelo PSB, com o n\u00famero 40.018. Pela primeira vez, o distrito\u2026","rel":"","context":"Em &quot;Distritos&quot;","block_context":{"text":"Distritos","link":"https:\/\/blogdafeira.com.br\/home\/categoria\/distritos\/"},"img":{"alt_text":"","src":"https:\/\/i0.wp.com\/blogdafeira.com.br\/home\/wp-content\/uploads\/2024\/08\/Screenshot_20240817-0711522.png?resize=350%2C200&ssl=1","width":350,"height":200,"srcset":"https:\/\/i0.wp.com\/blogdafeira.com.br\/home\/wp-content\/uploads\/2024\/08\/Screenshot_20240817-0711522.png?resize=350%2C200&ssl=1 1x, https:\/\/i0.wp.com\/blogdafeira.com.br\/home\/wp-content\/uploads\/2024\/08\/Screenshot_20240817-0711522.png?resize=525%2C300&ssl=1 1.5x, https:\/\/i0.wp.com\/blogdafeira.com.br\/home\/wp-content\/uploads\/2024\/08\/Screenshot_20240817-0711522.png?resize=700%2C400&ssl=1 2x"},"classes":[]},{"id":68317,"url":"https:\/\/blogdafeira.com.br\/home\/2025\/07\/14\/arcebispo-de-vitoria-da-conquista-abre-o-novenario-de-santanna-em-feira\/","url_meta":{"origin":68869,"position":3},"title":"Arcebispo de Vit\u00f3ria da Conquista abre o noven\u00e1rio de Sant&#8217;Anna em Feira","author":"Rotativo News","date":"14\/07\/2025","format":false,"excerpt":"O noven\u00e1rio da tradicional Festa de Senhora Sant\u2019Anna, padroeira de Feira de Santana, segunda maior cidade da Bahia, come\u00e7a dia 17, quinta-feira, na Catedral Metropolitana, tendo como pregador-convidado\u00a0 Dom Vitor Agnaldo Menezes, Arcebispo de Vit\u00f3ria da Conquista. O tema da primeira noite \u00e9 \"A esperan\u00e7a que nasce da f\u00e9\". O\u00a0noven\u00e1rio\u2026","rel":"","context":"Em &quot;Cidade&quot;","block_context":{"text":"Cidade","link":"https:\/\/blogdafeira.com.br\/home\/categoria\/cidade\/"},"img":{"alt_text":"","src":"https:\/\/i0.wp.com\/blogdafeira.com.br\/home\/wp-content\/uploads\/2025\/07\/images-5.jpeg?resize=350%2C200&ssl=1","width":350,"height":200},"classes":[]},{"id":67571,"url":"https:\/\/blogdafeira.com.br\/home\/2025\/06\/01\/imagem-peregrina-do-senhor-encerra-visita-na-ultima-noite-do-novenario-em-bonfim-de-feira\/","url_meta":{"origin":68869,"position":4},"title":"Imagem peregrina do Senhor encerra visita na \u00faltima noite do noven\u00e1rio em Bonfim de Feira","author":"Rotativo News","date":"01\/06\/2025","format":false,"excerpt":"A imagem peregrina do Senhor do Bonfim da Bahia chegou a Feira de Santana\u00a0 quinta-feira (29),\u00a0 esteve exposta para visita\u00e7\u00e3o na Par\u00f3quia do Senhor do Bonfim, no Alto do Cruzeiro, com celebra\u00e7\u00f5es de missas ao meio-dia e \u00e0s 17h e hoje foi ao encerramento\u00a0 do noven\u00e1rio em louvor ao Senhor\u2026","rel":"","context":"Em &quot;Distritos&quot;","block_context":{"text":"Distritos","link":"https:\/\/blogdafeira.com.br\/home\/categoria\/distritos\/"},"img":{"alt_text":"","src":"https:\/\/i0.wp.com\/blogdafeira.com.br\/home\/wp-content\/uploads\/2025\/06\/20250601_185939.jpg?resize=350%2C200&ssl=1","width":350,"height":200,"srcset":"https:\/\/i0.wp.com\/blogdafeira.com.br\/home\/wp-content\/uploads\/2025\/06\/20250601_185939.jpg?resize=350%2C200&ssl=1 1x, https:\/\/i0.wp.com\/blogdafeira.com.br\/home\/wp-content\/uploads\/2025\/06\/20250601_185939.jpg?resize=525%2C300&ssl=1 1.5x, https:\/\/i0.wp.com\/blogdafeira.com.br\/home\/wp-content\/uploads\/2025\/06\/20250601_185939.jpg?resize=700%2C400&ssl=1 2x"},"classes":[]},{"id":62970,"url":"https:\/\/blogdafeira.com.br\/home\/2024\/07\/24\/fincamento-do-cruzeiro-de-sao-roque-na-praca-da-matinha\/","url_meta":{"origin":68869,"position":5},"title":"&#8216;Fincamento&#8217; do Cruzeiro de S\u00e3o Roque na Pra\u00e7a da Matinha","author":"Rotativo News","date":"24\/07\/2024","format":false,"excerpt":"Matinha dos Pretos pediu prote\u00e7\u00e3o contra a epidemia da peste que se alastrava de S\u00e3o Vicente ao Jacu. Roque \u00e9 considerado Santo protetor de doentes. Sincreticamente, \u00e9 associado ao Orix\u00e1 Obalua\u00ea. N\u00e3o chegando a epidemia,cumpriu-se a promessa: fez-se, ent\u00e3o, o \"FINCAMENTO\" desse Cruzeiro na pra\u00e7a do povoado que hoje \u00e9\u2026","rel":"","context":"Em &quot;Cultura&quot;","block_context":{"text":"Cultura","link":"https:\/\/blogdafeira.com.br\/home\/categoria\/cultura\/"},"img":{"alt_text":"","src":"https:\/\/i0.wp.com\/blogdafeira.com.br\/home\/wp-content\/uploads\/2024\/07\/Screenshot_20240724-105120.png?resize=350%2C200&ssl=1","width":350,"height":200,"srcset":"https:\/\/i0.wp.com\/blogdafeira.com.br\/home\/wp-content\/uploads\/2024\/07\/Screenshot_20240724-105120.png?resize=350%2C200&ssl=1 1x, https:\/\/i0.wp.com\/blogdafeira.com.br\/home\/wp-content\/uploads\/2024\/07\/Screenshot_20240724-105120.png?resize=525%2C300&ssl=1 1.5x, https:\/\/i0.wp.com\/blogdafeira.com.br\/home\/wp-content\/uploads\/2024\/07\/Screenshot_20240724-105120.png?resize=700%2C400&ssl=1 2x, https:\/\/i0.wp.com\/blogdafeira.com.br\/home\/wp-content\/uploads\/2024\/07\/Screenshot_20240724-105120.png?resize=1050%2C600&ssl=1 3x"},"classes":[]}],"_links":{"self":[{"href":"https:\/\/blogdafeira.com.br\/home\/wp-json\/wp\/v2\/posts\/68869","targetHints":{"allow":["GET"]}}],"collection":[{"href":"https:\/\/blogdafeira.com.br\/home\/wp-json\/wp\/v2\/posts"}],"about":[{"href":"https:\/\/blogdafeira.com.br\/home\/wp-json\/wp\/v2\/types\/post"}],"author":[{"embeddable":true,"href":"https:\/\/blogdafeira.com.br\/home\/wp-json\/wp\/v2\/users\/1"}],"replies":[{"embeddable":true,"href":"https:\/\/blogdafeira.com.br\/home\/wp-json\/wp\/v2\/comments?post=68869"}],"version-history":[{"count":1,"href":"https:\/\/blogdafeira.com.br\/home\/wp-json\/wp\/v2\/posts\/68869\/revisions"}],"predecessor-version":[{"id":68873,"href":"https:\/\/blogdafeira.com.br\/home\/wp-json\/wp\/v2\/posts\/68869\/revisions\/68873"}],"wp:featuredmedia":[{"embeddable":true,"href":"https:\/\/blogdafeira.com.br\/home\/wp-json\/wp\/v2\/media\/68872"}],"wp:attachment":[{"href":"https:\/\/blogdafeira.com.br\/home\/wp-json\/wp\/v2\/media?parent=68869"}],"wp:term":[{"taxonomy":"category","embeddable":true,"href":"https:\/\/blogdafeira.com.br\/home\/wp-json\/wp\/v2\/categories?post=68869"},{"taxonomy":"post_tag","embeddable":true,"href":"https:\/\/blogdafeira.com.br\/home\/wp-json\/wp\/v2\/tags?post=68869"}],"curies":[{"name":"wp","href":"https:\/\/api.w.org\/{rel}","templated":true}]}}