{"id":69171,"date":"2025-08-25T00:32:29","date_gmt":"2025-08-25T03:32:29","guid":{"rendered":"https:\/\/blogdafeira.com.br\/home\/?p=69171"},"modified":"2025-09-22T21:37:07","modified_gmt":"2025-09-23T00:37:07","slug":"corpo-do-radialista-carlos-lima-sera-sepultado-hoje-no-jardim-das-flores","status":"publish","type":"post","link":"https:\/\/blogdafeira.com.br\/home\/2025\/08\/25\/corpo-do-radialista-carlos-lima-sera-sepultado-hoje-no-jardim-das-flores\/","title":{"rendered":"Corpo do radialista Carlos Lima ser\u00e1 sepultado hoje no Jardim das Flores"},"content":{"rendered":"<div id=\"blogd-2268739329\" class=\"blogd-fim-do-post-mobile blogd-entity-placement\" style=\"margin-left: auto;margin-right: auto;text-align: center;\"><a href=\"https:\/\/www.sefaz.feiradesantana.ba.gov.br\/\" target=\"_blank\" aria-label=\"728&#215;90 (6)\"><img loading=\"lazy\" decoding=\"async\" src=\"https:\/\/blogdafeira.com.br\/home\/wp-content\/uploads\/2026\/03\/728x90-6.gif\" alt=\"\"  class=\"no-lazyload\" width=\"728\" height=\"90\"  style=\"display: inline-block;\" \/><\/a><\/div><p>O corpo do radialista Carlos Lima, falecido ontem, ser\u00e1 sepultado nesta segunda-feira, 25, no cemit\u00e9rio Jardim das Flores, na BR-116 Norte, distrito da Matinha, em Feira de Santana. O vel\u00f3rio est\u00e1 acontecendo desde ontem \u00e0 tarde, no Centro de Vel\u00f3rio Gilson Macedo na Kalil\u00e2ndia.<\/p><div id=\"blogd-1565289835\" class=\"blogd-conteudo-2-mobile blogd-entity-placement\"><a href=\"https:\/\/feirenses.com.br\/\" target=\"_blank\" aria-label=\"feirenses\"><img loading=\"lazy\" decoding=\"async\" src=\"https:\/\/blogdafeira.com.br\/home\/wp-content\/uploads\/2026\/04\/feirenses.png\" alt=\"\"  srcset=\"https:\/\/blogdafeira.com.br\/home\/wp-content\/uploads\/2026\/04\/feirenses.png 300w, https:\/\/blogdafeira.com.br\/home\/wp-content\/uploads\/2026\/04\/feirenses-170x45.png 170w, https:\/\/blogdafeira.com.br\/home\/wp-content\/uploads\/2026\/04\/feirenses-280x74.png 280w\" sizes=\"(max-width: 300px) 100vw, 300px\" class=\"no-lazyload\" width=\"300\" height=\"79\"  style=\"display: inline-block;\" \/><\/a><\/div>\n<div id=\"blogd-431502615\" class=\"blogd-final-post blogd-entity-placement\"><a href=\"https:\/\/www.feiradesantana.ba.leg.br\/\" target=\"_blank\" aria-label=\"BANNER-SITE-ENTREGADECHEQUE-CAMARADEFEIRA\"><img loading=\"lazy\" decoding=\"async\" src=\"https:\/\/blogdafeira.com.br\/home\/wp-content\/uploads\/2026\/03\/BANNER-SITE-ENTREGADECHEQUE-CAMARADEFEIRA.gif\" alt=\"\"  class=\"no-lazyload\" width=\"728\" height=\"90\"   \/><\/a><\/div><p>Natural de Caruaru, Pernambuco, Lima foi profissional de comunica\u00e7\u00e3o com ampla popularidade aqui em Feira de Santana, onde\u00a0 trabalhou em diversas emissoras, em todas as \u00e1reas do radialismo e radiojornalismo. Comentarista e rep\u00f3rter esportivo, trabalhou em Copas do Mundo e evento nacionais. Fez parte da tradicional Equipe 970 do r\u00e1dio feirense. Na R\u00e1dio Povo foi \u00e2ncora do Jornal da Povo, matutino noticioso e informativo. Foi ativista cultural, ligado a academias e organiza\u00e7\u00f5es sociais. Ia completar 74 anos de vida em dezembro.<\/p>\n","protected":false},"excerpt":{"rendered":"<p>O corpo do radialista Carlos Lima, falecido ontem, ser\u00e1 sepultado nesta segunda-feira, 25, no cemit\u00e9rio Jardim das Flores, na BR-116 Norte, distrito da Matinha, em Feira de Santana. O vel\u00f3rio est\u00e1 acontecendo desde ontem \u00e0 tarde, no Centro de Vel\u00f3rio Gilson Macedo na Kalil\u00e2ndia. Natural de Caruaru, Pernambuco, Lima foi profissional de comunica\u00e7\u00e3o com ampla<\/p>\n","protected":false},"author":1,"featured_media":69173,"comment_status":"open","ping_status":"open","sticky":false,"template":"","format":"standard","meta":{"jetpack_post_was_ever_published":false,"cybocfi_hide_featured_image":"","_jetpack_newsletter_access":"","_jetpack_dont_email_post_to_subs":false,"_jetpack_newsletter_tier_id":0,"_jetpack_memberships_contains_paywalled_content":false,"_jetpack_memberships_contains_paid_content":false,"footnotes":"","jetpack_publicize_message":"","jetpack_publicize_feature_enabled":true,"jetpack_social_post_already_shared":true,"jetpack_social_options":{"image_generator_settings":{"template":"highway","default_image_id":0,"font":"","enabled":false},"version":2}},"categories":[3,1],"tags":[],"class_list":["post-69171","post","type-post","status-publish","format-standard","has-post-thumbnail","hentry","category-cidade","category-raiz"],"jetpack_publicize_connections":[],"jetpack_featured_media_url":"https:\/\/blogdafeira.com.br\/home\/wp-content\/uploads\/2025\/08\/IMG-20250824-WA0029.jpg","jetpack_shortlink":"https:\/\/wp.me\/p3niVf-hZF","jetpack_sharing_enabled":true,"jetpack-related-posts":[{"id":8333,"url":"https:\/\/blogdafeira.com.br\/home\/2014\/01\/15\/morte-do-radialista-virgilio-portoo-leguele-comove-feira-de-santana\/","url_meta":{"origin":69171,"position":0},"title":"Morte do radialista Virg\u00edlio Porto,o Leguel\u00e9, comove Feira de Santana","author":"Blog da Feira","date":"15\/01\/2014","format":false,"excerpt":"A morte do radialista \u00a0Virg\u00edlio Porto comoveu \u00a0Feira de Santana, principalmente as pessoas ligadas ao mundo esportivo da cidade ao qual Leguel\u00e9, como era conhecido, era profundamente vinculado pela cr\u00f4nica esportiva e a paix\u00e3o pelo Fluminense de Feira, o Touro do Sert\u00e3o. O corpo do radialista foi velado no Centro\u2026","rel":"","context":"Em &quot;Home&quot;","block_context":{"text":"Home","link":"https:\/\/blogdafeira.com.br\/home\/categoria\/raiz\/"},"img":{"alt_text":"","src":"","width":0,"height":0},"classes":[]},{"id":5977,"url":"https:\/\/blogdafeira.com.br\/home\/2013\/11\/08\/iptu-de-feira-foi-tema-do-jornal-da-povo-e-teve-participacao-de-marialvo-barreto\/","url_meta":{"origin":69171,"position":1},"title":"IPTU de Feira foi tema do &#8216;Jornal da Povo&#8217; que teve participa\u00e7\u00e3o de Marialvo Barreto","author":"Blog da Feira","date":"08\/11\/2013","format":false,"excerpt":"O Imposto Predial e Territorial Urbano de Feira de Santana, cujo projeto com atualiza\u00e7\u00f5es de bases tribut\u00e1rias dever\u00e1 ser enviado \u00e0 C\u00e2mara de Feira na pr\u00f3xima semana, foi um tema debatido durante o programa 'Jornal da Povo', na r\u00e1dio am Povo 1.210, comandado pelo radialista Carlos Lima. Os \u00faltimos 30\u2026","rel":"","context":"Em &quot;Home&quot;","block_context":{"text":"Home","link":"https:\/\/blogdafeira.com.br\/home\/categoria\/raiz\/"},"img":{"alt_text":"CARLOS LIMA","src":"https:\/\/i0.wp.com\/blogdafeira.com.br\/home\/wp-content\/uploads\/2013\/11\/CARLOS-LIMA.jpg?resize=350%2C200","width":350,"height":200,"srcset":"https:\/\/i0.wp.com\/blogdafeira.com.br\/home\/wp-content\/uploads\/2013\/11\/CARLOS-LIMA.jpg?resize=350%2C200 1x, https:\/\/i0.wp.com\/blogdafeira.com.br\/home\/wp-content\/uploads\/2013\/11\/CARLOS-LIMA.jpg?resize=525%2C300 1.5x"},"classes":[]},{"id":62187,"url":"https:\/\/blogdafeira.com.br\/home\/2024\/05\/18\/morreu-carlos-novais-o-engenheiro-criador-de-uma-matematica-alternativa\/","url_meta":{"origin":69171,"position":2},"title":"Morreu Carlos Novaes, o engenheiro criador de uma &#8220;matem\u00e1tica alternativa&#8221;","author":"Blog da Feira","date":"18\/05\/2024","format":false,"excerpt":"O Blog da Feira comunica o falecimento do professor aposentado da UEFS,\u00a0 engenheiro civil, m\u00fasico e matem\u00e1tico, Carlos Novaes, acometido por pneumonia. O professor estava internado h\u00e1 alguns dias. O corpo est\u00e1 no Centro de Vel\u00f3rio Gilson Macedo, na Kalil\u00e2ndia, em Feira de Santana, Bahia, Brasil. Novaes era frequentador ass\u00edduo\u2026","rel":"","context":"Em &quot;Geral&quot;","block_context":{"text":"Geral","link":"https:\/\/blogdafeira.com.br\/home\/categoria\/geral\/"},"img":{"alt_text":"","src":"https:\/\/i0.wp.com\/blogdafeira.com.br\/home\/wp-content\/uploads\/2024\/05\/IMG_20161005_0704092-420x280_c-1.webp?resize=350%2C200&ssl=1","width":350,"height":200},"classes":[]},{"id":5757,"url":"https:\/\/blogdafeira.com.br\/home\/2013\/10\/25\/jornal-da-povo-debateu-as-acoes-do-pacto-de-feira-no-centro\/","url_meta":{"origin":69171,"position":3},"title":"&#8216;Jornal da Povo&#8217; debateu as a\u00e7\u00f5es do &#8216;Pacto de Feira&#8217; no centro","author":"Blog da Feira","date":"25\/10\/2013","format":false,"excerpt":"A equipe do programa 'Jornal da Povo', conduzido pelo radialista Carlos Lima na R\u00e1dio Povo Am 1.210, ocupou um bom espa\u00e7o do programa desta sexta-feira abordando o 'Pacto de Feira' e as a\u00e7\u00f5es no centro comercial de Feira de Santana. O 'Pacto de Feira' \u00e9 o nome do programa de\u2026","rel":"","context":"Em &quot;Home&quot;","block_context":{"text":"Home","link":"https:\/\/blogdafeira.com.br\/home\/categoria\/raiz\/"},"img":{"alt_text":"images","src":"https:\/\/i0.wp.com\/blogdafeira.com.br\/home\/wp-content\/uploads\/2013\/10\/images.jpg?resize=350%2C200","width":350,"height":200},"classes":[]},{"id":59883,"url":"https:\/\/blogdafeira.com.br\/home\/2023\/10\/31\/feira-em-luto-oficial-pela-morte-de-jorge-de-angelica\/","url_meta":{"origin":69171,"position":4},"title":"Feira em luto oficial pela morte de Jorge de Ang\u00e9lica","author":"Blog da Feira","date":"31\/10\/2023","format":false,"excerpt":"O prefeito Colbert Martins Filho\u00a0 decreta luto oficial de tr\u00eas dias em raz\u00e3o do falecimento do cantor e compositor feirense Jorge de Ang\u00e9lica, ocorrido ontem ,(30). Jorge de Ang\u00e9lica era um dos grandes representantes do reggae na Bahia. O corpo est\u00e1 sendo velado no Centro de Vel\u00f3rio Gilson Macedo (Pax\u2026","rel":"","context":"Em &quot;Cultura&quot;","block_context":{"text":"Cultura","link":"https:\/\/blogdafeira.com.br\/home\/categoria\/cultura\/"},"img":{"alt_text":"","src":"https:\/\/i0.wp.com\/blogdafeira.com.br\/home\/wp-content\/uploads\/2023\/10\/Jorge-de-Angelica-foto-Jorge-Magalhaes-16.jpeg?resize=350%2C200&ssl=1","width":350,"height":200,"srcset":"https:\/\/i0.wp.com\/blogdafeira.com.br\/home\/wp-content\/uploads\/2023\/10\/Jorge-de-Angelica-foto-Jorge-Magalhaes-16.jpeg?resize=350%2C200&ssl=1 1x, https:\/\/i0.wp.com\/blogdafeira.com.br\/home\/wp-content\/uploads\/2023\/10\/Jorge-de-Angelica-foto-Jorge-Magalhaes-16.jpeg?resize=525%2C300&ssl=1 1.5x, https:\/\/i0.wp.com\/blogdafeira.com.br\/home\/wp-content\/uploads\/2023\/10\/Jorge-de-Angelica-foto-Jorge-Magalhaes-16.jpeg?resize=700%2C400&ssl=1 2x"},"classes":[]},{"id":21124,"url":"https:\/\/blogdafeira.com.br\/home\/2016\/04\/27\/enterro-de-ze-pinto-em-feira-sera-as-15-horas-no-cemiterio-piedade\/","url_meta":{"origin":69171,"position":5},"title":"Enterro de Z\u00e9 Pinto em Feira ser\u00e1 \u00e0s 15 horas no Cemit\u00e9rio Piedade","author":"Blog da Feira","date":"27\/04\/2016","format":false,"excerpt":"O corpo do ex-vereador e ex-vice prefeito de Feira de Santana, Jos\u00e9 Ferreira PInto (Z\u00e9 Pinto) ser\u00e1 sepultado nesta quarta-feira, \u00e0s 15 horas, no cemit\u00e9rio Piedade nesta cidade. Z\u00e9 Pinto, 82 anos, \u00a0faleceu ontem \u00e0s\u00a019 horas no Hospital Unimed, em virtude de AVC e Parada Cardiorrespirat\u00f3ria. O vel\u00f3rio acontece no\u2026","rel":"","context":"Em &quot;Home&quot;","block_context":{"text":"Home","link":"https:\/\/blogdafeira.com.br\/home\/categoria\/raiz\/"},"img":{"alt_text":"z\u00e9 pinto","src":"https:\/\/i0.wp.com\/blogdafeira.com.br\/home\/wp-content\/uploads\/2016\/04\/z%C3%A9-pinto-245x300.jpg?resize=350%2C200","width":350,"height":200},"classes":[]}],"_links":{"self":[{"href":"https:\/\/blogdafeira.com.br\/home\/wp-json\/wp\/v2\/posts\/69171","targetHints":{"allow":["GET"]}}],"collection":[{"href":"https:\/\/blogdafeira.com.br\/home\/wp-json\/wp\/v2\/posts"}],"about":[{"href":"https:\/\/blogdafeira.com.br\/home\/wp-json\/wp\/v2\/types\/post"}],"author":[{"embeddable":true,"href":"https:\/\/blogdafeira.com.br\/home\/wp-json\/wp\/v2\/users\/1"}],"replies":[{"embeddable":true,"href":"https:\/\/blogdafeira.com.br\/home\/wp-json\/wp\/v2\/comments?post=69171"}],"version-history":[{"count":2,"href":"https:\/\/blogdafeira.com.br\/home\/wp-json\/wp\/v2\/posts\/69171\/revisions"}],"predecessor-version":[{"id":69176,"href":"https:\/\/blogdafeira.com.br\/home\/wp-json\/wp\/v2\/posts\/69171\/revisions\/69176"}],"wp:featuredmedia":[{"embeddable":true,"href":"https:\/\/blogdafeira.com.br\/home\/wp-json\/wp\/v2\/media\/69173"}],"wp:attachment":[{"href":"https:\/\/blogdafeira.com.br\/home\/wp-json\/wp\/v2\/media?parent=69171"}],"wp:term":[{"taxonomy":"category","embeddable":true,"href":"https:\/\/blogdafeira.com.br\/home\/wp-json\/wp\/v2\/categories?post=69171"},{"taxonomy":"post_tag","embeddable":true,"href":"https:\/\/blogdafeira.com.br\/home\/wp-json\/wp\/v2\/tags?post=69171"}],"curies":[{"name":"wp","href":"https:\/\/api.w.org\/{rel}","templated":true}]}}