{"id":6975,"date":"2013-12-09T17:19:31","date_gmt":"2013-12-09T19:19:31","guid":{"rendered":"http:\/\/blogdafeira.com.br\/home\/?p=6975"},"modified":"2013-12-09T17:20:50","modified_gmt":"2013-12-09T19:20:50","slug":"as-formas-da-moda-livro-de-renata-pitombo-sera-lancado-no-cuca","status":"publish","type":"post","link":"https:\/\/blogdafeira.com.br\/home\/2013\/12\/09\/as-formas-da-moda-livro-de-renata-pitombo-sera-lancado-no-cuca\/","title":{"rendered":"As Formas da Moda,  livro de Renata Pitombo ser\u00e1 lan\u00e7ado no Cuca"},"content":{"rendered":"<div id=\"blogd-1107384229\" class=\"blogd-fim-do-post-mobile blogd-entity-placement\" style=\"margin-left: auto;margin-right: auto;text-align: center;\"><a href=\"https:\/\/www.sefaz.feiradesantana.ba.gov.br\/\" target=\"_blank\" aria-label=\"728&#215;90 (6)\"><img loading=\"lazy\" decoding=\"async\" src=\"https:\/\/blogdafeira.com.br\/home\/wp-content\/uploads\/2026\/03\/728x90-6.gif\" alt=\"\"  class=\"no-lazyload\" width=\"728\" height=\"90\"  style=\"display: inline-block;\" \/><\/a><\/div><p><img loading=\"lazy\" decoding=\"async\" class=\"aligncenter size-full wp-image-6978\" alt=\"Formas da Moda\" src=\"http:\/\/blogdafeira.com.br\/home\/wp-content\/uploads\/2013\/12\/Formas-da-Moda.jpg\" width=\"427\" height=\"640\" srcset=\"https:\/\/blogdafeira.com.br\/home\/wp-content\/uploads\/2013\/12\/Formas-da-Moda.jpg 427w, https:\/\/blogdafeira.com.br\/home\/wp-content\/uploads\/2013\/12\/Formas-da-Moda-100x150.jpg 100w, https:\/\/blogdafeira.com.br\/home\/wp-content\/uploads\/2013\/12\/Formas-da-Moda-200x300.jpg 200w\" sizes=\"auto, (max-width: 427px) 100vw, 427px\" \/>A moda pode ser considerada um fen\u00f4meno cultural?\u00a0 Como entender a din\u00e2mica da moda em rela\u00e7\u00e3o ao consumo contempor\u00e2neo? Pode ser a moda considerada uma arte?<\/p><div id=\"blogd-3464110396\" class=\"blogd-conteudo-2-mobile blogd-entity-placement\"><a href=\"https:\/\/feirenses.com.br\/\" target=\"_blank\" aria-label=\"feirenses\"><img loading=\"lazy\" decoding=\"async\" src=\"https:\/\/blogdafeira.com.br\/home\/wp-content\/uploads\/2026\/04\/feirenses.png\" alt=\"\"  srcset=\"https:\/\/blogdafeira.com.br\/home\/wp-content\/uploads\/2026\/04\/feirenses.png 300w, https:\/\/blogdafeira.com.br\/home\/wp-content\/uploads\/2026\/04\/feirenses-170x45.png 170w, https:\/\/blogdafeira.com.br\/home\/wp-content\/uploads\/2026\/04\/feirenses-280x74.png 280w\" sizes=\"(max-width: 300px) 100vw, 300px\" class=\"no-lazyload\" width=\"300\" height=\"79\"  style=\"display: inline-block;\" \/><\/a><\/div>\n<p>Essas e outras quest\u00f5es est\u00e3o contidas no livro As Formas da Moda, comportamento, estilo e artisticidade, da professora Renata Pitombo.<\/p>\n<p>A obra ser\u00e1 lan\u00e7ada \u00e0s 20h do dia 10 de dezembro, no Centro Universit\u00e1rio de Cultura e Arte (Cuca).<\/p>\n<p>O evento conta ainda com recital de piano e voz, com o m\u00fasico Monclar Valverde e a exposi\u00e7\u00e3o Imagem de Moda, Vitrina e Cotidiano, de Renata Pitombo.<\/p>\n<div id=\"blogd-4037505926\" class=\"blogd-final-post blogd-entity-placement\"><a href=\"https:\/\/www.feiradesantana.ba.leg.br\/\" target=\"_blank\" aria-label=\"BANNER-SITE-ENTREGADECHEQUE-CAMARADEFEIRA\"><img loading=\"lazy\" decoding=\"async\" src=\"https:\/\/blogdafeira.com.br\/home\/wp-content\/uploads\/2026\/03\/BANNER-SITE-ENTREGADECHEQUE-CAMARADEFEIRA.gif\" alt=\"\"  class=\"no-lazyload\" width=\"728\" height=\"90\"   \/><\/a><\/div><p>A publica\u00e7\u00e3o, com 166 p\u00e1ginas, traz o selo da editora Annablume (SP). Pre\u00e7o do exemplarR$30,00.<\/p>\n","protected":false},"excerpt":{"rendered":"<p>A moda pode ser considerada um fen\u00f4meno cultural?\u00a0 Como entender a din\u00e2mica da moda em rela\u00e7\u00e3o ao consumo contempor\u00e2neo? Pode ser a moda considerada uma arte? Essas e outras quest\u00f5es est\u00e3o contidas no livro As Formas da Moda, comportamento, estilo e artisticidade, da professora Renata Pitombo. A obra ser\u00e1 lan\u00e7ada \u00e0s 20h do dia 10<\/p>\n","protected":false},"author":1,"featured_media":0,"comment_status":"closed","ping_status":"closed","sticky":false,"template":"","format":"standard","meta":{"jetpack_post_was_ever_published":false,"cybocfi_hide_featured_image":"","_jetpack_newsletter_access":"","_jetpack_dont_email_post_to_subs":false,"_jetpack_newsletter_tier_id":0,"_jetpack_memberships_contains_paywalled_content":false,"_jetpack_memberships_contains_paid_content":false,"footnotes":"","jetpack_publicize_message":"","jetpack_publicize_feature_enabled":true,"jetpack_social_post_already_shared":true,"jetpack_social_options":{"image_generator_settings":{"template":"highway","default_image_id":0,"font":"","enabled":false},"version":2}},"categories":[1],"tags":[],"class_list":["post-6975","post","type-post","status-publish","format-standard","hentry","category-raiz"],"jetpack_publicize_connections":[],"jetpack_featured_media_url":"","jetpack_shortlink":"https:\/\/wp.me\/p3niVf-1Ov","jetpack_sharing_enabled":true,"jetpack-related-posts":[{"id":34173,"url":"https:\/\/blogdafeira.com.br\/home\/2019\/11\/25\/coletanea-o-belo-contemporaeno-tem-novo-lancamento-em-salvador-na-quinta-feira\/","url_meta":{"origin":6975,"position":0},"title":"Colet\u00e2nea &#8216;O Belo Contempor\u00e2eno&#8217; tem novo lan\u00e7amento em Salvador na quinta-feira","author":"Blog da Feira","date":"25\/11\/2019","format":false,"excerpt":"Ao entardecer da pr\u00f3xima quinta-feira (28), no Museu Carlos Costa Pinto, em Salvador, ser\u00e1 lan\u00e7ada a colet\u00e2nea O Belo Contempor\u00e2neo: Corpo, Moda e Arte, organizada pela professora e pesquisadora, Renata Pitombo Cidreira, da Universidade Federal do Rec\u00f4ncavo da Bahia (UFRB). O evento celebra os 10 anos de exist\u00eancia do grupo\u2026","rel":"","context":"Em &quot;Home&quot;","block_context":{"text":"Home","link":"https:\/\/blogdafeira.com.br\/home\/categoria\/raiz\/"},"img":{"alt_text":"","src":"https:\/\/i0.wp.com\/blogdafeira.com.br\/home\/wp-content\/uploads\/2019\/11\/capa-belo-contemporaneo-FRENTE-1-200x300.jpg?resize=350%2C200","width":350,"height":200},"classes":[]},{"id":55386,"url":"https:\/\/blogdafeira.com.br\/home\/2022\/11\/15\/livro-e-desfile-colocam-moda-e-critica-em-debate\/","url_meta":{"origin":6975,"position":1},"title":"Livro e desfile colocam moda e cr\u00edtica em debate","author":"Blog da Feira","date":"15\/11\/2022","format":false,"excerpt":"Como avaliar o campo da moda, seus produtos e fluxos? Esta foi a indaga\u00e7\u00e3o inicial que deflagrou a reflex\u00e3o sobre a cr\u00edtica de moda e a realiza\u00e7\u00e3o do livro Moda e Cr\u00edtica: Prazer, Julgamento e Avalia\u00e7\u00e3o, da jornalista e pesquisadora Renata Pitombo Cidreira. O livro tem o selo da EDUFBA\u2026","rel":"","context":"Em &quot;Cultura&quot;","block_context":{"text":"Cultura","link":"https:\/\/blogdafeira.com.br\/home\/categoria\/cultura\/"},"img":{"alt_text":"","src":"https:\/\/i0.wp.com\/blogdafeira.com.br\/home\/wp-content\/uploads\/2022\/11\/IMG-20221115-WA00292.jpg?resize=350%2C200&ssl=1","width":350,"height":200,"srcset":"https:\/\/i0.wp.com\/blogdafeira.com.br\/home\/wp-content\/uploads\/2022\/11\/IMG-20221115-WA00292.jpg?resize=350%2C200&ssl=1 1x, https:\/\/i0.wp.com\/blogdafeira.com.br\/home\/wp-content\/uploads\/2022\/11\/IMG-20221115-WA00292.jpg?resize=525%2C300&ssl=1 1.5x"},"classes":[]},{"id":6976,"url":"https:\/\/blogdafeira.com.br\/home\/2013\/12\/09\/a-logica-da-moda-e-a-dinamica-do-consumo\/","url_meta":{"origin":6975,"position":2},"title":"A l\u00f3gica da moda e a din\u00e2mica do consumo","author":"Blog da Feira","date":"09\/12\/2013","format":false,"excerpt":"Segundo a autora do livro \u201cAs Formas da Moda\u201d, Renata Pitombo, a obra se estrutura em dois momentos que se complementam, embora mantenham especificidades. Cada parte \u00e9 articulada em seis cap\u00edtulos que procuram desenvolver as ideias centrais que conduzem \u00e0 reflex\u00e3o. Renata Pitombo explica que a primeira parte, Cultura, moda\u2026","rel":"","context":"Em &quot;Home&quot;","block_context":{"text":"Home","link":"https:\/\/blogdafeira.com.br\/home\/categoria\/raiz\/"},"img":{"alt_text":"","src":"","width":0,"height":0},"classes":[]},{"id":33016,"url":"https:\/\/blogdafeira.com.br\/home\/2019\/09\/28\/o-belo-contemporaneo-coletanea-apresenta-novas-concepcoes-de-beleza-por-socorro-pitombo\/","url_meta":{"origin":6975,"position":3},"title":"&#8216;O Belo Contempor\u00e2neo&#8217;, colet\u00e2nea apresenta novas concep\u00e7\u00f5es de beleza","author":"Socorro Pitombo","date":"28\/09\/2019","format":false,"excerpt":"As quest\u00f5es que envolvem o belo t\u00eam suscitado muitas discuss\u00f5es no mundo contempor\u00e2neo, embora tenha sido negado insistentemente ao longo do s\u00e9culo XX, onde a no\u00e7\u00e3o de beleza foi totalmente desconstru\u00edda. Um bom exemplo \u00e9 o da ent\u00e3o supermodelo Twiggy, que mag\u00e9rrima, reinava nas passarelas.\u00a0 \u00a0\u00a0Tais discuss\u00f5es tornaram-se mais recorrentes\u2026","rel":"","context":"Em &quot;Colunistas&quot;","block_context":{"text":"Colunistas","link":"https:\/\/blogdafeira.com.br\/home\/categoria\/colunistas\/"},"img":{"alt_text":"","src":"https:\/\/i0.wp.com\/blogdafeira.com.br\/home\/wp-content\/uploads\/2019\/09\/capa-belo-contemporaneo-FRENTE-1-683x1024.jpg?resize=350%2C200","width":350,"height":200,"srcset":"https:\/\/i0.wp.com\/blogdafeira.com.br\/home\/wp-content\/uploads\/2019\/09\/capa-belo-contemporaneo-FRENTE-1-683x1024.jpg?resize=350%2C200 1x, https:\/\/i0.wp.com\/blogdafeira.com.br\/home\/wp-content\/uploads\/2019\/09\/capa-belo-contemporaneo-FRENTE-1-683x1024.jpg?resize=525%2C300 1.5x"},"classes":[]},{"id":4541,"url":"https:\/\/blogdafeira.com.br\/home\/2013\/08\/22\/seminario-na-ufrb-discute-moda-performance-e-jornalismo\/","url_meta":{"origin":6975,"position":4},"title":"Semin\u00e1rio na UFRB discute moda, performance e jornalismo","author":"Blog da Feira","date":"22\/08\/2013","format":false,"excerpt":"O III Semin\u00e1rio Corpo, Moda e Performance acontece no dia 26 de agosto, \u00e0s 10h, no audit\u00f3rio do Centro de Artes, Humanidades e Letras (CAHL), da Universidade Federal do Rec\u00f4ncavo da Bahia (UFRB), em Cachoeira. O evento \u00e9 uma realiza\u00e7\u00e3o do grupo de pesquisa Corpo e Cultura, coordenado pela professora\u2026","rel":"","context":"Em &quot;Home&quot;","block_context":{"text":"Home","link":"https:\/\/blogdafeira.com.br\/home\/categoria\/raiz\/"},"img":{"alt_text":"","src":"","width":0,"height":0},"classes":[]},{"id":32347,"url":"https:\/\/blogdafeira.com.br\/home\/2019\/08\/12\/ufrb-realiza-esta-semana-o-vi-seminario-corpo-moda-e-performance-em-cachoeira\/","url_meta":{"origin":6975,"position":5},"title":"UFRB realiza esta semana o &#8216;VI Semin\u00e1rio Corpo, Moda e Performance&#8217; em Cachoeira","author":"J\u00e2nio R\u00eago","date":"12\/08\/2019","format":false,"excerpt":"O Centro de Artes, Humanidades e Letras (CAHL) da\u00a0 Universidade Federal do Rec\u00f4ncavo da Bahia (UFRB), localizado em Cachoeira (BA), recebe entre os dias 12 e 13 de agosto, o VI Semin\u00e1rio Corpo, Moda e Performance. O encontro ser\u00e1 ainda mais especial por marcar as comemora\u00e7\u00f5es dos 10 anos de\u2026","rel":"","context":"Em &quot;Home&quot;","block_context":{"text":"Home","link":"https:\/\/blogdafeira.com.br\/home\/categoria\/raiz\/"},"img":{"alt_text":"","src":"http:\/\/blogdafeira.com.br\/home\/wp-content\/uploads\/2019\/08\/Cartaz-Semina?rio-Corpo-Moda-Performance-2019-1.jpg","width":350,"height":200},"classes":[]}],"_links":{"self":[{"href":"https:\/\/blogdafeira.com.br\/home\/wp-json\/wp\/v2\/posts\/6975","targetHints":{"allow":["GET"]}}],"collection":[{"href":"https:\/\/blogdafeira.com.br\/home\/wp-json\/wp\/v2\/posts"}],"about":[{"href":"https:\/\/blogdafeira.com.br\/home\/wp-json\/wp\/v2\/types\/post"}],"author":[{"embeddable":true,"href":"https:\/\/blogdafeira.com.br\/home\/wp-json\/wp\/v2\/users\/1"}],"replies":[{"embeddable":true,"href":"https:\/\/blogdafeira.com.br\/home\/wp-json\/wp\/v2\/comments?post=6975"}],"version-history":[{"count":2,"href":"https:\/\/blogdafeira.com.br\/home\/wp-json\/wp\/v2\/posts\/6975\/revisions"}],"predecessor-version":[{"id":6982,"href":"https:\/\/blogdafeira.com.br\/home\/wp-json\/wp\/v2\/posts\/6975\/revisions\/6982"}],"wp:attachment":[{"href":"https:\/\/blogdafeira.com.br\/home\/wp-json\/wp\/v2\/media?parent=6975"}],"wp:term":[{"taxonomy":"category","embeddable":true,"href":"https:\/\/blogdafeira.com.br\/home\/wp-json\/wp\/v2\/categories?post=6975"},{"taxonomy":"post_tag","embeddable":true,"href":"https:\/\/blogdafeira.com.br\/home\/wp-json\/wp\/v2\/tags?post=6975"}],"curies":[{"name":"wp","href":"https:\/\/api.w.org\/{rel}","templated":true}]}}