{"id":69999,"date":"2025-10-30T07:54:07","date_gmt":"2025-10-30T10:54:07","guid":{"rendered":"https:\/\/blogdafeira.com.br\/home\/?p=69999"},"modified":"2026-03-02T02:43:04","modified_gmt":"2026-03-02T05:43:04","slug":"agora-vai-prefeitura-publicou-edital-para-fazer-a-reforma-na-praca-dos-sapateiros","status":"publish","type":"post","link":"https:\/\/blogdafeira.com.br\/home\/2025\/10\/30\/agora-vai-prefeitura-publicou-edital-para-fazer-a-reforma-na-praca-dos-sapateiros\/","title":{"rendered":"Agora vai: Prefeitura publicou edital para fazer a reforma na Pra\u00e7a dos Sapateiros"},"content":{"rendered":"<div id=\"blogd-2395658494\" class=\"blogd-fim-do-post-mobile blogd-entity-placement\" style=\"margin-left: auto;margin-right: auto;text-align: center;\"><a href=\"https:\/\/expofeira.ba.gov.br\/\" target=_blank><picture>\r\n  <source media=\"(min-width: 768px)\" srcset=\"https:\/\/blogdafeira.com.br\/home\/wp-content\/uploads\/2026\/08\/980x1503.gif\">\r\n  \r\n  <img decoding=\"async\" src=\"https:\/\/blogdafeira.com.br\/home\/wp-content\/uploads\/2026\/08\/350x2005.gif\" alt=\"Publicidade\" style=\"width: 100%; max-width: 100%; height: auto; display: block; margin: 0 auto;\">\r\n\t<\/picture><\/a><\/div><p>Foi publicado no Di\u00e1rio Oficial o edital de licita\u00e7\u00e3o para a reforma na Pra\u00e7a dos Sapateiros, tradicional ponto desses profissionais localizado no canteiro central da avenida Get\u00falio Vargas, vizinho ao estacionamento do Paco Municipal &#8216;Maria Quit\u00e9ria&#8221;, centro de Feira de Santana. O projeto arquitet\u00f4nico elaborado pela Secretaria de Planejamento, foi apresentado\u00a0 aos sapateiros,\u00a0 em setembro passado, por Z\u00e9 Ronaldo, no gabinete do Prefeito.<\/p>\n<p><img loading=\"lazy\" decoding=\"async\" class=\"size-medium wp-image-70000 aligncenter\" src=\"https:\/\/blogdafeira.com.br\/home\/wp-content\/uploads\/2025\/10\/Prefeito-Projeto-Sapateiro-Fotos-Washington-Nery-03-09-25-16-346x231.jpeg\" alt=\"\" width=\"346\" height=\"231\" srcset=\"https:\/\/blogdafeira.com.br\/home\/wp-content\/uploads\/2025\/10\/Prefeito-Projeto-Sapateiro-Fotos-Washington-Nery-03-09-25-16-346x231.jpeg 346w, https:\/\/blogdafeira.com.br\/home\/wp-content\/uploads\/2025\/10\/Prefeito-Projeto-Sapateiro-Fotos-Washington-Nery-03-09-25-16-1024x683.jpeg 1024w, https:\/\/blogdafeira.com.br\/home\/wp-content\/uploads\/2025\/10\/Prefeito-Projeto-Sapateiro-Fotos-Washington-Nery-03-09-25-16-170x113.jpeg 170w, https:\/\/blogdafeira.com.br\/home\/wp-content\/uploads\/2025\/10\/Prefeito-Projeto-Sapateiro-Fotos-Washington-Nery-03-09-25-16-768x512.jpeg 768w, https:\/\/blogdafeira.com.br\/home\/wp-content\/uploads\/2025\/10\/Prefeito-Projeto-Sapateiro-Fotos-Washington-Nery-03-09-25-16-280x187.jpeg 280w, https:\/\/blogdafeira.com.br\/home\/wp-content\/uploads\/2025\/10\/Prefeito-Projeto-Sapateiro-Fotos-Washington-Nery-03-09-25-16-1170x780.jpeg 1170w, https:\/\/blogdafeira.com.br\/home\/wp-content\/uploads\/2025\/10\/Prefeito-Projeto-Sapateiro-Fotos-Washington-Nery-03-09-25-16.jpeg 1299w\" sizes=\"auto, (max-width: 346px) 100vw, 346px\" \/><\/p>\n<p>Tanto as bancas dos sapateiros quanto um quiosque, uma banca de revistas e ponto de chaveiro instalados no local, ser\u00e3o relocados para 22 modernos quiosques com cobertura, distribu\u00eddos no entorno de uma passarela central. O local tamb\u00e9m ter\u00e1 o piso intertravado colorido, banheiros, passarela com pergolado e moderna ilumina\u00e7\u00e3o p\u00fablica.<\/p>\n<div id=\"blogd-1691931136\" class=\"blogd-final-post blogd-entity-placement\"><a href=\"https:\/\/www.feiradesantana.ba.leg.br\/\" target=\"_blank\" aria-label=\"BANNER-SITE_CA\u0302MARA_AGOSTO_728x90px\"><img loading=\"lazy\" decoding=\"async\" src=\"https:\/\/blogdafeira.com.br\/home\/wp-content\/uploads\/2026\/03\/BANNER-SITE_CAMARA_AGOSTO_728x90px.gif\" alt=\"\"  class=\"no-lazyload\" width=\"728\" height=\"90\"   \/><\/a><\/div><p>Foto: Washington Nery<\/p>\n","protected":false},"excerpt":{"rendered":"<p>Foi publicado no Di\u00e1rio Oficial o edital de licita\u00e7\u00e3o para a reforma na Pra\u00e7a dos Sapateiros, tradicional ponto desses profissionais localizado no canteiro central da avenida Get\u00falio Vargas, vizinho ao estacionamento do Paco Municipal &#8216;Maria Quit\u00e9ria&#8221;, centro de Feira de Santana. O projeto arquitet\u00f4nico elaborado pela Secretaria de Planejamento, foi apresentado\u00a0 aos sapateiros,\u00a0 em setembro<\/p>\n","protected":false},"author":1,"featured_media":70001,"comment_status":"open","ping_status":"open","sticky":false,"template":"","format":"standard","meta":{"cybocfi_hide_featured_image":"","_jetpack_newsletter_access":"","_jetpack_dont_email_post_to_subs":false,"_jetpack_newsletter_tier_id":0,"_jetpack_memberships_contains_paywalled_content":false,"_jetpack_memberships_contains_paid_content":false,"footnotes":"","jetpack_publicize_message":"","jetpack_publicize_feature_enabled":true,"jetpack_social_post_already_shared":true,"jetpack_social_options":{"image_generator_settings":{"template":"highway","default_image_id":0,"font":"","enabled":false},"version":2},"jetpack_post_was_ever_published":false},"categories":[3,1],"tags":[],"class_list":["post-69999","post","type-post","status-publish","format-standard","has-post-thumbnail","hentry","category-cidade","category-raiz"],"jetpack_publicize_connections":[],"jetpack_featured_media_url":"https:\/\/blogdafeira.com.br\/home\/wp-content\/uploads\/2025\/10\/IMG-20251029-WA0057.jpg","jetpack_shortlink":"https:\/\/wp.me\/p3niVf-id1","jetpack_sharing_enabled":true,"jetpack-related-posts":[{"id":69393,"url":"https:\/\/blogdafeira.com.br\/home\/2025\/09\/04\/sapateiros-do-paco-vao-ganhar-instalacoes-novas-e-modernas\/","url_meta":{"origin":69999,"position":0},"title":"&#8216;Sapateiros do Pa\u00e7o&#8217; v\u00e3o ganhar instala\u00e7\u00f5es novas e modernas","author":"Blog da Feira","date":"04\/09\/2025","format":false,"excerpt":"Prefeitura de Feira de Santana vai implantar uma moderna estrutura para os sapateiros que tradicionalmente trabalham\u00a0 na \u00e1rea em frente ao Pa\u00e7o Municipal Maria Quit\u00e9ria, onde funciona o Gabinete do Prefeito. O projeto arquitet\u00f4nico, elaborado pela Secretaria de Planejamento, foi apresentado pelo prefeito Z\u00e9 Ronaldo\u00a0 aos sapateiros, ontem (quarta-feira,3). Ao\u2026","rel":"","context":"Em &quot;Cidade&quot;","block_context":{"text":"Cidade","link":"https:\/\/blogdafeira.com.br\/home\/categoria\/cidade\/"},"img":{"alt_text":"","src":"https:\/\/i0.wp.com\/blogdafeira.com.br\/home\/wp-content\/uploads\/2025\/09\/Prefeito-Projeto-Sapateiro-Fotos-Washington-Nery-03-09-25-12.jpeg?resize=350%2C200&ssl=1","width":350,"height":200,"srcset":"https:\/\/i0.wp.com\/blogdafeira.com.br\/home\/wp-content\/uploads\/2025\/09\/Prefeito-Projeto-Sapateiro-Fotos-Washington-Nery-03-09-25-12.jpeg?resize=350%2C200&ssl=1 1x, https:\/\/i0.wp.com\/blogdafeira.com.br\/home\/wp-content\/uploads\/2025\/09\/Prefeito-Projeto-Sapateiro-Fotos-Washington-Nery-03-09-25-12.jpeg?resize=525%2C300&ssl=1 1.5x, https:\/\/i0.wp.com\/blogdafeira.com.br\/home\/wp-content\/uploads\/2025\/09\/Prefeito-Projeto-Sapateiro-Fotos-Washington-Nery-03-09-25-12.jpeg?resize=700%2C400&ssl=1 2x, https:\/\/i0.wp.com\/blogdafeira.com.br\/home\/wp-content\/uploads\/2025\/09\/Prefeito-Projeto-Sapateiro-Fotos-Washington-Nery-03-09-25-12.jpeg?resize=1050%2C600&ssl=1 3x"},"classes":[]},{"id":71916,"url":"https:\/\/blogdafeira.com.br\/home\/2026\/04\/06\/licitacao-para-reconstrucao-da-praca-dos-sapateiros-no-centro-de-feira-sera-dia-24\/","url_meta":{"origin":69999,"position":1},"title":"Licita\u00e7\u00e3o para reconstru\u00e7\u00e3o da Pra\u00e7a dos Sapateiros no centro  de Feira ser\u00e1 dia 24","author":"Blog da Feira","date":"06\/04\/2026","format":false,"excerpt":"A licita\u00e7\u00e3o para a reconstru\u00e7\u00e3o da Pra\u00e7a dos Sapateiros est\u00e1 marcada para o dia 24. A concorr\u00eancia ser\u00e1 eletr\u00f4nica. A obra foi um compromisso assumido pelo governo municipal de Feira com os sapateiros, que observam a necessidade da interven\u00e7\u00e3o. A obra vai modernizar o local que concentra esses profissionais que\u2026","rel":"","context":"Em &quot;Cidade&quot;","block_context":{"text":"Cidade","link":"https:\/\/blogdafeira.com.br\/home\/categoria\/cidade\/"},"img":{"alt_text":"","src":"https:\/\/i0.wp.com\/blogdafeira.com.br\/home\/wp-content\/uploads\/2026\/04\/Praca-dos-Sapateiros-Foto-Marcelo-Magalhaes-6.jpeg?resize=350%2C200&ssl=1","width":350,"height":200,"srcset":"https:\/\/i0.wp.com\/blogdafeira.com.br\/home\/wp-content\/uploads\/2026\/04\/Praca-dos-Sapateiros-Foto-Marcelo-Magalhaes-6.jpeg?resize=350%2C200&ssl=1 1x, https:\/\/i0.wp.com\/blogdafeira.com.br\/home\/wp-content\/uploads\/2026\/04\/Praca-dos-Sapateiros-Foto-Marcelo-Magalhaes-6.jpeg?resize=525%2C300&ssl=1 1.5x, https:\/\/i0.wp.com\/blogdafeira.com.br\/home\/wp-content\/uploads\/2026\/04\/Praca-dos-Sapateiros-Foto-Marcelo-Magalhaes-6.jpeg?resize=700%2C400&ssl=1 2x, https:\/\/i0.wp.com\/blogdafeira.com.br\/home\/wp-content\/uploads\/2026\/04\/Praca-dos-Sapateiros-Foto-Marcelo-Magalhaes-6.jpeg?resize=1050%2C600&ssl=1 3x"},"classes":[]},{"id":71207,"url":"https:\/\/blogdafeira.com.br\/home\/2026\/02\/03\/prefeitura-de-feira-anuncia-reformas-em-mais-de-10-pracas-do-municipio\/","url_meta":{"origin":69999,"position":2},"title":"Prefeitura de Feira anuncia reformas em mais de 10 pra\u00e7as do Munic\u00edpio","author":"Blog da Feira","date":"03\/02\/2026","format":false,"excerpt":"Mais de 10 pra\u00e7as ser\u00e3o reformadas pela Prefeitura de Feira,\u00a0 na mais ostensiva a\u00e7\u00e3o de embelezamento que o Munic\u00edpio j\u00e1 assistiu, principalmente no centro antigo e comercial onde ser\u00e3o revitalizadas as seguintes pra\u00e7as: -Pra\u00e7a dos Sapateiros - reduto onde trabalham os sapateiros e tem o estacionamento da Prefeitura; -Praca do\u2026","rel":"","context":"Em &quot;Cidade&quot;","block_context":{"text":"Cidade","link":"https:\/\/blogdafeira.com.br\/home\/categoria\/cidade\/"},"img":{"alt_text":"","src":"https:\/\/i0.wp.com\/blogdafeira.com.br\/home\/wp-content\/uploads\/2026\/02\/IMG_20160316_0921522632-scaled.jpg?resize=350%2C200&ssl=1","width":350,"height":200,"srcset":"https:\/\/i0.wp.com\/blogdafeira.com.br\/home\/wp-content\/uploads\/2026\/02\/IMG_20160316_0921522632-scaled.jpg?resize=350%2C200&ssl=1 1x, https:\/\/i0.wp.com\/blogdafeira.com.br\/home\/wp-content\/uploads\/2026\/02\/IMG_20160316_0921522632-scaled.jpg?resize=525%2C300&ssl=1 1.5x, https:\/\/i0.wp.com\/blogdafeira.com.br\/home\/wp-content\/uploads\/2026\/02\/IMG_20160316_0921522632-scaled.jpg?resize=700%2C400&ssl=1 2x, https:\/\/i0.wp.com\/blogdafeira.com.br\/home\/wp-content\/uploads\/2026\/02\/IMG_20160316_0921522632-scaled.jpg?resize=1050%2C600&ssl=1 3x, https:\/\/i0.wp.com\/blogdafeira.com.br\/home\/wp-content\/uploads\/2026\/02\/IMG_20160316_0921522632-scaled.jpg?resize=1400%2C800&ssl=1 4x"},"classes":[]},{"id":72414,"url":"https:\/\/blogdafeira.com.br\/home\/2026\/05\/14\/72414\/","url_meta":{"origin":69999,"position":3},"title":"Sapateira Dayane","author":"J\u00e2nio R\u00eago","date":"14\/05\/2026","format":false,"excerpt":"Ela estava no Pa\u00e7o Municipal, na reuni\u00e3o com Z\u00e9 Ronaldo sobre a Pra\u00e7a dos Sapateiros. A Sapateira Dayane viu e ouviu o que se passou, com aten\u00e7\u00e3o nos detalhes, como \u00e9 mister do of\u00edcio dela. A ocupa\u00e7\u00e3o dos sapateiros na pra\u00e7a ali ao lado do estacionamento da Prefeitura \u00e9 coisa\u2026","rel":"","context":"Em &quot;Cidade&quot;","block_context":{"text":"Cidade","link":"https:\/\/blogdafeira.com.br\/home\/categoria\/cidade\/"},"img":{"alt_text":"","src":"https:\/\/i0.wp.com\/blogdafeira.com.br\/home\/wp-content\/uploads\/2026\/05\/Screenshot_20260513-1815512.jpg?resize=350%2C200&ssl=1","width":350,"height":200,"srcset":"https:\/\/i0.wp.com\/blogdafeira.com.br\/home\/wp-content\/uploads\/2026\/05\/Screenshot_20260513-1815512.jpg?resize=350%2C200&ssl=1 1x, https:\/\/i0.wp.com\/blogdafeira.com.br\/home\/wp-content\/uploads\/2026\/05\/Screenshot_20260513-1815512.jpg?resize=525%2C300&ssl=1 1.5x"},"classes":[]},{"id":72526,"url":"https:\/\/blogdafeira.com.br\/home\/2026\/05\/22\/torquato-brito-um-fundador-da-uniao-beneficente-dos-sapateiros-de-feira\/","url_meta":{"origin":69999,"position":4},"title":"Torquato Brito, fundador da Uni\u00e3o Beneficente dos Sapateiros de Feira, foi preso e torturado","author":"Blog da Feira","date":"22\/05\/2026","format":false,"excerpt":"A Pra\u00e7a dos Sapateiros, cujo projeto de reforma est\u00e1 em curso na Prefeitura de Feira, n\u00e3o \u00e9\u00a0 t\u00e3o antiga quanto o Pa\u00e7o que agora completa 100 anos e de onde ela est\u00e1 pr\u00f3xima. Mas tem uma grande simbologia na hist\u00f3ria dos homens e das cidades. \u00c9 uma das mais\u00a0 antigas\u2026","rel":"","context":"Em &quot;Cidade&quot;","block_context":{"text":"Cidade","link":"https:\/\/blogdafeira.com.br\/home\/categoria\/cidade\/"},"img":{"alt_text":"","src":"https:\/\/i0.wp.com\/blogdafeira.com.br\/home\/wp-content\/uploads\/2026\/05\/tyuy1c.jpg?resize=350%2C200&ssl=1","width":350,"height":200,"srcset":"https:\/\/i0.wp.com\/blogdafeira.com.br\/home\/wp-content\/uploads\/2026\/05\/tyuy1c.jpg?resize=350%2C200&ssl=1 1x, https:\/\/i0.wp.com\/blogdafeira.com.br\/home\/wp-content\/uploads\/2026\/05\/tyuy1c.jpg?resize=525%2C300&ssl=1 1.5x, https:\/\/i0.wp.com\/blogdafeira.com.br\/home\/wp-content\/uploads\/2026\/05\/tyuy1c.jpg?resize=700%2C400&ssl=1 2x"},"classes":[]},{"id":73845,"url":"https:\/\/blogdafeira.com.br\/home\/2026\/09\/02\/ze-ronaldo-autoriza-reforma-de-mais-uma-praca-no-centro-antigo-de-feira\/","url_meta":{"origin":69999,"position":5},"title":"Z\u00e9 Ronaldo autoriza reforma de mais uma pra\u00e7a no centro antigo de Feira","author":"Blog da Feira","date":"02\/09\/2026","format":false,"excerpt":"Z\u00e9 Ronaldo autorizou a reforma de mais uma pra\u00e7a. Dessa vez, uma das mais antigas, encravadas no centro da cidade, a centen\u00e1ria Pra\u00e7a 2 de Julho, ao longo da antiga Rua de Aurora. Acompanhado do secret\u00e1rio Carlos Brito, que \u00e9 um ex-morador hist\u00f3rico do local, e outros membros do governo,\u2026","rel":"","context":"Em &quot;Cidade&quot;","block_context":{"text":"Cidade","link":"https:\/\/blogdafeira.com.br\/home\/categoria\/cidade\/"},"img":{"alt_text":"","src":"https:\/\/i0.wp.com\/blogdafeira.com.br\/home\/wp-content\/uploads\/2026\/09\/Reforma-da-Praca-2-de-Julho-fotos-Jorge-Magalhaes-11.jpeg?resize=350%2C200&ssl=1","width":350,"height":200,"srcset":"https:\/\/i0.wp.com\/blogdafeira.com.br\/home\/wp-content\/uploads\/2026\/09\/Reforma-da-Praca-2-de-Julho-fotos-Jorge-Magalhaes-11.jpeg?resize=350%2C200&ssl=1 1x, https:\/\/i0.wp.com\/blogdafeira.com.br\/home\/wp-content\/uploads\/2026\/09\/Reforma-da-Praca-2-de-Julho-fotos-Jorge-Magalhaes-11.jpeg?resize=525%2C300&ssl=1 1.5x, https:\/\/i0.wp.com\/blogdafeira.com.br\/home\/wp-content\/uploads\/2026\/09\/Reforma-da-Praca-2-de-Julho-fotos-Jorge-Magalhaes-11.jpeg?resize=700%2C400&ssl=1 2x, https:\/\/i0.wp.com\/blogdafeira.com.br\/home\/wp-content\/uploads\/2026\/09\/Reforma-da-Praca-2-de-Julho-fotos-Jorge-Magalhaes-11.jpeg?resize=1050%2C600&ssl=1 3x"},"classes":[]}],"_links":{"self":[{"href":"https:\/\/blogdafeira.com.br\/home\/wp-json\/wp\/v2\/posts\/69999","targetHints":{"allow":["GET"]}}],"collection":[{"href":"https:\/\/blogdafeira.com.br\/home\/wp-json\/wp\/v2\/posts"}],"about":[{"href":"https:\/\/blogdafeira.com.br\/home\/wp-json\/wp\/v2\/types\/post"}],"author":[{"embeddable":true,"href":"https:\/\/blogdafeira.com.br\/home\/wp-json\/wp\/v2\/users\/1"}],"replies":[{"embeddable":true,"href":"https:\/\/blogdafeira.com.br\/home\/wp-json\/wp\/v2\/comments?post=69999"}],"version-history":[{"count":1,"href":"https:\/\/blogdafeira.com.br\/home\/wp-json\/wp\/v2\/posts\/69999\/revisions"}],"predecessor-version":[{"id":70002,"href":"https:\/\/blogdafeira.com.br\/home\/wp-json\/wp\/v2\/posts\/69999\/revisions\/70002"}],"wp:featuredmedia":[{"embeddable":true,"href":"https:\/\/blogdafeira.com.br\/home\/wp-json\/wp\/v2\/media\/70001"}],"wp:attachment":[{"href":"https:\/\/blogdafeira.com.br\/home\/wp-json\/wp\/v2\/media?parent=69999"}],"wp:term":[{"taxonomy":"category","embeddable":true,"href":"https:\/\/blogdafeira.com.br\/home\/wp-json\/wp\/v2\/categories?post=69999"},{"taxonomy":"post_tag","embeddable":true,"href":"https:\/\/blogdafeira.com.br\/home\/wp-json\/wp\/v2\/tags?post=69999"}],"curies":[{"name":"wp","href":"https:\/\/api.w.org\/{rel}","templated":true}]}}