{"id":7040,"date":"2013-12-10T23:54:23","date_gmt":"2013-12-11T01:54:23","guid":{"rendered":"http:\/\/blogdafeira.com.br\/home\/?p=7040"},"modified":"2013-12-11T00:03:17","modified_gmt":"2013-12-11T02:03:17","slug":"natal-encantado-de-feira-enche-a-cidade-de-vozes-e-musica-de-qualidade","status":"publish","type":"post","link":"https:\/\/blogdafeira.com.br\/home\/2013\/12\/10\/natal-encantado-de-feira-enche-a-cidade-de-vozes-e-musica-de-qualidade\/","title":{"rendered":"\u2018Natal Encantado\u2019 de Feira enche a cidade com vozes e m\u00fasica de qualidade"},"content":{"rendered":"<div id=\"blogd-2519822323\" class=\"blogd-fim-do-post-mobile blogd-entity-placement\" style=\"margin-left: auto;margin-right: auto;text-align: center;\"><a href=\"https:\/\/www.sefaz.feiradesantana.ba.gov.br\/\" target=\"_blank\" aria-label=\"728&#215;90 (6)\"><img loading=\"lazy\" decoding=\"async\" src=\"https:\/\/blogdafeira.com.br\/home\/wp-content\/uploads\/2026\/03\/728x90-6.gif\" alt=\"\"  class=\"no-lazyload\" width=\"728\" height=\"90\"  style=\"display: inline-block;\" \/><\/a><\/div><p><img loading=\"lazy\" decoding=\"async\" class=\"aligncenter size-full wp-image-7041\" alt=\"irdeb\" src=\"http:\/\/blogdafeira.com.br\/home\/wp-content\/uploads\/2013\/12\/irdeb.jpg\" width=\"640\" height=\"426\" srcset=\"https:\/\/blogdafeira.com.br\/home\/wp-content\/uploads\/2013\/12\/irdeb.jpg 640w, https:\/\/blogdafeira.com.br\/home\/wp-content\/uploads\/2013\/12\/irdeb-170x113.jpg 170w, https:\/\/blogdafeira.com.br\/home\/wp-content\/uploads\/2013\/12\/irdeb-346x230.jpg 346w\" sizes=\"auto, (max-width: 640px) 100vw, 640px\" \/>No in\u00edcio da noite de ontem o Coral do Instituto de Radiodifus\u00e3o Educativa da Bahia (Irdeb) cantou no &#8216;Estacionamento da Prefeitura&#8217;,em Feira de Santana.<\/p><div id=\"blogd-1889399789\" class=\"blogd-conteudo-2-mobile blogd-entity-placement\"><a href=\"https:\/\/feirenses.com.br\/\" target=\"_blank\" aria-label=\"feirenses\"><img loading=\"lazy\" decoding=\"async\" src=\"https:\/\/blogdafeira.com.br\/home\/wp-content\/uploads\/2026\/04\/feirenses.png\" alt=\"\"  srcset=\"https:\/\/blogdafeira.com.br\/home\/wp-content\/uploads\/2026\/04\/feirenses.png 300w, https:\/\/blogdafeira.com.br\/home\/wp-content\/uploads\/2026\/04\/feirenses-170x45.png 170w, https:\/\/blogdafeira.com.br\/home\/wp-content\/uploads\/2026\/04\/feirenses-280x74.png 280w\" sizes=\"(max-width: 300px) 100vw, 300px\" class=\"no-lazyload\" width=\"300\" height=\"79\"  style=\"display: inline-block;\" \/><\/a><\/div>\n<p>Sob o comando do maestro Magno Aguiar, os 16 componentes do coral diversificaram o repert\u00f3rio com m\u00fasicas referentes ao Natal e \u00a0da MPB.<\/p>\n<p>Nesta quarta-feira, 11, o <strong><a href=\"http:\/\/www.natalencantado2013.com.br\/\" target=\"_blank\">\u2018Natal Encantado de Feira de Santana\u2019 <\/a><\/strong>enche mais uma <a href=\"http:\/\/www.natalencantado2013.com.br\/index.asp\"><img loading=\"lazy\" decoding=\"async\" class=\"alignright size-thumbnail wp-image-7047\" alt=\"natal encantado\" src=\"http:\/\/blogdafeira.com.br\/home\/wp-content\/uploads\/2013\/12\/natal-encantado-170x121.jpg\" width=\"170\" height=\"121\" srcset=\"https:\/\/blogdafeira.com.br\/home\/wp-content\/uploads\/2013\/12\/natal-encantado-170x121.jpg 170w, https:\/\/blogdafeira.com.br\/home\/wp-content\/uploads\/2013\/12\/natal-encantado.jpg 206w\" sizes=\"auto, (max-width: 170px) 100vw, 170px\" \/><\/a>vez a cidade com vozes e m\u00fasica de qualidade. Veja a programa\u00e7\u00e3o e fa\u00e7a sua escolha:<\/p>\n<p><strong>Pra\u00e7a da Matriz:<\/strong><\/p>\n<p>Orquestra Sinf\u00f4nica Juvenil da Bahia|Concerto &#8211; Salvador-BA, a partir das 19 horas.<\/p>\n<p><strong>Estacionamento da Prefeitura:<\/strong><\/p>\n<p>Pela manh\u00e3, Coral da Escola da AFAS [Associa\u00e7\u00e3o Feirense de Assist\u00eancia Social] \u00a0e \u00e0 tarde, o Conjunto de Sinos do IAENE \u2013 Faculdade Adventista da Bahia, de Cachoeira.<\/p>\n<p><strong>Pra\u00e7a da Alimenta\u00e7\u00e3o:<\/strong><\/p>\n<p>AnimaTrio (Jazz instrumental), a partir das 18 horas.<\/p>\n<p><strong>Espa\u00e7o Marcus Moraes:<\/strong><\/p>\n<div id=\"blogd-3179853661\" class=\"blogd-final-post blogd-entity-placement\"><a href=\"https:\/\/www.feiradesantana.ba.leg.br\/\" target=\"_blank\" aria-label=\"BANNER-SITE-ENTREGADECHEQUE-CAMARADEFEIRA\"><img loading=\"lazy\" decoding=\"async\" src=\"https:\/\/blogdafeira.com.br\/home\/wp-content\/uploads\/2026\/03\/BANNER-SITE-ENTREGADECHEQUE-CAMARADEFEIRA.gif\" alt=\"\"  class=\"no-lazyload\" width=\"728\" height=\"90\"   \/><\/a><\/div><p>Show com Finalistas do Festival Vozes da Terra, de Feira, e apresenta\u00e7\u00e3o do Studio de Dan\u00e7a Mudan\u00e7a, com o espet\u00e1culo \u2018O M\u00e1gico de Oz\u2019.<\/p>\n","protected":false},"excerpt":{"rendered":"<p>No in\u00edcio da noite de ontem o Coral do Instituto de Radiodifus\u00e3o Educativa da Bahia (Irdeb) cantou no &#8216;Estacionamento da Prefeitura&#8217;,em Feira de Santana. Sob o comando do maestro Magno Aguiar, os 16 componentes do coral diversificaram o repert\u00f3rio com m\u00fasicas referentes ao Natal e \u00a0da MPB. Nesta quarta-feira, 11, o \u2018Natal Encantado de Feira<\/p>\n","protected":false},"author":1,"featured_media":0,"comment_status":"closed","ping_status":"closed","sticky":false,"template":"","format":"standard","meta":{"jetpack_post_was_ever_published":false,"cybocfi_hide_featured_image":"","_jetpack_newsletter_access":"","_jetpack_dont_email_post_to_subs":false,"_jetpack_newsletter_tier_id":0,"_jetpack_memberships_contains_paywalled_content":false,"_jetpack_memberships_contains_paid_content":false,"footnotes":"","jetpack_publicize_message":"","jetpack_publicize_feature_enabled":true,"jetpack_social_post_already_shared":true,"jetpack_social_options":{"image_generator_settings":{"template":"highway","default_image_id":0,"font":"","enabled":false},"version":2}},"categories":[1],"tags":[],"class_list":["post-7040","post","type-post","status-publish","format-standard","hentry","category-raiz"],"jetpack_publicize_connections":[],"jetpack_featured_media_url":"","jetpack_shortlink":"https:\/\/wp.me\/p3niVf-1Py","jetpack_sharing_enabled":true,"jetpack-related-posts":[{"id":7294,"url":"https:\/\/blogdafeira.com.br\/home\/2013\/12\/17\/coral-da-primeira-igreja-batista-de-feira-apresentou-se-no-natal-encantado\/","url_meta":{"origin":7040,"position":0},"title":"Coral da Primeira Igreja Batista de Feira apresentou-se no &#8216;Natal Encantado&#8217;","author":"Blog da Feira","date":"17\/12\/2013","format":false,"excerpt":"O Hope - Coral da 1\u00aa Igreja Batista utilizou a musicalidade para transmitir a universal linguagem do amor, atrav\u00e9s de mensagens que falam de Jesus Cristo e seus ensinamentos durante sua passagem pela terra. O colral apresentou-se ontem (segunda-feira,16) \u00a0no palco fixo do Natal Encantado, em frente ao Pa\u00e7o Municipal\u2026","rel":"","context":"Em &quot;Home&quot;","block_context":{"text":"Home","link":"https:\/\/blogdafeira.com.br\/home\/categoria\/raiz\/"},"img":{"alt_text":"Coral-Hope-Washington Nery-16-12-13 (1)","src":"https:\/\/i0.wp.com\/blogdafeira.com.br\/home\/wp-content\/uploads\/2013\/12\/Coral-Hope-Washington-Nery-16-12-13-1.jpg?resize=350%2C200","width":350,"height":200,"srcset":"https:\/\/i0.wp.com\/blogdafeira.com.br\/home\/wp-content\/uploads\/2013\/12\/Coral-Hope-Washington-Nery-16-12-13-1.jpg?resize=350%2C200 1x, https:\/\/i0.wp.com\/blogdafeira.com.br\/home\/wp-content\/uploads\/2013\/12\/Coral-Hope-Washington-Nery-16-12-13-1.jpg?resize=525%2C300 1.5x"},"classes":[]},{"id":7082,"url":"https:\/\/blogdafeira.com.br\/home\/2013\/12\/11\/coral-de-estudantes-se-apresenta-das-janelas-do-paco-maria-quiteria-em-feira\/","url_meta":{"origin":7040,"position":1},"title":"Coral de estudantes se apresenta das janelas do Pa\u00e7o Maria Quit\u00e9ria em Feira","author":"Blog da Feira","date":"11\/12\/2013","format":false,"excerpt":"Como parte da programa\u00e7\u00e3o do Natal Ecantado em Feira de Santana, no in\u00edcio da noite desta quarta-feira, um coral de alunos de escolas municipais cantou m\u00fasicas das sacadas do primeiro andar do pr\u00e9dio do Pa\u00e7o Municipal Maria Quit\u00e9ria, onde funciona o Gabinete do Prefeito e algumas secretarias. O prefeito de\u2026","rel":"","context":"Em &quot;Home&quot;","block_context":{"text":"Home","link":"https:\/\/blogdafeira.com.br\/home\/categoria\/raiz\/"},"img":{"alt_text":"natal2","src":"https:\/\/i0.wp.com\/blogdafeira.com.br\/home\/wp-content\/uploads\/2013\/12\/natal2.jpg?resize=350%2C200","width":350,"height":200,"srcset":"https:\/\/i0.wp.com\/blogdafeira.com.br\/home\/wp-content\/uploads\/2013\/12\/natal2.jpg?resize=350%2C200 1x, https:\/\/i0.wp.com\/blogdafeira.com.br\/home\/wp-content\/uploads\/2013\/12\/natal2.jpg?resize=525%2C300 1.5x"},"classes":[]},{"id":24902,"url":"https:\/\/blogdafeira.com.br\/home\/2016\/12\/13\/maestrina-celiah-zaiin-rege-coral-do-maestro-miro-no-natal-encantado-da-feira\/","url_meta":{"origin":7040,"position":2},"title":"Maestrina Celiah Zaiin rege Coral do Maestro Miro no Natal Encantado da Feira","author":"Blog da Feira","date":"13\/12\/2016","format":false,"excerpt":"O Coral do Centro de Cultura Maestro Miro, o maior da cidade com 56 componentes, vai se apresentar no Natal Encantado, que transcorrer\u00e1 de 18 a 23 de dezembro.O evento \u00e9 um dos maiores festivais de cultura e arte religiosa, que chega a sua quarta edi\u00e7\u00e3o. Os coristas do Maestro\u2026","rel":"","context":"Em &quot;Home&quot;","block_context":{"text":"Home","link":"https:\/\/blogdafeira.com.br\/home\/categoria\/raiz\/"},"img":{"alt_text":"coral-maestro-miro-fotos-washington-nery-21-12-15","src":"https:\/\/i0.wp.com\/blogdafeira.com.br\/home\/wp-content\/uploads\/2016\/12\/Coral-Maestro-Miro-Fotos-Washington-Nery-21-12-15.jpg?resize=350%2C200","width":350,"height":200,"srcset":"https:\/\/i0.wp.com\/blogdafeira.com.br\/home\/wp-content\/uploads\/2016\/12\/Coral-Maestro-Miro-Fotos-Washington-Nery-21-12-15.jpg?resize=350%2C200 1x, https:\/\/i0.wp.com\/blogdafeira.com.br\/home\/wp-content\/uploads\/2016\/12\/Coral-Maestro-Miro-Fotos-Washington-Nery-21-12-15.jpg?resize=525%2C300 1.5x, https:\/\/i0.wp.com\/blogdafeira.com.br\/home\/wp-content\/uploads\/2016\/12\/Coral-Maestro-Miro-Fotos-Washington-Nery-21-12-15.jpg?resize=700%2C400 2x"},"classes":[]},{"id":28938,"url":"https:\/\/blogdafeira.com.br\/home\/2018\/01\/11\/coral-da-uefs-apresentacoes-gratuitas-e-para-todos-os-gostos-e-so-chamar\/","url_meta":{"origin":7040,"position":3},"title":"Coral da UEFS, apresenta\u00e7\u00f5es gratuitas e para todos os gostos; \u00e9 s\u00f3 chamar","author":"Blog da Feira","date":"11\/01\/2018","format":false,"excerpt":"Leveza, encanto e musicalidade. Esta tem sido a \u201creceita\u201d do Coral da Universidade Estadual de Feira de Santana (Uefs) que, somente nos meses de novembro e dezembro de 2017, fez cerca de 20 apresenta\u00e7\u00f5es. O Coral faz parte do Programa de Extens\u00e3o \u201cSons da Uefs\u201d, iniciado em 2013. Atualmente o\u2026","rel":"","context":"Em &quot;Home&quot;","block_context":{"text":"Home","link":"https:\/\/blogdafeira.com.br\/home\/categoria\/raiz\/"},"img":{"alt_text":"download-1","src":"https:\/\/i0.wp.com\/blogdafeira.com.br\/home\/wp-content\/uploads\/2018\/01\/download-1.jpeg?resize=350%2C200","width":350,"height":200},"classes":[]},{"id":18403,"url":"https:\/\/blogdafeira.com.br\/home\/2015\/12\/16\/coral-infantojuvenil-abre-hoje-o-natal-encantado-em-feira-de-santana\/","url_meta":{"origin":7040,"position":4},"title":"Coral infantojuvenil abre hoje o &#8216;Natal Encantado&#8217; em Feira de Santana","author":"Blog da Feira","date":"16\/12\/2015","format":false,"excerpt":"A programa\u00e7\u00e3o oficial do Natal Encantado 2015 em Feira de Santana come\u00e7a nesta quarta-feira. A abertura acontecer\u00e1 \u00e0s 18 h, no Estacionamento da Prefeitura, com as presen\u00e7as do prefeito Jos\u00e9 Ronaldo de Carvalho, do secret\u00e1rio de Cultura, Rafael Cordeiro, dentre outras autoridades. Em seguida acontecer\u00e1 a apresenta\u00e7\u00e3o do Coral e\u2026","rel":"","context":"Em &quot;Home&quot;","block_context":{"text":"Home","link":"https:\/\/blogdafeira.com.br\/home\/categoria\/raiz\/"},"img":{"alt_text":"","src":"","width":0,"height":0},"classes":[]},{"id":34503,"url":"https:\/\/blogdafeira.com.br\/home\/2019\/12\/13\/natal-encantado-transforma-o-paco-num-grande-palco-para-coral-regido-por-celia-zain\/","url_meta":{"origin":7040,"position":5},"title":"Natal Encantado transforma o Pa\u00e7o num grande palco para coral regido por C\u00e9lia Zain","author":"J\u00e2nio R\u00eago","date":"13\/12\/2019","format":false,"excerpt":"A maestrina e cantora C\u00e9lia Zain n\u00e3o est\u00e1 vestida, nessa exuberante fotografia do fotojornalista Washington Nery, com o manequim que mais a identifica, vestida de Maria Quit\u00e9ria, hero\u00edna que d\u00e1 o mome a este Pa\u00e7o Municipal de onde cantam anjos nas noites do Natal Encantado de Feira de Santana.","rel":"","context":"Em &quot;Home&quot;","block_context":{"text":"Home","link":"https:\/\/blogdafeira.com.br\/home\/categoria\/raiz\/"},"img":{"alt_text":"","src":"https:\/\/i0.wp.com\/blogdafeira.com.br\/home\/wp-content\/uploads\/2019\/12\/IMG-20191209-WA0029-346x231.jpg?resize=350%2C200","width":350,"height":200},"classes":[]}],"_links":{"self":[{"href":"https:\/\/blogdafeira.com.br\/home\/wp-json\/wp\/v2\/posts\/7040","targetHints":{"allow":["GET"]}}],"collection":[{"href":"https:\/\/blogdafeira.com.br\/home\/wp-json\/wp\/v2\/posts"}],"about":[{"href":"https:\/\/blogdafeira.com.br\/home\/wp-json\/wp\/v2\/types\/post"}],"author":[{"embeddable":true,"href":"https:\/\/blogdafeira.com.br\/home\/wp-json\/wp\/v2\/users\/1"}],"replies":[{"embeddable":true,"href":"https:\/\/blogdafeira.com.br\/home\/wp-json\/wp\/v2\/comments?post=7040"}],"version-history":[{"count":6,"href":"https:\/\/blogdafeira.com.br\/home\/wp-json\/wp\/v2\/posts\/7040\/revisions"}],"predecessor-version":[{"id":7049,"href":"https:\/\/blogdafeira.com.br\/home\/wp-json\/wp\/v2\/posts\/7040\/revisions\/7049"}],"wp:attachment":[{"href":"https:\/\/blogdafeira.com.br\/home\/wp-json\/wp\/v2\/media?parent=7040"}],"wp:term":[{"taxonomy":"category","embeddable":true,"href":"https:\/\/blogdafeira.com.br\/home\/wp-json\/wp\/v2\/categories?post=7040"},{"taxonomy":"post_tag","embeddable":true,"href":"https:\/\/blogdafeira.com.br\/home\/wp-json\/wp\/v2\/tags?post=7040"}],"curies":[{"name":"wp","href":"https:\/\/api.w.org\/{rel}","templated":true}]}}