{"id":7116,"date":"2013-12-12T11:32:48","date_gmt":"2013-12-12T13:32:48","guid":{"rendered":"http:\/\/blogdafeira.com.br\/home\/?p=7116"},"modified":"2013-12-12T11:32:48","modified_gmt":"2013-12-12T13:32:48","slug":"chineses-no-feiraguai","status":"publish","type":"post","link":"https:\/\/blogdafeira.com.br\/home\/2013\/12\/12\/chineses-no-feiraguai\/","title":{"rendered":"Chineses no Feiraguai"},"content":{"rendered":"<p><iframe loading=\"lazy\" src=\"\/\/www.youtube.com\/embed\/0loe9A9DI4I\" height=\"315\" width=\"560\" allowfullscreen=\"\" frameborder=\"0\"><\/iframe><\/p>\n<div id=\"blogd-3054329372\" class=\"blogd-fim-do-post-mobile blogd-entity-placement\" style=\"margin-left: auto;margin-right: auto;text-align: center;\"><a href=\"https:\/\/www.sefaz.feiradesantana.ba.gov.br\/\" target=\"_blank\" aria-label=\"728&#215;90 (6)\"><img loading=\"lazy\" decoding=\"async\" src=\"https:\/\/blogdafeira.com.br\/home\/wp-content\/uploads\/2026\/03\/728x90-6.gif\" alt=\"\"  class=\"no-lazyload\" width=\"728\" height=\"90\"  style=\"display: inline-block;\" \/><\/a><\/div><p>Leia tamb\u00e9m:<\/p><div id=\"blogd-1057609182\" class=\"blogd-conteudo-2-mobile blogd-entity-placement\"><a href=\"https:\/\/feirenses.com.br\/\" target=\"_blank\" aria-label=\"feirenses\"><img loading=\"lazy\" decoding=\"async\" src=\"https:\/\/blogdafeira.com.br\/home\/wp-content\/uploads\/2026\/04\/feirenses.png\" alt=\"\"  srcset=\"https:\/\/blogdafeira.com.br\/home\/wp-content\/uploads\/2026\/04\/feirenses.png 300w, https:\/\/blogdafeira.com.br\/home\/wp-content\/uploads\/2026\/04\/feirenses-170x45.png 170w, https:\/\/blogdafeira.com.br\/home\/wp-content\/uploads\/2026\/04\/feirenses-280x74.png 280w\" sizes=\"(max-width: 300px) 100vw, 300px\" class=\"no-lazyload\" width=\"300\" height=\"79\"  style=\"display: inline-block;\" \/><\/a><\/div>\n<h2><a title=\"O que \u00e9 que o Feiraguai tem?!\" href=\"http:\/\/blogdafeira.com.br\/noticias\/11291\/0-que-e-que-o-feiraguai-tem-\">O que \u00e9 que o Feiraguai tem?!<\/a><\/h2>\n<div id=\"blogd-2117652727\" class=\"blogd-final-post blogd-entity-placement\"><a href=\"https:\/\/www.feiradesantana.ba.leg.br\/\" target=\"_blank\" aria-label=\"BANNER-SITE-ENTREGADECHEQUE-CAMARADEFEIRA\"><img loading=\"lazy\" decoding=\"async\" src=\"https:\/\/blogdafeira.com.br\/home\/wp-content\/uploads\/2026\/03\/BANNER-SITE-ENTREGADECHEQUE-CAMARADEFEIRA.gif\" alt=\"\"  class=\"no-lazyload\" width=\"728\" height=\"90\"   \/><\/a><\/div><h2><a title=\"Empresas s\u00e3o familiares  mas  tamb\u00e9m empregam feirenses\" href=\"http:\/\/blogdafeira.com.br\/noticias\/14222\/empresas-sao-familiares-mas-tambem-empregam-feirenses\">Empresas de chineses s\u00e3o familiares mas tamb\u00e9m empregam feirenses<\/a><\/h2>\n","protected":false},"excerpt":{"rendered":"<p>Leia tamb\u00e9m: O que \u00e9 que o Feiraguai tem?! Empresas de chineses s\u00e3o familiares mas tamb\u00e9m empregam feirenses<\/p>\n","protected":false},"author":1,"featured_media":0,"comment_status":"closed","ping_status":"closed","sticky":false,"template":"","format":"standard","meta":{"jetpack_post_was_ever_published":false,"cybocfi_hide_featured_image":"","_jetpack_newsletter_access":"","_jetpack_dont_email_post_to_subs":false,"_jetpack_newsletter_tier_id":0,"_jetpack_memberships_contains_paywalled_content":false,"_jetpack_memberships_contains_paid_content":false,"footnotes":"","jetpack_publicize_message":"","jetpack_publicize_feature_enabled":true,"jetpack_social_post_already_shared":true,"jetpack_social_options":{"image_generator_settings":{"template":"highway","default_image_id":0,"font":"","enabled":false},"version":2}},"categories":[1],"tags":[],"class_list":["post-7116","post","type-post","status-publish","format-standard","hentry","category-raiz"],"jetpack_publicize_connections":[],"jetpack_featured_media_url":"","jetpack_shortlink":"https:\/\/wp.me\/p3niVf-1QM","jetpack_sharing_enabled":true,"jetpack-related-posts":[{"id":6178,"url":"https:\/\/blogdafeira.com.br\/home\/2013\/11\/18\/embaixador-da-china-no-brasil-faz-palestra-para-comerciantes-do-feiraguai\/","url_meta":{"origin":7116,"position":0},"title":"Embaixador da China no Brasil faz palestra para comerciantes do Feiraguai","author":"Blog da Feira","date":"18\/11\/2013","format":false,"excerpt":"O embaixador honor\u00e1rio da China no Brasil, Milton Vladimir Pomar, estar\u00e1 em Feira de Santana quarta-feira, 21, onde realizar\u00e1 encontros e palestras Vladimir \u00e9 \u00a0o primeiro embaixador a visitar oficialmente Feira de Santana este ano. \u00c0s 11 horas est\u00e1 marcada uma audi\u00eancia do Embaixador com o prefeito em exerc\u00edcio, Luciano\u2026","rel":"","context":"Em &quot;Home&quot;","block_context":{"text":"Home","link":"https:\/\/blogdafeira.com.br\/home\/categoria\/raiz\/"},"img":{"alt_text":"","src":"","width":0,"height":0},"classes":[]},{"id":27199,"url":"https:\/\/blogdafeira.com.br\/home\/2017\/06\/21\/presenca-de-chineses-e-coreanos-no-comercio-de-feira-preocupa-vereador\/","url_meta":{"origin":7116,"position":1},"title":"Presen\u00e7a de chineses e coreanos no com\u00e9rcio de Feira preocupa vereador","author":"Blog da Feira","date":"21\/06\/2017","format":false,"excerpt":"O vereador Luiz da Feira (PPL), no uso da tribuna da C\u00e2mara Municipal de Feira de Santana nessa quarta-feira (21), revelou sua preocupa\u00e7\u00e3o com a massiva presen\u00e7a de chineses e coreanos no com\u00e9rcio da cidade. Segundo o vereador, quase 70% do com\u00e9rcio varejista de algumas \u00e1reas da cidade est\u00e3o o\u2026","rel":"","context":"Em &quot;Home&quot;","block_context":{"text":"Home","link":"https:\/\/blogdafeira.com.br\/home\/categoria\/raiz\/"},"img":{"alt_text":"images-1","src":"https:\/\/i0.wp.com\/blogdafeira.com.br\/home\/wp-content\/uploads\/2017\/06\/images-1.jpg?resize=350%2C200","width":350,"height":200},"classes":[]},{"id":36973,"url":"https:\/\/blogdafeira.com.br\/home\/2020\/04\/08\/quiproquo-com-chineses-pode-ser-mais-letal-que-coronavirus\/","url_meta":{"origin":7116,"position":2},"title":"Quiproqu\u00f3 com chineses pode ser mais letal que coronav\u00edrus","author":"Andr\u00e9 Pomponet","date":"08\/04\/2020","format":false,"excerpt":"Muita gente tem reclamado do fechamento do com\u00e9rcio da Feira de Santana. Boa parte das reclama\u00e7\u00f5es \u00e9 de comerciantes, insatisfeitos com a supress\u00e3o dos neg\u00f3cios nesse per\u00edodo de isolamento social. Outros s\u00e3o camel\u00f4s e ambulantes, que vivem no sufoco, trabalhando de dia para garantir a janta \u00e0 noite. Quando questionados\u2026","rel":"","context":"Em &quot;Colunistas&quot;","block_context":{"text":"Colunistas","link":"https:\/\/blogdafeira.com.br\/home\/categoria\/colunistas\/"},"img":{"alt_text":"","src":"https:\/\/i0.wp.com\/blogdafeira.com.br\/home\/wp-content\/uploads\/2020\/04\/bolsonaro_china.jpeg?resize=350%2C200&ssl=1","width":350,"height":200,"srcset":"https:\/\/i0.wp.com\/blogdafeira.com.br\/home\/wp-content\/uploads\/2020\/04\/bolsonaro_china.jpeg?resize=350%2C200&ssl=1 1x, https:\/\/i0.wp.com\/blogdafeira.com.br\/home\/wp-content\/uploads\/2020\/04\/bolsonaro_china.jpeg?resize=525%2C300&ssl=1 1.5x, https:\/\/i0.wp.com\/blogdafeira.com.br\/home\/wp-content\/uploads\/2020\/04\/bolsonaro_china.jpeg?resize=700%2C400&ssl=1 2x, https:\/\/i0.wp.com\/blogdafeira.com.br\/home\/wp-content\/uploads\/2020\/04\/bolsonaro_china.jpeg?resize=1050%2C600&ssl=1 3x"},"classes":[]},{"id":57710,"url":"https:\/\/blogdafeira.com.br\/home\/2023\/05\/19\/deputado-quer-um-celebrar-o-ano-novo-chines-na-bahia\/","url_meta":{"origin":7116,"position":3},"title":"Deputado quer celebrar um &#8216;Ano Novo Chin\u00eas &#8216; na Bahia","author":"Blog da Feira","date":"19\/05\/2023","format":false,"excerpt":"Sem ter como dar comenda ou t\u00edtulo de \"cidad\u00e3o baiano\" a Xi Jinping, o l\u00edder maior da China, um deputado do MDB baiano encontrou uma maneira de bajular os chineses, vistos como potenciais parceiros do Governo da Bahia: Matheus Ferreira quer incluir no calend\u00e1rio oficial da Bahia a celebra\u00e7\u00e3o do\u2026","rel":"","context":"Em &quot;Home&quot;","block_context":{"text":"Home","link":"https:\/\/blogdafeira.com.br\/home\/categoria\/raiz\/"},"img":{"alt_text":"","src":"https:\/\/i0.wp.com\/blogdafeira.com.br\/home\/wp-content\/uploads\/2023\/05\/images-4.jpeg?resize=350%2C200&ssl=1","width":350,"height":200,"srcset":"https:\/\/i0.wp.com\/blogdafeira.com.br\/home\/wp-content\/uploads\/2023\/05\/images-4.jpeg?resize=350%2C200&ssl=1 1x, https:\/\/i0.wp.com\/blogdafeira.com.br\/home\/wp-content\/uploads\/2023\/05\/images-4.jpeg?resize=525%2C300&ssl=1 1.5x"},"classes":[]},{"id":5286,"url":"https:\/\/blogdafeira.com.br\/home\/2013\/09\/27\/chineses-vieram-a-feira-de-olho-nas-ferrovias-que-vao-passar-pela-cidade\/","url_meta":{"origin":7116,"position":4},"title":"Chineses vieram a Feira &#8216;de olho&#8217; nas ferrovias que v\u00e3o passar pela cidade","author":"Blog da Feira","date":"27\/09\/2013","format":false,"excerpt":"Os quatro troncos ferrovi\u00e1rios que dever\u00e3o passar por Feira de Santana, segundo o Plano de Investimentos em Log\u00edstica, do Minist\u00e9rio dos Transportes, \u00e9 hoje o grande atrativo para investimentos privados no munic\u00edpio. O grupo de chineses que visitou Feira e firmaram um acordo de 'amizade' entre os munic\u00edpios de Linyi\u2026","rel":"","context":"Em &quot;Home&quot;","block_context":{"text":"Home","link":"https:\/\/blogdafeira.com.br\/home\/categoria\/raiz\/"},"img":{"alt_text":"ferrovias","src":"https:\/\/i0.wp.com\/blogdafeira.com.br\/home\/wp-content\/uploads\/2013\/07\/ferrovias.jpg?resize=350%2C200","width":350,"height":200,"srcset":"https:\/\/i0.wp.com\/blogdafeira.com.br\/home\/wp-content\/uploads\/2013\/07\/ferrovias.jpg?resize=350%2C200 1x, https:\/\/i0.wp.com\/blogdafeira.com.br\/home\/wp-content\/uploads\/2013\/07\/ferrovias.jpg?resize=525%2C300 1.5x"},"classes":[]},{"id":2557,"url":"https:\/\/blogdafeira.com.br\/home\/2013\/06\/12\/feiraguai-na-literatura\/","url_meta":{"origin":7116,"position":5},"title":"Feiraguai na literatura","author":"Blog da Feira","date":"12\/06\/2013","format":false,"excerpt":"\"O Feiraguai \u00e9 uma zona franca de tecnologia de segunda linha, produtos piratas, geringon\u00e7as mal acabadas e quinquilharias em geral que nasceu em Feira de Santana e, como um organismo vivo e aditivado pelas conex\u00f5es Hong-Cong-Ciudad del Leste, se transformou em um enorme porto pirata, enclave muambeiro, aduana internacional e\u2026","rel":"","context":"Em &quot;Cultura&quot;","block_context":{"text":"Cultura","link":"https:\/\/blogdafeira.com.br\/home\/categoria\/cultura\/"},"img":{"alt_text":"Capa Xing Ling","src":"https:\/\/i0.wp.com\/blogdafeira.com.br\/home\/wp-content\/uploads\/2013\/04\/Capa-Xing-Ling-199x300.jpg?resize=350%2C200","width":350,"height":200},"classes":[]}],"_links":{"self":[{"href":"https:\/\/blogdafeira.com.br\/home\/wp-json\/wp\/v2\/posts\/7116","targetHints":{"allow":["GET"]}}],"collection":[{"href":"https:\/\/blogdafeira.com.br\/home\/wp-json\/wp\/v2\/posts"}],"about":[{"href":"https:\/\/blogdafeira.com.br\/home\/wp-json\/wp\/v2\/types\/post"}],"author":[{"embeddable":true,"href":"https:\/\/blogdafeira.com.br\/home\/wp-json\/wp\/v2\/users\/1"}],"replies":[{"embeddable":true,"href":"https:\/\/blogdafeira.com.br\/home\/wp-json\/wp\/v2\/comments?post=7116"}],"version-history":[{"count":1,"href":"https:\/\/blogdafeira.com.br\/home\/wp-json\/wp\/v2\/posts\/7116\/revisions"}],"predecessor-version":[{"id":7117,"href":"https:\/\/blogdafeira.com.br\/home\/wp-json\/wp\/v2\/posts\/7116\/revisions\/7117"}],"wp:attachment":[{"href":"https:\/\/blogdafeira.com.br\/home\/wp-json\/wp\/v2\/media?parent=7116"}],"wp:term":[{"taxonomy":"category","embeddable":true,"href":"https:\/\/blogdafeira.com.br\/home\/wp-json\/wp\/v2\/categories?post=7116"},{"taxonomy":"post_tag","embeddable":true,"href":"https:\/\/blogdafeira.com.br\/home\/wp-json\/wp\/v2\/tags?post=7116"}],"curies":[{"name":"wp","href":"https:\/\/api.w.org\/{rel}","templated":true}]}}