{"id":71757,"date":"2026-03-20T19:02:32","date_gmt":"2026-03-20T22:02:32","guid":{"rendered":"https:\/\/blogdafeira.com.br\/home\/?p=71757"},"modified":"2026-03-20T19:02:32","modified_gmt":"2026-03-20T22:02:32","slug":"exposicao-coletiva-de-arte-pelos-477-anos-da-cidade-da-bahia-nova-e-contemporanea","status":"publish","type":"post","link":"https:\/\/blogdafeira.com.br\/home\/2026\/03\/20\/exposicao-coletiva-de-arte-pelos-477-anos-da-cidade-da-bahia-nova-e-contemporanea\/","title":{"rendered":"Exposi\u00e7\u00e3o coletiva de arte pelos 477 anos da Cidade da Bahia: &#8216;Nova e Contempor\u00e2nea&#8217;"},"content":{"rendered":"<div id=\"blogd-984923248\" class=\"blogd-fim-do-post-mobile blogd-entity-placement\" style=\"margin-left: auto;margin-right: auto;text-align: center;\"><a href=\"https:\/\/www.sefaz.feiradesantana.ba.gov.br\/\" target=\"_blank\" aria-label=\"728&#215;90 (6)\"><img loading=\"lazy\" decoding=\"async\" src=\"https:\/\/blogdafeira.com.br\/home\/wp-content\/uploads\/2026\/03\/728x90-6.gif\" alt=\"\"  class=\"no-lazyload\" width=\"728\" height=\"90\"  style=\"display: inline-block;\" \/><\/a><\/div><p>Surpreende-nos a capacidade de renova\u00e7\u00e3o de Salvador &#8211; a velha Cidade da Bahia, S\u00e3o Salvador da Ba\u00eda de Todos os Santos. Ela sempre se reinventa quando os prop\u00f3sitos s\u00e3o verdadeiros, sobretudo quando se trata de arte contempor\u00e2nea.<\/p><div id=\"blogd-334136750\" class=\"blogd-conteudo-2-mobile blogd-entity-placement\"><a href=\"https:\/\/feirenses.com.br\/\" target=\"_blank\" aria-label=\"feirenses\"><img loading=\"lazy\" decoding=\"async\" src=\"https:\/\/blogdafeira.com.br\/home\/wp-content\/uploads\/2026\/04\/feirenses.png\" alt=\"\"  srcset=\"https:\/\/blogdafeira.com.br\/home\/wp-content\/uploads\/2026\/04\/feirenses.png 300w, https:\/\/blogdafeira.com.br\/home\/wp-content\/uploads\/2026\/04\/feirenses-170x45.png 170w, https:\/\/blogdafeira.com.br\/home\/wp-content\/uploads\/2026\/04\/feirenses-280x74.png 280w\" sizes=\"(max-width: 300px) 100vw, 300px\" class=\"no-lazyload\" width=\"300\" height=\"79\"  style=\"display: inline-block;\" \/><\/a><\/div>\n<p>A exposi\u00e7\u00e3o coletiva *477 ANOS DA CIDADE DA BAHIA*, instalada na sala de exposi\u00e7\u00f5es do *Museu da Miseric\u00f3rdia*, \u00e9 uma das provas vivas desta renova\u00e7\u00e3o. Nela o novo se apresenta como horizonte. As janelas que se abrem sobre a Ba\u00eda de Todos os Santos nos sinalizam o quanto a cidade inteira torna-se, ela pr\u00f3pria, mat\u00e9ria est\u00e9tica \u2014 um corpo antigo que insiste em pulsar o futuro, inspirando incessantemente o movimento da arte.<\/p>\n<p>Nesta edi\u00e7\u00e3o inaugural, *62 artistas baianos ou naturalizados baianos* ocupam o espa\u00e7o para afirmar que a contemporaneidade \u00e9 um territ\u00f3rio que j\u00e1 nos pertence. A mostra re\u00fane 51 obras bidimensionais em linguagens e t\u00e9cnicas que ousam sem pedir licen\u00e7a, desde o desenho, a pintura, a fotografia e a joalheria, at\u00e9 as artes digitais e outros h\u00edbridos \u2014 al\u00e9m de 11 esculturas em metal, madeira, cer\u00e2mica e poliuretano. Entre elas, uma que utiliza o Raku, milenar t\u00e9cnica japonesa de emendar peda\u00e7os de cer\u00e2mica com ouro verdadeiro.<\/p>\n<p><img loading=\"lazy\" decoding=\"async\" class=\"aligncenter size-large wp-image-71759\" src=\"https:\/\/blogdafeira.com.br\/home\/wp-content\/uploads\/2026\/03\/IMG-20260319-WA0034-1024x1024.jpg\" alt=\"\" width=\"1024\" height=\"1024\" srcset=\"https:\/\/blogdafeira.com.br\/home\/wp-content\/uploads\/2026\/03\/IMG-20260319-WA0034-1024x1024.jpg 1024w, https:\/\/blogdafeira.com.br\/home\/wp-content\/uploads\/2026\/03\/IMG-20260319-WA0034-300x300.jpg 300w, https:\/\/blogdafeira.com.br\/home\/wp-content\/uploads\/2026\/03\/IMG-20260319-WA0034-150x150.jpg 150w, https:\/\/blogdafeira.com.br\/home\/wp-content\/uploads\/2026\/03\/IMG-20260319-WA0034-768x768.jpg 768w, https:\/\/blogdafeira.com.br\/home\/wp-content\/uploads\/2026\/03\/IMG-20260319-WA0034-187x187.jpg 187w, https:\/\/blogdafeira.com.br\/home\/wp-content\/uploads\/2026\/03\/IMG-20260319-WA0034-1170x1170.jpg 1170w, https:\/\/blogdafeira.com.br\/home\/wp-content\/uploads\/2026\/03\/IMG-20260319-WA0034.jpg 1418w\" sizes=\"auto, (max-width: 1024px) 100vw, 1024px\" \/><\/p>\n<p>Quando a proposta da mostra foi lan\u00e7ada, em novembro de 2025, a ades\u00e3o dos artistas foi imediata, intensa e renovadora. N\u00e3o apenas pela pot\u00eancia criativa do grupo, mas tamb\u00e9m porque a Salvador de hoje, depois de um longo hiato de aus\u00eancias e car\u00eancias, estava faminta de arte que a celebrasse sem nostalgia e a representasse como ela merece.<\/p>\n<p>Com o aval dos artistas, *a curadoria presta ainda tributo ao mestre Caryb\u00e9* expondo duas de suas obras que se integram \u00e0 nossa mostra, evocando sua devo\u00e7\u00e3o \u00e0 Cidade da Bahia e sua imers\u00e3o sagrada como *ob\u00e1 de Xang\u00f4, iniciado no Il\u00ea Ax\u00e9 Op\u00f4 Afonj\u00e1*. Nele a cria\u00e7\u00e3o art\u00edstica e a for\u00e7a ancestral, mais que em qualquer outro, se encontram para louvar e bendizer a nossa terra.<\/p>\n<p>Mas esta exposi\u00e7\u00e3o, na verdade, n\u00e3o se encerra em si. Ela se pretende semente a partir da qual os passos dados hoje tornar-se-\u00e3o caminho cont\u00ednuo, encontro marcado, celebra\u00e7\u00e3o que retorna. Por isso desejamos que a cada ano, no anivers\u00e1rio da cidade, ela e a arte voltem a se encontrar num espa\u00e7o como este &#8211; reafirmando a renova\u00e7\u00e3o e a reinven\u00e7\u00e3o, t\u00e3o sinalizadoras da contemporaneidade.<\/p>\n<p>Afinal, *Salvador* j\u00e1 n\u00e3o se define mais pela sua idade, mas por sua capacidade infinita de recome\u00e7ar..<\/p>\n<p>Pois que seja sempre nova. Sempre contempor\u00e2nea. Sempre a Cidade da Bahia. E que retome o carinho aos seus artistas, como sempre acontecia!<\/p>\n<p>As fotos s\u00e3o de trabalhos de Guache Marques<\/p>\n<div id=\"blogd-1198991454\" class=\"blogd-final-post blogd-entity-placement\"><a href=\"https:\/\/www.feiradesantana.ba.leg.br\/\" target=\"_blank\" aria-label=\"BANNER-SITE-ENTREGADECHEQUE-CAMARADEFEIRA\"><img loading=\"lazy\" decoding=\"async\" src=\"https:\/\/blogdafeira.com.br\/home\/wp-content\/uploads\/2026\/03\/BANNER-SITE-ENTREGADECHEQUE-CAMARADEFEIRA.gif\" alt=\"\"  class=\"no-lazyload\" width=\"728\" height=\"90\"   \/><\/a><\/div><p><strong><em>Chico Mazzoni e Angela Petitinga s\u00e3o Curadores da exposi\u00e7\u00e3o_<\/em><\/strong><\/p>\n","protected":false},"excerpt":{"rendered":"<p>Surpreende-nos a capacidade de renova\u00e7\u00e3o de Salvador &#8211; a velha Cidade da Bahia, S\u00e3o Salvador da Ba\u00eda de Todos os Santos. Ela sempre se reinventa quando os prop\u00f3sitos s\u00e3o verdadeiros, sobretudo quando se trata de arte contempor\u00e2nea. A exposi\u00e7\u00e3o coletiva *477 ANOS DA CIDADE DA BAHIA*, instalada na sala de exposi\u00e7\u00f5es do *Museu da Miseric\u00f3rdia*,<\/p>\n","protected":false},"author":1,"featured_media":71758,"comment_status":"open","ping_status":"open","sticky":false,"template":"","format":"standard","meta":{"jetpack_post_was_ever_published":false,"cybocfi_hide_featured_image":"","_jetpack_newsletter_access":"","_jetpack_dont_email_post_to_subs":false,"_jetpack_newsletter_tier_id":0,"_jetpack_memberships_contains_paywalled_content":false,"_jetpack_memberships_contains_paid_content":false,"footnotes":"","jetpack_publicize_message":"","jetpack_publicize_feature_enabled":true,"jetpack_social_post_already_shared":true,"jetpack_social_options":{"image_generator_settings":{"template":"highway","default_image_id":0,"font":"","enabled":false},"version":2}},"categories":[3,4,603],"tags":[],"class_list":["post-71757","post","type-post","status-publish","format-standard","has-post-thumbnail","hentry","category-cidade","category-cultura","category-destaques"],"jetpack_publicize_connections":[],"jetpack_featured_media_url":"https:\/\/blogdafeira.com.br\/home\/wp-content\/uploads\/2026\/03\/IMG-20260319-WA0035.jpg","jetpack_shortlink":"https:\/\/wp.me\/p3niVf-iFn","jetpack_sharing_enabled":true,"jetpack-related-posts":[{"id":71995,"url":"https:\/\/blogdafeira.com.br\/home\/2026\/04\/14\/exposicao-em-homenagem-a-salvador-fica-em-cartaz-ate-este-sabado\/","url_meta":{"origin":71757,"position":0},"title":"Exposi\u00e7\u00e3o em homenagem a Salvador fica em cartaz at\u00e9 este s\u00e1bado","author":"Chico Mazzoni e Angela Petitinga","date":"14\/04\/2026","format":false,"excerpt":"O p\u00fablico tem at\u00e9 este s\u00e1bado (18) para visitar a Mostra 477 \u2013 477 anos da Cidade da Bahia, exposi\u00e7\u00e3o coletiva de arte que re\u00fane 62 obras produzidas por 62 artistas pl\u00e1sticos baianos ou naturalizados baianos, em cartaz no Museu da Miseric\u00f3rdia da Bahia. A exposi\u00e7\u00e3o \u00e9 uma grande homenagem\u2026","rel":"","context":"Em &quot;Cidade&quot;","block_context":{"text":"Cidade","link":"https:\/\/blogdafeira.com.br\/home\/categoria\/cidade\/"},"img":{"alt_text":"","src":"https:\/\/i0.wp.com\/blogdafeira.com.br\/home\/wp-content\/uploads\/2026\/04\/Bernardo-Ribeiro-Tochilovsky-MINHA-CIDADE-DE-SALVADOR-%E2%80%93-090-m-x-090-m-Pintura-acrilica-sobre-tela-sem-moldura-%E2%80%932026-scaled.jpg?resize=350%2C200&ssl=1","width":350,"height":200,"srcset":"https:\/\/i0.wp.com\/blogdafeira.com.br\/home\/wp-content\/uploads\/2026\/04\/Bernardo-Ribeiro-Tochilovsky-MINHA-CIDADE-DE-SALVADOR-%E2%80%93-090-m-x-090-m-Pintura-acrilica-sobre-tela-sem-moldura-%E2%80%932026-scaled.jpg?resize=350%2C200&ssl=1 1x, https:\/\/i0.wp.com\/blogdafeira.com.br\/home\/wp-content\/uploads\/2026\/04\/Bernardo-Ribeiro-Tochilovsky-MINHA-CIDADE-DE-SALVADOR-%E2%80%93-090-m-x-090-m-Pintura-acrilica-sobre-tela-sem-moldura-%E2%80%932026-scaled.jpg?resize=525%2C300&ssl=1 1.5x, https:\/\/i0.wp.com\/blogdafeira.com.br\/home\/wp-content\/uploads\/2026\/04\/Bernardo-Ribeiro-Tochilovsky-MINHA-CIDADE-DE-SALVADOR-%E2%80%93-090-m-x-090-m-Pintura-acrilica-sobre-tela-sem-moldura-%E2%80%932026-scaled.jpg?resize=700%2C400&ssl=1 2x, https:\/\/i0.wp.com\/blogdafeira.com.br\/home\/wp-content\/uploads\/2026\/04\/Bernardo-Ribeiro-Tochilovsky-MINHA-CIDADE-DE-SALVADOR-%E2%80%93-090-m-x-090-m-Pintura-acrilica-sobre-tela-sem-moldura-%E2%80%932026-scaled.jpg?resize=1050%2C600&ssl=1 3x, https:\/\/i0.wp.com\/blogdafeira.com.br\/home\/wp-content\/uploads\/2026\/04\/Bernardo-Ribeiro-Tochilovsky-MINHA-CIDADE-DE-SALVADOR-%E2%80%93-090-m-x-090-m-Pintura-acrilica-sobre-tela-sem-moldura-%E2%80%932026-scaled.jpg?resize=1400%2C800&ssl=1 4x"},"classes":[]},{"id":33306,"url":"https:\/\/blogdafeira.com.br\/home\/2019\/10\/15\/dois-museus-baianos-e-uma-grande-exposicao-coletiva-em-feira-de-santana\/","url_meta":{"origin":71757,"position":1},"title":"Dois museus baianos e uma grande exposi\u00e7\u00e3o coletiva em Feira de Santana","author":"Chico Mazzoni e Angela Petitinga","date":"15\/10\/2019","format":false,"excerpt":"Visando um interc\u00e2mbio salutar e efetivo nas artes visuais, o MUNCAB \u2013 Museu Nacional de Cultura Afro-Brasileira de Salvador e o MAC - Museu de Arte Contempor\u00e2nea Raimundo Oliveira de Feira de Santana, dois Museus que s\u00e3o refer\u00eancia em suas cidades, re\u00fanem no dia 25, \u00e0s 19 horas, no MAC\u2026","rel":"","context":"Em &quot;Home&quot;","block_context":{"text":"Home","link":"https:\/\/blogdafeira.com.br\/home\/categoria\/raiz\/"},"img":{"alt_text":"","src":"https:\/\/i0.wp.com\/blogdafeira.com.br\/home\/wp-content\/uploads\/2019\/10\/Flyer-eletr%C3%B4nico-MUNCAB-MAC-Feira-1.jpg?resize=350%2C200","width":350,"height":200},"classes":[]},{"id":71698,"url":"https:\/\/blogdafeira.com.br\/home\/2026\/03\/16\/reencontro-com-carybe-no-museu-da-bahia\/","url_meta":{"origin":71757,"position":2},"title":"Reencontro com Caryb\u00e9 no Museu da Bahia","author":"Chico Mazzoni e Angela Petitinga","date":"16\/03\/2026","format":false,"excerpt":"Conheci Caryb\u00e9 no come\u00e7o da adolesc\u00eancia, lendo os livros de Jorge Amado, que ele ilustrava com seus tra\u00e7os inconfund\u00edveis. Aqueles pequenos desenhos \u2013 que passam sempre a sensa\u00e7\u00e3o de movimento \u2013 impunham demoradas e deslumbradas contempla\u00e7\u00f5es. A ansiedade com que percorria as p\u00e1ginas dos romances se dilu\u00edam quando deparava-me com\u2026","rel":"","context":"Em &quot;Colunistas&quot;","block_context":{"text":"Colunistas","link":"https:\/\/blogdafeira.com.br\/home\/categoria\/colunistas\/"},"img":{"alt_text":"","src":"https:\/\/i0.wp.com\/blogdafeira.com.br\/home\/wp-content\/uploads\/2026\/03\/Screenshot_20260316-1059222.jpg?resize=350%2C200&ssl=1","width":350,"height":200,"srcset":"https:\/\/i0.wp.com\/blogdafeira.com.br\/home\/wp-content\/uploads\/2026\/03\/Screenshot_20260316-1059222.jpg?resize=350%2C200&ssl=1 1x, https:\/\/i0.wp.com\/blogdafeira.com.br\/home\/wp-content\/uploads\/2026\/03\/Screenshot_20260316-1059222.jpg?resize=525%2C300&ssl=1 1.5x, https:\/\/i0.wp.com\/blogdafeira.com.br\/home\/wp-content\/uploads\/2026\/03\/Screenshot_20260316-1059222.jpg?resize=700%2C400&ssl=1 2x"},"classes":[]},{"id":27107,"url":"https:\/\/blogdafeira.com.br\/home\/2017\/06\/13\/mac-de-feira-abre-hoje-exposicao-com-ricardo-jeronimo-daniela-e-luiz-ramos\/","url_meta":{"origin":71757,"position":3},"title":"MAC de Feira abre hoje exposi\u00e7\u00e3o com Ricardo Jer\u00f4nimo, Daniela e Luiz Ramos","author":"Chico Mazzoni e Angela Petitinga","date":"13\/06\/2017","format":false,"excerpt":"Nesta ter\u00e7a-feira (13\/06), \u00e0s 19h, os feirenses amantes da arte t\u00eam uma oportunidade de prestigiar a abertura da exposi\u00e7\u00e3o coletiva de tr\u00eas artistas baianos no\u00a0Museu de Arte Contempor\u00e2nea (MAC). A exposi\u00e7\u00e3o marca o encontro de tr\u00eas diferentes trajet\u00f3rias e formas de ver o mundo a partir da arte. A seguir,\u2026","rel":"","context":"Em &quot;Home&quot;","block_context":{"text":"Home","link":"https:\/\/blogdafeira.com.br\/home\/categoria\/raiz\/"},"img":{"alt_text":"06e9379dc4aabd0a583b-1","src":"https:\/\/i0.wp.com\/blogdafeira.com.br\/home\/wp-content\/uploads\/2017\/06\/06e9379dc4aabd0a583b-1.jpg?resize=350%2C200","width":350,"height":200},"classes":[]},{"id":2596,"url":"https:\/\/blogdafeira.com.br\/home\/2013\/06\/13\/pesquisadora-mostra-vida-e-obra-do-escultor-pedro-ferreira-em-exposicao-e-livro\/","url_meta":{"origin":71757,"position":4},"title":"Pesquisadora mostra vida e obra do escultor Pedro Ferreira em exposi\u00e7\u00e3o e livro","author":"Chico Mazzoni e Angela Petitinga","date":"13\/06\/2013","format":false,"excerpt":"Mais de 15 anos de pesquisa sobre a vida e obra do escultor baiano Pedro Ferreira resultaram na produ\u00e7\u00e3o de um livro, a ser lan\u00e7ado, e de uma exposi\u00e7\u00e3o de esculturas, fotos e ferramentas do artista, que j\u00e1 passou por Feira de Santana, Salvador, Amargosa e\u00a0Santo Amaro. Maria Lucila Ferreira\u2026","rel":"","context":"Em &quot;Cultura&quot;","block_context":{"text":"Cultura","link":"https:\/\/blogdafeira.com.br\/home\/categoria\/cultura\/"},"img":{"alt_text":"TIA 2","src":"https:\/\/i0.wp.com\/blogdafeira.com.br\/home\/wp-content\/uploads\/2013\/06\/TIA-2.jpg?resize=350%2C200","width":350,"height":200},"classes":[]},{"id":64382,"url":"https:\/\/blogdafeira.com.br\/home\/2024\/10\/18\/exposicao-em-salvador-tera-estandes-flutuando-sobre-as-aguas-da-baia-de-todos-os-santos\/","url_meta":{"origin":71757,"position":5},"title":"Exposi\u00e7\u00e3o em Salvador ter\u00e1 estandes flutuando sobre as \u00e1guas da Ba\u00eda de Todos os Santos","author":"Chico Mazzoni e Angela Petitinga","date":"18\/10\/2024","format":false,"excerpt":"De 6 a 10 de novembro, Salvador ser\u00e1 palco do maior evento n\u00e1utico do Nordeste, o Salvador Boat Show. Realizado de forma in\u00e9dita, o evento ter\u00e1 100% dos expositores em estandes flutuantes, sobre as \u00e1guas da Ba\u00eda de Todos-os-Santos, na Bahia Marina. Nos cinco dias de evento, o p\u00fablico poder\u00e1\u2026","rel":"","context":"Em &quot;Economia&quot;","block_context":{"text":"Economia","link":"https:\/\/blogdafeira.com.br\/home\/categoria\/economia\/"},"img":{"alt_text":"","src":"https:\/\/i0.wp.com\/blogdafeira.com.br\/home\/wp-content\/uploads\/2024\/10\/Screenshot_20241018-120112.png?resize=350%2C200&ssl=1","width":350,"height":200,"srcset":"https:\/\/i0.wp.com\/blogdafeira.com.br\/home\/wp-content\/uploads\/2024\/10\/Screenshot_20241018-120112.png?resize=350%2C200&ssl=1 1x, https:\/\/i0.wp.com\/blogdafeira.com.br\/home\/wp-content\/uploads\/2024\/10\/Screenshot_20241018-120112.png?resize=525%2C300&ssl=1 1.5x, https:\/\/i0.wp.com\/blogdafeira.com.br\/home\/wp-content\/uploads\/2024\/10\/Screenshot_20241018-120112.png?resize=700%2C400&ssl=1 2x"},"classes":[]}],"_links":{"self":[{"href":"https:\/\/blogdafeira.com.br\/home\/wp-json\/wp\/v2\/posts\/71757","targetHints":{"allow":["GET"]}}],"collection":[{"href":"https:\/\/blogdafeira.com.br\/home\/wp-json\/wp\/v2\/posts"}],"about":[{"href":"https:\/\/blogdafeira.com.br\/home\/wp-json\/wp\/v2\/types\/post"}],"author":[{"embeddable":true,"href":"https:\/\/blogdafeira.com.br\/home\/wp-json\/wp\/v2\/users\/1"}],"replies":[{"embeddable":true,"href":"https:\/\/blogdafeira.com.br\/home\/wp-json\/wp\/v2\/comments?post=71757"}],"version-history":[{"count":1,"href":"https:\/\/blogdafeira.com.br\/home\/wp-json\/wp\/v2\/posts\/71757\/revisions"}],"predecessor-version":[{"id":71760,"href":"https:\/\/blogdafeira.com.br\/home\/wp-json\/wp\/v2\/posts\/71757\/revisions\/71760"}],"wp:featuredmedia":[{"embeddable":true,"href":"https:\/\/blogdafeira.com.br\/home\/wp-json\/wp\/v2\/media\/71758"}],"wp:attachment":[{"href":"https:\/\/blogdafeira.com.br\/home\/wp-json\/wp\/v2\/media?parent=71757"}],"wp:term":[{"taxonomy":"category","embeddable":true,"href":"https:\/\/blogdafeira.com.br\/home\/wp-json\/wp\/v2\/categories?post=71757"},{"taxonomy":"post_tag","embeddable":true,"href":"https:\/\/blogdafeira.com.br\/home\/wp-json\/wp\/v2\/tags?post=71757"}],"curies":[{"name":"wp","href":"https:\/\/api.w.org\/{rel}","templated":true}]}}