{"id":71870,"date":"2026-04-01T16:03:23","date_gmt":"2026-04-01T19:03:23","guid":{"rendered":"https:\/\/blogdafeira.com.br\/home\/?p=71870"},"modified":"2026-04-01T20:59:21","modified_gmt":"2026-04-01T23:59:21","slug":"piso-salarial-de-professores-da-rede-estadual-sera-de-r-5-13064-retroativo-a-fevereiro","status":"publish","type":"post","link":"https:\/\/blogdafeira.com.br\/home\/2026\/04\/01\/piso-salarial-de-professores-da-rede-estadual-sera-de-r-5-13064-retroativo-a-fevereiro\/","title":{"rendered":"Piso salarial de professores da rede estadual ser\u00e1 de R$ 5.130,64 retroativo a fevereiro"},"content":{"rendered":"<div id=\"blogd-3800545192\" class=\"blogd-fim-do-post-mobile blogd-entity-placement\" style=\"margin-left: auto;margin-right: auto;text-align: center;\"><a href=\"https:\/\/www.sefaz.feiradesantana.ba.gov.br\/\" target=\"_blank\" aria-label=\"728&#215;90 (6)\"><img loading=\"lazy\" decoding=\"async\" src=\"https:\/\/blogdafeira.com.br\/home\/wp-content\/uploads\/2026\/03\/728x90-6.gif\" alt=\"\"  class=\"no-lazyload\" width=\"728\" height=\"90\"  style=\"display: inline-block;\" \/><\/a><\/div><p>J\u00e1 est\u00e1 na Assembleia Legislativa da Bahia (Alba), nesta ter\u00e7a-feira (31), o projeto de lei que atualiza o vencimento da carreira do magist\u00e9rio p\u00fablico estadual, em conformidade com o Piso Salarial Profissional Nacional (PSPN). Para 2026, o valor foi fixado pelo Governo Federal em R$ 5.130,64, para jornada de 40 horas semanais, representando reajuste de 5,4% em rela\u00e7\u00e3o ao ano anterior.<\/p><div id=\"blogd-3396298162\" class=\"blogd-conteudo-2-mobile blogd-entity-placement\"><a href=\"https:\/\/feirenses.com.br\/\" target=\"_blank\" aria-label=\"feirenses\"><img loading=\"lazy\" decoding=\"async\" src=\"https:\/\/blogdafeira.com.br\/home\/wp-content\/uploads\/2026\/04\/feirenses.png\" alt=\"\"  srcset=\"https:\/\/blogdafeira.com.br\/home\/wp-content\/uploads\/2026\/04\/feirenses.png 300w, https:\/\/blogdafeira.com.br\/home\/wp-content\/uploads\/2026\/04\/feirenses-170x45.png 170w, https:\/\/blogdafeira.com.br\/home\/wp-content\/uploads\/2026\/04\/feirenses-280x74.png 280w\" sizes=\"(max-width: 300px) 100vw, 300px\" class=\"no-lazyload\" width=\"300\" height=\"79\"  style=\"display: inline-block;\" \/><\/a><\/div>\n<p>A proposta do Governo do\u00a0 Estado prev\u00ea recomposi\u00e7\u00e3o de 3,3% sobre o valor praticado em 2025, com efeito retroativo a fevereiro, e acr\u00e9scimo de 2% a partir de junho. Com a medida, a Bahia manter\u00e1 o pagamento 2% acima do piso nacional.<\/p>\n<p>\u201cA partir da defini\u00e7\u00e3o do Governo Federal, estamos garantindo, na Bahia, n\u00e3o apenas o cumprimento do piso nacional, mas um reajuste que mant\u00e9m o Estado acima desse valor. Essa \u00e9 uma demonstra\u00e7\u00e3o concreta do nosso compromisso com a valoriza\u00e7\u00e3o dos mais de 45 mil profissionais da educa\u00e7\u00e3o, entre professores e coordenadores pedag\u00f3gicos, ativos e aposentados\u201d, destacou o governador Jer\u00f4nimo.<\/p>\n<p>O impacto financeiro da medida est\u00e1 estimado em R$ 276 milh\u00f5es no exerc\u00edcio de 2026. O projeto respeita o acordo firmado entre o Governo do Estado e a categoria e integra uma pol\u00edtica cont\u00ednua de valoriza\u00e7\u00e3o do magist\u00e9rio.<\/p>\n<p>Com a aprova\u00e7\u00e3o da proposta, o piso na rede estadual ser\u00e1 fixado em R$ 5.130,64, com efeitos retroativos a fevereiro \u2014 com pagamento previsto j\u00e1 na folha de abril, caso haja aprova\u00e7\u00e3o imediata \u2014 e passar\u00e1 a R$ 5.233,26 a partir de junho.<\/p>\n<p>A iniciativa contempla as carreiras do magist\u00e9rio dos ensinos Fundamental e M\u00e9dio, al\u00e9m da doc\u00eancia ind\u00edgena, assegurando o alinhamento ao piso nacional e mantendo a Bahia entre os estados que praticam vencimento superior ao m\u00ednimo estabelecido.<\/p>\n<p>Para a secret\u00e1ria da Educa\u00e7\u00e3o, Rowenna Brito, a medida refor\u00e7a uma pol\u00edtica mais ampla de valoriza\u00e7\u00e3o. \u201cA valoriza\u00e7\u00e3o dos profissionais da educa\u00e7\u00e3o vai al\u00e9m do reajuste remunerat\u00f3rio. Envolve forma\u00e7\u00e3o continuada, com qualifica\u00e7\u00e3o de coordenadores pedag\u00f3gicos, oferta de especializa\u00e7\u00e3o e mestrado, al\u00e9m de investimentos na infraestrutura das unidades escolares\u201d, afirmou.<\/p>\n<p>O coordenador-geral da APLB, Rui Oliveira, ressaltou a import\u00e2ncia do cumprimento do acordo. \u201cEsse resultado \u00e9 fruto do acordo firmado no ano passado, constru\u00eddo a partir do di\u00e1logo com o Governo do Estado, e que agora est\u00e1 sendo devidamente cumprido. Esperamos celeridade na tramita\u00e7\u00e3o e vota\u00e7\u00e3o do projeto, pois se trata de uma conquista importante e de uma grande vit\u00f3ria para toda a categoria\u201d, disse.<\/p>\n<p><strong>Acordo amplia alcance do piso na rede estadual<\/strong><br \/>\nAl\u00e9m da atualiza\u00e7\u00e3o da carreira, o Estado firmou acordo judicial com a Associa\u00e7\u00e3o dos Professores Licenciados da Bahia (APLB) para assegurar o cumprimento do piso nacional com base em decis\u00e3o judicial. A medida beneficia cerca de 22 mil aposentados e pensionistas, e ainda cerca de mil profissionais ativos da rede estadual.<\/p>\n<p>O acordo estabelece cronograma de pagamento com efeitos retroativos \u00e0 data-base e garante paridade entre ativos, aposentados e pensionistas, desde que atendidos os crit\u00e9rios legais. A medida contempla profissionais que exercem atividades de doc\u00eancia e de suporte pedag\u00f3gico, incluindo fun\u00e7\u00f5es de dire\u00e7\u00e3o, planejamento, supervis\u00e3o e coordena\u00e7\u00e3o.<\/p>\n<div id=\"blogd-3477440396\" class=\"blogd-final-post blogd-entity-placement\"><a href=\"https:\/\/www.feiradesantana.ba.leg.br\/\" target=\"_blank\" aria-label=\"BANNER-SITE-ENTREGADECHEQUE-CAMARADEFEIRA\"><img loading=\"lazy\" decoding=\"async\" src=\"https:\/\/blogdafeira.com.br\/home\/wp-content\/uploads\/2026\/03\/BANNER-SITE-ENTREGADECHEQUE-CAMARADEFEIRA.gif\" alt=\"\"  class=\"no-lazyload\" width=\"728\" height=\"90\"   \/><\/a><\/div><p><b><i>Foto:Jo\u00e1 Souza<\/i><\/b><\/p>\n","protected":false},"excerpt":{"rendered":"<p>J\u00e1 est\u00e1 na Assembleia Legislativa da Bahia (Alba), nesta ter\u00e7a-feira (31), o projeto de lei que atualiza o vencimento da carreira do magist\u00e9rio p\u00fablico estadual, em conformidade com o Piso Salarial Profissional Nacional (PSPN). Para 2026, o valor foi fixado pelo Governo Federal em R$ 5.130,64, para jornada de 40 horas semanais, representando reajuste de<\/p>\n","protected":false},"author":1,"featured_media":71876,"comment_status":"open","ping_status":"open","sticky":false,"template":"","format":"standard","meta":{"jetpack_post_was_ever_published":false,"cybocfi_hide_featured_image":"","_jetpack_newsletter_access":"","_jetpack_dont_email_post_to_subs":false,"_jetpack_newsletter_tier_id":0,"_jetpack_memberships_contains_paywalled_content":false,"_jetpack_memberships_contains_paid_content":false,"footnotes":"","jetpack_publicize_message":"","jetpack_publicize_feature_enabled":true,"jetpack_social_post_already_shared":true,"jetpack_social_options":{"image_generator_settings":{"template":"highway","default_image_id":0,"font":"","enabled":false},"version":2}},"categories":[603,751],"tags":[],"class_list":["post-71870","post","type-post","status-publish","format-standard","has-post-thumbnail","hentry","category-destaques","category-geral"],"jetpack_publicize_connections":[],"jetpack_featured_media_url":"https:\/\/blogdafeira.com.br\/home\/wp-content\/uploads\/2026\/04\/WhatsApp-Image-2026-03-31-at-21.00.29.jpeg","jetpack_shortlink":"https:\/\/wp.me\/p3niVf-iHc","jetpack_sharing_enabled":true,"jetpack-related-posts":[{"id":66355,"url":"https:\/\/blogdafeira.com.br\/home\/2025\/03\/26\/piso-salarial-dos-professores-do-estado-passa-a-ser-de-r-4-96524\/","url_meta":{"origin":71870,"position":0},"title":"Piso salarial dos professores do Estado passa a ser de R$ 4.965,24","author":"Secom\/Gov.Ba","date":"26\/03\/2025","format":false,"excerpt":"O governador Jer\u00f4nimo Rodrigues sancionou, ontem, ter\u00e7a-feira (25), a lei que estabelece o reajuste salarial para os professores da rede p\u00fablica estadual da Bahia. A medida, aprovada por unanimidade na Assembleia Legislativa no dia 18 de mar\u00e7o, assegura um novo piso salarial de R$ 4.965,24 para os docentes com jornada\u2026","rel":"","context":"Em &quot;Bahia&quot;","block_context":{"text":"Bahia","link":"https:\/\/blogdafeira.com.br\/home\/categoria\/bahia\/"},"img":{"alt_text":"","src":"https:\/\/i0.wp.com\/blogdafeira.com.br\/home\/wp-content\/uploads\/2025\/03\/Sancao-da-lei-de-reajustes-dos-professores.-Fotos-Matheus-LandimGOVBA-6-scaled.jpeg?resize=350%2C200&ssl=1","width":350,"height":200,"srcset":"https:\/\/i0.wp.com\/blogdafeira.com.br\/home\/wp-content\/uploads\/2025\/03\/Sancao-da-lei-de-reajustes-dos-professores.-Fotos-Matheus-LandimGOVBA-6-scaled.jpeg?resize=350%2C200&ssl=1 1x, https:\/\/i0.wp.com\/blogdafeira.com.br\/home\/wp-content\/uploads\/2025\/03\/Sancao-da-lei-de-reajustes-dos-professores.-Fotos-Matheus-LandimGOVBA-6-scaled.jpeg?resize=525%2C300&ssl=1 1.5x, https:\/\/i0.wp.com\/blogdafeira.com.br\/home\/wp-content\/uploads\/2025\/03\/Sancao-da-lei-de-reajustes-dos-professores.-Fotos-Matheus-LandimGOVBA-6-scaled.jpeg?resize=700%2C400&ssl=1 2x, https:\/\/i0.wp.com\/blogdafeira.com.br\/home\/wp-content\/uploads\/2025\/03\/Sancao-da-lei-de-reajustes-dos-professores.-Fotos-Matheus-LandimGOVBA-6-scaled.jpeg?resize=1050%2C600&ssl=1 3x, https:\/\/i0.wp.com\/blogdafeira.com.br\/home\/wp-content\/uploads\/2025\/03\/Sancao-da-lei-de-reajustes-dos-professores.-Fotos-Matheus-LandimGOVBA-6-scaled.jpeg?resize=1400%2C800&ssl=1 4x"},"classes":[]},{"id":53481,"url":"https:\/\/blogdafeira.com.br\/home\/2022\/07\/26\/a-aplb-continua-tentando-confundir-os-professores\/","url_meta":{"origin":71870,"position":1},"title":"&#8220;A APLB continua tentando confundir os professores&#8221;","author":"Secom\/Gov.Ba","date":"26\/07\/2022","format":false,"excerpt":"A APLB continua tentando confundir os professores, cobrando 33% de aumento: o que existe \u00e9 que o piso salarial nacional foi corrigido neste ano em 33% e a Prefeitura j\u00e1 paga valores superiores,\u00a0diz a Prefeitura de Feira de Santana em nota \u00e0 imprensa onde explica que os sal\u00e1rios dos professores\u2026","rel":"","context":"Em &quot;Geral&quot;","block_context":{"text":"Geral","link":"https:\/\/blogdafeira.com.br\/home\/categoria\/geral\/"},"img":{"alt_text":"","src":"https:\/\/i0.wp.com\/blogdafeira.com.br\/home\/wp-content\/uploads\/2022\/06\/images-4.jpeg?resize=350%2C200&ssl=1","width":350,"height":200,"srcset":"https:\/\/i0.wp.com\/blogdafeira.com.br\/home\/wp-content\/uploads\/2022\/06\/images-4.jpeg?resize=350%2C200&ssl=1 1x, https:\/\/i0.wp.com\/blogdafeira.com.br\/home\/wp-content\/uploads\/2022\/06\/images-4.jpeg?resize=525%2C300&ssl=1 1.5x"},"classes":[]},{"id":56450,"url":"https:\/\/blogdafeira.com.br\/home\/2023\/02\/13\/entidades-convocam-ato-em-defesa-do-piso-nacional-da-enfermagem\/","url_meta":{"origin":71870,"position":2},"title":"Entidades convocam ato em defesa do Piso Nacional da Enfermagem","author":"Secom\/Gov.Ba","date":"13\/02\/2023","format":false,"excerpt":"Entidades nacionais e estaduais, que comp\u00f5em o F\u00f3rum Nacional da Enfermagem, convocam os profissionais da categoria para realizar atos pelo pa\u00eds, no dia 14 de fevereiro de 2023 (ter\u00e7a-feira). Em Salvador, concentra\u00e7\u00e3o ser\u00e1 \u00e0s 8h, em frente ao Shopping da Bahia (antigo Iguatemi). O FNE convocou a paralisa\u00e7\u00e3o nacional em\u2026","rel":"","context":"Em &quot;Geral&quot;","block_context":{"text":"Geral","link":"https:\/\/blogdafeira.com.br\/home\/categoria\/geral\/"},"img":{"alt_text":"","src":"https:\/\/i0.wp.com\/blogdafeira.com.br\/home\/wp-content\/uploads\/2023\/02\/images-2.jpeg?resize=350%2C200&ssl=1","width":350,"height":200},"classes":[]},{"id":51677,"url":"https:\/\/blogdafeira.com.br\/home\/2022\/04\/08\/justica-manda-aplb-suspender-greve-dos-professores-em-feira\/","url_meta":{"origin":71870,"position":3},"title":"Justi\u00e7a manda APLB suspender greve dos professores em Feira","author":"Secom\/Gov.Ba","date":"08\/04\/2022","format":false,"excerpt":"A Justi\u00e7a determinou que a APLB Sindicato retorne imediatamente as aulas com os professores na rede municipal de ensino. Na decis\u00e3o, o desembargador Aldenilson Barbosa dos Santos estabelece o cumprimento do prazo em at\u00e9 24 horas, e multa di\u00e1ria no valor de R$ 10 mil caso a medida n\u00e3o seja\u2026","rel":"","context":"Em &quot;Cidade&quot;","block_context":{"text":"Cidade","link":"https:\/\/blogdafeira.com.br\/home\/categoria\/cidade\/"},"img":{"alt_text":"","src":"https:\/\/i0.wp.com\/blogdafeira.com.br\/home\/wp-content\/uploads\/2022\/04\/IMG_20220401_112203_129-scaled.jpg?resize=350%2C200&ssl=1","width":350,"height":200,"srcset":"https:\/\/i0.wp.com\/blogdafeira.com.br\/home\/wp-content\/uploads\/2022\/04\/IMG_20220401_112203_129-scaled.jpg?resize=350%2C200&ssl=1 1x, https:\/\/i0.wp.com\/blogdafeira.com.br\/home\/wp-content\/uploads\/2022\/04\/IMG_20220401_112203_129-scaled.jpg?resize=525%2C300&ssl=1 1.5x, https:\/\/i0.wp.com\/blogdafeira.com.br\/home\/wp-content\/uploads\/2022\/04\/IMG_20220401_112203_129-scaled.jpg?resize=700%2C400&ssl=1 2x, https:\/\/i0.wp.com\/blogdafeira.com.br\/home\/wp-content\/uploads\/2022\/04\/IMG_20220401_112203_129-scaled.jpg?resize=1050%2C600&ssl=1 3x, https:\/\/i0.wp.com\/blogdafeira.com.br\/home\/wp-content\/uploads\/2022\/04\/IMG_20220401_112203_129-scaled.jpg?resize=1400%2C800&ssl=1 4x"},"classes":[]},{"id":60537,"url":"https:\/\/blogdafeira.com.br\/home\/2023\/12\/19\/prefeito-de-feira-sanciona-lei-de-reajuste-salarial-para-servidores-municipais\/","url_meta":{"origin":71870,"position":4},"title":"Prefeito de Feira sanciona lei de reajuste salarial para servidores municipais","author":"Secom\/Gov.Ba","date":"19\/12\/2023","format":false,"excerpt":"Em publica\u00e7\u00e3o realizada hoje,\u00a0 ter\u00e7a-feira (19), no Di\u00e1rio Oficial Eletr\u00f4nico do Munic\u00edpio, o prefeito Colbert Filho sancionou o Projeto de Lei 166\/2023, de autoria do Poder Executivo, que estabelece a Revis\u00e3o Anual dos Vencimentos dos Servidores P\u00fablicos Municipais em Feira de Santana. A Lei, identificada como N\u00ba 4.203, de 18\u2026","rel":"","context":"Em &quot;Cidade&quot;","block_context":{"text":"Cidade","link":"https:\/\/blogdafeira.com.br\/home\/categoria\/cidade\/"},"img":{"alt_text":"","src":"https:\/\/i0.wp.com\/blogdafeira.com.br\/home\/wp-content\/uploads\/2023\/12\/Screenshot_20231219-1710322.png?resize=350%2C200&ssl=1","width":350,"height":200,"srcset":"https:\/\/i0.wp.com\/blogdafeira.com.br\/home\/wp-content\/uploads\/2023\/12\/Screenshot_20231219-1710322.png?resize=350%2C200&ssl=1 1x, https:\/\/i0.wp.com\/blogdafeira.com.br\/home\/wp-content\/uploads\/2023\/12\/Screenshot_20231219-1710322.png?resize=525%2C300&ssl=1 1.5x, https:\/\/i0.wp.com\/blogdafeira.com.br\/home\/wp-content\/uploads\/2023\/12\/Screenshot_20231219-1710322.png?resize=700%2C400&ssl=1 2x, https:\/\/i0.wp.com\/blogdafeira.com.br\/home\/wp-content\/uploads\/2023\/12\/Screenshot_20231219-1710322.png?resize=1050%2C600&ssl=1 3x"},"classes":[]},{"id":59796,"url":"https:\/\/blogdafeira.com.br\/home\/2023\/10\/23\/piso-da-enfermagem-advogados-explicam-impasse-em-relacao-ao-pagamento\/","url_meta":{"origin":71870,"position":5},"title":"Piso da enfermagem: advogados explicam impasse em rela\u00e7\u00e3o ao pagamento","author":"Secom\/Gov.Ba","date":"23\/10\/2023","format":false,"excerpt":"A discuss\u00e3o sobre o piso salarial da enfermagem est\u00e1 em pauta no Brasil h\u00e1 anos. Em 4 de agosto de 2022, a lei n.\u00b0 14.434 estabeleceu um valor m\u00ednimo de sal\u00e1rio para enfermeiras, t\u00e9cnicas em enfermagem, auxiliares de enfermagem e parteiras em todo o pa\u00eds. Posteriormente, a Emenda Constitucional n.\u00b0\u2026","rel":"","context":"Em &quot;Geral&quot;","block_context":{"text":"Geral","link":"https:\/\/blogdafeira.com.br\/home\/categoria\/geral\/"},"img":{"alt_text":"","src":"https:\/\/i0.wp.com\/blogdafeira.com.br\/home\/wp-content\/uploads\/2023\/10\/b6ddb1640e40bdd68db56d48e7164c4813c0819bad11420b1fe7db253f4a5ce3.jpeg?resize=350%2C200&ssl=1","width":350,"height":200},"classes":[]}],"_links":{"self":[{"href":"https:\/\/blogdafeira.com.br\/home\/wp-json\/wp\/v2\/posts\/71870","targetHints":{"allow":["GET"]}}],"collection":[{"href":"https:\/\/blogdafeira.com.br\/home\/wp-json\/wp\/v2\/posts"}],"about":[{"href":"https:\/\/blogdafeira.com.br\/home\/wp-json\/wp\/v2\/types\/post"}],"author":[{"embeddable":true,"href":"https:\/\/blogdafeira.com.br\/home\/wp-json\/wp\/v2\/users\/1"}],"replies":[{"embeddable":true,"href":"https:\/\/blogdafeira.com.br\/home\/wp-json\/wp\/v2\/comments?post=71870"}],"version-history":[{"count":1,"href":"https:\/\/blogdafeira.com.br\/home\/wp-json\/wp\/v2\/posts\/71870\/revisions"}],"predecessor-version":[{"id":71872,"href":"https:\/\/blogdafeira.com.br\/home\/wp-json\/wp\/v2\/posts\/71870\/revisions\/71872"}],"wp:featuredmedia":[{"embeddable":true,"href":"https:\/\/blogdafeira.com.br\/home\/wp-json\/wp\/v2\/media\/71876"}],"wp:attachment":[{"href":"https:\/\/blogdafeira.com.br\/home\/wp-json\/wp\/v2\/media?parent=71870"}],"wp:term":[{"taxonomy":"category","embeddable":true,"href":"https:\/\/blogdafeira.com.br\/home\/wp-json\/wp\/v2\/categories?post=71870"},{"taxonomy":"post_tag","embeddable":true,"href":"https:\/\/blogdafeira.com.br\/home\/wp-json\/wp\/v2\/tags?post=71870"}],"curies":[{"name":"wp","href":"https:\/\/api.w.org\/{rel}","templated":true}]}}