{"id":71873,"date":"2026-04-01T17:22:58","date_gmt":"2026-04-01T20:22:58","guid":{"rendered":"https:\/\/blogdafeira.com.br\/home\/?p=71873"},"modified":"2026-04-01T17:22:58","modified_gmt":"2026-04-01T20:22:58","slug":"centro-de-cultura-maestro-miro-e-reinaugurado-e-retoma-atividades-em-feira","status":"publish","type":"post","link":"https:\/\/blogdafeira.com.br\/home\/2026\/04\/01\/centro-de-cultura-maestro-miro-e-reinaugurado-e-retoma-atividades-em-feira\/","title":{"rendered":"Centro de Cultura Maestro Miro \u00e9 reinaugurado e retoma atividades em Feira"},"content":{"rendered":"<div id=\"blogd-547887632\" class=\"blogd-fim-do-post-mobile blogd-entity-placement\" style=\"margin-left: auto;margin-right: auto;text-align: center;\"><a href=\"https:\/\/www.sefaz.feiradesantana.ba.gov.br\/\" target=\"_blank\" aria-label=\"728&#215;90 (6)\"><img loading=\"lazy\" decoding=\"async\" src=\"https:\/\/blogdafeira.com.br\/home\/wp-content\/uploads\/2026\/03\/728x90-6.gif\" alt=\"\"  class=\"no-lazyload\" width=\"728\" height=\"90\"  style=\"display: inline-block;\" \/><\/a><\/div><p>Um importante instrumento de difus\u00e3o da cultura retornou \u00e0s atividades na noite desta ter\u00e7a-feira (31). O Centro de Cultura Maestro Miro trouxe, mais uma vez, para a cidade, mostras culturais em um ambiente completamente restaurado.<\/p><div id=\"blogd-3548640144\" class=\"blogd-conteudo-2-mobile blogd-entity-placement\"><a href=\"https:\/\/feirenses.com.br\/\" target=\"_blank\" aria-label=\"feirenses\"><img loading=\"lazy\" decoding=\"async\" src=\"https:\/\/blogdafeira.com.br\/home\/wp-content\/uploads\/2026\/04\/feirenses.png\" alt=\"\"  srcset=\"https:\/\/blogdafeira.com.br\/home\/wp-content\/uploads\/2026\/04\/feirenses.png 300w, https:\/\/blogdafeira.com.br\/home\/wp-content\/uploads\/2026\/04\/feirenses-170x45.png 170w, https:\/\/blogdafeira.com.br\/home\/wp-content\/uploads\/2026\/04\/feirenses-280x74.png 280w\" sizes=\"(max-width: 300px) 100vw, 300px\" class=\"no-lazyload\" width=\"300\" height=\"79\"  style=\"display: inline-block;\" \/><\/a><\/div>\n<p>O espa\u00e7o re\u00fane importantes equipamentos culturais, como o Teatro \u00c2ngela Oliveira, o Acervo Nelson Gon\u00e7alves, o Foyer J. Morbeck e a Galeria de Arte Aliomar Simas, al\u00e9m de seis salas destinadas \u00e0 realiza\u00e7\u00e3o de oficinas.<\/p>\n<p>Com uma programa\u00e7\u00e3o rica e diversa, o evento contou com a presen\u00e7a de diversas autoridades de Feira de Santana, que voltaram a prestigiar o equipamento cultural, fechado h\u00e1 seis anos.<\/p>\n<p>A programa\u00e7\u00e3o de reinaugura\u00e7\u00e3o foi marcada por apresenta\u00e7\u00f5es art\u00edsticas que evidenciaram a diversidade cultural do munic\u00edpio. O p\u00fablico acompanhou a apresenta\u00e7\u00e3o do Grupo de Dan\u00e7a Adora\u00e7\u00e3o e Arte, dirigido pelo professor Adauto Silva, que levou ao palco uma performance marcada pela expressividade e pelo di\u00e1logo com a arte.<\/p>\n<p>A noite contou ainda com a participa\u00e7\u00e3o da violinista Sophia Ananias, que apresentou ao p\u00fablico um repert\u00f3rio que destacou t\u00e9cnica e sensibilidade musical.<\/p>\n<p>Encerrando a programa\u00e7\u00e3o, o grupo de dan\u00e7a da Earte subiu ao palco com coreografia de Elisa Medeiros e dire\u00e7\u00e3o art\u00edstica de Manuella Oliveira, em uma apresenta\u00e7\u00e3o que celebrou a arte, a express\u00e3o e o movimento.<\/p>\n<p>O prefeito de Feira de Santana, Jos\u00e9 Ronaldo de Carvalho, tamb\u00e9m participou da cerim\u00f4nia e destacou a import\u00e2ncia da reabertura do espa\u00e7o para a cidade.<\/p>\n<p>\u201c\u00c9 um momento que me emociona. Ver este espa\u00e7o vivo novamente, com apresenta\u00e7\u00f5es culturais e a participa\u00e7\u00e3o dos artistas, mostra a import\u00e2ncia do Centro de Cultura Maestro Miro para a nossa cidade. O equipamento est\u00e1 de volta, e a popula\u00e7\u00e3o poder\u00e1 novamente usufruir deste espa\u00e7o\u201d, afirmou o prefeito.<\/p>\n<p>O secret\u00e1rio municipal de Cultura, Esporte e Lazer, Cristiano L\u00f4bo, destacou a import\u00e2ncia da reabertura do equipamento para o fortalecimento das pol\u00edticas p\u00fablicas culturais no munic\u00edpio e agradeceu a todos os envolvidos na requalifica\u00e7\u00e3o do espa\u00e7o.<\/p>\n<p>\u201cA reabertura do Centro de Cultura Maestro Miro representa mais do que a entrega de um espa\u00e7o f\u00edsico. \u00c9 a retomada de um ambiente de forma\u00e7\u00e3o, de cria\u00e7\u00e3o e de valoriza\u00e7\u00e3o dos nossos artistas. Estamos devolvendo \u00e0 popula\u00e7\u00e3o um equipamento preparado para fomentar a cultura em suas mais diversas linguagens, atendendo desde crian\u00e7as at\u00e9 idosos. Quero tamb\u00e9m agradecer a todos que contribu\u00edram para que esse momento se tornasse realidade, desde as equipes t\u00e9cnicas at\u00e9 os artistas e a comunidade, que mantiveram viva a import\u00e2ncia deste espa\u00e7o\u201d, afirmou.<\/p>\n<p>A reinaugura\u00e7\u00e3o do Centro de Cultura Maestro Miro integra o conjunto de a\u00e7\u00f5es da Prefeitura de Feira de Santana voltadas \u00e0 valoriza\u00e7\u00e3o da cultura e \u00e0 requalifica\u00e7\u00e3o dos equipamentos p\u00fablicos do munic\u00edpio.<\/p>\n<div id=\"blogd-1121126188\" class=\"blogd-final-post blogd-entity-placement\"><a href=\"https:\/\/www.feiradesantana.ba.leg.br\/\" target=\"_blank\" aria-label=\"BANNER-SITE-ENTREGADECHEQUE-CAMARADEFEIRA\"><img loading=\"lazy\" decoding=\"async\" src=\"https:\/\/blogdafeira.com.br\/home\/wp-content\/uploads\/2026\/03\/BANNER-SITE-ENTREGADECHEQUE-CAMARADEFEIRA.gif\" alt=\"\"  class=\"no-lazyload\" width=\"728\" height=\"90\"   \/><\/a><\/div><p><strong>Fotos: Washington Nery<\/strong><\/p>\n","protected":false},"excerpt":{"rendered":"<p>Um importante instrumento de difus\u00e3o da cultura retornou \u00e0s atividades na noite desta ter\u00e7a-feira (31). O Centro de Cultura Maestro Miro trouxe, mais uma vez, para a cidade, mostras culturais em um ambiente completamente restaurado. O espa\u00e7o re\u00fane importantes equipamentos culturais, como o Teatro \u00c2ngela Oliveira, o Acervo Nelson Gon\u00e7alves, o Foyer J. Morbeck e<\/p>\n","protected":false},"author":1,"featured_media":71874,"comment_status":"open","ping_status":"open","sticky":false,"template":"","format":"standard","meta":{"jetpack_post_was_ever_published":false,"cybocfi_hide_featured_image":"","_jetpack_newsletter_access":"","_jetpack_dont_email_post_to_subs":false,"_jetpack_newsletter_tier_id":0,"_jetpack_memberships_contains_paywalled_content":false,"_jetpack_memberships_contains_paid_content":false,"footnotes":"","jetpack_publicize_message":"","jetpack_publicize_feature_enabled":true,"jetpack_social_post_already_shared":true,"jetpack_social_options":{"image_generator_settings":{"template":"highway","default_image_id":0,"font":"","enabled":false},"version":2}},"categories":[4,603],"tags":[],"class_list":["post-71873","post","type-post","status-publish","format-standard","has-post-thumbnail","hentry","category-cultura","category-destaques"],"jetpack_publicize_connections":[],"jetpack_featured_media_url":"https:\/\/blogdafeira.com.br\/home\/wp-content\/uploads\/2026\/04\/Prefeito-Reinauguracao-Maestro-Miro-Fotos-Washington-Nery-31-03-26-42.jpeg","jetpack_shortlink":"https:\/\/wp.me\/p3niVf-iHf","jetpack_sharing_enabled":true,"jetpack-related-posts":[{"id":66159,"url":"https:\/\/blogdafeira.com.br\/home\/2025\/03\/13\/prefeitura-vai-reiniciar-as-obras-de-manutencao-e-reforma-no-centro-de-cultura-maestro-miro\/","url_meta":{"origin":71873,"position":0},"title":"Prefeitura vai reiniciar as obras de manuten\u00e7\u00e3o e reforma no Centro de Cultura Maestro Miro","author":"Secom\/FSA","date":"13\/03\/2025","format":false,"excerpt":"Implantado h\u00e1 mais de 20 anos,\u00a0 no primeiro governo de Z\u00e9 Ronaldo, o Centro de Cultura Maestro Miro est\u00e1 com as obras de reforma suspensas desde o final do ano passado mas ser\u00e3o retomadas e.concluidas dentro de cerca de 90 dias, confirmem autorizou ontem o Prefeito de Feira em visita\u2026","rel":"","context":"Em &quot;Cultura&quot;","block_context":{"text":"Cultura","link":"https:\/\/blogdafeira.com.br\/home\/categoria\/cultura\/"},"img":{"alt_text":"","src":"https:\/\/i0.wp.com\/blogdafeira.com.br\/home\/wp-content\/uploads\/2025\/03\/Prefeito-Anuncia-Reforma-do-Maestro-Miro-foto-Jorge-Magalhaes-41.jpeg?resize=350%2C200&ssl=1","width":350,"height":200,"srcset":"https:\/\/i0.wp.com\/blogdafeira.com.br\/home\/wp-content\/uploads\/2025\/03\/Prefeito-Anuncia-Reforma-do-Maestro-Miro-foto-Jorge-Magalhaes-41.jpeg?resize=350%2C200&ssl=1 1x, https:\/\/i0.wp.com\/blogdafeira.com.br\/home\/wp-content\/uploads\/2025\/03\/Prefeito-Anuncia-Reforma-do-Maestro-Miro-foto-Jorge-Magalhaes-41.jpeg?resize=525%2C300&ssl=1 1.5x, https:\/\/i0.wp.com\/blogdafeira.com.br\/home\/wp-content\/uploads\/2025\/03\/Prefeito-Anuncia-Reforma-do-Maestro-Miro-foto-Jorge-Magalhaes-41.jpeg?resize=700%2C400&ssl=1 2x, https:\/\/i0.wp.com\/blogdafeira.com.br\/home\/wp-content\/uploads\/2025\/03\/Prefeito-Anuncia-Reforma-do-Maestro-Miro-foto-Jorge-Magalhaes-41.jpeg?resize=1050%2C600&ssl=1 3x"},"classes":[]},{"id":33061,"url":"https:\/\/blogdafeira.com.br\/home\/2019\/09\/30\/fenatifs-2019-comeca-nesta-terca-feira-com-atividades-no-teatro-do-cuca\/","url_meta":{"origin":71873,"position":1},"title":"Fenatifs 2019 come\u00e7a nesta ter\u00e7a-feira com atividades no Teatro do Cuca","author":"Secom\/FSA","date":"30\/09\/2019","format":false,"excerpt":"12\u00aa edi\u00e7\u00e3o do evento contar\u00e1 com mais de 50 apresenta\u00e7\u00f5es de grupos de v\u00e1rias partes do Brasil. De 1\u00ba a 12 de outubro, a Cia. Cuca de Teatro realiza a 12\u00aa edi\u00e7\u00e3o do Festival Nacional de Teatro Infantil de Feira de Santana (Fenatifs) com espet\u00e1culos teatrais,\u00a0circenses, de dan\u00e7a, teatro de\u2026","rel":"","context":"Em &quot;Home&quot;","block_context":{"text":"Home","link":"https:\/\/blogdafeira.com.br\/home\/categoria\/raiz\/"},"img":{"alt_text":"","src":"https:\/\/i0.wp.com\/blogdafeira.com.br\/home\/wp-content\/uploads\/2019\/09\/logo_FENATIFS-2019-321x300.png?resize=350%2C200","width":350,"height":200},"classes":[]},{"id":24902,"url":"https:\/\/blogdafeira.com.br\/home\/2016\/12\/13\/maestrina-celiah-zaiin-rege-coral-do-maestro-miro-no-natal-encantado-da-feira\/","url_meta":{"origin":71873,"position":2},"title":"Maestrina Celiah Zaiin rege Coral do Maestro Miro no Natal Encantado da Feira","author":"Secom\/FSA","date":"13\/12\/2016","format":false,"excerpt":"O Coral do Centro de Cultura Maestro Miro, o maior da cidade com 56 componentes, vai se apresentar no Natal Encantado, que transcorrer\u00e1 de 18 a 23 de dezembro.O evento \u00e9 um dos maiores festivais de cultura e arte religiosa, que chega a sua quarta edi\u00e7\u00e3o. Os coristas do Maestro\u2026","rel":"","context":"Em &quot;Home&quot;","block_context":{"text":"Home","link":"https:\/\/blogdafeira.com.br\/home\/categoria\/raiz\/"},"img":{"alt_text":"coral-maestro-miro-fotos-washington-nery-21-12-15","src":"https:\/\/i0.wp.com\/blogdafeira.com.br\/home\/wp-content\/uploads\/2016\/12\/Coral-Maestro-Miro-Fotos-Washington-Nery-21-12-15.jpg?resize=350%2C200","width":350,"height":200,"srcset":"https:\/\/i0.wp.com\/blogdafeira.com.br\/home\/wp-content\/uploads\/2016\/12\/Coral-Maestro-Miro-Fotos-Washington-Nery-21-12-15.jpg?resize=350%2C200 1x, https:\/\/i0.wp.com\/blogdafeira.com.br\/home\/wp-content\/uploads\/2016\/12\/Coral-Maestro-Miro-Fotos-Washington-Nery-21-12-15.jpg?resize=525%2C300 1.5x, https:\/\/i0.wp.com\/blogdafeira.com.br\/home\/wp-content\/uploads\/2016\/12\/Coral-Maestro-Miro-Fotos-Washington-Nery-21-12-15.jpg?resize=700%2C400 2x"},"classes":[]},{"id":3539,"url":"https:\/\/blogdafeira.com.br\/home\/2013\/07\/15\/conferencia-de-cultura-de-feira-sera-no-teatro-do-maestro-miro\/","url_meta":{"origin":71873,"position":3},"title":"Confer\u00eancia de Cultura de Feira ser\u00e1 no teatro do Maestro Miro","author":"Secom\/FSA","date":"15\/07\/2013","format":false,"excerpt":"Nesta ter\u00e7a-feira, 16, a partir das 8h, no Centro de Cultura Maestro Miro, ser\u00e1 realizada a 3\u00aa Confer\u00eancia Municipal de Cultura. Consolidar o Sistema Municipal de Cultura, estimular a ades\u00e3o aos Sistemas Estadual e Nacional, bem como elaborar um plano de a\u00e7\u00f5es estrat\u00e9gicas para a cultura do munic\u00edpio, s\u00e3o objetivos\u2026","rel":"","context":"Em &quot;Home&quot;","block_context":{"text":"Home","link":"https:\/\/blogdafeira.com.br\/home\/categoria\/raiz\/"},"img":{"alt_text":"","src":"","width":0,"height":0},"classes":[]},{"id":28243,"url":"https:\/\/blogdafeira.com.br\/home\/2017\/09\/22\/nomeados-os-12-membros-do-conselho-de-cultura-de-feira-de-santana\/","url_meta":{"origin":71873,"position":4},"title":"Nomeados os 12 membros do Conselho de Cultura de Feira de Santana","author":"Secom\/FSA","date":"22\/09\/2017","format":false,"excerpt":"Os novos membros do Conselho Municipal de Cultura de Feira de Santana, que representam o poder p\u00fablico e a sociedade civil, foram nomeados quinta-feira, 21, pelo prefeito Jos\u00e9 Ronaldo de Carvalho. O mandato ser\u00e1 de dois anos. O decreto 10.394 foi publicado na edi\u00e7\u00e3o desta quinta-feira do Di\u00e1rio Oficial Eletr\u00f4nico\u2026","rel":"","context":"Em &quot;Home&quot;","block_context":{"text":"Home","link":"https:\/\/blogdafeira.com.br\/home\/categoria\/raiz\/"},"img":{"alt_text":"fb_img_1504999832775","src":"https:\/\/i0.wp.com\/blogdafeira.com.br\/home\/wp-content\/uploads\/2017\/09\/FB_IMG_1504999832775-1.jpg?resize=350%2C200","width":350,"height":200,"srcset":"https:\/\/i0.wp.com\/blogdafeira.com.br\/home\/wp-content\/uploads\/2017\/09\/FB_IMG_1504999832775-1.jpg?resize=350%2C200 1x, https:\/\/i0.wp.com\/blogdafeira.com.br\/home\/wp-content\/uploads\/2017\/09\/FB_IMG_1504999832775-1.jpg?resize=525%2C300 1.5x, https:\/\/i0.wp.com\/blogdafeira.com.br\/home\/wp-content\/uploads\/2017\/09\/FB_IMG_1504999832775-1.jpg?resize=700%2C400 2x"},"classes":[]},{"id":30116,"url":"https:\/\/blogdafeira.com.br\/home\/2018\/08\/30\/colecao-de-diogenes-agora-e-o-memorial-nelson-goncalves-no-maestro-miro\/","url_meta":{"origin":71873,"position":5},"title":"Cole\u00e7\u00e3o de Di\u00f3genes agora \u00e9 o &#8216;Memorial Nelson Gon\u00e7alves&#8217; no Maestro Miro","author":"Secom\/FSA","date":"30\/08\/2018","format":false,"excerpt":"A cole\u00e7\u00e3o de discos e cds do cantor Nelson Gon\u00e7alves organizada durante mais de 60 anos pelo ex-cobrador das mensalidades do Clube de Campo Cajueiro de Feira de Santana, Di\u00f3genes Carvalho, 82 anos, transformou-se no 'Memorial Nelson Gon\u00e7alves' instalado no Centro Cultural Maestro Miro. O acervo de Di\u00f3genes estava em\u2026","rel":"","context":"Em &quot;Home&quot;","block_context":{"text":"Home","link":"https:\/\/blogdafeira.com.br\/home\/categoria\/raiz\/"},"img":{"alt_text":"","src":"https:\/\/i0.wp.com\/blogdafeira.com.br\/home\/wp-content\/uploads\/2018\/08\/IMG-20180829-WA0143.jpg?resize=350%2C200","width":350,"height":200,"srcset":"https:\/\/i0.wp.com\/blogdafeira.com.br\/home\/wp-content\/uploads\/2018\/08\/IMG-20180829-WA0143.jpg?resize=350%2C200 1x, https:\/\/i0.wp.com\/blogdafeira.com.br\/home\/wp-content\/uploads\/2018\/08\/IMG-20180829-WA0143.jpg?resize=525%2C300 1.5x, https:\/\/i0.wp.com\/blogdafeira.com.br\/home\/wp-content\/uploads\/2018\/08\/IMG-20180829-WA0143.jpg?resize=700%2C400 2x, https:\/\/i0.wp.com\/blogdafeira.com.br\/home\/wp-content\/uploads\/2018\/08\/IMG-20180829-WA0143.jpg?resize=1050%2C600 3x"},"classes":[]}],"_links":{"self":[{"href":"https:\/\/blogdafeira.com.br\/home\/wp-json\/wp\/v2\/posts\/71873","targetHints":{"allow":["GET"]}}],"collection":[{"href":"https:\/\/blogdafeira.com.br\/home\/wp-json\/wp\/v2\/posts"}],"about":[{"href":"https:\/\/blogdafeira.com.br\/home\/wp-json\/wp\/v2\/types\/post"}],"author":[{"embeddable":true,"href":"https:\/\/blogdafeira.com.br\/home\/wp-json\/wp\/v2\/users\/1"}],"replies":[{"embeddable":true,"href":"https:\/\/blogdafeira.com.br\/home\/wp-json\/wp\/v2\/comments?post=71873"}],"version-history":[{"count":1,"href":"https:\/\/blogdafeira.com.br\/home\/wp-json\/wp\/v2\/posts\/71873\/revisions"}],"predecessor-version":[{"id":71875,"href":"https:\/\/blogdafeira.com.br\/home\/wp-json\/wp\/v2\/posts\/71873\/revisions\/71875"}],"wp:featuredmedia":[{"embeddable":true,"href":"https:\/\/blogdafeira.com.br\/home\/wp-json\/wp\/v2\/media\/71874"}],"wp:attachment":[{"href":"https:\/\/blogdafeira.com.br\/home\/wp-json\/wp\/v2\/media?parent=71873"}],"wp:term":[{"taxonomy":"category","embeddable":true,"href":"https:\/\/blogdafeira.com.br\/home\/wp-json\/wp\/v2\/categories?post=71873"},{"taxonomy":"post_tag","embeddable":true,"href":"https:\/\/blogdafeira.com.br\/home\/wp-json\/wp\/v2\/tags?post=71873"}],"curies":[{"name":"wp","href":"https:\/\/api.w.org\/{rel}","templated":true}]}}