{"id":71879,"date":"2026-04-02T14:58:23","date_gmt":"2026-04-02T17:58:23","guid":{"rendered":"https:\/\/blogdafeira.com.br\/home\/?p=71879"},"modified":"2026-04-02T14:58:23","modified_gmt":"2026-04-02T17:58:23","slug":"iderval-e-o-romance-inacabado-e-nunca-publicado-de-dival","status":"publish","type":"post","link":"https:\/\/blogdafeira.com.br\/home\/2026\/04\/02\/iderval-e-o-romance-inacabado-e-nunca-publicado-de-dival\/","title":{"rendered":"Iderval e o romance inacabado e nunca publicado de Dival"},"content":{"rendered":"<div id=\"blogd-3573777703\" class=\"blogd-fim-do-post-mobile blogd-entity-placement\" style=\"margin-left: auto;margin-right: auto;text-align: center;\"><a href=\"https:\/\/www.sefaz.feiradesantana.ba.gov.br\/\" target=\"_blank\" aria-label=\"728&#215;90 (6)\"><img loading=\"lazy\" decoding=\"async\" src=\"https:\/\/blogdafeira.com.br\/home\/wp-content\/uploads\/2026\/03\/728x90-6.gif\" alt=\"\"  class=\"no-lazyload\" width=\"728\" height=\"90\"  style=\"display: inline-block;\" \/><\/a><\/div><p>Era uma surpresa. Quando o poeta Iderval Miranda Miranda soubesse, o livro j\u00e1 estaria editado. Ent\u00e3o se contaria a partir dali n\u00e3o s\u00f3 a hist\u00f3ria que est\u00e1 no livro, mas a hist\u00f3ria do pr\u00f3prio livro e sua profunda liga\u00e7\u00e3o com a poesia desse grande poeta contempor\u00e2neo da Feira. N\u00e3o lhe dissemos nada. Nem quando o plano foi abaixo.<\/p><div id=\"blogd-3738826231\" class=\"blogd-conteudo-2-mobile blogd-entity-placement\"><a href=\"https:\/\/feirenses.com.br\/\" target=\"_blank\" aria-label=\"feirenses\"><img loading=\"lazy\" decoding=\"async\" src=\"https:\/\/blogdafeira.com.br\/home\/wp-content\/uploads\/2026\/04\/feirenses.png\" alt=\"\"  srcset=\"https:\/\/blogdafeira.com.br\/home\/wp-content\/uploads\/2026\/04\/feirenses.png 300w, https:\/\/blogdafeira.com.br\/home\/wp-content\/uploads\/2026\/04\/feirenses-170x45.png 170w, https:\/\/blogdafeira.com.br\/home\/wp-content\/uploads\/2026\/04\/feirenses-280x74.png 280w\" sizes=\"(max-width: 300px) 100vw, 300px\" class=\"no-lazyload\" width=\"300\" height=\"79\"  style=\"display: inline-block;\" \/><\/a><\/div>\n<p>Foi um erro, dos in\u00fameros cometidos, na estrat\u00e9gia para editar o &#8220;romance sempre inacabado&#8221; do intelectual Dival Pitombo.<\/p>\n<p><img loading=\"lazy\" decoding=\"async\" class=\"aligncenter size-large wp-image-71881\" src=\"https:\/\/blogdafeira.com.br\/home\/wp-content\/uploads\/2026\/04\/Screenshot_20250608-093151-1024x1015.png\" alt=\"\" width=\"1024\" height=\"1015\" srcset=\"https:\/\/blogdafeira.com.br\/home\/wp-content\/uploads\/2026\/04\/Screenshot_20250608-093151-1024x1015.png 1024w, https:\/\/blogdafeira.com.br\/home\/wp-content\/uploads\/2026\/04\/Screenshot_20250608-093151-303x300.png 303w, https:\/\/blogdafeira.com.br\/home\/wp-content\/uploads\/2026\/04\/Screenshot_20250608-093151-151x150.png 151w, https:\/\/blogdafeira.com.br\/home\/wp-content\/uploads\/2026\/04\/Screenshot_20250608-093151-768x762.png 768w, https:\/\/blogdafeira.com.br\/home\/wp-content\/uploads\/2026\/04\/Screenshot_20250608-093151-189x187.png 189w, https:\/\/blogdafeira.com.br\/home\/wp-content\/uploads\/2026\/04\/Screenshot_20250608-093151.png 1080w\" sizes=\"auto, (max-width: 1024px) 100vw, 1024px\" \/><\/p>\n<p>Manuscritos garimpados nos arquivos do esp\u00f3lio de Dival, atrav\u00e9s de conex\u00f5es de amizades e v\u00ednculos familiares, nas quais teve papel preponderante, as jornalistas Socorro Pitombo e Carolina Lobo.<\/p>\n<p>Com Socorro, e mais Vivaldo Lima, que fez a capa do livro in\u00e9dito, o levamos para ser impresso onde n\u00e3o dev\u00edamos levar. E eu me culpo pela ingenuidade:<\/p>\n<p>fomos presentear o livro \u00e0 Reitoria da UEFS, institui\u00e7\u00e3o da qual Dival foi um dos fundadores primordiais.\u00a0 Voc\u00ea j\u00e1 deduziu o que aconteceu&#8230;<\/p>\n<p>&#8220;Beco do Moc\u00f3&#8221;<\/p>\n<p>o intelectual<br \/>\ne seu romance sempre inacabado<\/p>\n<p>a farm\u00e1cia de cumpadinho<br \/>\ne os velhos gonococos<br \/>\nsuspirando pelas tristes samambaias<br \/>\nj\u00e1 apodrecidas<\/p>\n<p>juventude e saudade<\/p>\n<div id=\"blogd-2896145955\" class=\"blogd-final-post blogd-entity-placement\"><a href=\"https:\/\/www.feiradesantana.ba.leg.br\/\" target=\"_blank\" aria-label=\"BANNER-SITE-ENTREGADECHEQUE-CAMARADEFEIRA\"><img loading=\"lazy\" decoding=\"async\" src=\"https:\/\/blogdafeira.com.br\/home\/wp-content\/uploads\/2026\/03\/BANNER-SITE-ENTREGADECHEQUE-CAMARADEFEIRA.gif\" alt=\"\"  class=\"no-lazyload\" width=\"728\" height=\"90\"   \/><\/a><\/div><p>(em Poemas de Feira, de Iderval Miranda)<\/p>\n","protected":false},"excerpt":{"rendered":"<p>Era uma surpresa. Quando o poeta Iderval Miranda Miranda soubesse, o livro j\u00e1 estaria editado. Ent\u00e3o se contaria a partir dali n\u00e3o s\u00f3 a hist\u00f3ria que est\u00e1 no livro, mas a hist\u00f3ria do pr\u00f3prio livro e sua profunda liga\u00e7\u00e3o com a poesia desse grande poeta contempor\u00e2neo da Feira. N\u00e3o lhe dissemos nada. Nem quando o<\/p>\n","protected":false},"author":8,"featured_media":71880,"comment_status":"open","ping_status":"open","sticky":false,"template":"","format":"standard","meta":{"jetpack_post_was_ever_published":false,"cybocfi_hide_featured_image":"","_jetpack_newsletter_access":"","_jetpack_dont_email_post_to_subs":false,"_jetpack_newsletter_tier_id":0,"_jetpack_memberships_contains_paywalled_content":false,"_jetpack_memberships_contains_paid_content":false,"footnotes":"","jetpack_publicize_message":"","jetpack_publicize_feature_enabled":true,"jetpack_social_post_already_shared":true,"jetpack_social_options":{"image_generator_settings":{"template":"highway","default_image_id":0,"font":"","enabled":false},"version":2}},"categories":[592,603],"tags":[],"class_list":["post-71879","post","type-post","status-publish","format-standard","has-post-thumbnail","hentry","category-colunistas","category-destaques"],"jetpack_publicize_connections":[],"jetpack_featured_media_url":"https:\/\/blogdafeira.com.br\/home\/wp-content\/uploads\/2026\/04\/IMG_20260402_0657542562-scaled.jpg","jetpack_shortlink":"https:\/\/wp.me\/p3niVf-iHl","jetpack_sharing_enabled":true,"jetpack-related-posts":[{"id":67258,"url":"https:\/\/blogdafeira.com.br\/home\/2025\/05\/14\/beco-do-moco-romance-inacabado-de-dival-pitombo-rejeitado-pela-uefs\/","url_meta":{"origin":71879,"position":0},"title":"&#8216;Beco do Moc\u00f3&#8217;, romance inacabado de Dival Pitombo rejeitado pela UEFS","author":"J\u00e2nio R\u00eago","date":"14\/05\/2025","format":false,"excerpt":"Nas d\u00e9cadas de 70-80, o livro era referenciado constantemente pela imprensa local quando se referia ao professor Dival Pitombo, um dos fundadores da Universidade Estadual de Feira, o anfitri\u00e3o feirense de Jorge Amado e Zelia com Jean-Paul Sartre e Simone de Beauvoir numa memor\u00e1vel visita ao Brasil do intelectual franc\u00eas,\u2026","rel":"","context":"Em &quot;Colunistas&quot;","block_context":{"text":"Colunistas","link":"https:\/\/blogdafeira.com.br\/home\/categoria\/colunistas\/"},"img":{"alt_text":"","src":"https:\/\/i0.wp.com\/blogdafeira.com.br\/home\/wp-content\/uploads\/2025\/05\/Screenshot_20250514-1504382.png?resize=350%2C200&ssl=1","width":350,"height":200,"srcset":"https:\/\/i0.wp.com\/blogdafeira.com.br\/home\/wp-content\/uploads\/2025\/05\/Screenshot_20250514-1504382.png?resize=350%2C200&ssl=1 1x, https:\/\/i0.wp.com\/blogdafeira.com.br\/home\/wp-content\/uploads\/2025\/05\/Screenshot_20250514-1504382.png?resize=525%2C300&ssl=1 1.5x, https:\/\/i0.wp.com\/blogdafeira.com.br\/home\/wp-content\/uploads\/2025\/05\/Screenshot_20250514-1504382.png?resize=700%2C400&ssl=1 2x, https:\/\/i0.wp.com\/blogdafeira.com.br\/home\/wp-content\/uploads\/2025\/05\/Screenshot_20250514-1504382.png?resize=1050%2C600&ssl=1 3x"},"classes":[]},{"id":67731,"url":"https:\/\/blogdafeira.com.br\/home\/2025\/06\/08\/beco-do-moco-o-romance-inacabado-de-dival-pitombo-parte-2\/","url_meta":{"origin":71879,"position":1},"title":"Beco do Moc\u00f3, o romance inacabado de Dival Pitombo, parte 2","author":"J\u00e2nio R\u00eago","date":"08\/06\/2025","format":false,"excerpt":"Ficamos mais que chocados com a recusa da Reitoria da UEFS, atribu\u00edda a um \"Conselho Editorial\" que n\u00e3o via \"qualidade liter\u00e1ria \" no livro. Ora, a qualidade liter\u00e1ria naquele momento era o que menos importava pelas raz\u00f5es que s\u00e3o dispens\u00e1veis dizer para quem conhece um m\u00ednimo do meio acad\u00eamico e\u2026","rel":"","context":"Em &quot;Colunistas&quot;","block_context":{"text":"Colunistas","link":"https:\/\/blogdafeira.com.br\/home\/categoria\/colunistas\/"},"img":{"alt_text":"","src":"https:\/\/i0.wp.com\/blogdafeira.com.br\/home\/wp-content\/uploads\/2025\/06\/Screenshot_20250608-0931512.png?resize=350%2C200&ssl=1","width":350,"height":200,"srcset":"https:\/\/i0.wp.com\/blogdafeira.com.br\/home\/wp-content\/uploads\/2025\/06\/Screenshot_20250608-0931512.png?resize=350%2C200&ssl=1 1x, https:\/\/i0.wp.com\/blogdafeira.com.br\/home\/wp-content\/uploads\/2025\/06\/Screenshot_20250608-0931512.png?resize=525%2C300&ssl=1 1.5x, https:\/\/i0.wp.com\/blogdafeira.com.br\/home\/wp-content\/uploads\/2025\/06\/Screenshot_20250608-0931512.png?resize=700%2C400&ssl=1 2x, https:\/\/i0.wp.com\/blogdafeira.com.br\/home\/wp-content\/uploads\/2025\/06\/Screenshot_20250608-0931512.png?resize=1050%2C600&ssl=1 3x"},"classes":[]},{"id":58551,"url":"https:\/\/blogdafeira.com.br\/home\/2023\/07\/06\/o-bando-e-os-becos\/","url_meta":{"origin":71879,"position":2},"title":"O Bando e os Becos","author":"J\u00e2nio R\u00eago","date":"06\/07\/2023","format":false,"excerpt":"Em mem\u00f3ria da amiga jornalista Socorro Pitombo. Os Pitombos viveram e moraram ali pelo Beco do Moc\u00f3. Beto, o cantor, poeta, cujo corpo e alma vivem no mar de\u00a0 Imbassahy mas um dos cora\u00e7\u00f5es (ele tem muitos) est\u00e1 navegando sempre por aqui clique aqui; Dival, o ensa\u00edsta, pioneiro da UEFS,\u2026","rel":"","context":"Em &quot;Colunistas&quot;","block_context":{"text":"Colunistas","link":"https:\/\/blogdafeira.com.br\/home\/categoria\/colunistas\/"},"img":{"alt_text":"","src":"https:\/\/i0.wp.com\/blogdafeira.com.br\/home\/wp-content\/uploads\/2023\/07\/Screenshot_20230706-082329.png?resize=350%2C200&ssl=1","width":350,"height":200,"srcset":"https:\/\/i0.wp.com\/blogdafeira.com.br\/home\/wp-content\/uploads\/2023\/07\/Screenshot_20230706-082329.png?resize=350%2C200&ssl=1 1x, https:\/\/i0.wp.com\/blogdafeira.com.br\/home\/wp-content\/uploads\/2023\/07\/Screenshot_20230706-082329.png?resize=525%2C300&ssl=1 1.5x, https:\/\/i0.wp.com\/blogdafeira.com.br\/home\/wp-content\/uploads\/2023\/07\/Screenshot_20230706-082329.png?resize=700%2C400&ssl=1 2x, https:\/\/i0.wp.com\/blogdafeira.com.br\/home\/wp-content\/uploads\/2023\/07\/Screenshot_20230706-082329.png?resize=1050%2C600&ssl=1 3x"},"classes":[]},{"id":16405,"url":"https:\/\/blogdafeira.com.br\/home\/2015\/09\/02\/os-flamboyants-estao-floridos-por-dival-pitombo\/","url_meta":{"origin":71879,"position":3},"title":"Os flamboyants est\u00e3o floridos, por Dival Pitombo","author":"Blog da Feira","date":"02\/09\/2015","format":false,"excerpt":"HOMENS PR\u00c1TICOSparai vossos computadores.M\u00e1gicos, poetas,sacerdotes,homens p\u00fablicose mulheres publicadas.Vagabundos,viciados e ladr\u00f5es,e l\u00e2nguidas prostitutasque investis na noiteo ouro das vossas vidas,esquecei por um instantea vossa loucura.E correi, de m\u00e3os dadas,para a pra\u00e7a.Vinde olhar o c\u00e9u,que h\u00e1 um jardim de fogoplantado no azul.Os flamboyants est\u00e3o floridos!\u00a0Dival Pitombo, poeta, professor e ensaista, cr\u00edtico de\u2026","rel":"","context":"Em &quot;Home&quot;","block_context":{"text":"Home","link":"https:\/\/blogdafeira.com.br\/home\/categoria\/raiz\/"},"img":{"alt_text":"getulio vargas","src":"https:\/\/i0.wp.com\/blogdafeira.com.br\/home\/wp-content\/uploads\/2015\/03\/getulio-vargas.jpg?resize=350%2C200","width":350,"height":200,"srcset":"https:\/\/i0.wp.com\/blogdafeira.com.br\/home\/wp-content\/uploads\/2015\/03\/getulio-vargas.jpg?resize=350%2C200 1x, https:\/\/i0.wp.com\/blogdafeira.com.br\/home\/wp-content\/uploads\/2015\/03\/getulio-vargas.jpg?resize=525%2C300 1.5x"},"classes":[]},{"id":62690,"url":"https:\/\/blogdafeira.com.br\/home\/2024\/07\/02\/corpo-de-iderval-miranda-sera-cremado-em-salvador\/","url_meta":{"origin":71879,"position":4},"title":"Corpo de Iderval Miranda ser\u00e1 cremado em Salvador","author":"Blog da Feira","date":"02\/07\/2024","format":false,"excerpt":"Faleceu nesta ter\u00e7a-feira, 2, o professor, poeta e escritor feirense Iderval Miranda, aos 75 anos. Era integrante do Grupo Hera. Foi banc\u00e1rio do Banco do Brasil. Gostava de fotografia. Iderval publicou os livros: Ta\u00e7a de Tule (1975), Festa e funeral (1982), O azul e o nada (1987), O veneno e\u2026","rel":"","context":"Em &quot;Cultura&quot;","block_context":{"text":"Cultura","link":"https:\/\/blogdafeira.com.br\/home\/categoria\/cultura\/"},"img":{"alt_text":"","src":"https:\/\/i0.wp.com\/blogdafeira.com.br\/home\/wp-content\/uploads\/2024\/07\/claclp.jpg?resize=350%2C200&ssl=1","width":350,"height":200,"srcset":"https:\/\/i0.wp.com\/blogdafeira.com.br\/home\/wp-content\/uploads\/2024\/07\/claclp.jpg?resize=350%2C200&ssl=1 1x, https:\/\/i0.wp.com\/blogdafeira.com.br\/home\/wp-content\/uploads\/2024\/07\/claclp.jpg?resize=525%2C300&ssl=1 1.5x, https:\/\/i0.wp.com\/blogdafeira.com.br\/home\/wp-content\/uploads\/2024\/07\/claclp.jpg?resize=700%2C400&ssl=1 2x"},"classes":[]},{"id":17883,"url":"https:\/\/blogdafeira.com.br\/home\/2015\/11\/23\/feira-de-santana-comemora-o-centenario-de-dival-pitombo\/","url_meta":{"origin":71879,"position":5},"title":"Feira de Santana comemora o centen\u00e1rio de Dival Pitombo","author":"Blog da Feira","date":"23\/11\/2015","format":false,"excerpt":"Uma exposi\u00e7\u00e3o da vida e obra de Dival Pitombo (na foto, com Jorge Amado em Feira de Santana) marcou o centen\u00e1rio de um dos \u00edcones da cultura de Feira de Santana, na sexta-feira, no Museu Parque do Saber \"Dival Pitombo'. As homenagens foram iniciadas com apresenta\u00e7\u00e3o do Coral das Aposentadas\u2026","rel":"","context":"Em &quot;Home&quot;","block_context":{"text":"Home","link":"https:\/\/blogdafeira.com.br\/home\/categoria\/raiz\/"},"img":{"alt_text":"DIVAL E JORGE AMADO","src":"https:\/\/i0.wp.com\/blogdafeira.com.br\/home\/wp-content\/uploads\/2015\/11\/DIVAL-E-JORGE-AMADO.jpg?resize=350%2C200","width":350,"height":200,"srcset":"https:\/\/i0.wp.com\/blogdafeira.com.br\/home\/wp-content\/uploads\/2015\/11\/DIVAL-E-JORGE-AMADO.jpg?resize=350%2C200 1x, https:\/\/i0.wp.com\/blogdafeira.com.br\/home\/wp-content\/uploads\/2015\/11\/DIVAL-E-JORGE-AMADO.jpg?resize=525%2C300 1.5x"},"classes":[]}],"_links":{"self":[{"href":"https:\/\/blogdafeira.com.br\/home\/wp-json\/wp\/v2\/posts\/71879","targetHints":{"allow":["GET"]}}],"collection":[{"href":"https:\/\/blogdafeira.com.br\/home\/wp-json\/wp\/v2\/posts"}],"about":[{"href":"https:\/\/blogdafeira.com.br\/home\/wp-json\/wp\/v2\/types\/post"}],"author":[{"embeddable":true,"href":"https:\/\/blogdafeira.com.br\/home\/wp-json\/wp\/v2\/users\/8"}],"replies":[{"embeddable":true,"href":"https:\/\/blogdafeira.com.br\/home\/wp-json\/wp\/v2\/comments?post=71879"}],"version-history":[{"count":1,"href":"https:\/\/blogdafeira.com.br\/home\/wp-json\/wp\/v2\/posts\/71879\/revisions"}],"predecessor-version":[{"id":71882,"href":"https:\/\/blogdafeira.com.br\/home\/wp-json\/wp\/v2\/posts\/71879\/revisions\/71882"}],"wp:featuredmedia":[{"embeddable":true,"href":"https:\/\/blogdafeira.com.br\/home\/wp-json\/wp\/v2\/media\/71880"}],"wp:attachment":[{"href":"https:\/\/blogdafeira.com.br\/home\/wp-json\/wp\/v2\/media?parent=71879"}],"wp:term":[{"taxonomy":"category","embeddable":true,"href":"https:\/\/blogdafeira.com.br\/home\/wp-json\/wp\/v2\/categories?post=71879"},{"taxonomy":"post_tag","embeddable":true,"href":"https:\/\/blogdafeira.com.br\/home\/wp-json\/wp\/v2\/tags?post=71879"}],"curies":[{"name":"wp","href":"https:\/\/api.w.org\/{rel}","templated":true}]}}