{"id":71884,"date":"2026-04-02T20:26:27","date_gmt":"2026-04-02T23:26:27","guid":{"rendered":"https:\/\/blogdafeira.com.br\/home\/?p=71884"},"modified":"2026-04-02T20:26:27","modified_gmt":"2026-04-02T23:26:27","slug":"banca-status-ja-tem-os-livros-do-projeto-feira-le-sua-historia-da-fundacao-sr-dos-passos","status":"publish","type":"post","link":"https:\/\/blogdafeira.com.br\/home\/2026\/04\/02\/banca-status-ja-tem-os-livros-do-projeto-feira-le-sua-historia-da-fundacao-sr-dos-passos\/","title":{"rendered":"Banca Status j\u00e1 tem os livros do projeto &#8220;Feira L\u00ea Sua Hist\u00f3ria&#8221; da Funda\u00e7\u00e3o Sr. dos Passos"},"content":{"rendered":"<div id=\"blogd-2394521422\" class=\"blogd-fim-do-post-mobile blogd-entity-placement\" style=\"margin-left: auto;margin-right: auto;text-align: center;\"><a href=\"https:\/\/www.sefaz.feiradesantana.ba.gov.br\/\" target=\"_blank\" aria-label=\"728&#215;90 (6)\"><img loading=\"lazy\" decoding=\"async\" src=\"https:\/\/blogdafeira.com.br\/home\/wp-content\/uploads\/2026\/03\/728x90-6.gif\" alt=\"\"  class=\"no-lazyload\" width=\"728\" height=\"90\"  style=\"display: inline-block;\" \/><\/a><\/div><p>O projeto \u201cFEIRA L\u00ca SUA HIST\u00d3RIA\u201d chega \u00e0 BANCA STATUS em frente ao EMEC, a primeira banca de jornais e revistas a receber o projeto na manh\u00e3 dessa quinta-feira. Promovido pela Funda\u00e7\u00e3o Senhor dos Passos, este projeto constitui uma iniciativa de relevante valor cultural, educativo e social para o munic\u00edpio de Feira de Santana, ao disponibilizar, por meio de expositores distribu\u00eddos em diversos pontos estrat\u00e9gicos da cidade, obras publicadas pela pr\u00f3pria Funda\u00e7\u00e3o e pelo N\u00facleo de Preserva\u00e7\u00e3o da Mem\u00f3ria Feirense Rollie E. Poppino.<\/p><div id=\"blogd-301348973\" class=\"blogd-conteudo-2-mobile blogd-entity-placement\"><a href=\"https:\/\/feirenses.com.br\/\" target=\"_blank\" aria-label=\"feirenses\"><img loading=\"lazy\" decoding=\"async\" src=\"https:\/\/blogdafeira.com.br\/home\/wp-content\/uploads\/2026\/04\/feirenses.png\" alt=\"\"  srcset=\"https:\/\/blogdafeira.com.br\/home\/wp-content\/uploads\/2026\/04\/feirenses.png 300w, https:\/\/blogdafeira.com.br\/home\/wp-content\/uploads\/2026\/04\/feirenses-170x45.png 170w, https:\/\/blogdafeira.com.br\/home\/wp-content\/uploads\/2026\/04\/feirenses-280x74.png 280w\" sizes=\"(max-width: 300px) 100vw, 300px\" class=\"no-lazyload\" width=\"300\" height=\"79\"  style=\"display: inline-block;\" \/><\/a><\/div>\n<p>O projeto \u201cFeira l\u00ea sua hist\u00f3ria\u201d justifica-se como uma a\u00e7\u00e3o estrat\u00e9gica de promo\u00e7\u00e3o cultural, educa\u00e7\u00e3o patrimonial e difus\u00e3o do conhecimento, contribuindo para que a hist\u00f3ria de Feira de Santana seja conhecida, valorizada e preservada por sua pr\u00f3pria comunidade.<\/p>\n<p><img loading=\"lazy\" decoding=\"async\" class=\"aligncenter size-large wp-image-71886\" src=\"https:\/\/blogdafeira.com.br\/home\/wp-content\/uploads\/2026\/04\/IMG-20260402-WA0057-768x1024.jpg\" alt=\"\" width=\"768\" height=\"1024\" srcset=\"https:\/\/blogdafeira.com.br\/home\/wp-content\/uploads\/2026\/04\/IMG-20260402-WA0057-768x1024.jpg 768w, https:\/\/blogdafeira.com.br\/home\/wp-content\/uploads\/2026\/04\/IMG-20260402-WA0057-225x300.jpg 225w, https:\/\/blogdafeira.com.br\/home\/wp-content\/uploads\/2026\/04\/IMG-20260402-WA0057-113x150.jpg 113w, https:\/\/blogdafeira.com.br\/home\/wp-content\/uploads\/2026\/04\/IMG-20260402-WA0057-1152x1536.jpg 1152w, https:\/\/blogdafeira.com.br\/home\/wp-content\/uploads\/2026\/04\/IMG-20260402-WA0057-140x187.jpg 140w, https:\/\/blogdafeira.com.br\/home\/wp-content\/uploads\/2026\/04\/IMG-20260402-WA0057-1170x1560.jpg 1170w, https:\/\/blogdafeira.com.br\/home\/wp-content\/uploads\/2026\/04\/IMG-20260402-WA0057.jpg 1200w\" sizes=\"auto, (max-width: 768px) 100vw, 768px\" \/><\/p>\n<div id=\"blogd-2852330538\" class=\"blogd-final-post blogd-entity-placement\"><a href=\"https:\/\/www.feiradesantana.ba.leg.br\/\" target=\"_blank\" aria-label=\"BANNER-SITE-ENTREGADECHEQUE-CAMARADEFEIRA\"><img loading=\"lazy\" decoding=\"async\" src=\"https:\/\/blogdafeira.com.br\/home\/wp-content\/uploads\/2026\/03\/BANNER-SITE-ENTREGADECHEQUE-CAMARADEFEIRA.gif\" alt=\"\"  class=\"no-lazyload\" width=\"728\" height=\"90\"   \/><\/a><\/div><p>Trata-se de um investimento na mem\u00f3ria coletiva e na constru\u00e7\u00e3o de uma cidadania mais consciente de suas ra\u00edzes e de seu papel na continuidade dessa hist\u00f3ria.<\/p>\n","protected":false},"excerpt":{"rendered":"<p>O projeto \u201cFEIRA L\u00ca SUA HIST\u00d3RIA\u201d chega \u00e0 BANCA STATUS em frente ao EMEC, a primeira banca de jornais e revistas a receber o projeto na manh\u00e3 dessa quinta-feira. Promovido pela Funda\u00e7\u00e3o Senhor dos Passos, este projeto constitui uma iniciativa de relevante valor cultural, educativo e social para o munic\u00edpio de Feira de Santana, ao<\/p>\n","protected":false},"author":1,"featured_media":71885,"comment_status":"open","ping_status":"open","sticky":false,"template":"","format":"standard","meta":{"jetpack_post_was_ever_published":false,"cybocfi_hide_featured_image":"","_jetpack_newsletter_access":"","_jetpack_dont_email_post_to_subs":false,"_jetpack_newsletter_tier_id":0,"_jetpack_memberships_contains_paywalled_content":false,"_jetpack_memberships_contains_paid_content":false,"footnotes":"","jetpack_publicize_message":"","jetpack_publicize_feature_enabled":true,"jetpack_social_post_already_shared":true,"jetpack_social_options":{"image_generator_settings":{"template":"highway","default_image_id":0,"font":"","enabled":false},"version":2}},"categories":[4,603],"tags":[],"class_list":["post-71884","post","type-post","status-publish","format-standard","has-post-thumbnail","hentry","category-cultura","category-destaques"],"jetpack_publicize_connections":[],"jetpack_featured_media_url":"https:\/\/blogdafeira.com.br\/home\/wp-content\/uploads\/2026\/04\/IMG-20260402-WA0056.jpg","jetpack_shortlink":"https:\/\/wp.me\/p3niVf-iHq","jetpack_sharing_enabled":true,"jetpack-related-posts":[{"id":1669,"url":"https:\/\/blogdafeira.com.br\/home\/2013\/05\/16\/fundacao-que-restaurou-o-casarao-froes-da-mota-em-feira-completa-17-anos\/","url_meta":{"origin":71884,"position":0},"title":"Funda\u00e7\u00e3o que restaurou o &#8216;Casar\u00e3o Fr\u00f3es da Mota&#8217;, em Feira, completa 17 anos","author":"Ascom","date":"16\/05\/2013","format":false,"excerpt":"A Funda\u00e7\u00e3o Senhor dos Passos, de Feira de Santana, est\u00e1 completando 17 anos de funda\u00e7\u00e3o nesta quinta-feira (16). Ciada por \u00a0membros do Encontro de Casais com Cristo (ECC) da igreja cat\u00f3lica, ligados \u00e0 par\u00f3quia da Igreja Senhor dos Passos, no centro da cidade, a Funda\u00e7\u00e3o\u00a0\u00a0tem se notabilizado por projetos de\u2026","rel":"","context":"Em &quot;Home&quot;","block_context":{"text":"Home","link":"https:\/\/blogdafeira.com.br\/home\/categoria\/raiz\/"},"img":{"alt_text":"","src":"","width":0,"height":0},"classes":[]},{"id":71745,"url":"https:\/\/blogdafeira.com.br\/home\/2026\/03\/19\/filarmonica-terpsicore-popular-e-a-convidada-da-25-de-marco-para-a-retreta-na-matriz-da-feira\/","url_meta":{"origin":71884,"position":1},"title":"Filarm\u00f4nica Terps\u00edcore Popular \u00e9 a convidada da 25 de Marco para a retreta na Matriz da Feira","author":"Ascom","date":"19\/03\/2026","format":false,"excerpt":"A Filarm\u00f4nica Terps\u00edcore Popular, da cidade de Maragogipe, no Rec\u00f4ncavo baiano, \u00e9 a convidada especial da terceira apresenta\u00e7\u00e3o do Projeto Retreta, que acontece no dia 25 de mar\u00e7o, \u00e0s 19h, no coreto da Pra\u00e7a da Matriz (Pra\u00e7a Renato Galv\u00e3o), em Feira de Santana. Fundada em 13 de junho de 1880,\u2026","rel":"","context":"Em &quot;Cultura&quot;","block_context":{"text":"Cultura","link":"https:\/\/blogdafeira.com.br\/home\/categoria\/cultura\/"},"img":{"alt_text":"","src":"https:\/\/i0.wp.com\/blogdafeira.com.br\/home\/wp-content\/uploads\/2026\/03\/IMG-20260319-WA0043.jpg?resize=350%2C200&ssl=1","width":350,"height":200},"classes":[]},{"id":48824,"url":"https:\/\/blogdafeira.com.br\/home\/2021\/11\/24\/comeca-a-mostra-cultural-da-belgo-bekaert-em-feira-toda-atraves-do-youtube\/","url_meta":{"origin":71884,"position":2},"title":"Come\u00e7a a Mostra Cultural da Belgo Bekaert em Feira: toda atrav\u00e9s do Youtube","author":"Ascom","date":"24\/11\/2021","format":false,"excerpt":"A Mostra da Diversidade Cultural: Imagens da Cultura Popular em Feira de Santana foi pioneira em adaptar o edital para uma vers\u00e3o que respeitasse o momento pand\u00eamico. Neste ano, mesmo com o in\u00edcio da abertura para eventos presenciais, os organizadores mantiveram o formato, com poucas a\u00e7\u00f5es presenciais e com a\u2026","rel":"","context":"Em &quot;Cultura&quot;","block_context":{"text":"Cultura","link":"https:\/\/blogdafeira.com.br\/home\/categoria\/cultura\/"},"img":{"alt_text":"","src":"https:\/\/i0.wp.com\/blogdafeira.com.br\/home\/wp-content\/uploads\/2021\/11\/HOJE-TEM-1.png?resize=350%2C200&ssl=1","width":350,"height":200,"srcset":"https:\/\/i0.wp.com\/blogdafeira.com.br\/home\/wp-content\/uploads\/2021\/11\/HOJE-TEM-1.png?resize=350%2C200&ssl=1 1x, https:\/\/i0.wp.com\/blogdafeira.com.br\/home\/wp-content\/uploads\/2021\/11\/HOJE-TEM-1.png?resize=525%2C300&ssl=1 1.5x, https:\/\/i0.wp.com\/blogdafeira.com.br\/home\/wp-content\/uploads\/2021\/11\/HOJE-TEM-1.png?resize=700%2C400&ssl=1 2x, https:\/\/i0.wp.com\/blogdafeira.com.br\/home\/wp-content\/uploads\/2021\/11\/HOJE-TEM-1.png?resize=1050%2C600&ssl=1 3x"},"classes":[]},{"id":43690,"url":"https:\/\/blogdafeira.com.br\/home\/2021\/03\/01\/pirilampos-da-caatinga-vaqueiros-e-vaqueiras-de-uaua\/","url_meta":{"origin":71884,"position":3},"title":"&#8216;Pirilampos da Caatinga&#8217;, vaqueiros e vaqueiras de Uau\u00e1","author":"Ascom","date":"01\/03\/2021","format":false,"excerpt":"Um mergulho no universo vaqueiro, utilizando a fotografia como um fomento \u00e0 preserva\u00e7\u00e3o da mem\u00f3ria e a valoriza\u00e7\u00e3o dessa cultura popular. Com esse objetivo, nasceu o projeto Pirilampos da Caatinga, que re\u00fane fotos de vaqueiros e vaqueiras do munic\u00edpio de Uau\u00e1, cidade do norte baiano, a 430 Km de Salvador.\u2026","rel":"","context":"Em &quot;Cultura&quot;","block_context":{"text":"Cultura","link":"https:\/\/blogdafeira.com.br\/home\/categoria\/cultura\/"},"img":{"alt_text":"","src":"https:\/\/i0.wp.com\/blogdafeira.com.br\/home\/wp-content\/uploads\/2021\/03\/FB_IMG_1614591953260.jpg?resize=350%2C200&ssl=1","width":350,"height":200,"srcset":"https:\/\/i0.wp.com\/blogdafeira.com.br\/home\/wp-content\/uploads\/2021\/03\/FB_IMG_1614591953260.jpg?resize=350%2C200&ssl=1 1x, https:\/\/i0.wp.com\/blogdafeira.com.br\/home\/wp-content\/uploads\/2021\/03\/FB_IMG_1614591953260.jpg?resize=525%2C300&ssl=1 1.5x, https:\/\/i0.wp.com\/blogdafeira.com.br\/home\/wp-content\/uploads\/2021\/03\/FB_IMG_1614591953260.jpg?resize=700%2C400&ssl=1 2x"},"classes":[]},{"id":53622,"url":"https:\/\/blogdafeira.com.br\/home\/2022\/08\/05\/quase-200-projetos-na-mostra-da-diversidade-da-cultura-popular-em-feira\/","url_meta":{"origin":71884,"position":4},"title":"Quase 200 projetos na Mostra da Diversidade da Cultura Popular em Feira","author":"Ascom","date":"05\/08\/2022","format":false,"excerpt":"A Mostra da Diversidade Cultural: Imagens da Cultura Popular 2022 de Feira de Santana encerrou as inscri\u00e7\u00f5es no \u00faltimo dia 27, contabilizando quase 200 projetos inscritos. Desses, foram selecionados 12 pela equipe t\u00e9cnica para receber a premia\u00e7\u00e3o de R$ 5 mil e desenvolver todas as a\u00e7\u00f5es previstas no edital, que\u2026","rel":"","context":"Em &quot;Cultura&quot;","block_context":{"text":"Cultura","link":"https:\/\/blogdafeira.com.br\/home\/categoria\/cultura\/"},"img":{"alt_text":"","src":"https:\/\/i0.wp.com\/blogdafeira.com.br\/home\/wp-content\/uploads\/2022\/08\/Divulgacao-1.jpg?resize=350%2C200&ssl=1","width":350,"height":200,"srcset":"https:\/\/i0.wp.com\/blogdafeira.com.br\/home\/wp-content\/uploads\/2022\/08\/Divulgacao-1.jpg?resize=350%2C200&ssl=1 1x, https:\/\/i0.wp.com\/blogdafeira.com.br\/home\/wp-content\/uploads\/2022\/08\/Divulgacao-1.jpg?resize=525%2C300&ssl=1 1.5x"},"classes":[]},{"id":12270,"url":"https:\/\/blogdafeira.com.br\/home\/2014\/09\/04\/fundacao-sr-dos-passos-denuncia-abandono-da-igreja-dos-remedios-em-feira\/","url_meta":{"origin":71884,"position":5},"title":"Funda\u00e7\u00e3o Sr. dos Passos denuncia abandono da Igreja dos Rem\u00e9dios em Feira","author":"Ascom","date":"04\/09\/2014","format":false,"excerpt":"Em texto assinado pelo vice-presidente da Funda\u00e7\u00e3o Senhor dos Passos, de Feira de Santana, Carlos Brito, a institui\u00e7\u00e3o denuncia o 'abandono' do \u00fanico templo cat\u00f3lico da cidade tombado pelo Patrim\u00f4nio Hist\u00f3rico, em um informativo distribu\u00eddo esta semana nas par\u00f3quias da Arquidiocese de Feira de Santana. Carlos Brito prop\u00f5e uma 'campanha'\u2026","rel":"","context":"Em &quot;Home&quot;","block_context":{"text":"Home","link":"https:\/\/blogdafeira.com.br\/home\/categoria\/raiz\/"},"img":{"alt_text":"","src":"","width":0,"height":0},"classes":[]}],"_links":{"self":[{"href":"https:\/\/blogdafeira.com.br\/home\/wp-json\/wp\/v2\/posts\/71884","targetHints":{"allow":["GET"]}}],"collection":[{"href":"https:\/\/blogdafeira.com.br\/home\/wp-json\/wp\/v2\/posts"}],"about":[{"href":"https:\/\/blogdafeira.com.br\/home\/wp-json\/wp\/v2\/types\/post"}],"author":[{"embeddable":true,"href":"https:\/\/blogdafeira.com.br\/home\/wp-json\/wp\/v2\/users\/1"}],"replies":[{"embeddable":true,"href":"https:\/\/blogdafeira.com.br\/home\/wp-json\/wp\/v2\/comments?post=71884"}],"version-history":[{"count":1,"href":"https:\/\/blogdafeira.com.br\/home\/wp-json\/wp\/v2\/posts\/71884\/revisions"}],"predecessor-version":[{"id":71887,"href":"https:\/\/blogdafeira.com.br\/home\/wp-json\/wp\/v2\/posts\/71884\/revisions\/71887"}],"wp:featuredmedia":[{"embeddable":true,"href":"https:\/\/blogdafeira.com.br\/home\/wp-json\/wp\/v2\/media\/71885"}],"wp:attachment":[{"href":"https:\/\/blogdafeira.com.br\/home\/wp-json\/wp\/v2\/media?parent=71884"}],"wp:term":[{"taxonomy":"category","embeddable":true,"href":"https:\/\/blogdafeira.com.br\/home\/wp-json\/wp\/v2\/categories?post=71884"},{"taxonomy":"post_tag","embeddable":true,"href":"https:\/\/blogdafeira.com.br\/home\/wp-json\/wp\/v2\/tags?post=71884"}],"curies":[{"name":"wp","href":"https:\/\/api.w.org\/{rel}","templated":true}]}}