{"id":71957,"date":"2026-04-09T22:34:57","date_gmt":"2026-04-10T01:34:57","guid":{"rendered":"https:\/\/blogdafeira.com.br\/home\/?p=71957"},"modified":"2026-04-10T10:50:19","modified_gmt":"2026-04-10T13:50:19","slug":"pitombas-de-toinho-na-conselheiro-franco","status":"publish","type":"post","link":"https:\/\/blogdafeira.com.br\/home\/2026\/04\/09\/pitombas-de-toinho-na-conselheiro-franco\/","title":{"rendered":"Pitombas de Toinho na Conselheiro Franco"},"content":{"rendered":"<div id=\"blogd-4081620260\" class=\"blogd-fim-do-post-mobile blogd-entity-placement\" style=\"margin-left: auto;margin-right: auto;text-align: center;\"><a href=\"https:\/\/www.sefaz.feiradesantana.ba.gov.br\/\" target=\"_blank\" aria-label=\"728&#215;90 (6)\"><img loading=\"lazy\" decoding=\"async\" src=\"https:\/\/blogdafeira.com.br\/home\/wp-content\/uploads\/2026\/03\/728x90-6.gif\" alt=\"\"  class=\"no-lazyload\" width=\"728\" height=\"90\"  style=\"display: inline-block;\" \/><\/a><\/div><p>As pitombas de Toinho, na Conselheiro Franco s\u00e3o praticamente \u00fanicas na Feira.<br \/>\nAqui n\u00e3o se encontra pitomba em supermercados e nem em feirinhas de frutas. N\u00e3o faz parte dos h\u00e1bitos gastron\u00f4micos do baiano,<br \/>\ncomo \u00e9 em Pernambuco e outros estados ao norte.<br \/>\nPitomba na Feira \u00e9 com Toinho.<br \/>\nColhidas em S\u00e3o Jos\u00e9 das Itapororocas, onde nasceu a Feira grande.<\/p><div id=\"blogd-3646760373\" class=\"blogd-conteudo-2-mobile blogd-entity-placement\"><a href=\"https:\/\/feirenses.com.br\/\" target=\"_blank\" aria-label=\"feirenses\"><img loading=\"lazy\" decoding=\"async\" src=\"https:\/\/blogdafeira.com.br\/home\/wp-content\/uploads\/2026\/04\/feirenses.png\" alt=\"\"  srcset=\"https:\/\/blogdafeira.com.br\/home\/wp-content\/uploads\/2026\/04\/feirenses.png 300w, https:\/\/blogdafeira.com.br\/home\/wp-content\/uploads\/2026\/04\/feirenses-170x45.png 170w, https:\/\/blogdafeira.com.br\/home\/wp-content\/uploads\/2026\/04\/feirenses-280x74.png 280w\" sizes=\"(max-width: 300px) 100vw, 300px\" class=\"no-lazyload\" width=\"300\" height=\"79\"  style=\"display: inline-block;\" \/><\/a><\/div>\n<div id=\"blogd-1763110002\" class=\"blogd-final-post blogd-entity-placement\"><a href=\"https:\/\/www.feiradesantana.ba.leg.br\/\" target=\"_blank\" aria-label=\"BANNER-SITE-ENTREGADECHEQUE-CAMARADEFEIRA\"><img loading=\"lazy\" decoding=\"async\" src=\"https:\/\/blogdafeira.com.br\/home\/wp-content\/uploads\/2026\/03\/BANNER-SITE-ENTREGADECHEQUE-CAMARADEFEIRA.gif\" alt=\"\"  class=\"no-lazyload\" width=\"728\" height=\"90\"   \/><\/a><\/div><div style=\"width: 1170px;\" class=\"wp-video\"><!--[if lt IE 9]><script>document.createElement('video');<\/script><![endif]-->\n<video class=\"wp-video-shortcode\" id=\"video-71957-1\" width=\"1170\" height=\"658\" preload=\"metadata\" controls=\"controls\"><source type=\"video\/mp4\" src=\"https:\/\/blogdafeira.com.br\/home\/wp-content\/uploads\/2026\/04\/VID_20260409_093425455.mp4?_=1\" \/><a href=\"https:\/\/blogdafeira.com.br\/home\/wp-content\/uploads\/2026\/04\/VID_20260409_093425455.mp4\">https:\/\/blogdafeira.com.br\/home\/wp-content\/uploads\/2026\/04\/VID_20260409_093425455.mp4<\/a><\/video><\/div>\n","protected":false},"excerpt":{"rendered":"<p>As pitombas de Toinho, na Conselheiro Franco s\u00e3o praticamente \u00fanicas na Feira. Aqui n\u00e3o se encontra pitomba em supermercados e nem em feirinhas de frutas. N\u00e3o faz parte dos h\u00e1bitos gastron\u00f4micos do baiano, como \u00e9 em Pernambuco e outros estados ao norte. Pitomba na Feira \u00e9 com Toinho. Colhidas em S\u00e3o Jos\u00e9 das Itapororocas, onde<\/p>\n","protected":false},"author":1,"featured_media":71557,"comment_status":"open","ping_status":"open","sticky":false,"template":"","format":"standard","meta":{"jetpack_post_was_ever_published":false,"cybocfi_hide_featured_image":"","_jetpack_newsletter_access":"","_jetpack_dont_email_post_to_subs":false,"_jetpack_newsletter_tier_id":0,"_jetpack_memberships_contains_paywalled_content":false,"_jetpack_memberships_contains_paid_content":false,"footnotes":"","jetpack_publicize_message":"","jetpack_publicize_feature_enabled":true,"jetpack_social_post_already_shared":true,"jetpack_social_options":{"image_generator_settings":{"template":"highway","default_image_id":0,"font":"","enabled":false},"version":2}},"categories":[3,603,1],"tags":[],"class_list":["post-71957","post","type-post","status-publish","format-standard","has-post-thumbnail","hentry","category-cidade","category-destaques","category-raiz"],"jetpack_publicize_connections":[],"jetpack_featured_media_url":"https:\/\/blogdafeira.com.br\/home\/wp-content\/uploads\/2026\/03\/FB_IMG_1772718317708.jpg","jetpack_shortlink":"https:\/\/wp.me\/p3niVf-iIB","jetpack_sharing_enabled":true,"jetpack-related-posts":[{"id":71556,"url":"https:\/\/blogdafeira.com.br\/home\/2026\/03\/05\/toinho-das-pitombas-da-formiga\/","url_meta":{"origin":71957,"position":0},"title":"Toinho das Pitombas da Formiga","author":"J\u00e2nio R\u00eago","date":"05\/03\/2026","format":false,"excerpt":"Toinho das Pitombas mora nos Olhos D'\u00e1gua da Formiga, nas vizinhan\u00e7as do Carro Quebrado, perto do Saco do Capit\u00e3o, zona rural do distrito de Maria Quit\u00e9ria. Vai e vem quase todo dia para o com\u00e9rcio das ruas no centro da Feira velha. Ha centenas de pessoas da zona rural que\u2026","rel":"","context":"Em &quot;Colunistas&quot;","block_context":{"text":"Colunistas","link":"https:\/\/blogdafeira.com.br\/home\/categoria\/colunistas\/"},"img":{"alt_text":"","src":"https:\/\/i0.wp.com\/blogdafeira.com.br\/home\/wp-content\/uploads\/2026\/03\/FB_IMG_1772718308906.jpg?resize=350%2C200&ssl=1","width":350,"height":200,"srcset":"https:\/\/i0.wp.com\/blogdafeira.com.br\/home\/wp-content\/uploads\/2026\/03\/FB_IMG_1772718308906.jpg?resize=350%2C200&ssl=1 1x, https:\/\/i0.wp.com\/blogdafeira.com.br\/home\/wp-content\/uploads\/2026\/03\/FB_IMG_1772718308906.jpg?resize=525%2C300&ssl=1 1.5x, https:\/\/i0.wp.com\/blogdafeira.com.br\/home\/wp-content\/uploads\/2026\/03\/FB_IMG_1772718308906.jpg?resize=700%2C400&ssl=1 2x, https:\/\/i0.wp.com\/blogdafeira.com.br\/home\/wp-content\/uploads\/2026\/03\/FB_IMG_1772718308906.jpg?resize=1050%2C600&ssl=1 3x, https:\/\/i0.wp.com\/blogdafeira.com.br\/home\/wp-content\/uploads\/2026\/03\/FB_IMG_1772718308906.jpg?resize=1400%2C800&ssl=1 4x"},"classes":[]},{"id":66359,"url":"https:\/\/blogdafeira.com.br\/home\/2025\/03\/26\/ao-vencedor-as-pitombas\/","url_meta":{"origin":71957,"position":1},"title":"Ao vencedor, as pitombas","author":"J\u00e2nio R\u00eago","date":"26\/03\/2025","format":false,"excerpt":"Machado de Assis tinha l\u00e1 os seus motivos para escolher a batata para a frase lapidar do seu \u2018Quincas Borba\u2019 mas eu tamb\u00e9m os tenho para pastichar a frase do grande escritor com a pitomba. Ao contr\u00e1rio das batatas ofertadas aos vencedores pelo personagem, as minhas pitombas n\u00e3o carregam nenhuma\u2026","rel":"","context":"Em &quot;Colunistas&quot;","block_context":{"text":"Colunistas","link":"https:\/\/blogdafeira.com.br\/home\/categoria\/colunistas\/"},"img":{"alt_text":"","src":"https:\/\/i0.wp.com\/blogdafeira.com.br\/home\/wp-content\/uploads\/2025\/03\/IMG_20250325_0959558242-scaled.jpg?resize=350%2C200&ssl=1","width":350,"height":200,"srcset":"https:\/\/i0.wp.com\/blogdafeira.com.br\/home\/wp-content\/uploads\/2025\/03\/IMG_20250325_0959558242-scaled.jpg?resize=350%2C200&ssl=1 1x, https:\/\/i0.wp.com\/blogdafeira.com.br\/home\/wp-content\/uploads\/2025\/03\/IMG_20250325_0959558242-scaled.jpg?resize=525%2C300&ssl=1 1.5x, https:\/\/i0.wp.com\/blogdafeira.com.br\/home\/wp-content\/uploads\/2025\/03\/IMG_20250325_0959558242-scaled.jpg?resize=700%2C400&ssl=1 2x, https:\/\/i0.wp.com\/blogdafeira.com.br\/home\/wp-content\/uploads\/2025\/03\/IMG_20250325_0959558242-scaled.jpg?resize=1050%2C600&ssl=1 3x, https:\/\/i0.wp.com\/blogdafeira.com.br\/home\/wp-content\/uploads\/2025\/03\/IMG_20250325_0959558242-scaled.jpg?resize=1400%2C800&ssl=1 4x"},"classes":[]},{"id":27580,"url":"https:\/\/blogdafeira.com.br\/home\/2017\/07\/22\/cancelada-eleicao-para-conselheiros-de-cultura-em-feira-de-santana\/","url_meta":{"origin":71957,"position":2},"title":"Cancelada elei\u00e7\u00e3o para conselheiros de Cultura em Feira de Santana","author":"Blog da Feira","date":"22\/07\/2017","format":false,"excerpt":"A Confer\u00eancia Municipal de Cultura e a Elei\u00e7\u00e3o da nova composi\u00e7\u00e3o do Conselho Municipal de Cultura de Feira de Santana foram cancelados. Uma comiss\u00e3o formada por tr\u00eas integrantes do poder p\u00fablico e tr\u00eas da sociedade vai definir todos os detalhes do processo. A primeira reuni\u00e3o deste grupo ocorrer\u00e1 na pr\u00f3xima\u2026","rel":"","context":"Em &quot;Home&quot;","block_context":{"text":"Home","link":"https:\/\/blogdafeira.com.br\/home\/categoria\/raiz\/"},"img":{"alt_text":"img-20170722-wa0045","src":"https:\/\/i0.wp.com\/blogdafeira.com.br\/home\/wp-content\/uploads\/2017\/07\/IMG-20170722-WA0045-1024x576.jpg?resize=350%2C200","width":350,"height":200,"srcset":"https:\/\/i0.wp.com\/blogdafeira.com.br\/home\/wp-content\/uploads\/2017\/07\/IMG-20170722-WA0045-1024x576.jpg?resize=350%2C200 1x, https:\/\/i0.wp.com\/blogdafeira.com.br\/home\/wp-content\/uploads\/2017\/07\/IMG-20170722-WA0045-1024x576.jpg?resize=525%2C300 1.5x, https:\/\/i0.wp.com\/blogdafeira.com.br\/home\/wp-content\/uploads\/2017\/07\/IMG-20170722-WA0045-1024x576.jpg?resize=700%2C400 2x"},"classes":[]},{"id":63836,"url":"https:\/\/blogdafeira.com.br\/home\/2024\/09\/19\/historias-da-feira-de-santana\/","url_meta":{"origin":71957,"position":3},"title":"Hist\u00f3rias da Feira de Santana","author":"Blog da Feira","date":"19\/09\/2024","format":false,"excerpt":"1 - Toinho Na Feira de Santana de minha juventude, costum\u00e1vamos brincar de \"baba\" na quadra do Conjunto Centen\u00e1rio, onde o n\u00famero de garotos dava pra formar tranquilamente quatro times que se revezavam, sem contar os amigos que vinham da Cidade Nova e adjac\u00eancias. Entre os locais havia Toinho, irm\u00e3o\u2026","rel":"","context":"Em &quot;Colunistas&quot;","block_context":{"text":"Colunistas","link":"https:\/\/blogdafeira.com.br\/home\/categoria\/colunistas\/"},"img":{"alt_text":"","src":"https:\/\/i0.wp.com\/blogdafeira.com.br\/home\/wp-content\/uploads\/2024\/09\/FB_IMG_1726792274262.jpg?resize=350%2C200&ssl=1","width":350,"height":200},"classes":[]},{"id":17883,"url":"https:\/\/blogdafeira.com.br\/home\/2015\/11\/23\/feira-de-santana-comemora-o-centenario-de-dival-pitombo\/","url_meta":{"origin":71957,"position":4},"title":"Feira de Santana comemora o centen\u00e1rio de Dival Pitombo","author":"Blog da Feira","date":"23\/11\/2015","format":false,"excerpt":"Uma exposi\u00e7\u00e3o da vida e obra de Dival Pitombo (na foto, com Jorge Amado em Feira de Santana) marcou o centen\u00e1rio de um dos \u00edcones da cultura de Feira de Santana, na sexta-feira, no Museu Parque do Saber \"Dival Pitombo'. As homenagens foram iniciadas com apresenta\u00e7\u00e3o do Coral das Aposentadas\u2026","rel":"","context":"Em &quot;Home&quot;","block_context":{"text":"Home","link":"https:\/\/blogdafeira.com.br\/home\/categoria\/raiz\/"},"img":{"alt_text":"DIVAL E JORGE AMADO","src":"https:\/\/i0.wp.com\/blogdafeira.com.br\/home\/wp-content\/uploads\/2015\/11\/DIVAL-E-JORGE-AMADO.jpg?resize=350%2C200","width":350,"height":200,"srcset":"https:\/\/i0.wp.com\/blogdafeira.com.br\/home\/wp-content\/uploads\/2015\/11\/DIVAL-E-JORGE-AMADO.jpg?resize=350%2C200 1x, https:\/\/i0.wp.com\/blogdafeira.com.br\/home\/wp-content\/uploads\/2015\/11\/DIVAL-E-JORGE-AMADO.jpg?resize=525%2C300 1.5x"},"classes":[]},{"id":67258,"url":"https:\/\/blogdafeira.com.br\/home\/2025\/05\/14\/beco-do-moco-romance-inacabado-de-dival-pitombo-rejeitado-pela-uefs\/","url_meta":{"origin":71957,"position":5},"title":"&#8216;Beco do Moc\u00f3&#8217;, romance inacabado de Dival Pitombo rejeitado pela UEFS","author":"J\u00e2nio R\u00eago","date":"14\/05\/2025","format":false,"excerpt":"Nas d\u00e9cadas de 70-80, o livro era referenciado constantemente pela imprensa local quando se referia ao professor Dival Pitombo, um dos fundadores da Universidade Estadual de Feira, o anfitri\u00e3o feirense de Jorge Amado e Zelia com Jean-Paul Sartre e Simone de Beauvoir numa memor\u00e1vel visita ao Brasil do intelectual franc\u00eas,\u2026","rel":"","context":"Em &quot;Colunistas&quot;","block_context":{"text":"Colunistas","link":"https:\/\/blogdafeira.com.br\/home\/categoria\/colunistas\/"},"img":{"alt_text":"","src":"https:\/\/i0.wp.com\/blogdafeira.com.br\/home\/wp-content\/uploads\/2025\/05\/Screenshot_20250514-1504382.png?resize=350%2C200&ssl=1","width":350,"height":200,"srcset":"https:\/\/i0.wp.com\/blogdafeira.com.br\/home\/wp-content\/uploads\/2025\/05\/Screenshot_20250514-1504382.png?resize=350%2C200&ssl=1 1x, https:\/\/i0.wp.com\/blogdafeira.com.br\/home\/wp-content\/uploads\/2025\/05\/Screenshot_20250514-1504382.png?resize=525%2C300&ssl=1 1.5x, https:\/\/i0.wp.com\/blogdafeira.com.br\/home\/wp-content\/uploads\/2025\/05\/Screenshot_20250514-1504382.png?resize=700%2C400&ssl=1 2x, https:\/\/i0.wp.com\/blogdafeira.com.br\/home\/wp-content\/uploads\/2025\/05\/Screenshot_20250514-1504382.png?resize=1050%2C600&ssl=1 3x"},"classes":[]}],"_links":{"self":[{"href":"https:\/\/blogdafeira.com.br\/home\/wp-json\/wp\/v2\/posts\/71957","targetHints":{"allow":["GET"]}}],"collection":[{"href":"https:\/\/blogdafeira.com.br\/home\/wp-json\/wp\/v2\/posts"}],"about":[{"href":"https:\/\/blogdafeira.com.br\/home\/wp-json\/wp\/v2\/types\/post"}],"author":[{"embeddable":true,"href":"https:\/\/blogdafeira.com.br\/home\/wp-json\/wp\/v2\/users\/1"}],"replies":[{"embeddable":true,"href":"https:\/\/blogdafeira.com.br\/home\/wp-json\/wp\/v2\/comments?post=71957"}],"version-history":[{"count":3,"href":"https:\/\/blogdafeira.com.br\/home\/wp-json\/wp\/v2\/posts\/71957\/revisions"}],"predecessor-version":[{"id":71972,"href":"https:\/\/blogdafeira.com.br\/home\/wp-json\/wp\/v2\/posts\/71957\/revisions\/71972"}],"wp:featuredmedia":[{"embeddable":true,"href":"https:\/\/blogdafeira.com.br\/home\/wp-json\/wp\/v2\/media\/71557"}],"wp:attachment":[{"href":"https:\/\/blogdafeira.com.br\/home\/wp-json\/wp\/v2\/media?parent=71957"}],"wp:term":[{"taxonomy":"category","embeddable":true,"href":"https:\/\/blogdafeira.com.br\/home\/wp-json\/wp\/v2\/categories?post=71957"},{"taxonomy":"post_tag","embeddable":true,"href":"https:\/\/blogdafeira.com.br\/home\/wp-json\/wp\/v2\/tags?post=71957"}],"curies":[{"name":"wp","href":"https:\/\/api.w.org\/{rel}","templated":true}]}}