{"id":72122,"date":"2026-04-27T11:08:47","date_gmt":"2026-04-27T14:08:47","guid":{"rendered":"https:\/\/blogdafeira.com.br\/home\/?p=72122"},"modified":"2026-04-27T11:11:24","modified_gmt":"2026-04-27T14:11:24","slug":"autodeclarados-indigenas-cresceu-quase-600-em-feira","status":"publish","type":"post","link":"https:\/\/blogdafeira.com.br\/home\/2026\/04\/27\/autodeclarados-indigenas-cresceu-quase-600-em-feira\/","title":{"rendered":"Autodeclarados ind\u00edgenas cresceu quase 600% em Feira"},"content":{"rendered":"<div id=\"blogd-3432766190\" class=\"blogd-fim-do-post-mobile blogd-entity-placement\" style=\"margin-left: auto;margin-right: auto;text-align: center;\"><a href=\"https:\/\/www.sefaz.feiradesantana.ba.gov.br\/\" target=\"_blank\" aria-label=\"728&#215;90 (6)\"><img loading=\"lazy\" decoding=\"async\" src=\"https:\/\/blogdafeira.com.br\/home\/wp-content\/uploads\/2026\/03\/728x90-6.gif\" alt=\"\"  class=\"no-lazyload\" width=\"728\" height=\"90\"  style=\"display: inline-block;\" \/><\/a><\/div><p>Abril \u00e9 o m\u00eas em que, no Brasil, costuma-se homenagear os povos ind\u00edgenas. Durante muito tempo informa\u00e7\u00f5es sobre este segmento da popula\u00e7\u00e3o foram escassas ou inexistentes. Mas os n\u00fameros do Censo 2022 do Instituto Brasileiro de Geografia e Estat\u00edstica, o IBGE, trazem informa\u00e7\u00f5es interessantes sobre a presen\u00e7a ind\u00edgena no Brasil, mas tamb\u00e9m na Feira de Santana.<\/p><div id=\"blogd-1388500969\" class=\"blogd-conteudo-2-mobile blogd-entity-placement\"><a href=\"https:\/\/feirenses.com.br\/\" target=\"_blank\" aria-label=\"feirenses\"><img loading=\"lazy\" decoding=\"async\" src=\"https:\/\/blogdafeira.com.br\/home\/wp-content\/uploads\/2026\/04\/feirenses.png\" alt=\"\"  srcset=\"https:\/\/blogdafeira.com.br\/home\/wp-content\/uploads\/2026\/04\/feirenses.png 300w, https:\/\/blogdafeira.com.br\/home\/wp-content\/uploads\/2026\/04\/feirenses-170x45.png 170w, https:\/\/blogdafeira.com.br\/home\/wp-content\/uploads\/2026\/04\/feirenses-280x74.png 280w\" sizes=\"(max-width: 300px) 100vw, 300px\" class=\"no-lazyload\" width=\"300\" height=\"79\"  style=\"display: inline-block;\" \/><\/a><\/div>\n<p>O que mais chama a aten\u00e7\u00e3o, \u00e0 primeira vista, \u00e9 que a quantidade de autodeclarados ind\u00edgenas cresceu significativamente: eram 1.118 em 2010 e, no levantamento mais recente, tornaram-se 6.621. Crescimento de impressionantes 592%. Isso significa que, na Princesa do Sert\u00e3o, h\u00e1 1,07% de ind\u00edgenas no conjunto da popula\u00e7\u00e3o.<\/p>\n<p>O detalhe \u00e9 que 87% (5,6 mil habitantes) n\u00e3o sabem ou n\u00e3o indicaram a etnia \u00e0 qual pertencem. Outros 12,1% (792 moradores) apontaram uma etnia de origem e 50 pessoas (0,77%) indicaram duas etnias. O idioma portugu\u00eas ou a l\u00edngua de sinais \u00e9 falada por 6,4 mil pessoas. Somente 18 ind\u00edgenas n\u00e3o se comunicam em nenhuma das duas l\u00ednguas.<\/p>\n<p>Com rela\u00e7\u00e3o aos idiomas ind\u00edgenas, 6,4 mil declararam que n\u00e3o falam nenhum deles, o que corresponde a 99,1% da popula\u00e7\u00e3o total. 47 informaram que falam uma l\u00edngua; e somente uma pessoa comunica-se em dois idiomas ind\u00edgenas. N\u00e3o se conseguiu obter a informa\u00e7\u00e3o em rela\u00e7\u00e3o a oito entrevistados.<\/p>\n<p>No que se refere \u00e0 alfabetiza\u00e7\u00e3o, 5,1 mil, com idade acima de 10 anos, sabem ler e escrever. O n\u00famero corresponde a 91% da popula\u00e7\u00e3o. Outros 506 n\u00e3o s\u00e3o alfabetizados. Entre quem tem at\u00e9 19 anos, 97,7% s\u00e3o alfabetizados; entre aqueles com idade superior a 80 anos, cerca de 70%.<\/p>\n<p>A idade mediana dos ind\u00edgenas feirenses \u00e9 39 anos. A medida estat\u00edstica sinaliza que metade da popula\u00e7\u00e3o tem idade superior \u00e0 mediana e, a outra metade, inferior. Para cada grupo de cem mulheres, h\u00e1 80 homens, conforme tamb\u00e9m apuraram os pesquisadores.<\/p>\n<p>Os ind\u00edgenas feirenses moram, majoritariamente, em casas: 3,2 mil ou 82,6% do total. Mas residem tamb\u00e9m em apartamentos, conforme declararam 330 deles ou 8,3% dos entrevistados no grupo. Outros 350 residem em vilas e condom\u00ednios e h\u00e1 sete morando em corti\u00e7os.<\/p>\n<div id=\"blogd-3767432224\" class=\"blogd-final-post blogd-entity-placement\"><a href=\"https:\/\/www.feiradesantana.ba.leg.br\/\" target=\"_blank\" aria-label=\"BANNER-SITE-ENTREGADECHEQUE-CAMARADEFEIRA\"><img loading=\"lazy\" decoding=\"async\" src=\"https:\/\/blogdafeira.com.br\/home\/wp-content\/uploads\/2026\/03\/BANNER-SITE-ENTREGADECHEQUE-CAMARADEFEIRA.gif\" alt=\"\"  class=\"no-lazyload\" width=\"728\" height=\"90\"   \/><\/a><\/div><p>O que mais chama a aten\u00e7\u00e3o no conjunto de informa\u00e7\u00f5es \u00e9 o crescimento na quantidade de ind\u00edgenas na Feira de Santana. Salto vertiginoso, que suscita indaga\u00e7\u00f5es. As pessoas est\u00e3o reconhecendo mais sua identidade? Talvez seja isso. Migra\u00e7\u00e3o n\u00e3o foi: por aqui aportaram refugiados venezuelanos de origem ind\u00edgena, mas n\u00e3o foram tantos. Mas fica, lan\u00e7ado, um tema interessante de pesquisa.<\/p>\n","protected":false},"excerpt":{"rendered":"<p>Abril \u00e9 o m\u00eas em que, no Brasil, costuma-se homenagear os povos ind\u00edgenas. Durante muito tempo informa\u00e7\u00f5es sobre este segmento da popula\u00e7\u00e3o foram escassas ou inexistentes. Mas os n\u00fameros do Censo 2022 do Instituto Brasileiro de Geografia e Estat\u00edstica, o IBGE, trazem informa\u00e7\u00f5es interessantes sobre a presen\u00e7a ind\u00edgena no Brasil, mas tamb\u00e9m na Feira de<\/p>\n","protected":false},"author":13,"featured_media":57139,"comment_status":"open","ping_status":"open","sticky":false,"template":"","format":"standard","meta":{"jetpack_post_was_ever_published":false,"cybocfi_hide_featured_image":"","_jetpack_newsletter_access":"","_jetpack_dont_email_post_to_subs":false,"_jetpack_newsletter_tier_id":0,"_jetpack_memberships_contains_paywalled_content":false,"_jetpack_memberships_contains_paid_content":false,"footnotes":"","jetpack_publicize_message":"","jetpack_publicize_feature_enabled":true,"jetpack_social_post_already_shared":true,"jetpack_social_options":{"image_generator_settings":{"template":"highway","default_image_id":0,"font":"","enabled":false},"version":2}},"categories":[592,603],"tags":[],"class_list":["post-72122","post","type-post","status-publish","format-standard","has-post-thumbnail","hentry","category-colunistas","category-destaques"],"jetpack_publicize_connections":[],"jetpack_featured_media_url":"https:\/\/blogdafeira.com.br\/home\/wp-content\/uploads\/2023\/04\/R-6.jpeg","jetpack_shortlink":"https:\/\/wp.me\/p3niVf-iLg","jetpack_sharing_enabled":true,"jetpack-related-posts":[{"id":64553,"url":"https:\/\/blogdafeira.com.br\/home\/2024\/11\/09\/quase-100-da-populacao-indigena-da-bahia-vive-fora-das-terras-ancestrais-demarcacao-ja\/","url_meta":{"origin":72122,"position":0},"title":"Quase 100% da popula\u00e7\u00e3o ind\u00edgena da Bahia vive fora das terras ancestrais: demarca\u00e7\u00e3o j\u00e1!","author":"Blog da Feira","date":"09\/11\/2024","format":false,"excerpt":"A Bahia tem a 2\u00aa maior popula\u00e7\u00e3o ind\u00edgena do Brasil, estimada em 229.103 pessoas, segundo dados do Instituto Brasileiro de Geografia e Estat\u00edstica, mas maioria absoluta vive fora das terras oficialmente delimitadas: 92,49%. Ao falar ontem para os participantes do Acampamento Terra Livre, que est\u00e1 acontecendo em\u00a0 Salvador, o governador\u2026","rel":"","context":"Em &quot;Geral&quot;","block_context":{"text":"Geral","link":"https:\/\/blogdafeira.com.br\/home\/categoria\/geral\/"},"img":{"alt_text":"","src":"https:\/\/i0.wp.com\/blogdafeira.com.br\/home\/wp-content\/uploads\/2024\/11\/ThuaneMariaGOVBA-1068x743-1.jpeg?resize=350%2C200&ssl=1","width":350,"height":200,"srcset":"https:\/\/i0.wp.com\/blogdafeira.com.br\/home\/wp-content\/uploads\/2024\/11\/ThuaneMariaGOVBA-1068x743-1.jpeg?resize=350%2C200&ssl=1 1x, https:\/\/i0.wp.com\/blogdafeira.com.br\/home\/wp-content\/uploads\/2024\/11\/ThuaneMariaGOVBA-1068x743-1.jpeg?resize=525%2C300&ssl=1 1.5x, https:\/\/i0.wp.com\/blogdafeira.com.br\/home\/wp-content\/uploads\/2024\/11\/ThuaneMariaGOVBA-1068x743-1.jpeg?resize=700%2C400&ssl=1 2x, https:\/\/i0.wp.com\/blogdafeira.com.br\/home\/wp-content\/uploads\/2024\/11\/ThuaneMariaGOVBA-1068x743-1.jpeg?resize=1050%2C600&ssl=1 3x"},"classes":[]},{"id":33993,"url":"https:\/\/blogdafeira.com.br\/home\/2019\/11\/14\/hortencia-santana-expoe-etnias-indigenas-que-estudam-na-uefs\/","url_meta":{"origin":72122,"position":1},"title":"Hort\u00eancia Sant&#8217;Ana mostra em fotos as etnias ind\u00edgenas da UEFS","author":"Blog da Feira","date":"14\/11\/2019","format":false,"excerpt":"\u00a0 Instagram: @hortencia_s A exposi\u00e7\u00e3o \u2018Ind\u00edgenas do Nordeste: Cultura, Identidade e Resist\u00eancia\u2019, de autoria da artista visual Hort\u00eancia Sant\u2019Ana, estudante do curso Licenciatura em Hist\u00f3ria est\u00e1 em exposi\u00e7\u00e3o no Centro da Mem\u00f3ria de Etnias Ind\u00edgenas do Nordeste, recentemente aberto em espa\u00e7o no Museu Casa do Sert\u00e3o, da UEFS, no. campus\u2026","rel":"","context":"Em &quot;Cultura&quot;","block_context":{"text":"Cultura","link":"https:\/\/blogdafeira.com.br\/home\/categoria\/cultura\/"},"img":{"alt_text":"","src":"https:\/\/i0.wp.com\/blogdafeira.com.br\/home\/wp-content\/uploads\/2019\/11\/Screenshot_2019-11-14-20-48-312-576x1024.png?resize=350%2C200","width":350,"height":200,"srcset":"https:\/\/i0.wp.com\/blogdafeira.com.br\/home\/wp-content\/uploads\/2019\/11\/Screenshot_2019-11-14-20-48-312-576x1024.png?resize=350%2C200 1x, https:\/\/i0.wp.com\/blogdafeira.com.br\/home\/wp-content\/uploads\/2019\/11\/Screenshot_2019-11-14-20-48-312-576x1024.png?resize=525%2C300 1.5x"},"classes":[]},{"id":67405,"url":"https:\/\/blogdafeira.com.br\/home\/2025\/05\/22\/uefs-tem-45-estudantes-residentes-membros-de-nove-etnias-indigenas\/","url_meta":{"origin":72122,"position":2},"title":"Uefs tem 45 estudantes residentes membros de nove etnias ind\u00edgenas","author":"Blog da Feira","date":"22\/05\/2025","format":false,"excerpt":"Na pr\u00f3xima segunda-feira (26) acontece na Universidade Estadual de Feira de Santana o \u201cDi\u00e1logo entre o Movimento Ind\u00edgena, Caciques e estudantes da Uefs: Perman\u00eancia e Resist\u00eancia\u201d. O evento, organizado pelo N\u00facleo de Articula\u00e7\u00e3o Estudantes Ind\u00edgenas e a Comiss\u00e3o Administrativa da Resid\u00eancia Universit\u00e1ria Ind\u00edgena, tem o objetivo de aproximar a academia\u2026","rel":"","context":"Em &quot;Geral&quot;","block_context":{"text":"Geral","link":"https:\/\/blogdafeira.com.br\/home\/categoria\/geral\/"},"img":{"alt_text":"","src":"https:\/\/i0.wp.com\/blogdafeira.com.br\/home\/wp-content\/uploads\/2025\/05\/Screenshot_20250522-091512.png?resize=350%2C200&ssl=1","width":350,"height":200,"srcset":"https:\/\/i0.wp.com\/blogdafeira.com.br\/home\/wp-content\/uploads\/2025\/05\/Screenshot_20250522-091512.png?resize=350%2C200&ssl=1 1x, https:\/\/i0.wp.com\/blogdafeira.com.br\/home\/wp-content\/uploads\/2025\/05\/Screenshot_20250522-091512.png?resize=525%2C300&ssl=1 1.5x, https:\/\/i0.wp.com\/blogdafeira.com.br\/home\/wp-content\/uploads\/2025\/05\/Screenshot_20250522-091512.png?resize=700%2C400&ssl=1 2x, https:\/\/i0.wp.com\/blogdafeira.com.br\/home\/wp-content\/uploads\/2025\/05\/Screenshot_20250522-091512.png?resize=1050%2C600&ssl=1 3x"},"classes":[]},{"id":66937,"url":"https:\/\/blogdafeira.com.br\/home\/2025\/04\/26\/unidades-de-saude-indigena-vao-atender-13-etnias-em-17-municipios-da-bahia\/","url_meta":{"origin":72122,"position":3},"title":"Unidades de Sa\u00fade Ind\u00edgena v\u00e3o atender 13 etnias em 17 munic\u00edpios da Bahia","author":"Blog da Feira","date":"26\/04\/2025","format":false,"excerpt":"Banza\u00ea \u00e9 um dos munic\u00edpios com maior popula\u00e7\u00e3o ind\u00edgena, na Bahia. Tem cerca de 12 mil habitantes e est\u00e1 no semi-\u00e1rido no nordeste do Estado. Ontem (sexta-feira,25),acompanhado do ministro da Sa\u00fade, Alexandre Padilha, da secret\u00e1ria estadual da Sa\u00fade, Roberta Santana, lideran\u00e7as pol\u00edticas, e outras autoridades, o governador Jer\u00f4nimo assinou o\u2026","rel":"","context":"Em &quot;Bahia&quot;","block_context":{"text":"Bahia","link":"https:\/\/blogdafeira.com.br\/home\/categoria\/bahia\/"},"img":{"alt_text":"","src":"https:\/\/i0.wp.com\/blogdafeira.com.br\/home\/wp-content\/uploads\/2025\/04\/Banzae.-Fotos-Thuane-MariaGOVBA-7.jpeg?resize=350%2C200&ssl=1","width":350,"height":200,"srcset":"https:\/\/i0.wp.com\/blogdafeira.com.br\/home\/wp-content\/uploads\/2025\/04\/Banzae.-Fotos-Thuane-MariaGOVBA-7.jpeg?resize=350%2C200&ssl=1 1x, https:\/\/i0.wp.com\/blogdafeira.com.br\/home\/wp-content\/uploads\/2025\/04\/Banzae.-Fotos-Thuane-MariaGOVBA-7.jpeg?resize=525%2C300&ssl=1 1.5x, https:\/\/i0.wp.com\/blogdafeira.com.br\/home\/wp-content\/uploads\/2025\/04\/Banzae.-Fotos-Thuane-MariaGOVBA-7.jpeg?resize=700%2C400&ssl=1 2x, https:\/\/i0.wp.com\/blogdafeira.com.br\/home\/wp-content\/uploads\/2025\/04\/Banzae.-Fotos-Thuane-MariaGOVBA-7.jpeg?resize=1050%2C600&ssl=1 3x, https:\/\/i0.wp.com\/blogdafeira.com.br\/home\/wp-content\/uploads\/2025\/04\/Banzae.-Fotos-Thuane-MariaGOVBA-7.jpeg?resize=1400%2C800&ssl=1 4x"},"classes":[]},{"id":63943,"url":"https:\/\/blogdafeira.com.br\/home\/2024\/09\/24\/prefeitura-de-feira-prorroga-beneficios-para-moradia-dos-indigenas-venezuelanos\/","url_meta":{"origin":72122,"position":4},"title":"Prefeitura de Feira prorroga benef\u00edcios para moradia dos ind\u00edgenas venezuelanos","author":"Blog da Feira","date":"24\/09\/2024","format":false,"excerpt":"O Conselho Municipal de Assist\u00eancia Social de Feira de Santana (CMAS\/FSA) aprovou a prorroga\u00e7\u00e3o do Benef\u00edcio Eventual de Moradia para os ind\u00edgenas venezuelanos da etnia Warao. A decis\u00e3o, formalizada atrav\u00e9s da Resolu\u00e7\u00e3o N\u00ba 17\/2024, estende o prazo de concess\u00e3o do benef\u00edcio por mais 180 dias, podendo ser prorrogado uma vez\u2026","rel":"","context":"Em &quot;Cidade&quot;","block_context":{"text":"Cidade","link":"https:\/\/blogdafeira.com.br\/home\/categoria\/cidade\/"},"img":{"alt_text":"","src":"https:\/\/i0.wp.com\/blogdafeira.com.br\/home\/wp-content\/uploads\/2024\/09\/images.jpeg?resize=350%2C200&ssl=1","width":350,"height":200},"classes":[]},{"id":71717,"url":"https:\/\/blogdafeira.com.br\/home\/2026\/03\/17\/pretos-e-pardos-sao-828-da-populacao-de-feira-indica-censo-2022\/","url_meta":{"origin":72122,"position":5},"title":"Pretos e pardos s\u00e3o 82,8% da popula\u00e7\u00e3o de Feira, indica Censo 2022","author":"Andr\u00e9 Pomponet","date":"17\/03\/2026","format":false,"excerpt":"Cresceu muito o n\u00famero de pessoas que se autodeclararam pretas na Feira de Santana no Censo 2022 do Instituto Brasileiro de Geografia e Estat\u00edstica (IBGE), na compara\u00e7\u00e3o com 2010. Segundo o levantamento, exatas 180.190 pessoas disseram que s\u00e3o pretas, um avan\u00e7o expressivo em rela\u00e7\u00e3o ao censo anterior, de 2010, que\u2026","rel":"","context":"Em &quot;Colunistas&quot;","block_context":{"text":"Colunistas","link":"https:\/\/blogdafeira.com.br\/home\/categoria\/colunistas\/"},"img":{"alt_text":"","src":"https:\/\/i0.wp.com\/blogdafeira.com.br\/home\/wp-content\/uploads\/2026\/03\/images-6.jpeg?resize=350%2C200&ssl=1","width":350,"height":200},"classes":[]}],"_links":{"self":[{"href":"https:\/\/blogdafeira.com.br\/home\/wp-json\/wp\/v2\/posts\/72122","targetHints":{"allow":["GET"]}}],"collection":[{"href":"https:\/\/blogdafeira.com.br\/home\/wp-json\/wp\/v2\/posts"}],"about":[{"href":"https:\/\/blogdafeira.com.br\/home\/wp-json\/wp\/v2\/types\/post"}],"author":[{"embeddable":true,"href":"https:\/\/blogdafeira.com.br\/home\/wp-json\/wp\/v2\/users\/13"}],"replies":[{"embeddable":true,"href":"https:\/\/blogdafeira.com.br\/home\/wp-json\/wp\/v2\/comments?post=72122"}],"version-history":[{"count":2,"href":"https:\/\/blogdafeira.com.br\/home\/wp-json\/wp\/v2\/posts\/72122\/revisions"}],"predecessor-version":[{"id":72124,"href":"https:\/\/blogdafeira.com.br\/home\/wp-json\/wp\/v2\/posts\/72122\/revisions\/72124"}],"wp:featuredmedia":[{"embeddable":true,"href":"https:\/\/blogdafeira.com.br\/home\/wp-json\/wp\/v2\/media\/57139"}],"wp:attachment":[{"href":"https:\/\/blogdafeira.com.br\/home\/wp-json\/wp\/v2\/media?parent=72122"}],"wp:term":[{"taxonomy":"category","embeddable":true,"href":"https:\/\/blogdafeira.com.br\/home\/wp-json\/wp\/v2\/categories?post=72122"},{"taxonomy":"post_tag","embeddable":true,"href":"https:\/\/blogdafeira.com.br\/home\/wp-json\/wp\/v2\/tags?post=72122"}],"curies":[{"name":"wp","href":"https:\/\/api.w.org\/{rel}","templated":true}]}}