{"id":72125,"date":"2026-04-27T11:42:47","date_gmt":"2026-04-27T14:42:47","guid":{"rendered":"https:\/\/blogdafeira.com.br\/home\/?p=72125"},"modified":"2026-04-27T12:09:46","modified_gmt":"2026-04-27T15:09:46","slug":"banco-de-sangue-do-cleriston-andrade-precisa-de-doacoes-urgentes","status":"publish","type":"post","link":"https:\/\/blogdafeira.com.br\/home\/2026\/04\/27\/banco-de-sangue-do-cleriston-andrade-precisa-de-doacoes-urgentes\/","title":{"rendered":"Estoque de sangue do Cl\u00e9riston Andrade est\u00e1 zerado e precisa de doa\u00e7\u00f5es urgentes"},"content":{"rendered":"<div id=\"blogd-1798447913\" class=\"blogd-fim-do-post-mobile blogd-entity-placement\" style=\"margin-left: auto;margin-right: auto;text-align: center;\"><a href=\"https:\/\/www.sefaz.feiradesantana.ba.gov.br\/\" target=\"_blank\" aria-label=\"728&#215;90 (6)\"><img loading=\"lazy\" decoding=\"async\" src=\"https:\/\/blogdafeira.com.br\/home\/wp-content\/uploads\/2026\/03\/728x90-6.gif\" alt=\"\"  class=\"no-lazyload\" width=\"728\" height=\"90\"  style=\"display: inline-block;\" \/><\/a><\/div><p>O Hospital Geral Cl\u00e9riston Andrade faz um apelo \u00e0 popula\u00e7\u00e3o de Feira de Santana e regi\u00e3o para a doa\u00e7\u00e3o urgente de sangue, especialmente do tipo O negativo. De acordo com a coordena\u00e7\u00e3o da Ag\u00eancia Transfusional da unidade, o estoque desse tipo sangu\u00edneo encontra-se zerado, o que compromete o atendimento a pacientes em situa\u00e7\u00e3o de emerg\u00eancia.<\/p><div id=\"blogd-1847988871\" class=\"blogd-conteudo-2-mobile blogd-entity-placement\"><a href=\"https:\/\/feirenses.com.br\/\" target=\"_blank\" aria-label=\"feirenses\"><img loading=\"lazy\" decoding=\"async\" src=\"https:\/\/blogdafeira.com.br\/home\/wp-content\/uploads\/2026\/04\/feirenses.png\" alt=\"\"  srcset=\"https:\/\/blogdafeira.com.br\/home\/wp-content\/uploads\/2026\/04\/feirenses.png 300w, https:\/\/blogdafeira.com.br\/home\/wp-content\/uploads\/2026\/04\/feirenses-170x45.png 170w, https:\/\/blogdafeira.com.br\/home\/wp-content\/uploads\/2026\/04\/feirenses-280x74.png 280w\" sizes=\"(max-width: 300px) 100vw, 300px\" class=\"no-lazyload\" width=\"300\" height=\"79\"  style=\"display: inline-block;\" \/><\/a><\/div>\n<p>Diante da situa\u00e7\u00e3o, o hospital solicita o apoio e a mobiliza\u00e7\u00e3o dos ve\u00edculos de comunica\u00e7\u00e3o para ampliar o alcance do chamado e incentivar a popula\u00e7\u00e3o a comparecer aos pontos de coleta nos pr\u00f3ximos dias.<\/p>\n<p><strong>As doa\u00e7\u00f5es devem ser realizadas no Hemoba de Feira de Santana, localizado na Avenida Presidente Dutra, cruzamento com a Avenida Maria Quit\u00e9ria, em frente \u00e0 TV Suba\u00e9. No momento da doa\u00e7\u00e3o, \u00e9 fundamental informar que a doa\u00e7\u00e3o \u00e9 destinada ao Hospital Geral Cl\u00e9riston Andrade.<\/strong><\/p>\n<p><strong>Quem pode doar<\/strong>:<\/p>\n<p>Podem doar pessoas entre 16 e 69 anos (menores de 18 anos com autoriza\u00e7\u00e3o dos respons\u00e1veis), com peso acima de 50 kg, em boas condi\u00e7\u00f5es de sa\u00fade e alimentadas.<\/p>\n<div id=\"blogd-3761852261\" class=\"blogd-final-post blogd-entity-placement\"><a href=\"https:\/\/www.feiradesantana.ba.leg.br\/\" target=\"_blank\" aria-label=\"BANNER-SITE-ENTREGADECHEQUE-CAMARADEFEIRA\"><img loading=\"lazy\" decoding=\"async\" src=\"https:\/\/blogdafeira.com.br\/home\/wp-content\/uploads\/2026\/03\/BANNER-SITE-ENTREGADECHEQUE-CAMARADEFEIRA.gif\" alt=\"\"  class=\"no-lazyload\" width=\"728\" height=\"90\"   \/><\/a><\/div><p>O HGCA destaca que a doa\u00e7\u00e3o de sangue \u00e9 um gesto simples, seguro e que pode salvar vidas. A participa\u00e7\u00e3o da comunidade \u00e9 essencial para garantir a continuidade dos atendimentos hospitalares.<\/p>\n","protected":false},"excerpt":{"rendered":"<p>O Hospital Geral Cl\u00e9riston Andrade faz um apelo \u00e0 popula\u00e7\u00e3o de Feira de Santana e regi\u00e3o para a doa\u00e7\u00e3o urgente de sangue, especialmente do tipo O negativo. De acordo com a coordena\u00e7\u00e3o da Ag\u00eancia Transfusional da unidade, o estoque desse tipo sangu\u00edneo encontra-se zerado, o que compromete o atendimento a pacientes em situa\u00e7\u00e3o de emerg\u00eancia.<\/p>\n","protected":false},"author":1,"featured_media":72126,"comment_status":"open","ping_status":"open","sticky":false,"template":"","format":"standard","meta":{"jetpack_post_was_ever_published":false,"cybocfi_hide_featured_image":"","_jetpack_newsletter_access":"","_jetpack_dont_email_post_to_subs":false,"_jetpack_newsletter_tier_id":0,"_jetpack_memberships_contains_paywalled_content":false,"_jetpack_memberships_contains_paid_content":false,"footnotes":"","jetpack_publicize_message":"","jetpack_publicize_feature_enabled":true,"jetpack_social_post_already_shared":true,"jetpack_social_options":{"image_generator_settings":{"template":"highway","default_image_id":0,"font":"","enabled":false},"version":2}},"categories":[3,603],"tags":[],"class_list":["post-72125","post","type-post","status-publish","format-standard","has-post-thumbnail","hentry","category-cidade","category-destaques"],"jetpack_publicize_connections":[],"jetpack_featured_media_url":"https:\/\/blogdafeira.com.br\/home\/wp-content\/uploads\/2026\/04\/download.jpeg","jetpack_shortlink":"https:\/\/wp.me\/p3niVf-iLj","jetpack_sharing_enabled":true,"jetpack-related-posts":[{"id":71169,"url":"https:\/\/blogdafeira.com.br\/home\/2026\/02\/02\/hospital-cleriston-andrade-lidera-captacao-de-corneas-na-bahia\/","url_meta":{"origin":72125,"position":0},"title":"Hospital Geral Cl\u00e9riston Andrade lidera capta\u00e7\u00e3o de c\u00f3rneas na Bahia","author":"Ascom","date":"02\/02\/2026","format":false,"excerpt":"O Hospital Geral Cl\u00e9riston Andrade (HGCA), em Feira de Santana, alcan\u00e7ou um marco hist\u00f3rico em 2025 ao registrar 182 doa\u00e7\u00f5es de c\u00f3rneas, liderando o ranking de capta\u00e7\u00e3o no estado da Bahia. Os dados s\u00e3o do Banco de Olhos da Bahia, respons\u00e1vel pelo registro oficial de doa\u00e7\u00f5es no estado. A conquista\u2026","rel":"","context":"Em &quot;Destaques&quot;","block_context":{"text":"Destaques","link":"https:\/\/blogdafeira.com.br\/home\/categoria\/destaques\/"},"img":{"alt_text":"","src":"https:\/\/i0.wp.com\/blogdafeira.com.br\/home\/wp-content\/uploads\/2026\/02\/IMG-20260131-WA0031.jpg?resize=350%2C200&ssl=1","width":350,"height":200,"srcset":"https:\/\/i0.wp.com\/blogdafeira.com.br\/home\/wp-content\/uploads\/2026\/02\/IMG-20260131-WA0031.jpg?resize=350%2C200&ssl=1 1x, https:\/\/i0.wp.com\/blogdafeira.com.br\/home\/wp-content\/uploads\/2026\/02\/IMG-20260131-WA0031.jpg?resize=525%2C300&ssl=1 1.5x, https:\/\/i0.wp.com\/blogdafeira.com.br\/home\/wp-content\/uploads\/2026\/02\/IMG-20260131-WA0031.jpg?resize=700%2C400&ssl=1 2x, https:\/\/i0.wp.com\/blogdafeira.com.br\/home\/wp-content\/uploads\/2026\/02\/IMG-20260131-WA0031.jpg?resize=1050%2C600&ssl=1 3x, https:\/\/i0.wp.com\/blogdafeira.com.br\/home\/wp-content\/uploads\/2026\/02\/IMG-20260131-WA0031.jpg?resize=1400%2C800&ssl=1 4x"},"classes":[]},{"id":25600,"url":"https:\/\/blogdafeira.com.br\/home\/2017\/02\/09\/nao-fique-parado-doe-sangue-hemoba-quer-garantir-estoque-para-o-carnaval-na-bahia\/","url_meta":{"origin":72125,"position":1},"title":"&#8220;N\u00e3o fique parado, doe sangue&#8221;.Hemoba quer garantir estoque para o Carnaval na Bahia","author":"Ascom","date":"09\/02\/2017","format":false,"excerpt":"'N\u00e3o fique parado, doe sangue'. Esse \u00e9 o tema da campanha lan\u00e7ada esta semana pela Funda\u00e7\u00e3o de Hematologia e Hemoterapia da Bahia (Hemoba), com o objetivo de incentivar a doa\u00e7\u00f5es de sangue antes do carnaval. Segundo M\u00e1rcia Almeida, Assistente Social\u00a0da Hemoba\/Feira, a estrat\u00e9gia para este m\u00eas ser\u00e1 funcionar em hor\u00e1rio\u2026","rel":"","context":"Em &quot;Home&quot;","block_context":{"text":"Home","link":"https:\/\/blogdafeira.com.br\/home\/categoria\/raiz\/"},"img":{"alt_text":"doacao-sangue-hemoba","src":"https:\/\/i0.wp.com\/blogdafeira.com.br\/home\/wp-content\/uploads\/2017\/02\/doa%C3%A7%C3%A3o-sangue-hemoba.jpg?resize=350%2C200","width":350,"height":200,"srcset":"https:\/\/i0.wp.com\/blogdafeira.com.br\/home\/wp-content\/uploads\/2017\/02\/doa%C3%A7%C3%A3o-sangue-hemoba.jpg?resize=350%2C200 1x, https:\/\/i0.wp.com\/blogdafeira.com.br\/home\/wp-content\/uploads\/2017\/02\/doa%C3%A7%C3%A3o-sangue-hemoba.jpg?resize=525%2C300 1.5x"},"classes":[]},{"id":62886,"url":"https:\/\/blogdafeira.com.br\/home\/2024\/07\/17\/doacao-de-orgaos-cresce-24-na-bahia-em-2024\/","url_meta":{"origin":72125,"position":2},"title":"Doa\u00e7\u00e3o de \u00f3rg\u00e3os cresce 24% na Bahia em 2024","author":"Ascom","date":"17\/07\/2024","format":false,"excerpt":"Dados do primeiro semestre de 2024 comprovam que a Bahia avan\u00e7ou no n\u00famero de doa\u00e7\u00f5es de \u00f3rg\u00e3os, quando comparado ao mesmo per\u00edodo do ano passado. Neste ano, foram realizadas 499 doa\u00e7\u00f5es, o que representa um aumento de 24% quando comparado com as 401 capta\u00e7\u00f5es realizadas no primeiro semestre de 2023.\u2026","rel":"","context":"Em &quot;Geral&quot;","block_context":{"text":"Geral","link":"https:\/\/blogdafeira.com.br\/home\/categoria\/geral\/"},"img":{"alt_text":"","src":"https:\/\/i0.wp.com\/blogdafeira.com.br\/home\/wp-content\/uploads\/2024\/07\/Doacao-de-orgaos-credito-Divulgacao-Saude-GovBA-3.jpeg?resize=350%2C200&ssl=1","width":350,"height":200,"srcset":"https:\/\/i0.wp.com\/blogdafeira.com.br\/home\/wp-content\/uploads\/2024\/07\/Doacao-de-orgaos-credito-Divulgacao-Saude-GovBA-3.jpeg?resize=350%2C200&ssl=1 1x, https:\/\/i0.wp.com\/blogdafeira.com.br\/home\/wp-content\/uploads\/2024\/07\/Doacao-de-orgaos-credito-Divulgacao-Saude-GovBA-3.jpeg?resize=525%2C300&ssl=1 1.5x, https:\/\/i0.wp.com\/blogdafeira.com.br\/home\/wp-content\/uploads\/2024\/07\/Doacao-de-orgaos-credito-Divulgacao-Saude-GovBA-3.jpeg?resize=700%2C400&ssl=1 2x"},"classes":[]},{"id":12278,"url":"https:\/\/blogdafeira.com.br\/home\/2014\/09\/05\/alunos-da-ufrb-promovem-campanha-para-doacao-de-sangue\/","url_meta":{"origin":72125,"position":3},"title":"Alunos da UFRB promovem campanha para doa\u00e7\u00e3o de sangue","author":"Ascom","date":"05\/09\/2014","format":false,"excerpt":"\"Sob a tem\u00e1tica do \u201cEU CURTO DOAR SANGUE\u201d os estudantes de enfermagem da Universidade Federal do Rec\u00f4ncavo da Bahia (UFRB) em parceria com a HEMOBA \u2013 UCT (Unidade de Coleta de Transfus\u00e3o) de Feira de Santana promovem o III Projeto de Interven\u00e7\u00e3o para capta\u00e7\u00e3o de doadores de sangue (\u201cSemana: Eu\u2026","rel":"","context":"Em &quot;Home&quot;","block_context":{"text":"Home","link":"https:\/\/blogdafeira.com.br\/home\/categoria\/raiz\/"},"img":{"alt_text":"","src":"","width":0,"height":0},"classes":[]},{"id":2174,"url":"https:\/\/blogdafeira.com.br\/home\/2013\/06\/03\/colbert-quer-hospital-cleriston-andrade-monitorado-por-dilma\/","url_meta":{"origin":72125,"position":4},"title":"Colbert quer Hospital Cl\u00e9riston Andrade monitorado por Dilma","author":"Ascom","date":"03\/06\/2013","format":false,"excerpt":"O deputado federal Colbert Martins (PMDB) afirmou ao Blog da Feira que vai encaminhar uma carta a presidente Dilma Rousseff, ainda nesta segunda-feira (3), solicitando que o Hospital Geral Cl\u00e9riston Andrade, em Feira de Santana, seja inserido entre as unidades monitoradas diretamente pelo Pal\u00e1cio do Planalto. Segundo mat\u00e9ria divulgada na\u2026","rel":"","context":"Em &quot;Home&quot;","block_context":{"text":"Home","link":"https:\/\/blogdafeira.com.br\/home\/categoria\/raiz\/"},"img":{"alt_text":"colbert plen\u00e1rio","src":"https:\/\/i0.wp.com\/blogdafeira.com.br\/home\/wp-content\/uploads\/2013\/06\/colbert-plen%C3%A1rio-196x300.jpg?resize=350%2C200","width":350,"height":200},"classes":[]},{"id":62792,"url":"https:\/\/blogdafeira.com.br\/home\/2024\/07\/10\/hemoba-precisa-de-mais-doadores-de-sangue-em-feira-sao-1320-bolsas-mes-campanha-em-feira-de-santana-para-aumentar-o-numero-de-doadores\/","url_meta":{"origin":72125,"position":5},"title":"Hemoba precisa de mais doadores de sangue em Feira; s\u00e3o 1320 bolsas\/m\u00eas","author":"Ascom","date":"10\/07\/2024","format":false,"excerpt":"Com o crescimento da demanda de hemocomponentes, a Unidade de Coleta e Transfus\u00e3o (UCT) da Hemoba em Feira de Santana lan\u00e7a a campanha \u201cNova miss\u00e3o, redobre a solidariedade\u201d para ampliar o n\u00famero de doadores. Desde o fechamento do banco de sangue privado na cidade, a UCT tem a responsabilidade de\u2026","rel":"","context":"Em &quot;Geral&quot;","block_context":{"text":"Geral","link":"https:\/\/blogdafeira.com.br\/home\/categoria\/geral\/"},"img":{"alt_text":"","src":"https:\/\/i0.wp.com\/blogdafeira.com.br\/home\/wp-content\/uploads\/2024\/07\/Card-campanha-nova-missao-UCT-Feira-800x800-1.jpeg?resize=350%2C200&ssl=1","width":350,"height":200,"srcset":"https:\/\/i0.wp.com\/blogdafeira.com.br\/home\/wp-content\/uploads\/2024\/07\/Card-campanha-nova-missao-UCT-Feira-800x800-1.jpeg?resize=350%2C200&ssl=1 1x, https:\/\/i0.wp.com\/blogdafeira.com.br\/home\/wp-content\/uploads\/2024\/07\/Card-campanha-nova-missao-UCT-Feira-800x800-1.jpeg?resize=525%2C300&ssl=1 1.5x, https:\/\/i0.wp.com\/blogdafeira.com.br\/home\/wp-content\/uploads\/2024\/07\/Card-campanha-nova-missao-UCT-Feira-800x800-1.jpeg?resize=700%2C400&ssl=1 2x"},"classes":[]}],"_links":{"self":[{"href":"https:\/\/blogdafeira.com.br\/home\/wp-json\/wp\/v2\/posts\/72125","targetHints":{"allow":["GET"]}}],"collection":[{"href":"https:\/\/blogdafeira.com.br\/home\/wp-json\/wp\/v2\/posts"}],"about":[{"href":"https:\/\/blogdafeira.com.br\/home\/wp-json\/wp\/v2\/types\/post"}],"author":[{"embeddable":true,"href":"https:\/\/blogdafeira.com.br\/home\/wp-json\/wp\/v2\/users\/1"}],"replies":[{"embeddable":true,"href":"https:\/\/blogdafeira.com.br\/home\/wp-json\/wp\/v2\/comments?post=72125"}],"version-history":[{"count":2,"href":"https:\/\/blogdafeira.com.br\/home\/wp-json\/wp\/v2\/posts\/72125\/revisions"}],"predecessor-version":[{"id":72129,"href":"https:\/\/blogdafeira.com.br\/home\/wp-json\/wp\/v2\/posts\/72125\/revisions\/72129"}],"wp:featuredmedia":[{"embeddable":true,"href":"https:\/\/blogdafeira.com.br\/home\/wp-json\/wp\/v2\/media\/72126"}],"wp:attachment":[{"href":"https:\/\/blogdafeira.com.br\/home\/wp-json\/wp\/v2\/media?parent=72125"}],"wp:term":[{"taxonomy":"category","embeddable":true,"href":"https:\/\/blogdafeira.com.br\/home\/wp-json\/wp\/v2\/categories?post=72125"},{"taxonomy":"post_tag","embeddable":true,"href":"https:\/\/blogdafeira.com.br\/home\/wp-json\/wp\/v2\/tags?post=72125"}],"curies":[{"name":"wp","href":"https:\/\/api.w.org\/{rel}","templated":true}]}}