{"id":72130,"date":"2026-04-28T06:24:30","date_gmt":"2026-04-28T09:24:30","guid":{"rendered":"https:\/\/blogdafeira.com.br\/home\/?p=72130"},"modified":"2026-04-28T06:34:58","modified_gmt":"2026-04-28T09:34:58","slug":"projeto-da-ppp-que-ze-ronaldo-apresenta-hoje-na-bolsa-e-semelhante-ao-do-hospital-de-palmas","status":"publish","type":"post","link":"https:\/\/blogdafeira.com.br\/home\/2026\/04\/28\/projeto-da-ppp-que-ze-ronaldo-apresenta-hoje-na-bolsa-e-semelhante-ao-do-hospital-de-palmas\/","title":{"rendered":"Projeto da PPP que Z\u00e9 Ronaldo apresenta hoje na Bolsa \u00e9 semelhante ao do hospital de Palmas"},"content":{"rendered":"<div id=\"blogd-3984992753\" class=\"blogd-fim-do-post-mobile blogd-entity-placement\" style=\"margin-left: auto;margin-right: auto;text-align: center;\"><a href=\"https:\/\/www.sefaz.feiradesantana.ba.gov.br\/\" target=\"_blank\" aria-label=\"728&#215;90 (6)\"><img loading=\"lazy\" decoding=\"async\" src=\"https:\/\/blogdafeira.com.br\/home\/wp-content\/uploads\/2026\/03\/728x90-6.gif\" alt=\"\"  class=\"no-lazyload\" width=\"728\" height=\"90\"  style=\"display: inline-block;\" \/><\/a><\/div><p>O projeto de PPP para o Hospital Municipal, que o prefeito de Feira, Z\u00e9 Ronaldo, apresenta a investidores, hoje,\u00a0 na Bolsa de Valores de S\u00e3o Paulo (B3), em termos de gest\u00e3o \u00e9 igual ao da cidade de Palmas, no Tocantins. O leil\u00e3o est\u00e1 marcado para o pr\u00f3ximo dia 15.<\/p><div id=\"blogd-4016526321\" class=\"blogd-conteudo-2-mobile blogd-entity-placement\"><a href=\"https:\/\/feirenses.com.br\/\" target=\"_blank\" aria-label=\"feirenses\"><img loading=\"lazy\" decoding=\"async\" src=\"https:\/\/blogdafeira.com.br\/home\/wp-content\/uploads\/2026\/04\/feirenses.png\" alt=\"\"  srcset=\"https:\/\/blogdafeira.com.br\/home\/wp-content\/uploads\/2026\/04\/feirenses.png 300w, https:\/\/blogdafeira.com.br\/home\/wp-content\/uploads\/2026\/04\/feirenses-170x45.png 170w, https:\/\/blogdafeira.com.br\/home\/wp-content\/uploads\/2026\/04\/feirenses-280x74.png 280w\" sizes=\"(max-width: 300px) 100vw, 300px\" class=\"no-lazyload\" width=\"300\" height=\"79\"  style=\"display: inline-block;\" \/><\/a><\/div>\n<p>Em ambos, o modelo de gest\u00e3o \u00e9 o mesmo: a empresa que ganha o leil\u00e3o, vai cuidar da constru\u00e7\u00e3o, limpeza, seguran\u00e7a, lavanderia, alimenta\u00e7\u00e3o e manuten\u00e7\u00e3o dos aparelhos. Na linguagem da Bolsa essa \u00e9 a parte chamada de &#8220;Bata cinza&#8221;. J\u00e1 a &#8220;Bata branca&#8221;, ou seja, a parte m\u00e9dica, \u00e9 responsabilidade da Prefeitura: m\u00e9dicos e enfermeiros contratados pelo poder p\u00fablico (ou via OS), e o atendimento \u00e9 100% gratuito pelo SUS.<\/p>\n<p>As diferen\u00e7as est\u00e3o no n\u00famero de leitos, <strong>210 em Palmas, 110, em Feira<\/strong>. E no tipo de atendimento, em Palmas \u00e9 hospital <strong>para a mulher,<\/strong> em Feira \u00e9 para a popula\u00e7\u00e3o <strong>em geral.<\/strong> Os valores s\u00e3o quase iguais: <strong>Palmas, 299 milh\u00f5es de reais e Feira, 289.<\/strong> Em Palmas a <strong>concess\u00e3o \u00e9 para 30 anos, em Feira 22.<\/strong><\/p>\n<p>O leil\u00e3o do Hospital de Palmas foi ganho pela <em><strong>Opy Health<\/strong><\/em>, o bra\u00e7o de investimentos no setor de sa\u00fade da IG4 Capital, que participa dos leil\u00f5es na Bolsa de Valores de S\u00e3o Paulo.<\/p>\n<div id=\"blogd-2345573856\" class=\"blogd-final-post blogd-entity-placement\"><a href=\"https:\/\/www.feiradesantana.ba.leg.br\/\" target=\"_blank\" aria-label=\"BANNER-SITE-ENTREGADECHEQUE-CAMARADEFEIRA\"><img loading=\"lazy\" decoding=\"async\" src=\"https:\/\/blogdafeira.com.br\/home\/wp-content\/uploads\/2026\/03\/BANNER-SITE-ENTREGADECHEQUE-CAMARADEFEIRA.gif\" alt=\"\"  class=\"no-lazyload\" width=\"728\" height=\"90\"   \/><\/a><\/div><p>A assessoria de comunica\u00e7\u00e3o da empresa disse, ontem, ao BF que ainda estava avaliando se participar\u00e1 do Roadshow,! na B3, que o prefeito Z\u00e9 Ronaldo far\u00e1 hoje, \u00e0s 15 horas.<\/p>\n","protected":false},"excerpt":{"rendered":"<p>O projeto de PPP para o Hospital Municipal, que o prefeito de Feira, Z\u00e9 Ronaldo, apresenta a investidores, hoje,\u00a0 na Bolsa de Valores de S\u00e3o Paulo (B3), em termos de gest\u00e3o \u00e9 igual ao da cidade de Palmas, no Tocantins. O leil\u00e3o est\u00e1 marcado para o pr\u00f3ximo dia 15. Em ambos, o modelo de gest\u00e3o<\/p>\n","protected":false},"author":1,"featured_media":72138,"comment_status":"open","ping_status":"open","sticky":false,"template":"","format":"standard","meta":{"jetpack_post_was_ever_published":false,"cybocfi_hide_featured_image":"","_jetpack_newsletter_access":"","_jetpack_dont_email_post_to_subs":false,"_jetpack_newsletter_tier_id":0,"_jetpack_memberships_contains_paywalled_content":false,"_jetpack_memberships_contains_paid_content":false,"footnotes":"","jetpack_publicize_message":"","jetpack_publicize_feature_enabled":true,"jetpack_social_post_already_shared":true,"jetpack_social_options":{"image_generator_settings":{"template":"highway","default_image_id":0,"font":"","enabled":false},"version":2}},"categories":[603,751,1],"tags":[],"class_list":["post-72130","post","type-post","status-publish","format-standard","has-post-thumbnail","hentry","category-destaques","category-geral","category-raiz"],"jetpack_publicize_connections":[],"jetpack_featured_media_url":"https:\/\/blogdafeira.com.br\/home\/wp-content\/uploads\/2026\/04\/Screenshot_20260427-130018.png","jetpack_shortlink":"https:\/\/wp.me\/p3niVf-iLo","jetpack_sharing_enabled":true,"jetpack-related-posts":[{"id":72118,"url":"https:\/\/blogdafeira.com.br\/home\/2026\/04\/25\/ze-ronaldo-vai-apresentar-segunda-feira-o-projeto-do-hospital-na-bolsa-de-valores-de-sao-paulo\/","url_meta":{"origin":72130,"position":0},"title":"Z\u00e9 Ronaldo vai apresentar, segunda-feira, o projeto do Hospital na Bolsa de Valores de S\u00e3o Paulo","author":"Blog da Feira","date":"25\/04\/2026","format":false,"excerpt":"O prefeito de Feira de Santana, Z\u00e9 Ronaldo (UB) vai apresentar para investidores, na Bolsa de Valores de S\u00e3o Paulo, segunda-feira (27), o projeto de Parceria P\u00fablico Privada para constru\u00e7\u00e3o e manuten\u00e7\u00e3o do Hospital Municipal. Depois dessa fase (chamada de Roadshow), vir\u00e1 o processo para o \"leil\u00e3o\". Levar o projeto\u2026","rel":"","context":"Em &quot;Cidade&quot;","block_context":{"text":"Cidade","link":"https:\/\/blogdafeira.com.br\/home\/categoria\/cidade\/"},"img":{"alt_text":"","src":"https:\/\/i0.wp.com\/blogdafeira.com.br\/home\/wp-content\/uploads\/2026\/03\/IMG-20260323-WA00792.jpg?resize=350%2C200&ssl=1","width":350,"height":200,"srcset":"https:\/\/i0.wp.com\/blogdafeira.com.br\/home\/wp-content\/uploads\/2026\/03\/IMG-20260323-WA00792.jpg?resize=350%2C200&ssl=1 1x, https:\/\/i0.wp.com\/blogdafeira.com.br\/home\/wp-content\/uploads\/2026\/03\/IMG-20260323-WA00792.jpg?resize=525%2C300&ssl=1 1.5x, https:\/\/i0.wp.com\/blogdafeira.com.br\/home\/wp-content\/uploads\/2026\/03\/IMG-20260323-WA00792.jpg?resize=700%2C400&ssl=1 2x, https:\/\/i0.wp.com\/blogdafeira.com.br\/home\/wp-content\/uploads\/2026\/03\/IMG-20260323-WA00792.jpg?resize=1050%2C600&ssl=1 3x"},"classes":[]},{"id":66732,"url":"https:\/\/blogdafeira.com.br\/home\/2025\/04\/15\/fundacao-de-90-anos-vai-fazer-o-modelo-de-ppp-para-o-hospital-municipal-de-feira\/","url_meta":{"origin":72130,"position":1},"title":"Funda\u00e7\u00e3o de 90 anos vai fazer o modelo de PPP para o Hospital Municipal de Feira","author":"Blog da Feira","date":"15\/04\/2025","format":false,"excerpt":"A FESP\/SP (Funda\u00e7\u00e3o Escola de Sociologia e Pol\u00edtica de S\u00e3o Paulo) vai desenvolver o modelo da Parceria P\u00fablico Privada (PPP) que vai gerir o futuro Hospital Municipal de Feira de Santana, cujo local, uma \u00e1rea de 8 mil metros quadrados na avenida Maria Quit\u00e9ria, onde funcionou a Associa\u00e7\u00e3o de Prote\u00e7\u00e3o\u2026","rel":"","context":"Em &quot;Geral&quot;","block_context":{"text":"Geral","link":"https:\/\/blogdafeira.com.br\/home\/categoria\/geral\/"},"img":{"alt_text":"","src":"https:\/\/i0.wp.com\/blogdafeira.com.br\/home\/wp-content\/uploads\/2025\/04\/IMG_20250415_103247326_HDR-scaled.jpg?resize=350%2C200&ssl=1","width":350,"height":200,"srcset":"https:\/\/i0.wp.com\/blogdafeira.com.br\/home\/wp-content\/uploads\/2025\/04\/IMG_20250415_103247326_HDR-scaled.jpg?resize=350%2C200&ssl=1 1x, https:\/\/i0.wp.com\/blogdafeira.com.br\/home\/wp-content\/uploads\/2025\/04\/IMG_20250415_103247326_HDR-scaled.jpg?resize=525%2C300&ssl=1 1.5x, https:\/\/i0.wp.com\/blogdafeira.com.br\/home\/wp-content\/uploads\/2025\/04\/IMG_20250415_103247326_HDR-scaled.jpg?resize=700%2C400&ssl=1 2x, https:\/\/i0.wp.com\/blogdafeira.com.br\/home\/wp-content\/uploads\/2025\/04\/IMG_20250415_103247326_HDR-scaled.jpg?resize=1050%2C600&ssl=1 3x, https:\/\/i0.wp.com\/blogdafeira.com.br\/home\/wp-content\/uploads\/2025\/04\/IMG_20250415_103247326_HDR-scaled.jpg?resize=1400%2C800&ssl=1 4x"},"classes":[]},{"id":70468,"url":"https:\/\/blogdafeira.com.br\/home\/2025\/12\/09\/dia-19-tem-audiencia-publica-sobre-a-ppp-do-hospital-municipal-de-feira\/","url_meta":{"origin":72130,"position":2},"title":"Dia 19 tem audi\u00eancia p\u00fablica sobre a PPP do Hospital Municipal de Feira","author":"Blog da Feira","date":"09\/12\/2025","format":false,"excerpt":"A Prefeitura de Feira de Santana, por meio do Conselho Gestor do Programa Municipal de Parcerias P\u00fablico-Privadas, realizar\u00e1 uma audi\u00eancia p\u00fablica para apresentar e debater o projeto de Parceria P\u00fablico-Privada voltado \u00e0 constru\u00e7\u00e3o e opera\u00e7\u00e3o do Hospital Municipal de Feira de Santana.\u00a0 A audi\u00eancia vai ser no pr\u00f3ximo dia 19,\u2026","rel":"","context":"Em &quot;Geral&quot;","block_context":{"text":"Geral","link":"https:\/\/blogdafeira.com.br\/home\/categoria\/geral\/"},"img":{"alt_text":"","src":"https:\/\/i0.wp.com\/blogdafeira.com.br\/home\/wp-content\/uploads\/2025\/12\/08122025154630.jpg?resize=350%2C200&ssl=1","width":350,"height":200,"srcset":"https:\/\/i0.wp.com\/blogdafeira.com.br\/home\/wp-content\/uploads\/2025\/12\/08122025154630.jpg?resize=350%2C200&ssl=1 1x, https:\/\/i0.wp.com\/blogdafeira.com.br\/home\/wp-content\/uploads\/2025\/12\/08122025154630.jpg?resize=525%2C300&ssl=1 1.5x, https:\/\/i0.wp.com\/blogdafeira.com.br\/home\/wp-content\/uploads\/2025\/12\/08122025154630.jpg?resize=700%2C400&ssl=1 2x, https:\/\/i0.wp.com\/blogdafeira.com.br\/home\/wp-content\/uploads\/2025\/12\/08122025154630.jpg?resize=1050%2C600&ssl=1 3x"},"classes":[]},{"id":71552,"url":"https:\/\/blogdafeira.com.br\/home\/2026\/03\/04\/edital-para-a-ppp-de-construcao-do-hospital-municipal-de-feira-sera-publicado-proxima-semana\/","url_meta":{"origin":72130,"position":3},"title":"Edital para a PPP de constru\u00e7\u00e3o do Hospital Municipal de Feira ser\u00e1 publicado pr\u00f3xima semana","author":"Blog da Feira","date":"04\/03\/2026","format":false,"excerpt":"A Prefeitura de Feira de Santana vai publicar, na pr\u00f3xima semana, o edital para contrata\u00e7\u00e3o de Parceria P\u00fablico-Privada (PPP) destinada \u00e0 constru\u00e7\u00e3o, equipagem, opera\u00e7\u00e3o e manuten\u00e7\u00e3o do Hospital Municipal de Feira de Santana. Os detalhes do projeto ser\u00e3o apresentados em coletiva de imprensa na segunda-feira (9), \u00e0s 10h, no Pa\u00e7o\u2026","rel":"","context":"Em &quot;Cidade&quot;","block_context":{"text":"Cidade","link":"https:\/\/blogdafeira.com.br\/home\/categoria\/cidade\/"},"img":{"alt_text":"","src":"https:\/\/i0.wp.com\/blogdafeira.com.br\/home\/wp-content\/uploads\/2026\/03\/04032026174854.jpg?resize=350%2C200&ssl=1","width":350,"height":200,"srcset":"https:\/\/i0.wp.com\/blogdafeira.com.br\/home\/wp-content\/uploads\/2026\/03\/04032026174854.jpg?resize=350%2C200&ssl=1 1x, https:\/\/i0.wp.com\/blogdafeira.com.br\/home\/wp-content\/uploads\/2026\/03\/04032026174854.jpg?resize=525%2C300&ssl=1 1.5x, https:\/\/i0.wp.com\/blogdafeira.com.br\/home\/wp-content\/uploads\/2026\/03\/04032026174854.jpg?resize=700%2C400&ssl=1 2x, https:\/\/i0.wp.com\/blogdafeira.com.br\/home\/wp-content\/uploads\/2026\/03\/04032026174854.jpg?resize=1050%2C600&ssl=1 3x"},"classes":[]},{"id":71852,"url":"https:\/\/blogdafeira.com.br\/home\/2026\/03\/30\/apoio-de-ze-ronaldo-sem-aplausos-para-acm-neto-mao-no-bolso-cara-seria-e-discurso-lido\/","url_meta":{"origin":72130,"position":4},"title":"Apoio de Z\u00e9 Ronaldo: sem aplausos para ACM Neto, m\u00e3o no bolso, cara s\u00e9ria e discurso lido","author":"Blog da Feira","date":"30\/03\/2026","format":false,"excerpt":"\u00c9 prov\u00e1vel que ACM Neto\u00a0 tenha sido avisado da possibilidade de enfrentar uma vis\u00edvel frieza de Z\u00e9 Ronaldo mas aceitou os argumentos de Z\u00e9 Chico, de que a visita traria, como trouxe, pelo menos um an\u00fancio formal de apoio do Prefeito de Feira, Z\u00e9 Ronaldo (UB).\u00a0 Z\u00e9 Chico n\u00e3o deve\u2026","rel":"","context":"Em &quot;Destaques&quot;","block_context":{"text":"Destaques","link":"https:\/\/blogdafeira.com.br\/home\/categoria\/destaques\/"},"img":{"alt_text":"","src":"https:\/\/i0.wp.com\/blogdafeira.com.br\/home\/wp-content\/uploads\/2026\/03\/ctjfzf.jpg?resize=350%2C200&ssl=1","width":350,"height":200,"srcset":"https:\/\/i0.wp.com\/blogdafeira.com.br\/home\/wp-content\/uploads\/2026\/03\/ctjfzf.jpg?resize=350%2C200&ssl=1 1x, https:\/\/i0.wp.com\/blogdafeira.com.br\/home\/wp-content\/uploads\/2026\/03\/ctjfzf.jpg?resize=525%2C300&ssl=1 1.5x, https:\/\/i0.wp.com\/blogdafeira.com.br\/home\/wp-content\/uploads\/2026\/03\/ctjfzf.jpg?resize=700%2C400&ssl=1 2x"},"classes":[]},{"id":55436,"url":"https:\/\/blogdafeira.com.br\/home\/2022\/11\/18\/caixa-indicara-o-melhor-projeto-para-execucao-da-ppp-da-zona-azul-em-feira\/","url_meta":{"origin":72130,"position":5},"title":"Caixa indicar\u00e1 o melhor projeto para execu\u00e7\u00e3o da PPP da Zona Azul em Feira","author":"Blog da Feira","date":"18\/11\/2022","format":false,"excerpt":"A Caixa Econ\u00f4mica Federal far\u00e1 a escolha do melhor projeto estrutural para implanta\u00e7\u00e3o do sistema de estacionamento rotativo pago de ve\u00edculos em logradouros p\u00fablicos e \u00e1reas pertencentes ao Munic\u00edpio de Feira de Santana, mais conhecido como Zona Azul.\u00a0A contrata\u00e7\u00e3o da consultoria foi oficializada em ato no gabinete do prefeito Colbert\u2026","rel":"","context":"Em &quot;Home&quot;","block_context":{"text":"Home","link":"https:\/\/blogdafeira.com.br\/home\/categoria\/raiz\/"},"img":{"alt_text":"","src":"https:\/\/i0.wp.com\/blogdafeira.com.br\/home\/wp-content\/uploads\/2022\/11\/18112022161245.jpg?resize=350%2C200&ssl=1","width":350,"height":200,"srcset":"https:\/\/i0.wp.com\/blogdafeira.com.br\/home\/wp-content\/uploads\/2022\/11\/18112022161245.jpg?resize=350%2C200&ssl=1 1x, https:\/\/i0.wp.com\/blogdafeira.com.br\/home\/wp-content\/uploads\/2022\/11\/18112022161245.jpg?resize=525%2C300&ssl=1 1.5x, https:\/\/i0.wp.com\/blogdafeira.com.br\/home\/wp-content\/uploads\/2022\/11\/18112022161245.jpg?resize=700%2C400&ssl=1 2x, https:\/\/i0.wp.com\/blogdafeira.com.br\/home\/wp-content\/uploads\/2022\/11\/18112022161245.jpg?resize=1050%2C600&ssl=1 3x"},"classes":[]}],"_links":{"self":[{"href":"https:\/\/blogdafeira.com.br\/home\/wp-json\/wp\/v2\/posts\/72130","targetHints":{"allow":["GET"]}}],"collection":[{"href":"https:\/\/blogdafeira.com.br\/home\/wp-json\/wp\/v2\/posts"}],"about":[{"href":"https:\/\/blogdafeira.com.br\/home\/wp-json\/wp\/v2\/types\/post"}],"author":[{"embeddable":true,"href":"https:\/\/blogdafeira.com.br\/home\/wp-json\/wp\/v2\/users\/1"}],"replies":[{"embeddable":true,"href":"https:\/\/blogdafeira.com.br\/home\/wp-json\/wp\/v2\/comments?post=72130"}],"version-history":[{"count":6,"href":"https:\/\/blogdafeira.com.br\/home\/wp-json\/wp\/v2\/posts\/72130\/revisions"}],"predecessor-version":[{"id":72142,"href":"https:\/\/blogdafeira.com.br\/home\/wp-json\/wp\/v2\/posts\/72130\/revisions\/72142"}],"wp:featuredmedia":[{"embeddable":true,"href":"https:\/\/blogdafeira.com.br\/home\/wp-json\/wp\/v2\/media\/72138"}],"wp:attachment":[{"href":"https:\/\/blogdafeira.com.br\/home\/wp-json\/wp\/v2\/media?parent=72130"}],"wp:term":[{"taxonomy":"category","embeddable":true,"href":"https:\/\/blogdafeira.com.br\/home\/wp-json\/wp\/v2\/categories?post=72130"},{"taxonomy":"post_tag","embeddable":true,"href":"https:\/\/blogdafeira.com.br\/home\/wp-json\/wp\/v2\/tags?post=72130"}],"curies":[{"name":"wp","href":"https:\/\/api.w.org\/{rel}","templated":true}]}}