{"id":72133,"date":"2026-04-27T20:31:48","date_gmt":"2026-04-27T23:31:48","guid":{"rendered":"https:\/\/blogdafeira.com.br\/home\/?p=72133"},"modified":"2026-04-27T20:31:48","modified_gmt":"2026-04-27T23:31:48","slug":"leandra-leya-da-matinha-e-agora-a-nova-miss-afro-de-feira-de-santana","status":"publish","type":"post","link":"https:\/\/blogdafeira.com.br\/home\/2026\/04\/27\/leandra-leya-da-matinha-e-agora-a-nova-miss-afro-de-feira-de-santana\/","title":{"rendered":"Leandra Leya, da Matinha, \u00e9 agora a nova Miss Afro de Feira de Santana"},"content":{"rendered":"<div id=\"blogd-2715932012\" class=\"blogd-fim-do-post-mobile blogd-entity-placement\" style=\"margin-left: auto;margin-right: auto;text-align: center;\"><a href=\"https:\/\/www.sefaz.feiradesantana.ba.gov.br\/\" target=\"_blank\" aria-label=\"728&#215;90 (6)\"><img loading=\"lazy\" decoding=\"async\" src=\"https:\/\/blogdafeira.com.br\/home\/wp-content\/uploads\/2026\/03\/728x90-6.gif\" alt=\"\"  class=\"no-lazyload\" width=\"728\" height=\"90\"  style=\"display: inline-block;\" \/><\/a><\/div><p>A noite de domingo (26) o movimento Moviafro realizou mais uma edi\u00e7\u00e3o do concurso Miss Afro, no Centro de Conven\u00e7\u00f5es de Feira,\u00a0 reunindo grande p\u00fablico e promovendo o protagonismo de mulheres negras do munic\u00edpio e da regi\u00e3o<a href=\"https:\/\/www.instagram.com\/leandra.leya?igsh=MXhwZWx1NGpqc3pmMQ==\"><strong>. O resultado final do concurso consagrou Leandra Leya como vencedora do Miss Afro 2026<\/strong><\/a>. Geovana Amorim conquistou o t\u00edtulo de 1\u00aa Beldade Negra, Milena ficou como 2\u00aa Beldade Negra e Karine recebeu o t\u00edtulo de Miss Simpatia.<\/p><div id=\"blogd-2531920944\" class=\"blogd-conteudo-2-mobile blogd-entity-placement\"><a href=\"https:\/\/feirenses.com.br\/\" target=\"_blank\" aria-label=\"feirenses\"><img loading=\"lazy\" decoding=\"async\" src=\"https:\/\/blogdafeira.com.br\/home\/wp-content\/uploads\/2026\/04\/feirenses.png\" alt=\"\"  srcset=\"https:\/\/blogdafeira.com.br\/home\/wp-content\/uploads\/2026\/04\/feirenses.png 300w, https:\/\/blogdafeira.com.br\/home\/wp-content\/uploads\/2026\/04\/feirenses-170x45.png 170w, https:\/\/blogdafeira.com.br\/home\/wp-content\/uploads\/2026\/04\/feirenses-280x74.png 280w\" sizes=\"(max-width: 300px) 100vw, 300px\" class=\"no-lazyload\" width=\"300\" height=\"79\"  style=\"display: inline-block;\" \/><\/a><\/div>\n<p><img loading=\"lazy\" decoding=\"async\" class=\"aligncenter size-medium wp-image-72134\" src=\"https:\/\/blogdafeira.com.br\/home\/wp-content\/uploads\/2026\/04\/270420261541092-346x205.jpg\" alt=\"\" width=\"346\" height=\"205\" srcset=\"https:\/\/blogdafeira.com.br\/home\/wp-content\/uploads\/2026\/04\/270420261541092-346x205.jpg 346w, https:\/\/blogdafeira.com.br\/home\/wp-content\/uploads\/2026\/04\/270420261541092-1024x607.jpg 1024w, https:\/\/blogdafeira.com.br\/home\/wp-content\/uploads\/2026\/04\/270420261541092-170x101.jpg 170w, https:\/\/blogdafeira.com.br\/home\/wp-content\/uploads\/2026\/04\/270420261541092-768x455.jpg 768w, https:\/\/blogdafeira.com.br\/home\/wp-content\/uploads\/2026\/04\/270420261541092-280x166.jpg 280w, https:\/\/blogdafeira.com.br\/home\/wp-content\/uploads\/2026\/04\/270420261541092.jpg 1034w\" sizes=\"auto, (max-width: 346px) 100vw, 346px\" \/><\/p>\n<p>Leandra Leya foi uma das representantes do distrito quilombola da Matinha, onde ela j\u00e1 foi eleita Miss em evento local promovido pela Par\u00f3quia de S\u00e3o Roque. Ela tamb\u00e9m faz parte da &#8216;<a href=\"https:\/\/www.instagram.com\/avozdacomunidadematinha25?igsh=MTYzd25sYXpqOWljbQ==\"><strong>Voz da Comunidade&#8217;, p\u00e1gina no Instagram que divulga eventos e assuntos do distrito (clique)<\/strong><\/a><\/p>\n<p>Criado em 2017 por Val Concei\u00e7\u00e3o e Viviane Carvalho, o concurso Miss Afro se consolidou como uma importante a\u00e7\u00e3o afirmativa no munic\u00edpio. Com o objetivo de fortalecer a autoestima e ampliar oportunidades para mulheres negras, o projeto alia beleza, educa\u00e7\u00e3o e forma\u00e7\u00e3o cidad\u00e3. Nesta 9\u00aa edi\u00e7\u00e3o, o evento alcan\u00e7ou um marco expressivo, envolvendo cerca de 4 mil meninas negras ao longo de sua trajet\u00f3ria.<\/p>\n<p>Durante o evento, o coordenador do Moviafro, Val Concei\u00e7\u00e3o, destacou a import\u00e2ncia de ampliar oportunidades. <em>\u201cO que tem nos faltado \u00e9 oportunidade. Essas a\u00e7\u00f5es t\u00eam aberto portas e chamado a aten\u00e7\u00e3o da sociedade para esse contexto. N\u00f3s, como homens e mulheres negras, podemos tudo<\/em>\u201d, afirmou.<\/p>\n<div id=\"blogd-3975041847\" class=\"blogd-final-post blogd-entity-placement\"><a href=\"https:\/\/www.feiradesantana.ba.leg.br\/\" target=\"_blank\" aria-label=\"BANNER-SITE-ENTREGADECHEQUE-CAMARADEFEIRA\"><img loading=\"lazy\" decoding=\"async\" src=\"https:\/\/blogdafeira.com.br\/home\/wp-content\/uploads\/2026\/03\/BANNER-SITE-ENTREGADECHEQUE-CAMARADEFEIRA.gif\" alt=\"\"  class=\"no-lazyload\" width=\"728\" height=\"90\"   \/><\/a><\/div><p>Fotos: Karla Ferreira e Instagram de Leandra<\/p>\n","protected":false},"excerpt":{"rendered":"<p>A noite de domingo (26) o movimento Moviafro realizou mais uma edi\u00e7\u00e3o do concurso Miss Afro, no Centro de Conven\u00e7\u00f5es de Feira,\u00a0 reunindo grande p\u00fablico e promovendo o protagonismo de mulheres negras do munic\u00edpio e da regi\u00e3o. O resultado final do concurso consagrou Leandra Leya como vencedora do Miss Afro 2026. Geovana Amorim conquistou o<\/p>\n","protected":false},"author":1,"featured_media":72135,"comment_status":"open","ping_status":"open","sticky":false,"template":"","format":"standard","meta":{"jetpack_post_was_ever_published":false,"cybocfi_hide_featured_image":"","_jetpack_newsletter_access":"","_jetpack_dont_email_post_to_subs":false,"_jetpack_newsletter_tier_id":0,"_jetpack_memberships_contains_paywalled_content":false,"_jetpack_memberships_contains_paid_content":false,"footnotes":"","jetpack_publicize_message":"","jetpack_publicize_feature_enabled":true,"jetpack_social_post_already_shared":true,"jetpack_social_options":{"image_generator_settings":{"template":"highway","default_image_id":0,"font":"","enabled":false},"version":2}},"categories":[3,4,603],"tags":[],"class_list":["post-72133","post","type-post","status-publish","format-standard","has-post-thumbnail","hentry","category-cidade","category-cultura","category-destaques"],"jetpack_publicize_connections":[],"jetpack_featured_media_url":"https:\/\/blogdafeira.com.br\/home\/wp-content\/uploads\/2026\/04\/Screenshot_20260427-2027442.jpg","jetpack_shortlink":"https:\/\/wp.me\/p3niVf-iLr","jetpack_sharing_enabled":true,"jetpack-related-posts":[{"id":43711,"url":"https:\/\/blogdafeira.com.br\/home\/2021\/03\/01\/mais-de-200-inscritas-para-o-concurso-de-miss-afro-em-feira\/","url_meta":{"origin":72133,"position":0},"title":"Mais de 200 inscritas para o concurso de Miss Afro em Feira","author":"Blog da Feira","date":"01\/03\/2021","format":false,"excerpt":"Duzentas e treze (213) jovens se inscreveram para disputar o t\u00edtulo de Miss Afro 2020\/2021, concurso promovido pela Associa\u00e7\u00e3o Cultural Moviafro em parceria com a Faculdade Multivix\/Astro, em Feira de Santana, e est\u00e1 previsto para ser realizado no dia 10 de abril. No ultimo domingo as inscritas\u00a0 passaram por mais\u2026","rel":"","context":"Em &quot;Cultura&quot;","block_context":{"text":"Cultura","link":"https:\/\/blogdafeira.com.br\/home\/categoria\/cultura\/"},"img":{"alt_text":"","src":"https:\/\/i0.wp.com\/blogdafeira.com.br\/home\/wp-content\/uploads\/2021\/03\/download.jpg?resize=350%2C200&ssl=1","width":350,"height":200},"classes":[]},{"id":44821,"url":"https:\/\/blogdafeira.com.br\/home\/2021\/04\/12\/maria-bevane-uma-15-finalistas-no-miss-afro-feira-de-santana\/","url_meta":{"origin":72133,"position":1},"title":"Quinze finalistas no Miss Afro Feira de Santana","author":"Blog da Feira","date":"12\/04\/2021","format":false,"excerpt":"A final do Concurso Miss Afro Feira de Santana 2020\/2021 - Edi\u00e7\u00e3o Especial, est\u00e1 programada para o pr\u00f3ximo 16 de maio. Sai 15 finalistas selecionadas pelo MoViafro, entidade do movimento negro em Feira, respons\u00e1vel pelo evento. A grande final do Miss Afro ser\u00e1 transmitida ao vivo pelo Youtube, Instagram e\u2026","rel":"","context":"Em &quot;Geral&quot;","block_context":{"text":"Geral","link":"https:\/\/blogdafeira.com.br\/home\/categoria\/geral\/"},"img":{"alt_text":"","src":"https:\/\/i0.wp.com\/blogdafeira.com.br\/home\/wp-content\/uploads\/2021\/04\/Screenshot_20210412-2111242.png?resize=350%2C200&ssl=1","width":350,"height":200,"srcset":"https:\/\/i0.wp.com\/blogdafeira.com.br\/home\/wp-content\/uploads\/2021\/04\/Screenshot_20210412-2111242.png?resize=350%2C200&ssl=1 1x, https:\/\/i0.wp.com\/blogdafeira.com.br\/home\/wp-content\/uploads\/2021\/04\/Screenshot_20210412-2111242.png?resize=525%2C300&ssl=1 1.5x, https:\/\/i0.wp.com\/blogdafeira.com.br\/home\/wp-content\/uploads\/2021\/04\/Screenshot_20210412-2111242.png?resize=700%2C400&ssl=1 2x"},"classes":[]},{"id":46215,"url":"https:\/\/blogdafeira.com.br\/home\/2021\/07\/04\/jora-fernandes-relata-situacoes-de-racismo-no-comercio-de-feira\/","url_meta":{"origin":72133,"position":2},"title":"Jora Fernandes relata situa\u00e7\u00f5es de racismo no com\u00e9rcio de Feira","author":"Blog da Feira","date":"04\/07\/2021","format":false,"excerpt":"A miss afro Jora Fernandes foi eleita recentemente em concurso idealizado e promovido por Val Concei\u00e7\u00e3o, ativista e produtor cultural do movimento negro em Feira de Santana. Em bate-papo com o radialista Frei Cal, neste s\u00e1bado, 3, durante o programa 'Sociedade e Voc\u00ea', a miss relatou situa\u00e7\u00f5es de racismo que\u2026","rel":"","context":"Em &quot;Cultura&quot;","block_context":{"text":"Cultura","link":"https:\/\/blogdafeira.com.br\/home\/categoria\/cultura\/"},"img":{"alt_text":"","src":"https:\/\/i0.wp.com\/blogdafeira.com.br\/home\/wp-content\/uploads\/2021\/07\/Screenshot_20210704-0934552.png?resize=350%2C200&ssl=1","width":350,"height":200,"srcset":"https:\/\/i0.wp.com\/blogdafeira.com.br\/home\/wp-content\/uploads\/2021\/07\/Screenshot_20210704-0934552.png?resize=350%2C200&ssl=1 1x, https:\/\/i0.wp.com\/blogdafeira.com.br\/home\/wp-content\/uploads\/2021\/07\/Screenshot_20210704-0934552.png?resize=525%2C300&ssl=1 1.5x, https:\/\/i0.wp.com\/blogdafeira.com.br\/home\/wp-content\/uploads\/2021\/07\/Screenshot_20210704-0934552.png?resize=700%2C400&ssl=1 2x"},"classes":[]},{"id":70183,"url":"https:\/\/blogdafeira.com.br\/home\/2025\/11\/13\/cha-com-ze-promove-conversa-na-matinha-sobre-saude-da-populacao-negra-com-ervas-medicinais\/","url_meta":{"origin":72133,"position":3},"title":"&#8220;Ch\u00e1 com Z\u00e9&#8221; promove conversa na Matinha sobre sa\u00fade da popula\u00e7\u00e3o negra com ervas medicinais","author":"Blog da Feira","date":"13\/11\/2025","format":false,"excerpt":"O programa \"Ch\u00e1 com Z\u00e9\"\u00a0 se destaca, principalmente no distrito da Matinha, pela intera\u00e7\u00e3o com a comunidade e os temas que aborda e nos quais se envolve diretamente. \u00c9 o que vai ocorrer mais uma vez nesta sexta-feira-feira, dia 14 (amanh\u00e3) , quando o radialista Z\u00e9 das Virgens vai conduzir\u2026","rel":"","context":"Em &quot;Distritos&quot;","block_context":{"text":"Distritos","link":"https:\/\/blogdafeira.com.br\/home\/categoria\/distritos\/"},"img":{"alt_text":"","src":"https:\/\/i0.wp.com\/blogdafeira.com.br\/home\/wp-content\/uploads\/2025\/11\/IMG-20251113-WA0025.jpg?resize=350%2C200&ssl=1","width":350,"height":200,"srcset":"https:\/\/i0.wp.com\/blogdafeira.com.br\/home\/wp-content\/uploads\/2025\/11\/IMG-20251113-WA0025.jpg?resize=350%2C200&ssl=1 1x, https:\/\/i0.wp.com\/blogdafeira.com.br\/home\/wp-content\/uploads\/2025\/11\/IMG-20251113-WA0025.jpg?resize=525%2C300&ssl=1 1.5x, https:\/\/i0.wp.com\/blogdafeira.com.br\/home\/wp-content\/uploads\/2025\/11\/IMG-20251113-WA0025.jpg?resize=700%2C400&ssl=1 2x, https:\/\/i0.wp.com\/blogdafeira.com.br\/home\/wp-content\/uploads\/2025\/11\/IMG-20251113-WA0025.jpg?resize=1050%2C600&ssl=1 3x"},"classes":[]},{"id":63291,"url":"https:\/\/blogdafeira.com.br\/home\/2024\/08\/19\/dom-zanoni-encerrou-com-missa-solene-a-festa-de-sao-roque-na-matinha\/","url_meta":{"origin":72133,"position":4},"title":"Dom Zanoni encerrou com missa solene a festa de S\u00e3o Roque na Matinha","author":"Blog da Feira","date":"19\/08\/2024","format":false,"excerpt":"Na Feira de Santana, no in\u00edcio do s\u00e9culo passado,os moradores da comunidade rural e\u00a0 quilombola da Matinha dos Pretos temiam a peste bub\u00f4nica que se espalhava na regi\u00e3o. Cat\u00f3licos, pediram a prote\u00e7\u00e3o de S\u00e3o Roque para os livrar da doen\u00e7a mortal. A peste n\u00e3o chegou \u00e0 comunidade quilombola, e eles\u2026","rel":"","context":"Em &quot;Distritos&quot;","block_context":{"text":"Distritos","link":"https:\/\/blogdafeira.com.br\/home\/categoria\/distritos\/"},"img":{"alt_text":"","src":"https:\/\/i0.wp.com\/blogdafeira.com.br\/home\/wp-content\/uploads\/2024\/08\/Screenshot_20240819-0637482.png?resize=350%2C200&ssl=1","width":350,"height":200,"srcset":"https:\/\/i0.wp.com\/blogdafeira.com.br\/home\/wp-content\/uploads\/2024\/08\/Screenshot_20240819-0637482.png?resize=350%2C200&ssl=1 1x, https:\/\/i0.wp.com\/blogdafeira.com.br\/home\/wp-content\/uploads\/2024\/08\/Screenshot_20240819-0637482.png?resize=525%2C300&ssl=1 1.5x, https:\/\/i0.wp.com\/blogdafeira.com.br\/home\/wp-content\/uploads\/2024\/08\/Screenshot_20240819-0637482.png?resize=700%2C400&ssl=1 2x, https:\/\/i0.wp.com\/blogdafeira.com.br\/home\/wp-content\/uploads\/2024\/08\/Screenshot_20240819-0637482.png?resize=1050%2C600&ssl=1 3x"},"classes":[]},{"id":28429,"url":"https:\/\/blogdafeira.com.br\/home\/2017\/10\/25\/novembro-negro-em-feira-de-santana-confira-a-programacao\/","url_meta":{"origin":72133,"position":5},"title":"Novembro Negro em Feira de Santana, confira a programa\u00e7\u00e3o","author":"Blog da Feira","date":"25\/10\/2017","format":false,"excerpt":"Um semin\u00e1rio sobre \u201cO Racismo no S\u00e9culo XXI - reconhecimento, justi\u00e7a e desenvolvimento\u201d, marca as comemora\u00e7\u00f5es pelo Novembro Negro em Feira de Santana, dentre as a\u00e7\u00f5es promovidas durante todo o m\u00eas pela Secretaria Municipal de Desenvolvimento Social (Sedeso). O evento ser\u00e1 realizado no dia 28 de novembro, no audit\u00f3rio da\u2026","rel":"","context":"Em &quot;Home&quot;","block_context":{"text":"Home","link":"https:\/\/blogdafeira.com.br\/home\/categoria\/raiz\/"},"img":{"alt_text":"","src":"","width":0,"height":0},"classes":[]}],"_links":{"self":[{"href":"https:\/\/blogdafeira.com.br\/home\/wp-json\/wp\/v2\/posts\/72133","targetHints":{"allow":["GET"]}}],"collection":[{"href":"https:\/\/blogdafeira.com.br\/home\/wp-json\/wp\/v2\/posts"}],"about":[{"href":"https:\/\/blogdafeira.com.br\/home\/wp-json\/wp\/v2\/types\/post"}],"author":[{"embeddable":true,"href":"https:\/\/blogdafeira.com.br\/home\/wp-json\/wp\/v2\/users\/1"}],"replies":[{"embeddable":true,"href":"https:\/\/blogdafeira.com.br\/home\/wp-json\/wp\/v2\/comments?post=72133"}],"version-history":[{"count":1,"href":"https:\/\/blogdafeira.com.br\/home\/wp-json\/wp\/v2\/posts\/72133\/revisions"}],"predecessor-version":[{"id":72136,"href":"https:\/\/blogdafeira.com.br\/home\/wp-json\/wp\/v2\/posts\/72133\/revisions\/72136"}],"wp:featuredmedia":[{"embeddable":true,"href":"https:\/\/blogdafeira.com.br\/home\/wp-json\/wp\/v2\/media\/72135"}],"wp:attachment":[{"href":"https:\/\/blogdafeira.com.br\/home\/wp-json\/wp\/v2\/media?parent=72133"}],"wp:term":[{"taxonomy":"category","embeddable":true,"href":"https:\/\/blogdafeira.com.br\/home\/wp-json\/wp\/v2\/categories?post=72133"},{"taxonomy":"post_tag","embeddable":true,"href":"https:\/\/blogdafeira.com.br\/home\/wp-json\/wp\/v2\/tags?post=72133"}],"curies":[{"name":"wp","href":"https:\/\/api.w.org\/{rel}","templated":true}]}}