{"id":72145,"date":"2026-04-29T10:08:30","date_gmt":"2026-04-29T13:08:30","guid":{"rendered":"https:\/\/blogdafeira.com.br\/home\/?p=72145"},"modified":"2026-04-29T10:08:30","modified_gmt":"2026-04-29T13:08:30","slug":"a-realidade-da-rocinha-maior-favela-feirense","status":"publish","type":"post","link":"https:\/\/blogdafeira.com.br\/home\/2026\/04\/29\/a-realidade-da-rocinha-maior-favela-feirense\/","title":{"rendered":"A realidade da Rocinha, maior favela feirense"},"content":{"rendered":"<div id=\"blogd-1116925419\" class=\"blogd-fim-do-post-mobile blogd-entity-placement\" style=\"margin-left: auto;margin-right: auto;text-align: center;\"><a href=\"https:\/\/www.sefaz.feiradesantana.ba.gov.br\/\" target=\"_blank\" aria-label=\"728&#215;90 (6)\"><img loading=\"lazy\" decoding=\"async\" src=\"https:\/\/blogdafeira.com.br\/home\/wp-content\/uploads\/2026\/03\/728x90-6.gif\" alt=\"\"  class=\"no-lazyload\" width=\"728\" height=\"90\"  style=\"display: inline-block;\" \/><\/a><\/div><p>A Rocinha \u00e9 a maior favela do Brasil, com cerca de 72 mil habitantes, segundo o Censo 2022 do Instituto Brasileiro de Geografia e Estat\u00edstica, o IBGE. Encravada na sofisticada zona sul do Rio de Janeiro, a gigantesca comunidade \u00e9 fronteiri\u00e7a com dois badalados bairros cariocas: a G\u00e1vea e S\u00e3o Conrado, ambos figurando entre os metros quadrados mais caros do Brasil.<\/p><div id=\"blogd-1059684925\" class=\"blogd-conteudo-2-mobile blogd-entity-placement\"><a href=\"https:\/\/feirenses.com.br\/\" target=\"_blank\" aria-label=\"feirenses\"><img loading=\"lazy\" decoding=\"async\" src=\"https:\/\/blogdafeira.com.br\/home\/wp-content\/uploads\/2026\/04\/feirenses.png\" alt=\"\"  srcset=\"https:\/\/blogdafeira.com.br\/home\/wp-content\/uploads\/2026\/04\/feirenses.png 300w, https:\/\/blogdafeira.com.br\/home\/wp-content\/uploads\/2026\/04\/feirenses-170x45.png 170w, https:\/\/blogdafeira.com.br\/home\/wp-content\/uploads\/2026\/04\/feirenses-280x74.png 280w\" sizes=\"(max-width: 300px) 100vw, 300px\" class=\"no-lazyload\" width=\"300\" height=\"79\"  style=\"display: inline-block;\" \/><\/a><\/div>\n<p>Em S\u00e3o Conrado h\u00e1 uma esta\u00e7\u00e3o de metr\u00f4 que d\u00e1 acesso \u00e0 favela. O movimento no seu sop\u00e9 \u00e9 indescrit\u00edvel: carros, vans, motos e \u00f4nibus trafegam num vaiv\u00e9m incessante, desembarcando e embarcando gente, que sobe com o corpo cansado, que desce apressada para seus compromissos, contornando a multid\u00e3o de ambulantes. Quem observa a comunidade de fora impressiona-se com seu casario irradiando-se morro acima, numa aglomera\u00e7\u00e3o sufocante.<\/p>\n<p>Nos anos 1980 a Rocinha carioca j\u00e1 era famosa Brasil afora, por conta de epis\u00f3dios de viol\u00eancia. Seus bandidos, lend\u00e1rios, frequentavam a cr\u00f4nica policial em v\u00edvidas descri\u00e7\u00f5es de tiroteios, mortes e acirradas disputas pelo poder. Imagino que a fama inspirou o batismo de in\u00fameras \u201crocinhas\u201d Brasil afora.<\/p>\n<p>Aqui na Feira de Santana, por exemplo, existe uma delas. O nome \u00e9 alusivo \u00e0 Rocinha carioca? N\u00e3o encontrei resposta. O fato \u00e9 que a Rocinha feirense, com seus 3.470 habitantes distribu\u00eddos por 1.488 domic\u00edlios, em 0,462 quil\u00f4metro quadrado de \u00e1rea, ostenta a condi\u00e7\u00e3o de maior favela feirense, segundo o mesmo IBGE.<\/p>\n<p>Alguns indicadores s\u00e3o at\u00e9 favor\u00e1veis na Rocinha feirense. Acesso \u00e0 rede de \u00e1gua (99,18%), banheiro de uso exclusivo (99,92%) e coleta de lixo (98,6%) aproximam a comunidade dos bairros mais bem servidos da cidade. Por outro lado, h\u00e1 apenas uma escola e nenhum estabelecimento de sa\u00fade. Em compensa\u00e7\u00e3o, h\u00e1 10 igrejas.<\/p>\n<p>H\u00e1 outros indicadores que afastam a Rocinha dos bairros mais bem cuidados da cidade. \u00c9 o caso da pavimenta\u00e7\u00e3o: quase metade dos domic\u00edlios (49,3%) n\u00e3o conta com via pavimentada no entorno; com rela\u00e7\u00e3o \u00e0 exist\u00eancia de boca de lobo ou bueiro, nada menos que mil domic\u00edlios (82,4%) n\u00e3o disp\u00f5em destes equipamentos nas proximidades.<\/p>\n<p>As dificuldades da comunidade n\u00e3o se encerram a\u00ed. Dos 1,4 mil domic\u00edlios da Rocinha, 1,2 mil n\u00e3o contam com ponto de \u00f4nibus no entorno, o que corresponde a 92,2%. Outro problema \u00e9 a arboriza\u00e7\u00e3o: 81,2% das resid\u00eancias n\u00e3o t\u00eam \u00e1rvores nas imedia\u00e7\u00f5es; 4,78% disp\u00f5em de uma ou duas \u00e1rvores e s\u00f3 7,25% t\u00eam cinco ou mais \u00e1rvores.<\/p>\n<p>Como \u00e9 corriqueiro, os negros s\u00e3o maioria na popula\u00e7\u00e3o residente na Rocinha. Pardos (51,5%) e pretos (39,5%) superam, em muito, os brancos, que somam apenas 8,7% dos moradores da comunidade. H\u00e1 tamb\u00e9m mais mulheres que homens: para cada 100 delas, h\u00e1 apenas 84 homens.<\/p>\n<div id=\"blogd-2074414031\" class=\"blogd-final-post blogd-entity-placement\"><a href=\"https:\/\/www.feiradesantana.ba.leg.br\/\" target=\"_blank\" aria-label=\"BANNER-SITE-ENTREGADECHEQUE-CAMARADEFEIRA\"><img loading=\"lazy\" decoding=\"async\" src=\"https:\/\/blogdafeira.com.br\/home\/wp-content\/uploads\/2026\/03\/BANNER-SITE-ENTREGADECHEQUE-CAMARADEFEIRA.gif\" alt=\"\"  class=\"no-lazyload\" width=\"728\" height=\"90\"   \/><\/a><\/div><p>A Rocinha abriga a hoje badalada Lagoa Grande, que fica nos limites da comunidade. Nos \u00faltimos anos, interven\u00e7\u00f5es do governo estadual promoveram a revitaliza\u00e7\u00e3o da lagoa, que se tornou um dos \u2013 poucos \u2013 cart\u00f5es postais da Feira de Santana. Mas, como os n\u00fameros permitem perceber, falta muito para melhorar a vida na maior favela da Princesa do Sert\u00e3o.<\/p>\n","protected":false},"excerpt":{"rendered":"<p>A Rocinha \u00e9 a maior favela do Brasil, com cerca de 72 mil habitantes, segundo o Censo 2022 do Instituto Brasileiro de Geografia e Estat\u00edstica, o IBGE. Encravada na sofisticada zona sul do Rio de Janeiro, a gigantesca comunidade \u00e9 fronteiri\u00e7a com dois badalados bairros cariocas: a G\u00e1vea e S\u00e3o Conrado, ambos figurando entre os<\/p>\n","protected":false},"author":13,"featured_media":72146,"comment_status":"open","ping_status":"open","sticky":false,"template":"","format":"standard","meta":{"jetpack_post_was_ever_published":false,"cybocfi_hide_featured_image":"","_jetpack_newsletter_access":"","_jetpack_dont_email_post_to_subs":false,"_jetpack_newsletter_tier_id":0,"_jetpack_memberships_contains_paywalled_content":false,"_jetpack_memberships_contains_paid_content":false,"footnotes":"","jetpack_publicize_message":"","jetpack_publicize_feature_enabled":true,"jetpack_social_post_already_shared":true,"jetpack_social_options":{"image_generator_settings":{"template":"highway","default_image_id":0,"font":"","enabled":false},"version":2}},"categories":[3,603],"tags":[],"class_list":["post-72145","post","type-post","status-publish","format-standard","has-post-thumbnail","hentry","category-cidade","category-destaques"],"jetpack_publicize_connections":[],"jetpack_featured_media_url":"https:\/\/blogdafeira.com.br\/home\/wp-content\/uploads\/2026\/04\/Vista-aerea-da-Lagoa-Grande-em-Feira-de-Santana-202002102.jpg","jetpack_shortlink":"https:\/\/wp.me\/p3niVf-iLD","jetpack_sharing_enabled":true,"jetpack-related-posts":[{"id":71799,"url":"https:\/\/blogdafeira.com.br\/home\/2026\/03\/25\/__trashed-27\/","url_meta":{"origin":72145,"position":0},"title":"7,5% da popula\u00e7\u00e3o feirense reside em favelas","author":"Andr\u00e9 Pomponet","date":"25\/03\/2026","format":false,"excerpt":"Menos de 10% da popula\u00e7\u00e3o feirense vive em favelas ou comunidades urbanas, de acordo com o Censo 2022 do Instituto Brasileiro de Geografia e Estat\u00edstica, o IBGE. Detentora da 35\u00aa maior popula\u00e7\u00e3o entre as cidades brasileiras, a Princesa do Sert\u00e3o ocupa apenas a 49\u00aa coloca\u00e7\u00e3o no ranking da popula\u00e7\u00e3o que\u2026","rel":"","context":"Em &quot;Colunistas&quot;","block_context":{"text":"Colunistas","link":"https:\/\/blogdafeira.com.br\/home\/categoria\/colunistas\/"},"img":{"alt_text":"","src":"https:\/\/i0.wp.com\/blogdafeira.com.br\/home\/wp-content\/uploads\/2026\/03\/IMG_20150225_105508965.jpg?resize=350%2C200&ssl=1","width":350,"height":200,"srcset":"https:\/\/i0.wp.com\/blogdafeira.com.br\/home\/wp-content\/uploads\/2026\/03\/IMG_20150225_105508965.jpg?resize=350%2C200&ssl=1 1x, https:\/\/i0.wp.com\/blogdafeira.com.br\/home\/wp-content\/uploads\/2026\/03\/IMG_20150225_105508965.jpg?resize=525%2C300&ssl=1 1.5x, https:\/\/i0.wp.com\/blogdafeira.com.br\/home\/wp-content\/uploads\/2026\/03\/IMG_20150225_105508965.jpg?resize=700%2C400&ssl=1 2x, https:\/\/i0.wp.com\/blogdafeira.com.br\/home\/wp-content\/uploads\/2026\/03\/IMG_20150225_105508965.jpg?resize=1050%2C600&ssl=1 3x, https:\/\/i0.wp.com\/blogdafeira.com.br\/home\/wp-content\/uploads\/2026\/03\/IMG_20150225_105508965.jpg?resize=1400%2C800&ssl=1 4x"},"classes":[]},{"id":71998,"url":"https:\/\/blogdafeira.com.br\/home\/2026\/04\/15\/quase-10-dos-baianos-vivem-em-favelas-e-comunidades-urbanas\/","url_meta":{"origin":72145,"position":1},"title":"Quase 10% dos baianos vivem em favelas e comunidades urbanas","author":"Andr\u00e9 Pomponet","date":"15\/04\/2026","format":false,"excerpt":"Depois da refrega por nomes e cargos para as elei\u00e7\u00f5es majorit\u00e1rias baianas, acredita-se que se aproxima o momento dos candidatos se debru\u00e7arem sobre os problemas que afligem os baianos para apresentar solu\u00e7\u00f5es. Os n\u00fameros do Censo 2022 do Instituto Brasileiro de Geografia e Estat\u00edstica (IBGE), recentemente divulgados, podem servir de\u2026","rel":"","context":"Em &quot;Colunistas&quot;","block_context":{"text":"Colunistas","link":"https:\/\/blogdafeira.com.br\/home\/categoria\/colunistas\/"},"img":{"alt_text":"","src":"https:\/\/i0.wp.com\/blogdafeira.com.br\/home\/wp-content\/uploads\/2026\/04\/1425663931-fotos-site-novo-2-13.jpg?resize=350%2C200&ssl=1","width":350,"height":200,"srcset":"https:\/\/i0.wp.com\/blogdafeira.com.br\/home\/wp-content\/uploads\/2026\/04\/1425663931-fotos-site-novo-2-13.jpg?resize=350%2C200&ssl=1 1x, https:\/\/i0.wp.com\/blogdafeira.com.br\/home\/wp-content\/uploads\/2026\/04\/1425663931-fotos-site-novo-2-13.jpg?resize=525%2C300&ssl=1 1.5x, https:\/\/i0.wp.com\/blogdafeira.com.br\/home\/wp-content\/uploads\/2026\/04\/1425663931-fotos-site-novo-2-13.jpg?resize=700%2C400&ssl=1 2x"},"classes":[]},{"id":61949,"url":"https:\/\/blogdafeira.com.br\/home\/2024\/04\/17\/comunidades-do-distrito-de-humildes-sofrem-com-falta-de-agua\/","url_meta":{"origin":72145,"position":2},"title":"Comunidades do distrito de Humildes sofrem com falta de \u00e1gua","author":"Blog da Feira","date":"17\/04\/2024","format":false,"excerpt":"Com popula\u00e7\u00e3o estimada em mais de 30 mil habitantes, o distrito de Humildes (maior dentre os oito existentes em Feira de Santana), convive com a falta de abastecimento de \u00e1gua em v\u00e1rias de suas localidades. Um requerimento de autoria do vereador Z\u00e9 Curuca (UB), aprovado nesta ter\u00e7a-feira (16), por unanimidade,\u2026","rel":"","context":"Em &quot;Distritos&quot;","block_context":{"text":"Distritos","link":"https:\/\/blogdafeira.com.br\/home\/categoria\/distritos\/"},"img":{"alt_text":"","src":"https:\/\/i0.wp.com\/blogdafeira.com.br\/home\/wp-content\/uploads\/2023\/07\/Missa-pelos-164-anos-de-Humildes-Foto-ACM-1.jpg?resize=350%2C200&ssl=1","width":350,"height":200,"srcset":"https:\/\/i0.wp.com\/blogdafeira.com.br\/home\/wp-content\/uploads\/2023\/07\/Missa-pelos-164-anos-de-Humildes-Foto-ACM-1.jpg?resize=350%2C200&ssl=1 1x, https:\/\/i0.wp.com\/blogdafeira.com.br\/home\/wp-content\/uploads\/2023\/07\/Missa-pelos-164-anos-de-Humildes-Foto-ACM-1.jpg?resize=525%2C300&ssl=1 1.5x, https:\/\/i0.wp.com\/blogdafeira.com.br\/home\/wp-content\/uploads\/2023\/07\/Missa-pelos-164-anos-de-Humildes-Foto-ACM-1.jpg?resize=700%2C400&ssl=1 2x, https:\/\/i0.wp.com\/blogdafeira.com.br\/home\/wp-content\/uploads\/2023\/07\/Missa-pelos-164-anos-de-Humildes-Foto-ACM-1.jpg?resize=1050%2C600&ssl=1 3x"},"classes":[]},{"id":60973,"url":"https:\/\/blogdafeira.com.br\/home\/2024\/01\/30\/rui-e-jeronimo-x-acm-e-bruno-e-o-racismo-ambiental\/","url_meta":{"origin":72145,"position":3},"title":"Rui e Jer\u00f4nimo X ACM e Bruno e o racismo ambiental","author":"Jolivaldo Freitas","date":"30\/01\/2024","format":false,"excerpt":"Era boa a briga entre o ent\u00e3o (hoje ministro) governador Rui Costa e ACM Neto para ver quem mais chegava junto da popula\u00e7\u00e3o suburbana e dos bairros mais carentes. Um fazia obra numa encosta e o outro corria para fazer tamb\u00e9m. Um abria um buraco o outro abria buraco maior.\u2026","rel":"","context":"Em &quot;Colunistas&quot;","block_context":{"text":"Colunistas","link":"https:\/\/blogdafeira.com.br\/home\/categoria\/colunistas\/"},"img":{"alt_text":"","src":"","width":0,"height":0},"classes":[]},{"id":65642,"url":"https:\/\/blogdafeira.com.br\/home\/2025\/02\/13\/pracas-da-lagoa-grande-da-feira-tem-nomes-de-moradores-da-rosinha-e-casebm\/","url_meta":{"origin":72145,"position":4},"title":"Pra\u00e7as da Lagoa Grande da Feira t\u00eam nomes de moradores da Rocinha e Caseb","author":"Blog da Feira","date":"13\/02\/2025","format":false,"excerpt":"O Sr. Joaquim Borges morava na Rocinha quando come\u00e7ou o movimento de urbaniza\u00e7\u00e3o da Lagoas Grande, que para ser viabilizado foi preciso a retirada de diversas casas constru\u00eddas em local inadequado \u00e0s margens do lago. No local onde\u00a0 \u00e9 uma das sete pra\u00e7as entregue hoje pela Conder, estava a do\u2026","rel":"","context":"Em &quot;Cidade&quot;","block_context":{"text":"Cidade","link":"https:\/\/blogdafeira.com.br\/home\/categoria\/cidade\/"},"img":{"alt_text":"","src":"https:\/\/i0.wp.com\/blogdafeira.com.br\/home\/wp-content\/uploads\/2025\/02\/IMG_20250213_102819577-1-scaled.jpg?resize=350%2C200&ssl=1","width":350,"height":200,"srcset":"https:\/\/i0.wp.com\/blogdafeira.com.br\/home\/wp-content\/uploads\/2025\/02\/IMG_20250213_102819577-1-scaled.jpg?resize=350%2C200&ssl=1 1x, https:\/\/i0.wp.com\/blogdafeira.com.br\/home\/wp-content\/uploads\/2025\/02\/IMG_20250213_102819577-1-scaled.jpg?resize=525%2C300&ssl=1 1.5x, https:\/\/i0.wp.com\/blogdafeira.com.br\/home\/wp-content\/uploads\/2025\/02\/IMG_20250213_102819577-1-scaled.jpg?resize=700%2C400&ssl=1 2x, https:\/\/i0.wp.com\/blogdafeira.com.br\/home\/wp-content\/uploads\/2025\/02\/IMG_20250213_102819577-1-scaled.jpg?resize=1050%2C600&ssl=1 3x, https:\/\/i0.wp.com\/blogdafeira.com.br\/home\/wp-content\/uploads\/2025\/02\/IMG_20250213_102819577-1-scaled.jpg?resize=1400%2C800&ssl=1 4x"},"classes":[]},{"id":65936,"url":"https:\/\/blogdafeira.com.br\/home\/2025\/02\/28\/atracao-do-carnaval-marcionilio-e-precursor-da-axe-music-e-ja-viveu-nas-ruas-do-pelourinho\/","url_meta":{"origin":72145,"position":5},"title":"Atra\u00e7\u00e3o do Carnaval, Marcion\u00edlio \u00e9 precursor da Ax\u00e9 Music e j\u00e1 viveu nas ruas do Pelourinho","author":"Blog da Feira","date":"28\/02\/2025","format":false,"excerpt":"Marcion\u00edlio Prado \u00e9 um dos nomes fundamentais na hist\u00f3ria do Ax\u00e9 Music, sendo um dos primeiros cantores negros a protagonizar um trio el\u00e9trico na Bahia. Tamb\u00e9m foi cantor da Banda Eva, trio Tapaj\u00f3s e eleito Cantor Revela\u00e7\u00e3o da maior festa de rua do mundo. Este ano, o artista realiza tr\u00eas\u2026","rel":"","context":"Em &quot;Cultura&quot;","block_context":{"text":"Cultura","link":"https:\/\/blogdafeira.com.br\/home\/categoria\/cultura\/"},"img":{"alt_text":"","src":"https:\/\/i0.wp.com\/blogdafeira.com.br\/home\/wp-content\/uploads\/2025\/02\/IMG-20250228-WA00412.jpg?resize=350%2C200&ssl=1","width":350,"height":200,"srcset":"https:\/\/i0.wp.com\/blogdafeira.com.br\/home\/wp-content\/uploads\/2025\/02\/IMG-20250228-WA00412.jpg?resize=350%2C200&ssl=1 1x, https:\/\/i0.wp.com\/blogdafeira.com.br\/home\/wp-content\/uploads\/2025\/02\/IMG-20250228-WA00412.jpg?resize=525%2C300&ssl=1 1.5x, https:\/\/i0.wp.com\/blogdafeira.com.br\/home\/wp-content\/uploads\/2025\/02\/IMG-20250228-WA00412.jpg?resize=700%2C400&ssl=1 2x"},"classes":[]}],"_links":{"self":[{"href":"https:\/\/blogdafeira.com.br\/home\/wp-json\/wp\/v2\/posts\/72145","targetHints":{"allow":["GET"]}}],"collection":[{"href":"https:\/\/blogdafeira.com.br\/home\/wp-json\/wp\/v2\/posts"}],"about":[{"href":"https:\/\/blogdafeira.com.br\/home\/wp-json\/wp\/v2\/types\/post"}],"author":[{"embeddable":true,"href":"https:\/\/blogdafeira.com.br\/home\/wp-json\/wp\/v2\/users\/13"}],"replies":[{"embeddable":true,"href":"https:\/\/blogdafeira.com.br\/home\/wp-json\/wp\/v2\/comments?post=72145"}],"version-history":[{"count":1,"href":"https:\/\/blogdafeira.com.br\/home\/wp-json\/wp\/v2\/posts\/72145\/revisions"}],"predecessor-version":[{"id":72147,"href":"https:\/\/blogdafeira.com.br\/home\/wp-json\/wp\/v2\/posts\/72145\/revisions\/72147"}],"wp:featuredmedia":[{"embeddable":true,"href":"https:\/\/blogdafeira.com.br\/home\/wp-json\/wp\/v2\/media\/72146"}],"wp:attachment":[{"href":"https:\/\/blogdafeira.com.br\/home\/wp-json\/wp\/v2\/media?parent=72145"}],"wp:term":[{"taxonomy":"category","embeddable":true,"href":"https:\/\/blogdafeira.com.br\/home\/wp-json\/wp\/v2\/categories?post=72145"},{"taxonomy":"post_tag","embeddable":true,"href":"https:\/\/blogdafeira.com.br\/home\/wp-json\/wp\/v2\/tags?post=72145"}],"curies":[{"name":"wp","href":"https:\/\/api.w.org\/{rel}","templated":true}]}}