{"id":72148,"date":"2026-04-29T14:36:59","date_gmt":"2026-04-29T17:36:59","guid":{"rendered":"https:\/\/blogdafeira.com.br\/home\/?p=72148"},"modified":"2026-04-29T14:41:17","modified_gmt":"2026-04-29T17:41:17","slug":"camara-de-feira-autoriza-por-unanimidade-a-ppp-do-hospital-municipal-mas-oposicao-tentou-postergar-votacao","status":"publish","type":"post","link":"https:\/\/blogdafeira.com.br\/home\/2026\/04\/29\/camara-de-feira-autoriza-por-unanimidade-a-ppp-do-hospital-municipal-mas-oposicao-tentou-postergar-votacao\/","title":{"rendered":"C\u00e2mara de Feira autoriza, por unanimidade, PPP do Hospital mas oposi\u00e7\u00e3o tentou postergar vota\u00e7\u00e3o"},"content":{"rendered":"<div id=\"blogd-2040470692\" class=\"blogd-fim-do-post-mobile blogd-entity-placement\" style=\"margin-left: auto;margin-right: auto;text-align: center;\"><a href=\"https:\/\/www.sefaz.feiradesantana.ba.gov.br\/\" target=\"_blank\" aria-label=\"728&#215;90 (6)\"><img loading=\"lazy\" decoding=\"async\" src=\"https:\/\/blogdafeira.com.br\/home\/wp-content\/uploads\/2026\/03\/728x90-6.gif\" alt=\"\"  class=\"no-lazyload\" width=\"728\" height=\"90\"  style=\"display: inline-block;\" \/><\/a><\/div><p>A C\u00e2mara de Feira de Santana aprovou hoje, por unanimidade, a autoriza\u00e7\u00e3o para a PPP do hospital municipal, pedido enviado ao Legislativo num projeto de lei, em regime de urg\u00eancia, enviado pelo prefeito Z\u00e9 Ronaldo.<\/p><div id=\"blogd-2740413607\" class=\"blogd-conteudo-2-mobile blogd-entity-placement\"><a href=\"https:\/\/feirenses.com.br\/\" target=\"_blank\" aria-label=\"feirenses\"><img loading=\"lazy\" decoding=\"async\" src=\"https:\/\/blogdafeira.com.br\/home\/wp-content\/uploads\/2026\/04\/feirenses.png\" alt=\"\"  srcset=\"https:\/\/blogdafeira.com.br\/home\/wp-content\/uploads\/2026\/04\/feirenses.png 300w, https:\/\/blogdafeira.com.br\/home\/wp-content\/uploads\/2026\/04\/feirenses-170x45.png 170w, https:\/\/blogdafeira.com.br\/home\/wp-content\/uploads\/2026\/04\/feirenses-280x74.png 280w\" sizes=\"(max-width: 300px) 100vw, 300px\" class=\"no-lazyload\" width=\"300\" height=\"79\"  style=\"display: inline-block;\" \/><\/a><\/div>\n<p>A oposi\u00e7\u00e3o, atrav\u00e9s do vereador Professor Ivamberg (PT) tentou postergar a vota\u00e7\u00e3o levantando quest\u00f5es regimentais e provocando o sentimento de autonomia da C\u00e2mara, sob argumentos que apontavam a mudan\u00e7a or\u00e7ament\u00e1ria embutida no projeto de lei, como um atentado \u00e0 prerrogativa dos vereadores de fazerem e aprovarem as leis municipais, inclusive a do Or\u00e7amento.<\/p>\n<p>Ivamberg tentou tamb\u00e9m impedir a tramita\u00e7\u00e3o pelo fato de n\u00e3o haver parecer da Comiss\u00e3o de Sa\u00fade e com\u00a0 a entrega de duas emendas ao projeto, supressivas, que foram recusadas pelo presidente Marcos Lima que chegou a demonstrar nervosismo com a possibilidade de posterga\u00e7\u00e3o que parecia avan\u00e7ar em um determinado momento da discuss\u00e3o.<\/p>\n<p>J\u00e1 o vereador Pedro Am\u00e9rico fez pondera\u00e7\u00f5es sobre a urg\u00eancia e explicou o motivo da mudan\u00e7a na Lei de Diretrizes Or\u00e7ament\u00e1rias, que s\u00e3o para atender \u00e0s garantias dadas \u00e0 empresa que ganhar o leil\u00e3o da PPP na Bolsa de Valores de S\u00e3o Paulo.<\/p>\n<p>Na hora de votar, todos votaram a favor. &#8220;<em>Ningu\u00e9m \u00e9 contra o Hospital&#8221;<\/em>, enfatizou Ivamberg.<\/p>\n<p><img loading=\"lazy\" decoding=\"async\" class=\"aligncenter size-medium wp-image-72149\" src=\"https:\/\/blogdafeira.com.br\/home\/wp-content\/uploads\/2026\/04\/Screenshot_20260428-1625022-346x200.jpg\" alt=\"\" width=\"346\" height=\"200\" srcset=\"https:\/\/blogdafeira.com.br\/home\/wp-content\/uploads\/2026\/04\/Screenshot_20260428-1625022-346x200.jpg 346w, https:\/\/blogdafeira.com.br\/home\/wp-content\/uploads\/2026\/04\/Screenshot_20260428-1625022-1024x593.jpg 1024w, https:\/\/blogdafeira.com.br\/home\/wp-content\/uploads\/2026\/04\/Screenshot_20260428-1625022-170x98.jpg 170w, https:\/\/blogdafeira.com.br\/home\/wp-content\/uploads\/2026\/04\/Screenshot_20260428-1625022-768x444.jpg 768w, https:\/\/blogdafeira.com.br\/home\/wp-content\/uploads\/2026\/04\/Screenshot_20260428-1625022-280x162.jpg 280w, https:\/\/blogdafeira.com.br\/home\/wp-content\/uploads\/2026\/04\/Screenshot_20260428-1625022-1170x677.jpg 1170w, https:\/\/blogdafeira.com.br\/home\/wp-content\/uploads\/2026\/04\/Screenshot_20260428-1625022.jpg 1405w\" sizes=\"auto, (max-width: 346px) 100vw, 346px\" \/><\/p>\n<div id=\"blogd-2134244011\" class=\"blogd-final-post blogd-entity-placement\"><a href=\"https:\/\/www.feiradesantana.ba.leg.br\/\" target=\"_blank\" aria-label=\"BANNER-SITE-ENTREGADECHEQUE-CAMARADEFEIRA\"><img loading=\"lazy\" decoding=\"async\" src=\"https:\/\/blogdafeira.com.br\/home\/wp-content\/uploads\/2026\/03\/BANNER-SITE-ENTREGADECHEQUE-CAMARADEFEIRA.gif\" alt=\"\"  class=\"no-lazyload\" width=\"728\" height=\"90\"   \/><\/a><\/div><p><strong>NA BOLSA &#8211;\u00a0<\/strong>Ontem, o prefeito Z\u00e9 Ronaldo e secret\u00e1rios, apresentaram o projeto na Bolsa de Valores. A entrega dos envelopes ser\u00e1 no dia 11 e o leil\u00e3o ocorre dia 15.<\/p>\n<p>&nbsp;<\/p>\n","protected":false},"excerpt":{"rendered":"<p>A C\u00e2mara de Feira de Santana aprovou hoje, por unanimidade, a autoriza\u00e7\u00e3o para a PPP do hospital municipal, pedido enviado ao Legislativo num projeto de lei, em regime de urg\u00eancia, enviado pelo prefeito Z\u00e9 Ronaldo. A oposi\u00e7\u00e3o, atrav\u00e9s do vereador Professor Ivamberg (PT) tentou postergar a vota\u00e7\u00e3o levantando quest\u00f5es regimentais e provocando o sentimento de<\/p>\n","protected":false},"author":1,"featured_media":72150,"comment_status":"open","ping_status":"open","sticky":false,"template":"","format":"standard","meta":{"jetpack_post_was_ever_published":false,"cybocfi_hide_featured_image":"","_jetpack_newsletter_access":"","_jetpack_dont_email_post_to_subs":false,"_jetpack_newsletter_tier_id":0,"_jetpack_memberships_contains_paywalled_content":false,"_jetpack_memberships_contains_paid_content":false,"footnotes":"","jetpack_publicize_message":"","jetpack_publicize_feature_enabled":true,"jetpack_social_post_already_shared":true,"jetpack_social_options":{"image_generator_settings":{"template":"highway","default_image_id":0,"font":"","enabled":false},"version":2}},"categories":[603,631],"tags":[],"class_list":["post-72148","post","type-post","status-publish","format-standard","has-post-thumbnail","hentry","category-destaques","category-politica"],"jetpack_publicize_connections":[],"jetpack_featured_media_url":"https:\/\/blogdafeira.com.br\/home\/wp-content\/uploads\/2026\/04\/IMG_20260429_102007794_HDR-scaled.jpg","jetpack_shortlink":"https:\/\/wp.me\/p3niVf-iLG","jetpack_sharing_enabled":true,"jetpack-related-posts":[{"id":56297,"url":"https:\/\/blogdafeira.com.br\/home\/2023\/01\/24\/aprovacao-do-orcamento-marca-novo-tempo-entre-prefeitura-e-camara\/","url_meta":{"origin":72148,"position":0},"title":"Aprova\u00e7\u00e3o do Or\u00e7amento marca novo tempo entre Prefeitura e C\u00e2mara","author":"Blog da Feira","date":"24\/01\/2023","format":false,"excerpt":"As rela\u00e7\u00f5es entre o Poder Executivo e o Legislativo em Feira de Santana ingressam em um novo tempo de entendimento e di\u00e1logo, ap\u00f3s dois anos conturbados pela sistem\u00e1tica e agressiva oposi\u00e7\u00e3o empreendida por um grupo de vereadores contra o prefeito Colbert Filho (MDB) A aprova\u00e7\u00e3o da Lei Or\u00e7ament\u00e1ria Anual (LOA)\u2026","rel":"","context":"Em &quot;Home&quot;","block_context":{"text":"Home","link":"https:\/\/blogdafeira.com.br\/home\/categoria\/raiz\/"},"img":{"alt_text":"","src":"https:\/\/i0.wp.com\/blogdafeira.com.br\/home\/wp-content\/uploads\/2023\/01\/17012023125755-1.jpg?resize=350%2C200&ssl=1","width":350,"height":200,"srcset":"https:\/\/i0.wp.com\/blogdafeira.com.br\/home\/wp-content\/uploads\/2023\/01\/17012023125755-1.jpg?resize=350%2C200&ssl=1 1x, https:\/\/i0.wp.com\/blogdafeira.com.br\/home\/wp-content\/uploads\/2023\/01\/17012023125755-1.jpg?resize=525%2C300&ssl=1 1.5x, https:\/\/i0.wp.com\/blogdafeira.com.br\/home\/wp-content\/uploads\/2023\/01\/17012023125755-1.jpg?resize=700%2C400&ssl=1 2x, https:\/\/i0.wp.com\/blogdafeira.com.br\/home\/wp-content\/uploads\/2023\/01\/17012023125755-1.jpg?resize=1050%2C600&ssl=1 3x"},"classes":[]},{"id":59248,"url":"https:\/\/blogdafeira.com.br\/home\/2023\/09\/08\/projetos-na-camara-podem-garantir-gratuidade-no-transporte-para-o-enem-e-parada-segura\/","url_meta":{"origin":72148,"position":1},"title":"Projetos na C\u00e2mara podem garantir gratuidade no transporte para o ENEM e &#8220;Parada Segura&#8221;","author":"Blog da Feira","date":"08\/09\/2023","format":false,"excerpt":"Dois projetos de lei, aprovados em primeira vota\u00e7\u00e3o na \u00faltima quarta-feira (6), na C\u00e2mara Municipal, podem resultar em benef\u00edcios para os usu\u00e1rios do\u00a0 transporte urbano por meio de \u00f4nibus, em Feira de Santana. Uma das mat\u00e9rias, de autoria do vereador Professor Ivamberg (PT), prop\u00f5e a gratuidade para os candidatos inscritos\u2026","rel":"","context":"Em &quot;Cidade&quot;","block_context":{"text":"Cidade","link":"https:\/\/blogdafeira.com.br\/home\/categoria\/cidade\/"},"img":{"alt_text":"","src":"https:\/\/i0.wp.com\/blogdafeira.com.br\/home\/wp-content\/uploads\/2023\/09\/64f8ba6f779e5.jpeg?resize=350%2C200&ssl=1","width":350,"height":200,"srcset":"https:\/\/i0.wp.com\/blogdafeira.com.br\/home\/wp-content\/uploads\/2023\/09\/64f8ba6f779e5.jpeg?resize=350%2C200&ssl=1 1x, https:\/\/i0.wp.com\/blogdafeira.com.br\/home\/wp-content\/uploads\/2023\/09\/64f8ba6f779e5.jpeg?resize=525%2C300&ssl=1 1.5x, https:\/\/i0.wp.com\/blogdafeira.com.br\/home\/wp-content\/uploads\/2023\/09\/64f8ba6f779e5.jpeg?resize=700%2C400&ssl=1 2x, https:\/\/i0.wp.com\/blogdafeira.com.br\/home\/wp-content\/uploads\/2023\/09\/64f8ba6f779e5.jpeg?resize=1050%2C600&ssl=1 3x"},"classes":[]},{"id":49503,"url":"https:\/\/blogdafeira.com.br\/home\/2021\/12\/20\/deputado-adolfo-menezes-reclama-de-defasagem-no-orcamento-da-assembleia\/","url_meta":{"origin":72148,"position":2},"title":"Deputado Adolfo Menezes reclama de &#8220;defasagem&#8221; no or\u00e7amento da Assembleia","author":"Blog da Feira","date":"20\/12\/2021","format":false,"excerpt":"O presidente da Assembleia Legislativa da Bahia \u2013 ALBA, deputado Adolfo Menezes, afirmou, em sess\u00e3o extraordin\u00e1ria mista (presencial e remota) nesta segunda-feira (20.12), que vai conversar com o governador Rui Costa para que a quest\u00e3o do or\u00e7amento do Poder Legislativo seja equacionada em 2022. \u201cTodos os anos o or\u00e7amento da\u2026","rel":"","context":"Em &quot;Home&quot;","block_context":{"text":"Home","link":"https:\/\/blogdafeira.com.br\/home\/categoria\/raiz\/"},"img":{"alt_text":"","src":"https:\/\/i0.wp.com\/blogdafeira.com.br\/home\/wp-content\/uploads\/2021\/12\/IMG-20211220-WA0028.jpg?resize=350%2C200&ssl=1","width":350,"height":200,"srcset":"https:\/\/i0.wp.com\/blogdafeira.com.br\/home\/wp-content\/uploads\/2021\/12\/IMG-20211220-WA0028.jpg?resize=350%2C200&ssl=1 1x, https:\/\/i0.wp.com\/blogdafeira.com.br\/home\/wp-content\/uploads\/2021\/12\/IMG-20211220-WA0028.jpg?resize=525%2C300&ssl=1 1.5x, https:\/\/i0.wp.com\/blogdafeira.com.br\/home\/wp-content\/uploads\/2021\/12\/IMG-20211220-WA0028.jpg?resize=700%2C400&ssl=1 2x, https:\/\/i0.wp.com\/blogdafeira.com.br\/home\/wp-content\/uploads\/2021\/12\/IMG-20211220-WA0028.jpg?resize=1050%2C600&ssl=1 3x, https:\/\/i0.wp.com\/blogdafeira.com.br\/home\/wp-content\/uploads\/2021\/12\/IMG-20211220-WA0028.jpg?resize=1400%2C800&ssl=1 4x"},"classes":[]},{"id":57731,"url":"https:\/\/blogdafeira.com.br\/home\/2023\/05\/19\/camara-apoia-debate-sobre-construcao-de-escola-agropecuaria\/","url_meta":{"origin":72148,"position":3},"title":"C\u00e2mara apoia debate sobre constru\u00e7\u00e3o de Escola Agropecu\u00e1ria","author":"Blog da Feira","date":"19\/05\/2023","format":false,"excerpt":"Governistas ou integrantes da bancada de oposi\u00e7\u00e3o ao Governo Municipal, vereadores defendem o amplo debate que a presidente da C\u00e2mara, Eremita Mota (PSDB), est\u00e1 realizando nos \u00faltimos dias para melhor preparar a vota\u00e7\u00e3o de um projeto do Poder Executivo doando ao Servi\u00e7o Nacional de Aprendizagem Rural (SENAR) uma \u00e1rea p\u00fablica\u2026","rel":"","context":"Em &quot;Cidade&quot;","block_context":{"text":"Cidade","link":"https:\/\/blogdafeira.com.br\/home\/categoria\/cidade\/"},"img":{"alt_text":"","src":"https:\/\/i0.wp.com\/blogdafeira.com.br\/home\/wp-content\/uploads\/2023\/05\/18052023114645.jpg?resize=350%2C200&ssl=1","width":350,"height":200,"srcset":"https:\/\/i0.wp.com\/blogdafeira.com.br\/home\/wp-content\/uploads\/2023\/05\/18052023114645.jpg?resize=350%2C200&ssl=1 1x, https:\/\/i0.wp.com\/blogdafeira.com.br\/home\/wp-content\/uploads\/2023\/05\/18052023114645.jpg?resize=525%2C300&ssl=1 1.5x, https:\/\/i0.wp.com\/blogdafeira.com.br\/home\/wp-content\/uploads\/2023\/05\/18052023114645.jpg?resize=700%2C400&ssl=1 2x, https:\/\/i0.wp.com\/blogdafeira.com.br\/home\/wp-content\/uploads\/2023\/05\/18052023114645.jpg?resize=1050%2C600&ssl=1 3x"},"classes":[]},{"id":56078,"url":"https:\/\/blogdafeira.com.br\/home\/2023\/01\/06\/jhonatas-critica-projeto-do-orcamento-municipal-e-tudo-muito-generico\/","url_meta":{"origin":72148,"position":4},"title":"Vereadores criticam projeto do or\u00e7amento municipal: &#8220;\u00c9 tudo muito gen\u00e9rico&#8221;, diz Jhonatas","author":"Blog da Feira","date":"06\/01\/2023","format":false,"excerpt":"A falta de detalhamento das a\u00e7\u00f5es, por parte do Poder Executivo, \u00e9 uma das principais defici\u00eancias no Projeto de Lei Or\u00e7ament\u00e1ria - a estimativa de receita e despesa do Munic\u00edpio para 2023 -, reclamou o vereador Jhonatas Monteiro (PSOL) na sess\u00e3o desta quinta-feira (5). Segundo ele, a pe\u00e7a tem os\u2026","rel":"","context":"Em &quot;Cidade&quot;","block_context":{"text":"Cidade","link":"https:\/\/blogdafeira.com.br\/home\/categoria\/cidade\/"},"img":{"alt_text":"","src":"https:\/\/i0.wp.com\/blogdafeira.com.br\/home\/wp-content\/uploads\/2023\/01\/05012023173019.jpg?resize=350%2C200&ssl=1","width":350,"height":200,"srcset":"https:\/\/i0.wp.com\/blogdafeira.com.br\/home\/wp-content\/uploads\/2023\/01\/05012023173019.jpg?resize=350%2C200&ssl=1 1x, https:\/\/i0.wp.com\/blogdafeira.com.br\/home\/wp-content\/uploads\/2023\/01\/05012023173019.jpg?resize=525%2C300&ssl=1 1.5x, https:\/\/i0.wp.com\/blogdafeira.com.br\/home\/wp-content\/uploads\/2023\/01\/05012023173019.jpg?resize=700%2C400&ssl=1 2x, https:\/\/i0.wp.com\/blogdafeira.com.br\/home\/wp-content\/uploads\/2023\/01\/05012023173019.jpg?resize=1050%2C600&ssl=1 3x"},"classes":[]},{"id":24547,"url":"https:\/\/blogdafeira.com.br\/home\/2016\/11\/23\/orcamento-de-feira-vai-ser-votado-nas-ultimas-sessoes-da-camara-de-vereadores\/","url_meta":{"origin":72148,"position":5},"title":"Or\u00e7amento de Feira vai ser votado nas \u00faltimas sess\u00f5es da C\u00e2mara de Vereadores","author":"Blog da Feira","date":"23\/11\/2016","format":false,"excerpt":"Quando faltarem tr\u00eas ou quatro sess\u00f5es para o t\u00e9rmino desta legislatura, em meados de dezembro, \u00e9 que a C\u00e2mara de Vereadores de Feira colocar\u00e1 em discuss\u00e3o e vota\u00e7\u00e3o o projeto da Lei Or\u00e7ament\u00e1ria Anual (LOA) que define \u00a0as a\u00e7\u00f5es e investimentos \u00a0do Governo para o ano de 2017. O Or\u00e7amento\u2026","rel":"","context":"Em &quot;Home&quot;","block_context":{"text":"Home","link":"https:\/\/blogdafeira.com.br\/home\/categoria\/raiz\/"},"img":{"alt_text":"camara-de-veradores","src":"https:\/\/i0.wp.com\/blogdafeira.com.br\/home\/wp-content\/uploads\/2016\/11\/camara-de-veradores.jpg?resize=350%2C200","width":350,"height":200,"srcset":"https:\/\/i0.wp.com\/blogdafeira.com.br\/home\/wp-content\/uploads\/2016\/11\/camara-de-veradores.jpg?resize=350%2C200 1x, https:\/\/i0.wp.com\/blogdafeira.com.br\/home\/wp-content\/uploads\/2016\/11\/camara-de-veradores.jpg?resize=525%2C300 1.5x"},"classes":[]}],"_links":{"self":[{"href":"https:\/\/blogdafeira.com.br\/home\/wp-json\/wp\/v2\/posts\/72148","targetHints":{"allow":["GET"]}}],"collection":[{"href":"https:\/\/blogdafeira.com.br\/home\/wp-json\/wp\/v2\/posts"}],"about":[{"href":"https:\/\/blogdafeira.com.br\/home\/wp-json\/wp\/v2\/types\/post"}],"author":[{"embeddable":true,"href":"https:\/\/blogdafeira.com.br\/home\/wp-json\/wp\/v2\/users\/1"}],"replies":[{"embeddable":true,"href":"https:\/\/blogdafeira.com.br\/home\/wp-json\/wp\/v2\/comments?post=72148"}],"version-history":[{"count":5,"href":"https:\/\/blogdafeira.com.br\/home\/wp-json\/wp\/v2\/posts\/72148\/revisions"}],"predecessor-version":[{"id":72155,"href":"https:\/\/blogdafeira.com.br\/home\/wp-json\/wp\/v2\/posts\/72148\/revisions\/72155"}],"wp:featuredmedia":[{"embeddable":true,"href":"https:\/\/blogdafeira.com.br\/home\/wp-json\/wp\/v2\/media\/72150"}],"wp:attachment":[{"href":"https:\/\/blogdafeira.com.br\/home\/wp-json\/wp\/v2\/media?parent=72148"}],"wp:term":[{"taxonomy":"category","embeddable":true,"href":"https:\/\/blogdafeira.com.br\/home\/wp-json\/wp\/v2\/categories?post=72148"},{"taxonomy":"post_tag","embeddable":true,"href":"https:\/\/blogdafeira.com.br\/home\/wp-json\/wp\/v2\/tags?post=72148"}],"curies":[{"name":"wp","href":"https:\/\/api.w.org\/{rel}","templated":true}]}}