{"id":72156,"date":"2026-04-29T21:39:23","date_gmt":"2026-04-30T00:39:23","guid":{"rendered":"https:\/\/blogdafeira.com.br\/home\/?p=72156"},"modified":"2026-04-29T21:41:19","modified_gmt":"2026-04-30T00:41:19","slug":"jeronimo-visita-ministerios-e-reune-se-com-wagner-e-lula-no-palacio-da-alvorada","status":"publish","type":"post","link":"https:\/\/blogdafeira.com.br\/home\/2026\/04\/29\/jeronimo-visita-ministerios-e-reune-se-com-wagner-e-lula-no-palacio-da-alvorada\/","title":{"rendered":"Jer\u00f4nimo visita minist\u00e9rios e re\u00fane-se com Wagner e Lula no Pal\u00e1cio da Alvorada"},"content":{"rendered":"<div id=\"blogd-718734380\" class=\"blogd-fim-do-post-mobile blogd-entity-placement\" style=\"margin-left: auto;margin-right: auto;text-align: center;\"><a href=\"https:\/\/www.sefaz.feiradesantana.ba.gov.br\/\" target=\"_blank\" aria-label=\"728&#215;90 (6)\"><img loading=\"lazy\" decoding=\"async\" src=\"https:\/\/blogdafeira.com.br\/home\/wp-content\/uploads\/2026\/03\/728x90-6.gif\" alt=\"\"  class=\"no-lazyload\" width=\"728\" height=\"90\"  style=\"display: inline-block;\" \/><\/a><\/div><p>Cumprindo agenda em Bras\u00edlia, nesta quarta-feira (29), o governador da Bahia, Jer\u00f4nimo Rodrigues participou de uma s\u00e9rie de reuni\u00f5es com representantes do Governo Federal e do Judici\u00e1rio, tratando de temas de interesse do estado. Acompanhado de secret\u00e1rios e gestores estaduais, o primeiro compromisso foi no Minist\u00e9rio dos Transportes, em audi\u00eancia com o secret\u00e1rio-executivo Bruno Praxedes, onde foram discutidas pautas relacionadas \u00e0 infraestrutura rodovi\u00e1ria.<\/p><div id=\"blogd-300162230\" class=\"blogd-conteudo-2-mobile blogd-entity-placement\"><a href=\"https:\/\/feirenses.com.br\/\" target=\"_blank\" aria-label=\"feirenses\"><img loading=\"lazy\" decoding=\"async\" src=\"https:\/\/blogdafeira.com.br\/home\/wp-content\/uploads\/2026\/04\/feirenses.png\" alt=\"\"  srcset=\"https:\/\/blogdafeira.com.br\/home\/wp-content\/uploads\/2026\/04\/feirenses.png 300w, https:\/\/blogdafeira.com.br\/home\/wp-content\/uploads\/2026\/04\/feirenses-170x45.png 170w, https:\/\/blogdafeira.com.br\/home\/wp-content\/uploads\/2026\/04\/feirenses-280x74.png 280w\" sizes=\"(max-width: 300px) 100vw, 300px\" class=\"no-lazyload\" width=\"300\" height=\"79\"  style=\"display: inline-block;\" \/><\/a><\/div>\n<p><strong>RODOVIAS<\/strong> &#8211; Entre os principais temas discutidos, estiveram a manuten\u00e7\u00e3o de importantes rodovias federais que cortam a Bahia, como as BR-324, BR-242 e BR-030, al\u00e9m de projetos estruturantes como o Contorno Norte de Ilh\u00e9us, interven\u00e7\u00f5es em trechos estrat\u00e9gicos de liga\u00e7\u00e3o com outros estados e obras voltadas \u00e0 melhoria da mobilidade urbana, incluindo viadutos, passarelas e passagens em pontos cr\u00edticos de diversos munic\u00edpios baianos. Tamb\u00e9m foram abordados projetos de pavimenta\u00e7\u00e3o, restaura\u00e7\u00e3o de rodovias no Extremo Sul e a Ponte Salvador-Itaparica.<\/p>\n<p><strong>LULA<\/strong> &#8211; Ao longo do dia, o governador tamb\u00e9m esteve no Pal\u00e1cio da Alvorada, onde participou de reuni\u00e3o com o presidente Luiz In\u00e1cio Lula da Silva e o senador Jaques Wagner. Entre os temas discutidos, estiveram projetos de infraestrutura e outras iniciativas de interesse do estado.<\/p>\n<p><strong>PETR\u00d3LEO<\/strong> &#8211; Encerrando a agenda institucional, o governador participou de audi\u00eancias no Supremo Tribunal Federal com os ministros Gilmar Mendes e Dias Toffoli, quando foi tratada a Lei n\u00ba 12.734\/2012, que disp\u00f5e sobre a redistribui\u00e7\u00e3o dos royalties do petr\u00f3leo. Na sequ\u00eancia, esteve reunido com a ministra da Casa Civil, Miriam Belchior, para tratar de pautas estrat\u00e9gicas relacionadas ao planejamento e a investimentos para a Bahia.<\/p>\n<p>No Supremo Tribunal Federal, a discuss\u00e3o sobre a Lei n\u00ba 12.734\/2012 foi destacada como um dos principais temas de interesse federativo do pa\u00eds. Durante as audi\u00eancias, foi ressaltado que a proposta trata da redistribui\u00e7\u00e3o dos royalties do petr\u00f3leo, com impacto direto na capacidade de investimento dos estados. A Bahia, assim como outros entes federativos, defendeu a medida, argumentando que os recursos naturais pertencem \u00e0 Uni\u00e3o e devem ser compartilhados de forma mais justa. A expectativa \u00e9 que a decis\u00e3o da Corte contribua para reduzir desigualdades regionais e dar maior equil\u00edbrio \u00e0 distribui\u00e7\u00e3o dessas receitas.<\/p>\n<p>Ao final dos compromissos, o governador avaliou a agenda do dia. \u201cFoi um dia muito produtivo em Bras\u00edlia. Estivemos com o presidente Lula, dialogando sobre pautas importantes para a Bahia, al\u00e9m de reuni\u00f5es com ministros e \u00f3rg\u00e3os do Governo Federal para avan\u00e7ar em projetos de infraestrutura e investimentos. Tamb\u00e9m tratamos no Supremo Tribunal Federal da redistribui\u00e7\u00e3o dos royalties do petr\u00f3leo, defendendo uma divis\u00e3o mais justa desses recursos. Seguimos trabalhando para garantir mais desenvolvimento para o nosso estado\u201d, afirmou.<\/p>\n<div id=\"blogd-3457412926\" class=\"blogd-final-post blogd-entity-placement\"><a href=\"https:\/\/www.feiradesantana.ba.leg.br\/\" target=\"_blank\" aria-label=\"BANNER-SITE-ENTREGADECHEQUE-CAMARADEFEIRA\"><img loading=\"lazy\" decoding=\"async\" src=\"https:\/\/blogdafeira.com.br\/home\/wp-content\/uploads\/2026\/03\/BANNER-SITE-ENTREGADECHEQUE-CAMARADEFEIRA.gif\" alt=\"\"  class=\"no-lazyload\" width=\"728\" height=\"90\"   \/><\/a><\/div><p>Eduardo Aiache\/GOVBA*_<\/p>\n","protected":false},"excerpt":{"rendered":"<p>Cumprindo agenda em Bras\u00edlia, nesta quarta-feira (29), o governador da Bahia, Jer\u00f4nimo Rodrigues participou de uma s\u00e9rie de reuni\u00f5es com representantes do Governo Federal e do Judici\u00e1rio, tratando de temas de interesse do estado. Acompanhado de secret\u00e1rios e gestores estaduais, o primeiro compromisso foi no Minist\u00e9rio dos Transportes, em audi\u00eancia com o secret\u00e1rio-executivo Bruno Praxedes,<\/p>\n","protected":false},"author":1,"featured_media":72157,"comment_status":"open","ping_status":"open","sticky":false,"template":"","format":"standard","meta":{"jetpack_post_was_ever_published":false,"cybocfi_hide_featured_image":"","_jetpack_newsletter_access":"","_jetpack_dont_email_post_to_subs":false,"_jetpack_newsletter_tier_id":0,"_jetpack_memberships_contains_paywalled_content":false,"_jetpack_memberships_contains_paid_content":false,"footnotes":"","jetpack_publicize_message":"","jetpack_publicize_feature_enabled":true,"jetpack_social_post_already_shared":true,"jetpack_social_options":{"image_generator_settings":{"template":"highway","default_image_id":0,"font":"","enabled":false},"version":2}},"categories":[603,631],"tags":[],"class_list":["post-72156","post","type-post","status-publish","format-standard","has-post-thumbnail","hentry","category-destaques","category-politica"],"jetpack_publicize_connections":[],"jetpack_featured_media_url":"https:\/\/blogdafeira.com.br\/home\/wp-content\/uploads\/2026\/04\/IMG-20260429-WA0149.jpg","jetpack_shortlink":"https:\/\/wp.me\/p3niVf-iLO","jetpack_sharing_enabled":true,"jetpack-related-posts":[{"id":66100,"url":"https:\/\/blogdafeira.com.br\/home\/2025\/03\/12\/alem-de-rui-jeronimo-reune-se-com-mais-cinco-ministros-e-coloca-pautas-da-bahia-nos-ministerios\/","url_meta":{"origin":72156,"position":0},"title":"Al\u00e9m de Rui, Jer\u00f4nimo re\u00fane-se com mais cinco ministros e coloca pautas da Bahia nos Minist\u00e9rios","author":"Secom\/GOV.BA","date":"12\/03\/2025","format":false,"excerpt":"O governador da Bahia, Jer\u00f4nimo Rodrigues, se reuniu em Bras\u00edlia, com a ministra da Gest\u00e3o e da Inova\u00e7\u00e3o em Servi\u00e7os P\u00fablicos, Esther Dweck e com os ministros da Sa\u00fade, Alexandre Padilha; dos Portos e Aeroportos, Silvio Costa Filho; dos Transportes, Renan Filho; e da Integra\u00e7\u00e3o e Desenvolvimento Regional, Waldez G\u00f3es.\u2026","rel":"","context":"Em &quot;Home&quot;","block_context":{"text":"Home","link":"https:\/\/blogdafeira.com.br\/home\/categoria\/raiz\/"},"img":{"alt_text":"","src":"https:\/\/i0.wp.com\/blogdafeira.com.br\/home\/wp-content\/uploads\/2025\/03\/Fotos-Eduardo-AiacheGOVBA-3.jpeg?resize=350%2C200&ssl=1","width":350,"height":200,"srcset":"https:\/\/i0.wp.com\/blogdafeira.com.br\/home\/wp-content\/uploads\/2025\/03\/Fotos-Eduardo-AiacheGOVBA-3.jpeg?resize=350%2C200&ssl=1 1x, https:\/\/i0.wp.com\/blogdafeira.com.br\/home\/wp-content\/uploads\/2025\/03\/Fotos-Eduardo-AiacheGOVBA-3.jpeg?resize=525%2C300&ssl=1 1.5x, https:\/\/i0.wp.com\/blogdafeira.com.br\/home\/wp-content\/uploads\/2025\/03\/Fotos-Eduardo-AiacheGOVBA-3.jpeg?resize=700%2C400&ssl=1 2x, https:\/\/i0.wp.com\/blogdafeira.com.br\/home\/wp-content\/uploads\/2025\/03\/Fotos-Eduardo-AiacheGOVBA-3.jpeg?resize=1050%2C600&ssl=1 3x"},"classes":[]},{"id":62981,"url":"https:\/\/blogdafeira.com.br\/home\/2024\/07\/24\/jeronimo-defende-sistema-nacional-para-integrar-governos-no-tema-da-seguranca-publica\/","url_meta":{"origin":72156,"position":1},"title":"Jer\u00f4nimo defende Sistema Nacional  para integrar governos no tema da Seguran\u00e7a P\u00fablica","author":"Secom\/GOV.BA","date":"24\/07\/2024","format":false,"excerpt":"Na manh\u00e3 desta quarta-feira (24), o governador Jer\u00f4nimo Rodrigues participou da mesa de abertura da reuni\u00e3o da C\u00e2mara T\u00e9cnica de Seguran\u00e7a P\u00fablica do Cons\u00f3rcio do Nordeste, realizada no Pal\u00e1cio da Justi\u00e7a, em Bras\u00edlia. O encontro contou com a presen\u00e7a do Ministro da Justi\u00e7a e Seguran\u00e7a P\u00fablica, Ricardo Lewandowski, al\u00e9m de\u2026","rel":"","context":"Em &quot;Pol\u00edtica&quot;","block_context":{"text":"Pol\u00edtica","link":"https:\/\/blogdafeira.com.br\/home\/categoria\/politica\/"},"img":{"alt_text":"","src":"https:\/\/i0.wp.com\/blogdafeira.com.br\/home\/wp-content\/uploads\/2024\/07\/Screenshot_20240724-174303.png?resize=350%2C200&ssl=1","width":350,"height":200,"srcset":"https:\/\/i0.wp.com\/blogdafeira.com.br\/home\/wp-content\/uploads\/2024\/07\/Screenshot_20240724-174303.png?resize=350%2C200&ssl=1 1x, https:\/\/i0.wp.com\/blogdafeira.com.br\/home\/wp-content\/uploads\/2024\/07\/Screenshot_20240724-174303.png?resize=525%2C300&ssl=1 1.5x, https:\/\/i0.wp.com\/blogdafeira.com.br\/home\/wp-content\/uploads\/2024\/07\/Screenshot_20240724-174303.png?resize=700%2C400&ssl=1 2x, https:\/\/i0.wp.com\/blogdafeira.com.br\/home\/wp-content\/uploads\/2024\/07\/Screenshot_20240724-174303.png?resize=1050%2C600&ssl=1 3x"},"classes":[]},{"id":65397,"url":"https:\/\/blogdafeira.com.br\/home\/2025\/01\/29\/jeronimo-quer-a-juventude-baiana-discutindo-seguranca-publica-de-forma-ampla\/","url_meta":{"origin":72156,"position":2},"title":"Jer\u00f4nimo quer a juventude baiana discutindo seguran\u00e7a p\u00fablica de &#8220;forma ampla&#8221;","author":"Secom\/GOV.BA","date":"29\/01\/2025","format":false,"excerpt":"Durante a inaugura\u00e7\u00e3o do primeiro Coletivo do\u00a0Programa Bahia pela Paz, na Rua. Dr. Jorge Costa Andrade, no bairro de \u00c1guas Claras, na capital baiana, na manh\u00e3 de ter\u00e7a-feira (28), o governador Jer\u00f4nimo Rodrigues (PT) afirmou que a seguran\u00e7a p\u00fablica deve ser discutida de forma mais ampla para juventude. A principal\u2026","rel":"","context":"Em &quot;Geral&quot;","block_context":{"text":"Geral","link":"https:\/\/blogdafeira.com.br\/home\/categoria\/geral\/"},"img":{"alt_text":"","src":"","width":0,"height":0},"classes":[]},{"id":70148,"url":"https:\/\/blogdafeira.com.br\/home\/2025\/11\/11\/na-cop30-jeronimo-fortalece-a-pauta-do-bioma-caatinga\/","url_meta":{"origin":72156,"position":3},"title":"Na COP30, Jer\u00f4nimo fortalece a pauta do bioma Caatinga","author":"Secom\/GOV.BA","date":"11\/11\/2025","format":false,"excerpt":"A experi\u00eancia da Bahia em pol\u00edticas de incentivo \u00e0 transi\u00e7\u00e3o energ\u00e9tica e o destaque do estado na produ\u00e7\u00e3o de energia sustent\u00e1vel marcaram a participa\u00e7\u00e3o do governador Jer\u00f4nimo Rodrigues na COP30, em Bel\u00e9m, nesta segunda-feira (10). Durante os encontros e pain\u00e9is, o governador enfatizou a import\u00e2ncia de acelerar as a\u00e7\u00f5es de\u2026","rel":"","context":"Em &quot;Geral&quot;","block_context":{"text":"Geral","link":"https:\/\/blogdafeira.com.br\/home\/categoria\/geral\/"},"img":{"alt_text":"","src":"https:\/\/i0.wp.com\/blogdafeira.com.br\/home\/wp-content\/uploads\/2025\/11\/Belem-COP30.-Foto-Daniel-SennaGOVBA-7.jpeg?resize=350%2C200&ssl=1","width":350,"height":200,"srcset":"https:\/\/i0.wp.com\/blogdafeira.com.br\/home\/wp-content\/uploads\/2025\/11\/Belem-COP30.-Foto-Daniel-SennaGOVBA-7.jpeg?resize=350%2C200&ssl=1 1x, https:\/\/i0.wp.com\/blogdafeira.com.br\/home\/wp-content\/uploads\/2025\/11\/Belem-COP30.-Foto-Daniel-SennaGOVBA-7.jpeg?resize=525%2C300&ssl=1 1.5x, https:\/\/i0.wp.com\/blogdafeira.com.br\/home\/wp-content\/uploads\/2025\/11\/Belem-COP30.-Foto-Daniel-SennaGOVBA-7.jpeg?resize=700%2C400&ssl=1 2x, https:\/\/i0.wp.com\/blogdafeira.com.br\/home\/wp-content\/uploads\/2025\/11\/Belem-COP30.-Foto-Daniel-SennaGOVBA-7.jpeg?resize=1050%2C600&ssl=1 3x"},"classes":[]},{"id":71121,"url":"https:\/\/blogdafeira.com.br\/home\/2026\/01\/28\/reuniao-secreta-ze-ronaldo-jeronimo-e-wagner-conversaram-sozinhos-depois-entraram-os-secretarios\/","url_meta":{"origin":72156,"position":4},"title":"Reuni\u00e3o secreta: Z\u00e9 Ronaldo, Jer\u00f4nimo e Wagner conversaram sozinhos; depois, entraram os secret\u00e1rios","author":"Secom\/GOV.BA","date":"28\/01\/2026","format":false,"excerpt":"Foi\u00a0 uma reuni\u00e3o em dois tempos. Primeiro, o governador Jer\u00f4nimo, o senador Jaques Wagner\u00a0 e o prefeito de Feira, Z\u00e9 Ronaldo,\u00a0 conversaram sozinhos na sala do Governador.\u00a0 Somente depois \u00e9 que entraram cinco secret\u00e1rios de estado\u00a0 e ajustaram quest\u00f5es relacionadas a pavimenta\u00e7\u00e3o urbana,\u00a0 obras de infra estrutura da cidade e\u2026","rel":"","context":"Em &quot;Destaques&quot;","block_context":{"text":"Destaques","link":"https:\/\/blogdafeira.com.br\/home\/categoria\/destaques\/"},"img":{"alt_text":"","src":"https:\/\/i0.wp.com\/blogdafeira.com.br\/home\/wp-content\/uploads\/2026\/01\/mksuxd2.jpg?resize=350%2C200&ssl=1","width":350,"height":200,"srcset":"https:\/\/i0.wp.com\/blogdafeira.com.br\/home\/wp-content\/uploads\/2026\/01\/mksuxd2.jpg?resize=350%2C200&ssl=1 1x, https:\/\/i0.wp.com\/blogdafeira.com.br\/home\/wp-content\/uploads\/2026\/01\/mksuxd2.jpg?resize=525%2C300&ssl=1 1.5x, https:\/\/i0.wp.com\/blogdafeira.com.br\/home\/wp-content\/uploads\/2026\/01\/mksuxd2.jpg?resize=700%2C400&ssl=1 2x"},"classes":[]},{"id":57058,"url":"https:\/\/blogdafeira.com.br\/home\/2023\/03\/30\/jeronimo-viaja-para-a-china-com-agenda-de-negocios\/","url_meta":{"origin":72156,"position":5},"title":"Jer\u00f4nimo viaja para a China com agenda de neg\u00f3cios","author":"Secom\/GOV.BA","date":"30\/03\/2023","format":false,"excerpt":"O governador da Bahia, Jer\u00f4nimo Rodrigues, viajou para a China para participar de encontros com autoridades e empres\u00e1rios do pa\u00eds asi\u00e1tico. Ele busca atrair investimentos e parcerias em \u00e1reas como energia renov\u00e1vel, infraestrutura, ind\u00fastria automotiva e tecnologia. A China \u00e9 o principal parceiro comercial estrangeiro da Bahia e uma das\u2026","rel":"","context":"Em &quot;Bahia&quot;","block_context":{"text":"Bahia","link":"https:\/\/blogdafeira.com.br\/home\/categoria\/bahia\/"},"img":{"alt_text":"","src":"https:\/\/i0.wp.com\/blogdafeira.com.br\/home\/wp-content\/uploads\/2023\/01\/Fotos-Fernando-VivasGOVBA-1-1068x712-1.webp?resize=350%2C200&ssl=1","width":350,"height":200,"srcset":"https:\/\/i0.wp.com\/blogdafeira.com.br\/home\/wp-content\/uploads\/2023\/01\/Fotos-Fernando-VivasGOVBA-1-1068x712-1.webp?resize=350%2C200&ssl=1 1x, https:\/\/i0.wp.com\/blogdafeira.com.br\/home\/wp-content\/uploads\/2023\/01\/Fotos-Fernando-VivasGOVBA-1-1068x712-1.webp?resize=525%2C300&ssl=1 1.5x, https:\/\/i0.wp.com\/blogdafeira.com.br\/home\/wp-content\/uploads\/2023\/01\/Fotos-Fernando-VivasGOVBA-1-1068x712-1.webp?resize=700%2C400&ssl=1 2x, https:\/\/i0.wp.com\/blogdafeira.com.br\/home\/wp-content\/uploads\/2023\/01\/Fotos-Fernando-VivasGOVBA-1-1068x712-1.webp?resize=1050%2C600&ssl=1 3x"},"classes":[]}],"_links":{"self":[{"href":"https:\/\/blogdafeira.com.br\/home\/wp-json\/wp\/v2\/posts\/72156","targetHints":{"allow":["GET"]}}],"collection":[{"href":"https:\/\/blogdafeira.com.br\/home\/wp-json\/wp\/v2\/posts"}],"about":[{"href":"https:\/\/blogdafeira.com.br\/home\/wp-json\/wp\/v2\/types\/post"}],"author":[{"embeddable":true,"href":"https:\/\/blogdafeira.com.br\/home\/wp-json\/wp\/v2\/users\/1"}],"replies":[{"embeddable":true,"href":"https:\/\/blogdafeira.com.br\/home\/wp-json\/wp\/v2\/comments?post=72156"}],"version-history":[{"count":2,"href":"https:\/\/blogdafeira.com.br\/home\/wp-json\/wp\/v2\/posts\/72156\/revisions"}],"predecessor-version":[{"id":72159,"href":"https:\/\/blogdafeira.com.br\/home\/wp-json\/wp\/v2\/posts\/72156\/revisions\/72159"}],"wp:featuredmedia":[{"embeddable":true,"href":"https:\/\/blogdafeira.com.br\/home\/wp-json\/wp\/v2\/media\/72157"}],"wp:attachment":[{"href":"https:\/\/blogdafeira.com.br\/home\/wp-json\/wp\/v2\/media?parent=72156"}],"wp:term":[{"taxonomy":"category","embeddable":true,"href":"https:\/\/blogdafeira.com.br\/home\/wp-json\/wp\/v2\/categories?post=72156"},{"taxonomy":"post_tag","embeddable":true,"href":"https:\/\/blogdafeira.com.br\/home\/wp-json\/wp\/v2\/tags?post=72156"}],"curies":[{"name":"wp","href":"https:\/\/api.w.org\/{rel}","templated":true}]}}