{"id":72160,"date":"2026-04-29T22:28:19","date_gmt":"2026-04-30T01:28:19","guid":{"rendered":"https:\/\/blogdafeira.com.br\/home\/?p=72160"},"modified":"2026-04-29T22:29:55","modified_gmt":"2026-04-30T01:29:55","slug":"alceu-valenca-volta-a-feira-para-o-sao-joao-depois-de-ter-cantado-em-2019-no-natal-encantado","status":"publish","type":"post","link":"https:\/\/blogdafeira.com.br\/home\/2026\/04\/29\/alceu-valenca-volta-a-feira-para-o-sao-joao-depois-de-ter-cantado-em-2019-no-natal-encantado\/","title":{"rendered":"Alceu Valen\u00e7a volta a Feira para o S\u00e3o Jo\u00e3o depois de ter cantado em 2019 no Natal Encantado"},"content":{"rendered":"<div id=\"blogd-182833252\" class=\"blogd-fim-do-post-mobile blogd-entity-placement\" style=\"margin-left: auto;margin-right: auto;text-align: center;\"><a href=\"https:\/\/www.sefaz.feiradesantana.ba.gov.br\/\" target=\"_blank\" aria-label=\"728&#215;90 (6)\"><img loading=\"lazy\" decoding=\"async\" src=\"https:\/\/blogdafeira.com.br\/home\/wp-content\/uploads\/2026\/03\/728x90-6.gif\" alt=\"\"  class=\"no-lazyload\" width=\"728\" height=\"90\"  style=\"display: inline-block;\" \/><\/a><\/div><p>Entre as atra\u00e7\u00f5es para o S\u00e3o Joao anunciadas pela Prefeitura de Feira, nesta quarta-feira ,29, um dos destaques \u00e9 o cantor Alceu Valen\u00e7a que volta \u00e0 Feira depois de sete anos (2019) quando se apresentou em uma noite do Natal Encantado. Em 2020 ele viria para a Micareta, cancelada por causa\u00a0 da pandemia da COVID.<\/p><div id=\"blogd-2895019145\" class=\"blogd-conteudo-2-mobile blogd-entity-placement\"><a href=\"https:\/\/feirenses.com.br\/\" target=\"_blank\" aria-label=\"feirenses\"><img loading=\"lazy\" decoding=\"async\" src=\"https:\/\/blogdafeira.com.br\/home\/wp-content\/uploads\/2026\/04\/feirenses.png\" alt=\"\"  srcset=\"https:\/\/blogdafeira.com.br\/home\/wp-content\/uploads\/2026\/04\/feirenses.png 300w, https:\/\/blogdafeira.com.br\/home\/wp-content\/uploads\/2026\/04\/feirenses-170x45.png 170w, https:\/\/blogdafeira.com.br\/home\/wp-content\/uploads\/2026\/04\/feirenses-280x74.png 280w\" sizes=\"(max-width: 300px) 100vw, 300px\" class=\"no-lazyload\" width=\"300\" height=\"79\"  style=\"display: inline-block;\" \/><\/a><\/div>\n<p>Grandes nomes do forr\u00f3 e da m\u00fasica nacional v\u00e3o embalar os festejos juninos de Feira de Santana. Neste ano, a programa\u00e7\u00e3o come\u00e7a no dia 22 de junho, no distrito de Maria Quit\u00e9ria \u2014 onde a tradi\u00e7\u00e3o j\u00e1 ultrapassa meio s\u00e9culo \u2014 e segue at\u00e9 a manh\u00e3 de 4 de julho, em Ja\u00edba.<\/p>\n<p><img loading=\"lazy\" decoding=\"async\" class=\"aligncenter size-medium wp-image-72161\" src=\"https:\/\/blogdafeira.com.br\/home\/wp-content\/uploads\/2026\/04\/Apresetacao-do-Sao-Joao-e-Sao-Pedro-de-Feira-Foto-ACM-14-346x231.jpeg\" alt=\"\" width=\"346\" height=\"231\" srcset=\"https:\/\/blogdafeira.com.br\/home\/wp-content\/uploads\/2026\/04\/Apresetacao-do-Sao-Joao-e-Sao-Pedro-de-Feira-Foto-ACM-14-346x231.jpeg 346w, https:\/\/blogdafeira.com.br\/home\/wp-content\/uploads\/2026\/04\/Apresetacao-do-Sao-Joao-e-Sao-Pedro-de-Feira-Foto-ACM-14-1024x683.jpeg 1024w, https:\/\/blogdafeira.com.br\/home\/wp-content\/uploads\/2026\/04\/Apresetacao-do-Sao-Joao-e-Sao-Pedro-de-Feira-Foto-ACM-14-170x113.jpeg 170w, https:\/\/blogdafeira.com.br\/home\/wp-content\/uploads\/2026\/04\/Apresetacao-do-Sao-Joao-e-Sao-Pedro-de-Feira-Foto-ACM-14-768x512.jpeg 768w, https:\/\/blogdafeira.com.br\/home\/wp-content\/uploads\/2026\/04\/Apresetacao-do-Sao-Joao-e-Sao-Pedro-de-Feira-Foto-ACM-14-280x187.jpeg 280w, https:\/\/blogdafeira.com.br\/home\/wp-content\/uploads\/2026\/04\/Apresetacao-do-Sao-Joao-e-Sao-Pedro-de-Feira-Foto-ACM-14-1170x780.jpeg 1170w, https:\/\/blogdafeira.com.br\/home\/wp-content\/uploads\/2026\/04\/Apresetacao-do-Sao-Joao-e-Sao-Pedro-de-Feira-Foto-ACM-14.jpeg 1299w\" sizes=\"auto, (max-width: 346px) 100vw, 346px\" \/><\/p>\n<p>Durante o evento de an\u00fancio, o p\u00fablico tamb\u00e9m acompanhou apresenta\u00e7\u00f5es culturais, com destaque para o grupo Os Bambas do Nordeste e exibi\u00e7\u00f5es de quadrilhas juninas, refor\u00e7ando o clima t\u00edpico dos festejos.<\/p>\n<p>O investimento total nas principais atra\u00e7\u00f5es deve girar em torno de R$ 6 milh\u00f5es. <em>Os cach\u00eas foram definidos dentro dos limites acordados entre Uni\u00e3o dos Munic\u00edpios da Bahia, Tribunal de Contas do Estado da Bahia, Tribunal de Contas dos Munic\u00edpios da Bahia e Minist\u00e9rio P\u00fablico do Estado da Bahia, que estabeleceram teto de at\u00e9 R$ 700 mil por contrata\u00e7\u00e3o. E n\u00e3o h\u00e1 nenhuma com esse valor. Todos s\u00e3o menores&#8221;, <\/em>disse o prefeito Z\u00e9 Ronaldo, ao fazer o an\u00fancio oficial, no p\u00e1tio externo do Pa\u00e7o Maria Quit\u00e9ria.<\/p>\n<p><strong>Confira a grade anunciada:<\/strong><\/p>\n<p><strong>Jaguara (20 e 21 de junho)<br \/>\n<\/strong>Atra\u00e7\u00f5es: Acaraj\u00e9 com Camar\u00e3o e Filomena Bagaceira.<\/p>\n<p><strong>Tiquaru\u00e7u (20 e 21 de junho)<br \/>\n<\/strong>Atra\u00e7\u00f5es: Banda Lua Cheia e Camila Menina Faceira.<\/p>\n<p><strong>Maria Quit\u00e9ria <\/strong>(<strong>20 a 23 de junho)<br \/>\n<\/strong>Atra\u00e7\u00f5es: Ra\u00ed Saia Rodada, Caviar com Rapadura, Alceu Valen\u00e7a, Forroz\u00e3o das Antigas, Paula Fernandes, Filho do Piseiro, Lim\u00e3o com Mel e Caninana.<\/p>\n<p><strong>S\u00e3o Pedro de Humildes<\/strong> <strong>(26 a 28 de junho)<br \/>\n<\/strong>Atra\u00e7\u00f5es: Luan Estilizado, Mastruz com Leite, Unha Pintada, Adelm\u00e1rio Coelho, Ra\u00e7a Negra, Buscap\u00e9 e Arreio de Ouro.<\/p>\n<p><strong>Bonfim de Feira (27 e 28 de junho)<br \/>\n<\/strong>Atra\u00e7\u00f5es: Fl\u00e1vio Jos\u00e9, Raio da Silibrina, Tayrone e Colher de Pau.<\/p>\n<p><strong>Ja\u00edba <\/strong>(<strong>3 e 4 de julho)<br \/>\n<\/strong>Atra\u00e7\u00f5es: Alcymar Monteiro e Solange Almeida.<\/p>\n<div id=\"blogd-282998865\" class=\"blogd-final-post blogd-entity-placement\"><a href=\"https:\/\/www.feiradesantana.ba.leg.br\/\" target=\"_blank\" aria-label=\"BANNER-SITE-ENTREGADECHEQUE-CAMARADEFEIRA\"><img loading=\"lazy\" decoding=\"async\" src=\"https:\/\/blogdafeira.com.br\/home\/wp-content\/uploads\/2026\/03\/BANNER-SITE-ENTREGADECHEQUE-CAMARADEFEIRA.gif\" alt=\"\"  class=\"no-lazyload\" width=\"728\" height=\"90\"   \/><\/a><\/div><p>Fotos: ACM<\/p>\n","protected":false},"excerpt":{"rendered":"<p>Entre as atra\u00e7\u00f5es para o S\u00e3o Joao anunciadas pela Prefeitura de Feira, nesta quarta-feira ,29, um dos destaques \u00e9 o cantor Alceu Valen\u00e7a que volta \u00e0 Feira depois de sete anos (2019) quando se apresentou em uma noite do Natal Encantado. Em 2020 ele viria para a Micareta, cancelada por causa\u00a0 da pandemia da COVID.<\/p>\n","protected":false},"author":1,"featured_media":72162,"comment_status":"open","ping_status":"open","sticky":false,"template":"","format":"standard","meta":{"jetpack_post_was_ever_published":false,"cybocfi_hide_featured_image":"","_jetpack_newsletter_access":"","_jetpack_dont_email_post_to_subs":false,"_jetpack_newsletter_tier_id":0,"_jetpack_memberships_contains_paywalled_content":false,"_jetpack_memberships_contains_paid_content":false,"footnotes":"","jetpack_publicize_message":"","jetpack_publicize_feature_enabled":true,"jetpack_social_post_already_shared":true,"jetpack_social_options":{"image_generator_settings":{"template":"highway","default_image_id":0,"font":"","enabled":false},"version":2}},"categories":[4,603,751],"tags":[],"class_list":["post-72160","post","type-post","status-publish","format-standard","has-post-thumbnail","hentry","category-cultura","category-destaques","category-geral"],"jetpack_publicize_connections":[],"jetpack_featured_media_url":"https:\/\/blogdafeira.com.br\/home\/wp-content\/uploads\/2026\/04\/62c7b80bb3eda1940f3285f213a54fc3-scaled.jpg","jetpack_shortlink":"https:\/\/wp.me\/p3niVf-iLS","jetpack_sharing_enabled":true,"jetpack-related-posts":[{"id":35630,"url":"https:\/\/blogdafeira.com.br\/home\/2020\/02\/22\/edson-borges-anuncia-na-band-mais-atracoes-para-micareta-de-feira\/","url_meta":{"origin":72160,"position":0},"title":"Edson Borges anuncia na Band mais atra\u00e7\u00f5es para Micareta de Feira","author":"J\u00e2nio R\u00eago","date":"22\/02\/2020","format":false,"excerpt":"O secret\u00e1rio de Cultura de Feira de Santana, jornalista Edson Borges, foi o centro das aten\u00e7\u00f5es no programa de Uziel Bueno e L\u00e9o Bala na Tv Bandeirantes, em Salvador, ao falar sobre a Micareta de Feira que acontece em abril. Edson tamb\u00e9m anunciou mais uma atra\u00e7\u00e3o de peso para a\u2026","rel":"","context":"Em &quot;Cidade&quot;","block_context":{"text":"Cidade","link":"https:\/\/blogdafeira.com.br\/home\/categoria\/cidade\/"},"img":{"alt_text":"","src":"https:\/\/i0.wp.com\/blogdafeira.com.br\/home\/wp-content\/uploads\/2020\/02\/Screenshot_2020-02-22-12-36-23.png?resize=350%2C200&ssl=1","width":350,"height":200,"srcset":"https:\/\/i0.wp.com\/blogdafeira.com.br\/home\/wp-content\/uploads\/2020\/02\/Screenshot_2020-02-22-12-36-23.png?resize=350%2C200&ssl=1 1x, https:\/\/i0.wp.com\/blogdafeira.com.br\/home\/wp-content\/uploads\/2020\/02\/Screenshot_2020-02-22-12-36-23.png?resize=525%2C300&ssl=1 1.5x, https:\/\/i0.wp.com\/blogdafeira.com.br\/home\/wp-content\/uploads\/2020\/02\/Screenshot_2020-02-22-12-36-23.png?resize=700%2C400&ssl=1 2x"},"classes":[]},{"id":36611,"url":"https:\/\/blogdafeira.com.br\/home\/2020\/03\/25\/cancelamento-das-festas-de-sao-joao-em-feira-e-muito-provavel-diz-secretario\/","url_meta":{"origin":72160,"position":1},"title":"Cancelamento das festas de S\u00e3o Jo\u00e3o em Feira: &#8220;\u00e9 muito prov\u00e1vel&#8221;, diz secret\u00e1rio","author":"Blog da Feira","date":"25\/03\/2020","format":false,"excerpt":"O secret\u00e1rio de Cultura de Feira de Santana, Edson Borges,admite que \"\u00e9 muito prov\u00e1vel\" que a exemplo da. Micareta, as festas juninas patrocinadas pela Prefeitura sejam canceladas esse ano em raz\u00e3o da pandemia. Algumas cidades da Bahia e de outros Estados do Nordeste j\u00e1 anunciaram o cancelamento desses eventos, a\u2026","rel":"","context":"Em &quot;Cidade&quot;","block_context":{"text":"Cidade","link":"https:\/\/blogdafeira.com.br\/home\/categoria\/cidade\/"},"img":{"alt_text":"","src":"https:\/\/i0.wp.com\/blogdafeira.com.br\/home\/wp-content\/uploads\/2020\/03\/FB_IMG_1585183431302.jpg?resize=350%2C200&ssl=1","width":350,"height":200,"srcset":"https:\/\/i0.wp.com\/blogdafeira.com.br\/home\/wp-content\/uploads\/2020\/03\/FB_IMG_1585183431302.jpg?resize=350%2C200&ssl=1 1x, https:\/\/i0.wp.com\/blogdafeira.com.br\/home\/wp-content\/uploads\/2020\/03\/FB_IMG_1585183431302.jpg?resize=525%2C300&ssl=1 1.5x"},"classes":[]},{"id":24788,"url":"https:\/\/blogdafeira.com.br\/home\/2016\/12\/05\/geraldo-azevedo-abre-programacao-do-natal-encantado-em-feira\/","url_meta":{"origin":72160,"position":2},"title":"Geraldo Azevedo abre programa\u00e7\u00e3o do Natal Encantado em Feira","author":"Blog da Feira","date":"05\/12\/2016","format":false,"excerpt":"A programa\u00e7\u00e3o do Natal Encantado em Feira de Santana ser\u00e1 aberta no dia 18 de dezembro com show de Geraldo Azevedo. Os shows ser\u00e3o em tr\u00eas palcos, sendo o 01 e 02 instalados na pra\u00e7a Padre Ov\u00eddio e um no estacionamento da Prefeitura, na avenida Get\u00falio Vargas. Al\u00e9m disso o\u2026","rel":"","context":"Em &quot;Home&quot;","block_context":{"text":"Home","link":"https:\/\/blogdafeira.com.br\/home\/categoria\/raiz\/"},"img":{"alt_text":"natal-encantado-pa_o-municipal-fotos-washington-nery-16-12-15_1","src":"https:\/\/i0.wp.com\/blogdafeira.com.br\/home\/wp-content\/uploads\/2016\/11\/Natal-Encantado-Pa_o-Municipal-Fotos-Washington-Nery-16-12-15_1.jpg?resize=350%2C200","width":350,"height":200,"srcset":"https:\/\/i0.wp.com\/blogdafeira.com.br\/home\/wp-content\/uploads\/2016\/11\/Natal-Encantado-Pa_o-Municipal-Fotos-Washington-Nery-16-12-15_1.jpg?resize=350%2C200 1x, https:\/\/i0.wp.com\/blogdafeira.com.br\/home\/wp-content\/uploads\/2016\/11\/Natal-Encantado-Pa_o-Municipal-Fotos-Washington-Nery-16-12-15_1.jpg?resize=525%2C300 1.5x, https:\/\/i0.wp.com\/blogdafeira.com.br\/home\/wp-content\/uploads\/2016\/11\/Natal-Encantado-Pa_o-Municipal-Fotos-Washington-Nery-16-12-15_1.jpg?resize=700%2C400 2x"},"classes":[]},{"id":70174,"url":"https:\/\/blogdafeira.com.br\/home\/2025\/11\/12\/natal-encantado-retorna-em-2025-com-grandes-atracoes-da-musica-nacional\/","url_meta":{"origin":72160,"position":3},"title":"Natal Encantado retorna em 2025 com grandes atra\u00e7\u00f5es da m\u00fasica nacional","author":"Blog da Feira","date":"12\/11\/2025","format":false,"excerpt":"Ana Carolina, Sandra S\u00e1, Jorge Vercillo, Joanna, Rosana, Renato e Seus Blue Caps, Orquestra Neojib\u00e1 e as Jovens Divas s\u00e3o algumas das atra\u00e7\u00f5es que v\u00e3o movimentar o Natal Encantado 2025. O retorno da programa\u00e7\u00e3o, que anima a cidade no final de ano, foi anunciado pelo prefeito Jos\u00e9 Ronaldo, na manh\u00e3\u2026","rel":"","context":"Em &quot;Cidade&quot;","block_context":{"text":"Cidade","link":"https:\/\/blogdafeira.com.br\/home\/categoria\/cidade\/"},"img":{"alt_text":"","src":"https:\/\/i0.wp.com\/blogdafeira.com.br\/home\/wp-content\/uploads\/2025\/11\/Apresentacao-do-Natal-Encantado-2025-Foto-ACM-212.jpeg?resize=350%2C200&ssl=1","width":350,"height":200,"srcset":"https:\/\/i0.wp.com\/blogdafeira.com.br\/home\/wp-content\/uploads\/2025\/11\/Apresentacao-do-Natal-Encantado-2025-Foto-ACM-212.jpeg?resize=350%2C200&ssl=1 1x, https:\/\/i0.wp.com\/blogdafeira.com.br\/home\/wp-content\/uploads\/2025\/11\/Apresentacao-do-Natal-Encantado-2025-Foto-ACM-212.jpeg?resize=525%2C300&ssl=1 1.5x, https:\/\/i0.wp.com\/blogdafeira.com.br\/home\/wp-content\/uploads\/2025\/11\/Apresentacao-do-Natal-Encantado-2025-Foto-ACM-212.jpeg?resize=700%2C400&ssl=1 2x, https:\/\/i0.wp.com\/blogdafeira.com.br\/home\/wp-content\/uploads\/2025\/11\/Apresentacao-do-Natal-Encantado-2025-Foto-ACM-212.jpeg?resize=1050%2C600&ssl=1 3x"},"classes":[]},{"id":31591,"url":"https:\/\/blogdafeira.com.br\/home\/2019\/06\/04\/festejos-juninos-movimentam-a-economia-de-feira-de-santana-por-andre-pomponet\/","url_meta":{"origin":72160,"position":4},"title":"&#8216;Festejos juninos movimentam a economia de Feira de Santana&#8217;, por Andr\u00e9 Pomponet","author":"Andr\u00e9 Pomponet","date":"04\/06\/2019","format":false,"excerpt":"Apesar de toda a apreens\u00e3o em rela\u00e7\u00e3o \u00e0 situa\u00e7\u00e3o do Pa\u00eds, a economia da Feira de Santana j\u00e1 se mobiliza para os festejos juninos. Na televis\u00e3o j\u00e1 se veem propagandas de lojas de cal\u00e7ados, de roupas e at\u00e9 de atacadistas do setor de alimentos. As ofertas imperd\u00edveis s\u00e3o lan\u00e7adas entre\u2026","rel":"","context":"Em &quot;Colunistas&quot;","block_context":{"text":"Colunistas","link":"https:\/\/blogdafeira.com.br\/home\/categoria\/colunistas\/"},"img":{"alt_text":"","src":"https:\/\/i0.wp.com\/blogdafeira.com.br\/home\/wp-content\/uploads\/2016\/06\/IMG_20160605_144405799-1024x576.jpg?resize=350%2C200","width":350,"height":200,"srcset":"https:\/\/i0.wp.com\/blogdafeira.com.br\/home\/wp-content\/uploads\/2016\/06\/IMG_20160605_144405799-1024x576.jpg?resize=350%2C200 1x, https:\/\/i0.wp.com\/blogdafeira.com.br\/home\/wp-content\/uploads\/2016\/06\/IMG_20160605_144405799-1024x576.jpg?resize=525%2C300 1.5x, https:\/\/i0.wp.com\/blogdafeira.com.br\/home\/wp-content\/uploads\/2016\/06\/IMG_20160605_144405799-1024x576.jpg?resize=700%2C400 2x"},"classes":[]},{"id":32063,"url":"https:\/\/blogdafeira.com.br\/home\/2019\/07\/17\/nenem-do-acordeom-mata-a-saudade-do-sao-joao-sabado-na-cidade-da-cultura\/","url_meta":{"origin":72160,"position":5},"title":"Nen\u00e9m do Acordeom mata a saudade do S\u00e3o Jo\u00e3o s\u00e1bado na Cidade da Cultura","author":"J\u00e2nio R\u00eago","date":"17\/07\/2019","format":false,"excerpt":"\u00a0 T\u00e1 com saudade das festas juninas? O sanfoneiro Nen\u00e9m do Acordeom promete uma noite de muito forr\u00f3 na Cidade de Cultura para animar quem n\u00e3o quer perder um aut\u00eantico arrasta-p\u00e9. O show \u201cBay Bay S\u00e3o Jo\u00e3o\u201d ser\u00e1 realizado no s\u00e1bado (20), a partir das 21 horas. Nen\u00e9m \u00e9 um\u2026","rel":"","context":"Em &quot;Home&quot;","block_context":{"text":"Home","link":"https:\/\/blogdafeira.com.br\/home\/categoria\/raiz\/"},"img":{"alt_text":"","src":"https:\/\/i0.wp.com\/blogdafeira.com.br\/home\/wp-content\/uploads\/2019\/07\/FB_IMG_1563358057057.jpg?resize=350%2C200","width":350,"height":200,"srcset":"https:\/\/i0.wp.com\/blogdafeira.com.br\/home\/wp-content\/uploads\/2019\/07\/FB_IMG_1563358057057.jpg?resize=350%2C200 1x, https:\/\/i0.wp.com\/blogdafeira.com.br\/home\/wp-content\/uploads\/2019\/07\/FB_IMG_1563358057057.jpg?resize=525%2C300 1.5x, https:\/\/i0.wp.com\/blogdafeira.com.br\/home\/wp-content\/uploads\/2019\/07\/FB_IMG_1563358057057.jpg?resize=700%2C400 2x"},"classes":[]}],"_links":{"self":[{"href":"https:\/\/blogdafeira.com.br\/home\/wp-json\/wp\/v2\/posts\/72160","targetHints":{"allow":["GET"]}}],"collection":[{"href":"https:\/\/blogdafeira.com.br\/home\/wp-json\/wp\/v2\/posts"}],"about":[{"href":"https:\/\/blogdafeira.com.br\/home\/wp-json\/wp\/v2\/types\/post"}],"author":[{"embeddable":true,"href":"https:\/\/blogdafeira.com.br\/home\/wp-json\/wp\/v2\/users\/1"}],"replies":[{"embeddable":true,"href":"https:\/\/blogdafeira.com.br\/home\/wp-json\/wp\/v2\/comments?post=72160"}],"version-history":[{"count":2,"href":"https:\/\/blogdafeira.com.br\/home\/wp-json\/wp\/v2\/posts\/72160\/revisions"}],"predecessor-version":[{"id":72164,"href":"https:\/\/blogdafeira.com.br\/home\/wp-json\/wp\/v2\/posts\/72160\/revisions\/72164"}],"wp:featuredmedia":[{"embeddable":true,"href":"https:\/\/blogdafeira.com.br\/home\/wp-json\/wp\/v2\/media\/72162"}],"wp:attachment":[{"href":"https:\/\/blogdafeira.com.br\/home\/wp-json\/wp\/v2\/media?parent=72160"}],"wp:term":[{"taxonomy":"category","embeddable":true,"href":"https:\/\/blogdafeira.com.br\/home\/wp-json\/wp\/v2\/categories?post=72160"},{"taxonomy":"post_tag","embeddable":true,"href":"https:\/\/blogdafeira.com.br\/home\/wp-json\/wp\/v2\/tags?post=72160"}],"curies":[{"name":"wp","href":"https:\/\/api.w.org\/{rel}","templated":true}]}}