{"id":72165,"date":"2026-04-30T13:01:14","date_gmt":"2026-04-30T16:01:14","guid":{"rendered":"https:\/\/blogdafeira.com.br\/home\/?p=72165"},"modified":"2026-04-30T13:01:14","modified_gmt":"2026-04-30T16:01:14","slug":"asa-filho-leva-apelos-cancoes-para-a-cidade-da-cultura-neste-sabado","status":"publish","type":"post","link":"https:\/\/blogdafeira.com.br\/home\/2026\/04\/30\/asa-filho-leva-apelos-cancoes-para-a-cidade-da-cultura-neste-sabado\/","title":{"rendered":"Asa Filho leva\u00a0 \u2018Apelos &#038; Can\u00e7\u00f5es\u2019 para a Cidade da Cultura neste s\u00e1bado"},"content":{"rendered":"<div id=\"blogd-1212739554\" class=\"blogd-fim-do-post-mobile blogd-entity-placement\" style=\"margin-left: auto;margin-right: auto;text-align: center;\"><a href=\"https:\/\/www.sefaz.feiradesantana.ba.gov.br\/\" target=\"_blank\" aria-label=\"728&#215;90 (6)\"><img loading=\"lazy\" decoding=\"async\" src=\"https:\/\/blogdafeira.com.br\/home\/wp-content\/uploads\/2026\/03\/728x90-6.gif\" alt=\"\"  class=\"no-lazyload\" width=\"728\" height=\"90\"  style=\"display: inline-block;\" \/><\/a><\/div><p>Depois de lotar o Teatro do Centro de Conven\u00e7\u00f5es de Feira de Santana, o cantor, compositor e Mestre de Cultura Popular Asa Filho volta a se apresentar com o show Apelos &amp; Can\u00e7\u00f5es neste s\u00e1bado, 2 de maio, \u00e0s 20h30, no espa\u00e7o anexo da Cidade da Cultura. Os ingressos custam R$20 e incluem um exemplar do livro hom\u00f4nimo, que pode ser autografado ao final da apresenta\u00e7\u00e3o.<\/p><div id=\"blogd-3858170648\" class=\"blogd-conteudo-2-mobile blogd-entity-placement\"><a href=\"https:\/\/feirenses.com.br\/\" target=\"_blank\" aria-label=\"feirenses\"><img loading=\"lazy\" decoding=\"async\" src=\"https:\/\/blogdafeira.com.br\/home\/wp-content\/uploads\/2026\/04\/feirenses.png\" alt=\"\"  srcset=\"https:\/\/blogdafeira.com.br\/home\/wp-content\/uploads\/2026\/04\/feirenses.png 300w, https:\/\/blogdafeira.com.br\/home\/wp-content\/uploads\/2026\/04\/feirenses-170x45.png 170w, https:\/\/blogdafeira.com.br\/home\/wp-content\/uploads\/2026\/04\/feirenses-280x74.png 280w\" sizes=\"(max-width: 300px) 100vw, 300px\" class=\"no-lazyload\" width=\"300\" height=\"79\"  style=\"display: inline-block;\" \/><\/a><\/div>\n<p>No show, que tem dire\u00e7\u00e3o musical de Nen\u00e9m do Acordeon e participa\u00e7\u00f5es de Cesc\u00e9 Amorim, Camila Pereira e Fabr\u00edcio Barreto, Asa Filho convida o p\u00fablico a embarcar em uma viagem musical, tomando lugar na garupa do tempo para revisitar a inf\u00e2ncia saudosa em Tiquaru\u00e7u, repensar o urbano e o rural, e celebrar a for\u00e7a da cultura popular que sustenta a identidade de Feira de Santana.<\/p>\n<p>Com dire\u00e7\u00e3o art\u00edstica de Jo\u00e3o Fran\u00e7a, atrav\u00e9s da Ag\u00eancia Mangal\u00f4, cen\u00e1rio assinado por Simone Rasslan e figurinos de Guilherme Almeida, o espet\u00e1culo re\u00fane can\u00e7\u00f5es autorais que entrela\u00e7am mem\u00f3rias individuais e coletivas, emo\u00e7\u00f5es e desafios que ajudam a traduzir o cotidiano do povo do sert\u00e3o da Bahia.<\/p>\n<p>*<strong>SESS\u00c3O DE AUT\u00d3GRAFOS<\/strong>*<br \/>\nAp\u00f3s o show, o p\u00fablico ser\u00e1 convidado para uma sess\u00e3o de aut\u00f3grafos da segunda edi\u00e7\u00e3o do livro &#8220;Apelos &amp; Can\u00e7\u00f5es&#8221;. A obra re\u00fane coment\u00e1rios sobre 20 can\u00e7\u00f5es compostas por Asa Filho e presta homenagens p\u00f3stumas a personalidades que marcaram sua trajet\u00f3ria, celebrando tamb\u00e9m os 45 anos de carreira do artista.<\/p>\n<p>O projeto Apelos &amp; Can\u00e7\u00f5es tem patroc\u00ednio do Caf\u00e9 2 de Julho, GMF Distribuidora e do Governo do Estado da Bahia, atrav\u00e9s do Fazcultura, Secretaria de Cultura e Secretaria da Fazenda. Apelos &amp; Can\u00e7\u00f5es conta tamb\u00e9m com apoio financeiro da Prefeitura de Feira de Santana, por meio da Secretaria Municipal de Cultura, Esporte e Lazer, via PRO-CULTURA\/ESPORTE, e patroc\u00ednio do Laborat\u00f3rio An\u00e1lise e da empresa S\u00e3o Jo\u00e3o.<\/p>\n<div id=\"blogd-2637638636\" class=\"blogd-final-post blogd-entity-placement\"><a href=\"https:\/\/www.feiradesantana.ba.leg.br\/\" target=\"_blank\" aria-label=\"BANNER-SITE-ENTREGADECHEQUE-CAMARADEFEIRA\"><img loading=\"lazy\" decoding=\"async\" src=\"https:\/\/blogdafeira.com.br\/home\/wp-content\/uploads\/2026\/03\/BANNER-SITE-ENTREGADECHEQUE-CAMARADEFEIRA.gif\" alt=\"\"  class=\"no-lazyload\" width=\"728\" height=\"90\"   \/><\/a><\/div><p>Foto: Joy Freitas<\/p>\n","protected":false},"excerpt":{"rendered":"<p>Depois de lotar o Teatro do Centro de Conven\u00e7\u00f5es de Feira de Santana, o cantor, compositor e Mestre de Cultura Popular Asa Filho volta a se apresentar com o show Apelos &amp; Can\u00e7\u00f5es neste s\u00e1bado, 2 de maio, \u00e0s 20h30, no espa\u00e7o anexo da Cidade da Cultura. Os ingressos custam R$20 e incluem um exemplar<\/p>\n","protected":false},"author":1,"featured_media":72166,"comment_status":"open","ping_status":"open","sticky":false,"template":"","format":"standard","meta":{"jetpack_post_was_ever_published":false,"cybocfi_hide_featured_image":"","_jetpack_newsletter_access":"","_jetpack_dont_email_post_to_subs":false,"_jetpack_newsletter_tier_id":0,"_jetpack_memberships_contains_paywalled_content":false,"_jetpack_memberships_contains_paid_content":false,"footnotes":"","jetpack_publicize_message":"","jetpack_publicize_feature_enabled":true,"jetpack_social_post_already_shared":true,"jetpack_social_options":{"image_generator_settings":{"template":"highway","default_image_id":0,"font":"","enabled":false},"version":2}},"categories":[4,603],"tags":[],"class_list":["post-72165","post","type-post","status-publish","format-standard","has-post-thumbnail","hentry","category-cultura","category-destaques"],"jetpack_publicize_connections":[],"jetpack_featured_media_url":"https:\/\/blogdafeira.com.br\/home\/wp-content\/uploads\/2026\/04\/IMG-20260430-WA0037.jpg","jetpack_shortlink":"https:\/\/wp.me\/p3niVf-iLX","jetpack_sharing_enabled":true,"jetpack-related-posts":[{"id":72032,"url":"https:\/\/blogdafeira.com.br\/home\/2026\/04\/17\/e-hoje-asa-filho-relanca-nova-edicao-do-livro-apelos-cancoes-e-faz-show-no-centro-de-convencoes\/","url_meta":{"origin":72165,"position":0},"title":"Asa Filho lan\u00e7a nova edi\u00e7\u00e3o do livro &#8216;Apelos &#038; Can\u00e7\u00f5es&#8217; e faz show no Centro de Conven\u00e7\u00f5es","author":"Ascom","date":"17\/04\/2026","format":false,"excerpt":"CHEGOU O DIA! Nesta sexta, \u00e0s 19h30, o cantor e mestre de Cultura Popular Asa Filho apresenta o show de lan\u00e7amento da obra Apelos & Can\u00e7\u00f5es no Teatro do Centro de Conven\u00e7\u00f5es de Feira de Santana. A entrada \u00e9 gratuita. Reserve pelo link:\u00a0 https:\/\/www.sympla.com.br\/evento\/apelos-cancoes-show-de-lancamento\/3365746 O show tem participa\u00e7\u00f5es de Cesc\u00e9\u2026","rel":"","context":"Em &quot;Cultura&quot;","block_context":{"text":"Cultura","link":"https:\/\/blogdafeira.com.br\/home\/categoria\/cultura\/"},"img":{"alt_text":"","src":"https:\/\/i0.wp.com\/blogdafeira.com.br\/home\/wp-content\/uploads\/2026\/04\/IMG-20260417-WA0017.jpg?resize=350%2C200&ssl=1","width":350,"height":200,"srcset":"https:\/\/i0.wp.com\/blogdafeira.com.br\/home\/wp-content\/uploads\/2026\/04\/IMG-20260417-WA0017.jpg?resize=350%2C200&ssl=1 1x, https:\/\/i0.wp.com\/blogdafeira.com.br\/home\/wp-content\/uploads\/2026\/04\/IMG-20260417-WA0017.jpg?resize=525%2C300&ssl=1 1.5x, https:\/\/i0.wp.com\/blogdafeira.com.br\/home\/wp-content\/uploads\/2026\/04\/IMG-20260417-WA0017.jpg?resize=700%2C400&ssl=1 2x, https:\/\/i0.wp.com\/blogdafeira.com.br\/home\/wp-content\/uploads\/2026\/04\/IMG-20260417-WA0017.jpg?resize=1050%2C600&ssl=1 3x"},"classes":[]},{"id":38793,"url":"https:\/\/blogdafeira.com.br\/home\/2020\/07\/03\/frei-cal-faz-live-com-asa-filho-sobre-a-cultura-na-feira-de-santana\/","url_meta":{"origin":72165,"position":1},"title":"Frei Cal faz live com Asa Filho sobre a cultura na Feira de Santana","author":"Ascom","date":"03\/07\/2020","format":false,"excerpt":"Ex-vereador e radialista Carlos Rocha, conhecido como Frei Cal por ter pertencido \u00e0 Ordem dos Capuchinhos, faz hoje \u00e0s 19 horas, uma live com a participa\u00e7\u00e3o do artista Asa Filho, sobre\u00a0 o tema \"O Poder P\u00fablico e a Cultura em Feira de Santana\" (veja o cartaz). Esta \u00e9 a quarta\u2026","rel":"","context":"Em &quot;Cultura&quot;","block_context":{"text":"Cultura","link":"https:\/\/blogdafeira.com.br\/home\/categoria\/cultura\/"},"img":{"alt_text":"","src":"https:\/\/i0.wp.com\/blogdafeira.com.br\/home\/wp-content\/uploads\/2020\/07\/frei-calfsr.jpg?resize=350%2C200&ssl=1","width":350,"height":200,"srcset":"https:\/\/i0.wp.com\/blogdafeira.com.br\/home\/wp-content\/uploads\/2020\/07\/frei-calfsr.jpg?resize=350%2C200&ssl=1 1x, https:\/\/i0.wp.com\/blogdafeira.com.br\/home\/wp-content\/uploads\/2020\/07\/frei-calfsr.jpg?resize=525%2C300&ssl=1 1.5x, https:\/\/i0.wp.com\/blogdafeira.com.br\/home\/wp-content\/uploads\/2020\/07\/frei-calfsr.jpg?resize=700%2C400&ssl=1 2x"},"classes":[]},{"id":69092,"url":"https:\/\/blogdafeira.com.br\/home\/2025\/08\/21\/asa-filho-abre-folia-de-reis-em-pleno-agosto-festival-de-diversidade-da-cultura-e-folclore\/","url_meta":{"origin":72165,"position":2},"title":"Asa Filho abre &#8216;Folia de Reis&#8217; em pleno agosto: festival de diversidade da cultura e folclore","author":"Ascom","date":"21\/08\/2025","format":false,"excerpt":"O poeta e dirigente do espa\u00e7o Cidade da Cultura, no Conjunto Jo\u00e3o Paulo, em Feira, aprontou mais uma nas suas estripulias como mestre de cultura popular e abre hoje, 21 de agosto, uma Folia de Reis que vai at\u00e9 domingo, culminando com uma caminhada que, de certo modo, substitui a\u2026","rel":"","context":"Em &quot;Cultura&quot;","block_context":{"text":"Cultura","link":"https:\/\/blogdafeira.com.br\/home\/categoria\/cultura\/"},"img":{"alt_text":"","src":"https:\/\/i0.wp.com\/blogdafeira.com.br\/home\/wp-content\/uploads\/2025\/08\/Screenshot_20250821-065711.png?resize=350%2C200&ssl=1","width":350,"height":200,"srcset":"https:\/\/i0.wp.com\/blogdafeira.com.br\/home\/wp-content\/uploads\/2025\/08\/Screenshot_20250821-065711.png?resize=350%2C200&ssl=1 1x, https:\/\/i0.wp.com\/blogdafeira.com.br\/home\/wp-content\/uploads\/2025\/08\/Screenshot_20250821-065711.png?resize=525%2C300&ssl=1 1.5x, https:\/\/i0.wp.com\/blogdafeira.com.br\/home\/wp-content\/uploads\/2025\/08\/Screenshot_20250821-065711.png?resize=700%2C400&ssl=1 2x"},"classes":[]},{"id":60717,"url":"https:\/\/blogdafeira.com.br\/home\/2024\/01\/05\/folia-de-reis-e-com-asa-filho-na-cidade-da-cultura\/","url_meta":{"origin":72165,"position":3},"title":"Folia de Reis \u00e9 com Asa Filho na &#8216;Cidade da Cultura&#8217;","author":"Ascom","date":"05\/01\/2024","format":false,"excerpt":"Sem festa este ano no povoado de S\u00e3o Vicente, a FOLIA DE REIS acontece, neste s\u00e1bado \u00e0 noite, 6, na \"Cidade da Cultura\", espa\u00e7o dirigido por Asa Filho, um dos integrantes do Reisado de Tiquaru\u00e7u.O Reisado do Tiquaru\u00e7u esmoreceu de vez, j\u00e1 vinha decaindo, e esse ano n\u00e3o vai ter.\u00a0\u2026","rel":"","context":"Em &quot;Cultura&quot;","block_context":{"text":"Cultura","link":"https:\/\/blogdafeira.com.br\/home\/categoria\/cultura\/"},"img":{"alt_text":"","src":"https:\/\/i0.wp.com\/blogdafeira.com.br\/home\/wp-content\/uploads\/2024\/01\/IMG-20240104-WA0020.jpg?resize=350%2C200&ssl=1","width":350,"height":200,"srcset":"https:\/\/i0.wp.com\/blogdafeira.com.br\/home\/wp-content\/uploads\/2024\/01\/IMG-20240104-WA0020.jpg?resize=350%2C200&ssl=1 1x, https:\/\/i0.wp.com\/blogdafeira.com.br\/home\/wp-content\/uploads\/2024\/01\/IMG-20240104-WA0020.jpg?resize=525%2C300&ssl=1 1.5x, https:\/\/i0.wp.com\/blogdafeira.com.br\/home\/wp-content\/uploads\/2024\/01\/IMG-20240104-WA0020.jpg?resize=700%2C400&ssl=1 2x, https:\/\/i0.wp.com\/blogdafeira.com.br\/home\/wp-content\/uploads\/2024\/01\/IMG-20240104-WA0020.jpg?resize=1050%2C600&ssl=1 3x"},"classes":[]},{"id":16554,"url":"https:\/\/blogdafeira.com.br\/home\/2015\/09\/06\/asa-filho-hoje-a-noite-no-parque-de-exposicao-em-feira-de-santana\/","url_meta":{"origin":72165,"position":4},"title":"Asa Filho hoje \u00e0 noite no Parque de Exposi\u00e7\u00e3o em Feira de Santana","author":"Ascom","date":"06\/09\/2015","format":false,"excerpt":"O mestre de cultura popular, poeta e compositor Asa Filho se apresenta hoje com a banda Chap\u00e9u de Couro, como parte da programa\u00e7\u00e3o de lazer da 40\u00aa ExpoFeira, no Parque de Exposi\u00e7\u00f5es Jo\u00e3o Martins da Silva, na BR-324, em Feira de Santana. A ExpoFeira se estende at\u00e9 o pr\u00f3ximo domingo,\u2026","rel":"","context":"Em &quot;Home&quot;","block_context":{"text":"Home","link":"https:\/\/blogdafeira.com.br\/home\/categoria\/raiz\/"},"img":{"alt_text":"asa filho hoje","src":"https:\/\/i0.wp.com\/blogdafeira.com.br\/home\/wp-content\/uploads\/2015\/09\/asa-filho-hoje.jpg?resize=350%2C200","width":350,"height":200,"srcset":"https:\/\/i0.wp.com\/blogdafeira.com.br\/home\/wp-content\/uploads\/2015\/09\/asa-filho-hoje.jpg?resize=350%2C200 1x, https:\/\/i0.wp.com\/blogdafeira.com.br\/home\/wp-content\/uploads\/2015\/09\/asa-filho-hoje.jpg?resize=525%2C300 1.5x, https:\/\/i0.wp.com\/blogdafeira.com.br\/home\/wp-content\/uploads\/2015\/09\/asa-filho-hoje.jpg?resize=700%2C400 2x"},"classes":[]},{"id":26780,"url":"https:\/\/blogdafeira.com.br\/home\/2017\/05\/02\/belchior-na-voz-de-asa-filho-e-convidados-na-cidade-da-cultura-em-feira-nesta-quinta\/","url_meta":{"origin":72165,"position":5},"title":"Belchior na voz de Asa Filho e convidados na Cidade da Cultura em Feira nesta quinta","author":"Ascom","date":"02\/05\/2017","format":false,"excerpt":"","rel":"","context":"Em &quot;Home&quot;","block_context":{"text":"Home","link":"https:\/\/blogdafeira.com.br\/home\/categoria\/raiz\/"},"img":{"alt_text":"img-20170502-wa0045","src":"https:\/\/i0.wp.com\/blogdafeira.com.br\/home\/wp-content\/uploads\/2017\/05\/IMG-20170502-WA0045.jpg?resize=350%2C200","width":350,"height":200,"srcset":"https:\/\/i0.wp.com\/blogdafeira.com.br\/home\/wp-content\/uploads\/2017\/05\/IMG-20170502-WA0045.jpg?resize=350%2C200 1x, https:\/\/i0.wp.com\/blogdafeira.com.br\/home\/wp-content\/uploads\/2017\/05\/IMG-20170502-WA0045.jpg?resize=525%2C300 1.5x, https:\/\/i0.wp.com\/blogdafeira.com.br\/home\/wp-content\/uploads\/2017\/05\/IMG-20170502-WA0045.jpg?resize=700%2C400 2x"},"classes":[]}],"_links":{"self":[{"href":"https:\/\/blogdafeira.com.br\/home\/wp-json\/wp\/v2\/posts\/72165","targetHints":{"allow":["GET"]}}],"collection":[{"href":"https:\/\/blogdafeira.com.br\/home\/wp-json\/wp\/v2\/posts"}],"about":[{"href":"https:\/\/blogdafeira.com.br\/home\/wp-json\/wp\/v2\/types\/post"}],"author":[{"embeddable":true,"href":"https:\/\/blogdafeira.com.br\/home\/wp-json\/wp\/v2\/users\/1"}],"replies":[{"embeddable":true,"href":"https:\/\/blogdafeira.com.br\/home\/wp-json\/wp\/v2\/comments?post=72165"}],"version-history":[{"count":1,"href":"https:\/\/blogdafeira.com.br\/home\/wp-json\/wp\/v2\/posts\/72165\/revisions"}],"predecessor-version":[{"id":72167,"href":"https:\/\/blogdafeira.com.br\/home\/wp-json\/wp\/v2\/posts\/72165\/revisions\/72167"}],"wp:featuredmedia":[{"embeddable":true,"href":"https:\/\/blogdafeira.com.br\/home\/wp-json\/wp\/v2\/media\/72166"}],"wp:attachment":[{"href":"https:\/\/blogdafeira.com.br\/home\/wp-json\/wp\/v2\/media?parent=72165"}],"wp:term":[{"taxonomy":"category","embeddable":true,"href":"https:\/\/blogdafeira.com.br\/home\/wp-json\/wp\/v2\/categories?post=72165"},{"taxonomy":"post_tag","embeddable":true,"href":"https:\/\/blogdafeira.com.br\/home\/wp-json\/wp\/v2\/tags?post=72165"}],"curies":[{"name":"wp","href":"https:\/\/api.w.org\/{rel}","templated":true}]}}