{"id":72173,"date":"2026-05-02T06:21:12","date_gmt":"2026-05-02T09:21:12","guid":{"rendered":"https:\/\/blogdafeira.com.br\/home\/?p=72173"},"modified":"2026-05-02T06:21:12","modified_gmt":"2026-05-02T09:21:12","slug":"feira-de-santana-ganha-mais-um-monumento-ao-cinismo-nacional-superbet-arena","status":"publish","type":"post","link":"https:\/\/blogdafeira.com.br\/home\/2026\/05\/02\/feira-de-santana-ganha-mais-um-monumento-ao-cinismo-nacional-superbet-arena\/","title":{"rendered":"Feira de Santana ganha mais um monumento ao cinismo nacional: Superbet Arena"},"content":{"rendered":"<div id=\"blogd-1715895105\" class=\"blogd-fim-do-post-mobile blogd-entity-placement\" style=\"margin-left: auto;margin-right: auto;text-align: center;\"><a href=\"https:\/\/www.sefaz.feiradesantana.ba.gov.br\/\" target=\"_blank\" aria-label=\"728&#215;90 (6)\"><img loading=\"lazy\" decoding=\"async\" src=\"https:\/\/blogdafeira.com.br\/home\/wp-content\/uploads\/2026\/03\/728x90-6.gif\" alt=\"\"  class=\"no-lazyload\" width=\"728\" height=\"90\"  style=\"display: inline-block;\" \/><\/a><\/div><p>Feira de Santana acaba de ganhar mais um monumento ao cinismo nacional. A tradicional Arena Cajueiro, nome que ainda remetia a parte da mem\u00f3ria afetiva da cidade, virou Superbet Arena. Trocou um nome enraizado na hist\u00f3ria local pelo logotipo de uma casa de apostas. \u00c9 a met\u00e1fora perfeita do Brasil de 2026: a pra\u00e7a esportiva vendida ao cassino.<\/p><div id=\"blogd-1215679098\" class=\"blogd-conteudo-2-mobile blogd-entity-placement\"><a href=\"https:\/\/feirenses.com.br\/\" target=\"_blank\" aria-label=\"feirenses\"><img loading=\"lazy\" decoding=\"async\" src=\"https:\/\/blogdafeira.com.br\/home\/wp-content\/uploads\/2026\/04\/feirenses.png\" alt=\"\"  srcset=\"https:\/\/blogdafeira.com.br\/home\/wp-content\/uploads\/2026\/04\/feirenses.png 300w, https:\/\/blogdafeira.com.br\/home\/wp-content\/uploads\/2026\/04\/feirenses-170x45.png 170w, https:\/\/blogdafeira.com.br\/home\/wp-content\/uploads\/2026\/04\/feirenses-280x74.png 280w\" sizes=\"(max-width: 300px) 100vw, 300px\" class=\"no-lazyload\" width=\"300\" height=\"79\"  style=\"display: inline-block;\" \/><\/a><\/div>\n<p>A ind\u00fastria do bet aprendeu o truque. Compra est\u00e1dios, paga camisas, abra\u00e7a o futebol e se traveste de patrocinadora do esporte leg\u00edtimo. O esporte, esse sim, \u00e9 pr\u00e1tica saud\u00e1vel. Apostar n\u00e3o \u00e9. Mas vestir o lobo com a fantasia do cordeiro virou o modelo de neg\u00f3cio mais rent\u00e1vel do pa\u00eds, e ningu\u00e9m parece incomodado, nem mesmo a barulhenta bancada evang\u00e9lica, sempre t\u00e3o pronta para legislar sobre o corpo, o filme, a festa e a bebida do pr\u00f3ximo, mas af\u00f4nica diante do v\u00edcio que tem destru\u00eddo fam\u00edlias, drenado sal\u00e1rios, alimentado o superendividamento recorde do brasileiro e empurrado gente para o suic\u00eddio.<\/p>\n<p>Enquanto isso, dirigentes falam em parceria estrat\u00e9gica, prefeitos sorriem para fotos e a pra\u00e7a p\u00fablica vira outdoor de empresa que lucra com a ru\u00edna silenciosa de milh\u00f5es. Bem vindos \u00e0 nova hecatombe de sa\u00fade p\u00fablica, agora com placa luminosa, naming rights e a santa b\u00ean\u00e7\u00e3o da omiss\u00e3o.<\/p>\n<div id=\"blogd-1015304955\" class=\"blogd-final-post blogd-entity-placement\"><a href=\"https:\/\/www.feiradesantana.ba.leg.br\/\" target=\"_blank\" aria-label=\"BANNER-SITE-ENTREGADECHEQUE-CAMARADEFEIRA\"><img loading=\"lazy\" decoding=\"async\" src=\"https:\/\/blogdafeira.com.br\/home\/wp-content\/uploads\/2026\/03\/BANNER-SITE-ENTREGADECHEQUE-CAMARADEFEIRA.gif\" alt=\"\"  class=\"no-lazyload\" width=\"728\" height=\"90\"   \/><\/a><\/div><p><strong><em>Paje\u00fa da Candeia Grossa<\/em><\/strong> <em>\u00e9 a voz inquieta de uma cidade que prefere o sil\u00eancio conveniente<\/em>.<\/p>\n","protected":false},"excerpt":{"rendered":"<p>Feira de Santana acaba de ganhar mais um monumento ao cinismo nacional. A tradicional Arena Cajueiro, nome que ainda remetia a parte da mem\u00f3ria afetiva da cidade, virou Superbet Arena. Trocou um nome enraizado na hist\u00f3ria local pelo logotipo de uma casa de apostas. \u00c9 a met\u00e1fora perfeita do Brasil de 2026: a pra\u00e7a esportiva<\/p>\n","protected":false},"author":1,"featured_media":72176,"comment_status":"open","ping_status":"open","sticky":false,"template":"","format":"standard","meta":{"jetpack_post_was_ever_published":false,"cybocfi_hide_featured_image":"","_jetpack_newsletter_access":"","_jetpack_dont_email_post_to_subs":false,"_jetpack_newsletter_tier_id":0,"_jetpack_memberships_contains_paywalled_content":false,"_jetpack_memberships_contains_paid_content":false,"footnotes":"","jetpack_publicize_message":"","jetpack_publicize_feature_enabled":true,"jetpack_social_post_already_shared":true,"jetpack_social_options":{"image_generator_settings":{"template":"highway","default_image_id":0,"font":"","enabled":false},"version":2}},"categories":[592,603,5,1],"tags":[],"class_list":["post-72173","post","type-post","status-publish","format-standard","has-post-thumbnail","hentry","category-colunistas","category-destaques","category-esporte","category-raiz"],"jetpack_publicize_connections":[],"jetpack_featured_media_url":"https:\/\/blogdafeira.com.br\/home\/wp-content\/uploads\/2026\/05\/Estadio-Prof.-Jodilton-Souza-mais-conhecido-como-Arena-Cajueiro-20230814.jpg","jetpack_shortlink":"https:\/\/wp.me\/p3niVf-iM5","jetpack_sharing_enabled":true,"jetpack-related-posts":[{"id":70485,"url":"https:\/\/blogdafeira.com.br\/home\/2025\/12\/10\/19-municipios-na-bahia-serao-beneficiados-com-arenas-brasil\/","url_meta":{"origin":72173,"position":0},"title":"19 munic\u00edpios na Bahia ser\u00e3o beneficiados com Arenas Brasil","author":"Paje\u00fa da Candeia Grossa","date":"10\/12\/2025","format":false,"excerpt":"O governo federal selecionou 260 novos munic\u00edpios para receber unidades do projeto de infraestrutura esportiva Arenas Brasil, ligado ao Novo PAC Sele\u00e7\u00f5es. O an\u00fancio amplia para 500 o n\u00famero total de cidades que dever\u00e3o ser contempladas pelo projeto, ap\u00f3s a sele\u00e7\u00e3o de 240 outras propostas em 2024. A lista de\u2026","rel":"","context":"Em &quot;Bahia&quot;","block_context":{"text":"Bahia","link":"https:\/\/blogdafeira.com.br\/home\/categoria\/bahia\/"},"img":{"alt_text":"","src":"https:\/\/i0.wp.com\/blogdafeira.com.br\/home\/wp-content\/uploads\/2025\/12\/b0c0a5bb-dade-4d66-8ba9-236870ba8812.jpeg?resize=350%2C200&ssl=1","width":350,"height":200,"srcset":"https:\/\/i0.wp.com\/blogdafeira.com.br\/home\/wp-content\/uploads\/2025\/12\/b0c0a5bb-dade-4d66-8ba9-236870ba8812.jpeg?resize=350%2C200&ssl=1 1x, https:\/\/i0.wp.com\/blogdafeira.com.br\/home\/wp-content\/uploads\/2025\/12\/b0c0a5bb-dade-4d66-8ba9-236870ba8812.jpeg?resize=525%2C300&ssl=1 1.5x, https:\/\/i0.wp.com\/blogdafeira.com.br\/home\/wp-content\/uploads\/2025\/12\/b0c0a5bb-dade-4d66-8ba9-236870ba8812.jpeg?resize=700%2C400&ssl=1 2x, https:\/\/i0.wp.com\/blogdafeira.com.br\/home\/wp-content\/uploads\/2025\/12\/b0c0a5bb-dade-4d66-8ba9-236870ba8812.jpeg?resize=1050%2C600&ssl=1 3x, https:\/\/i0.wp.com\/blogdafeira.com.br\/home\/wp-content\/uploads\/2025\/12\/b0c0a5bb-dade-4d66-8ba9-236870ba8812.jpeg?resize=1400%2C800&ssl=1 4x"},"classes":[]},{"id":69957,"url":"https:\/\/blogdafeira.com.br\/home\/2025\/10\/27\/juventude-ganha-campeonato-de-futebol-amador-do-distrito-da-matinha\/","url_meta":{"origin":72173,"position":1},"title":"Juventude ganha campeonato de futebol amador do distrito da Matinha","author":"Paje\u00fa da Candeia Grossa","date":"27\/10\/2025","format":false,"excerpt":"As torcidas dos times Juventude, do povoado Candeal II, e Desmantelo, da Moita da On\u00e7a, lotaram, neste domingo, a Arena Matinha \u2014 nome popular do Est\u00e1dio Severino Ferreira \u2014 para assistir \u00e0 partida final do Campeonato da Matinha. O campe\u00e3o foi o Juventude O certame, realizado pela 20\u00aa vez, contou\u2026","rel":"","context":"Em &quot;Esporte&quot;","block_context":{"text":"Esporte","link":"https:\/\/blogdafeira.com.br\/home\/categoria\/esporte\/"},"img":{"alt_text":"","src":"https:\/\/i0.wp.com\/blogdafeira.com.br\/home\/wp-content\/uploads\/2025\/10\/FINAL-CAMPEONATO-DA-MATINHA-FOTO-VALDENIR-LIMA-136.jpeg?resize=350%2C200&ssl=1","width":350,"height":200,"srcset":"https:\/\/i0.wp.com\/blogdafeira.com.br\/home\/wp-content\/uploads\/2025\/10\/FINAL-CAMPEONATO-DA-MATINHA-FOTO-VALDENIR-LIMA-136.jpeg?resize=350%2C200&ssl=1 1x, https:\/\/i0.wp.com\/blogdafeira.com.br\/home\/wp-content\/uploads\/2025\/10\/FINAL-CAMPEONATO-DA-MATINHA-FOTO-VALDENIR-LIMA-136.jpeg?resize=525%2C300&ssl=1 1.5x, https:\/\/i0.wp.com\/blogdafeira.com.br\/home\/wp-content\/uploads\/2025\/10\/FINAL-CAMPEONATO-DA-MATINHA-FOTO-VALDENIR-LIMA-136.jpeg?resize=700%2C400&ssl=1 2x, https:\/\/i0.wp.com\/blogdafeira.com.br\/home\/wp-content\/uploads\/2025\/10\/FINAL-CAMPEONATO-DA-MATINHA-FOTO-VALDENIR-LIMA-136.jpeg?resize=1050%2C600&ssl=1 3x"},"classes":[]},{"id":62179,"url":"https:\/\/blogdafeira.com.br\/home\/2024\/05\/18\/se-o-candidato-do-governo-vai-mal-bota-a-sufotur-na-campanha-eleitoral\/","url_meta":{"origin":72173,"position":2},"title":"Se o candidato do governo vai mal, bota a Sufotur na campanha eleitoral","author":"Paje\u00fa da Candeia Grossa","date":"18\/05\/2024","format":false,"excerpt":"\u201cEu te amo, meu Brasil, eu te amo!\/Meu cora\u00e7\u00e3o \u00e9 verde, amarelo, branco, azul anil.\/Eu te amo, meu Brasil, eu te amo!\/Ningu\u00e9m segura a juventude do Brasil\u201d (Eu te amo meu Brasil, de Dom) Naquele in\u00edcio de 1974, com trilha sonora da banda Os Incr\u00edveis e da dupla Dom &\u2026","rel":"","context":"Em &quot;Colunistas&quot;","block_context":{"text":"Colunistas","link":"https:\/\/blogdafeira.com.br\/home\/categoria\/colunistas\/"},"img":{"alt_text":"","src":"https:\/\/i0.wp.com\/blogdafeira.com.br\/home\/wp-content\/uploads\/2024\/05\/IMG-20240517-WA00462.jpg?resize=350%2C200&ssl=1","width":350,"height":200,"srcset":"https:\/\/i0.wp.com\/blogdafeira.com.br\/home\/wp-content\/uploads\/2024\/05\/IMG-20240517-WA00462.jpg?resize=350%2C200&ssl=1 1x, https:\/\/i0.wp.com\/blogdafeira.com.br\/home\/wp-content\/uploads\/2024\/05\/IMG-20240517-WA00462.jpg?resize=525%2C300&ssl=1 1.5x, https:\/\/i0.wp.com\/blogdafeira.com.br\/home\/wp-content\/uploads\/2024\/05\/IMG-20240517-WA00462.jpg?resize=700%2C400&ssl=1 2x, https:\/\/i0.wp.com\/blogdafeira.com.br\/home\/wp-content\/uploads\/2024\/05\/IMG-20240517-WA00462.jpg?resize=1050%2C600&ssl=1 3x, https:\/\/i0.wp.com\/blogdafeira.com.br\/home\/wp-content\/uploads\/2024\/05\/IMG-20240517-WA00462.jpg?resize=1400%2C800&ssl=1 4x"},"classes":[]},{"id":63799,"url":"https:\/\/blogdafeira.com.br\/home\/2024\/09\/16\/colbert-entrega-reforma-do-ginasio-criado-na-gestao-de-chico-pinto\/","url_meta":{"origin":72173,"position":3},"title":"Colbert entrega reforma do Gin\u00e1sio de Esportes Joselito Amorim","author":"Paje\u00fa da Candeia Grossa","date":"16\/09\/2024","format":false,"excerpt":"A Prefeitura de Feira de Santana entregou \u00e0 comunidade o Gin\u00e1sio de Esportes Joselito Amorim completamente revitalizado neste s\u00e1bado (14). O ato contou com a presen\u00e7a do prefeito Colbert Martins Filho, de secret\u00e1rios municipais e representantes do esporte. O investimento foi em torno de R$ 1 milh\u00e3o.\u00a0 O Gin\u00e1sio Municipal\u2026","rel":"","context":"Em &quot;Esporte&quot;","block_context":{"text":"Esporte","link":"https:\/\/blogdafeira.com.br\/home\/categoria\/esporte\/"},"img":{"alt_text":"","src":"https:\/\/i0.wp.com\/blogdafeira.com.br\/home\/wp-content\/uploads\/2024\/09\/Reinauguracao-do-ginasio-de-esportes-14-09-2024-Foto-Izinaldo-Barreto-1-scaled.jpeg?resize=350%2C200&ssl=1","width":350,"height":200,"srcset":"https:\/\/i0.wp.com\/blogdafeira.com.br\/home\/wp-content\/uploads\/2024\/09\/Reinauguracao-do-ginasio-de-esportes-14-09-2024-Foto-Izinaldo-Barreto-1-scaled.jpeg?resize=350%2C200&ssl=1 1x, https:\/\/i0.wp.com\/blogdafeira.com.br\/home\/wp-content\/uploads\/2024\/09\/Reinauguracao-do-ginasio-de-esportes-14-09-2024-Foto-Izinaldo-Barreto-1-scaled.jpeg?resize=525%2C300&ssl=1 1.5x, https:\/\/i0.wp.com\/blogdafeira.com.br\/home\/wp-content\/uploads\/2024\/09\/Reinauguracao-do-ginasio-de-esportes-14-09-2024-Foto-Izinaldo-Barreto-1-scaled.jpeg?resize=700%2C400&ssl=1 2x, https:\/\/i0.wp.com\/blogdafeira.com.br\/home\/wp-content\/uploads\/2024\/09\/Reinauguracao-do-ginasio-de-esportes-14-09-2024-Foto-Izinaldo-Barreto-1-scaled.jpeg?resize=1050%2C600&ssl=1 3x, https:\/\/i0.wp.com\/blogdafeira.com.br\/home\/wp-content\/uploads\/2024\/09\/Reinauguracao-do-ginasio-de-esportes-14-09-2024-Foto-Izinaldo-Barreto-1-scaled.jpeg?resize=1400%2C800&ssl=1 4x"},"classes":[]},{"id":68140,"url":"https:\/\/blogdafeira.com.br\/home\/2025\/07\/07\/capelinha-do-forro-ganha-concurso-de-quadrilhas-na-arena-lagoa-grande\/","url_meta":{"origin":72173,"position":4},"title":"Capelinha do Forr\u00f3 ganha Concurso de Quadrilhas na Arena Lagoa Grande","author":"Paje\u00fa da Candeia Grossa","date":"07\/07\/2025","format":false,"excerpt":"Capelinha do Forr\u00f3 foi a campe\u00e3 deste ano no segundo Concurso de Quadrilhas Juninas de Feira de Santana, na Lagoa Grande Forr\u00f3 do ABC, Imperatriz, Beija-flor e Mandacaru, foram as outras premiadas. 13 agremia\u00e7\u00f5es competiram: o evento \u00e9 promovido com emenda do deputado Z\u00e9 Neto. \u00a0 \u201cO Concurso de Quadrilhas\u2026","rel":"","context":"Em &quot;Cultura&quot;","block_context":{"text":"Cultura","link":"https:\/\/blogdafeira.com.br\/home\/categoria\/cultura\/"},"img":{"alt_text":"","src":"https:\/\/i0.wp.com\/blogdafeira.com.br\/home\/wp-content\/uploads\/2025\/07\/IMG-20250707-WA01351.jpg?resize=350%2C200&ssl=1","width":350,"height":200,"srcset":"https:\/\/i0.wp.com\/blogdafeira.com.br\/home\/wp-content\/uploads\/2025\/07\/IMG-20250707-WA01351.jpg?resize=350%2C200&ssl=1 1x, https:\/\/i0.wp.com\/blogdafeira.com.br\/home\/wp-content\/uploads\/2025\/07\/IMG-20250707-WA01351.jpg?resize=525%2C300&ssl=1 1.5x, https:\/\/i0.wp.com\/blogdafeira.com.br\/home\/wp-content\/uploads\/2025\/07\/IMG-20250707-WA01351.jpg?resize=700%2C400&ssl=1 2x, https:\/\/i0.wp.com\/blogdafeira.com.br\/home\/wp-content\/uploads\/2025\/07\/IMG-20250707-WA01351.jpg?resize=1050%2C600&ssl=1 3x"},"classes":[]},{"id":23614,"url":"https:\/\/blogdafeira.com.br\/home\/2016\/09\/20\/9a-feira-do-livro-em-feira-homenageia-a-escritora-baiana-myriam-fraga\/","url_meta":{"origin":72173,"position":5},"title":"9\u00aa Feira do Livro em Feira homenageia a escritora baiana Myriam Fraga","author":"Paje\u00fa da Candeia Grossa","date":"20\/09\/2016","format":false,"excerpt":"Come\u00e7a hoje\u00a0a 9\u00aa Feira do Livro - Festival Liter\u00e1rio e Cultural de Feira de Santana, evento organizado pela Universidade Estadual de Feira de Santana (Uefs) e entidades parceiras. As atividades ser\u00e3o realizadas mais uma vez na Pra\u00e7a Jo\u00e3o Barbosa de Carvalho, a Pra\u00e7a do F\u00f3rum, de 8 \u00e0s 19h at\u00e9\u2026","rel":"","context":"Em &quot;Home&quot;","block_context":{"text":"Home","link":"https:\/\/blogdafeira.com.br\/home\/categoria\/raiz\/"},"img":{"alt_text":"fraga","src":"https:\/\/i0.wp.com\/blogdafeira.com.br\/home\/wp-content\/uploads\/2016\/09\/fraga-346x195.jpg?resize=350%2C200","width":350,"height":200},"classes":[]}],"_links":{"self":[{"href":"https:\/\/blogdafeira.com.br\/home\/wp-json\/wp\/v2\/posts\/72173","targetHints":{"allow":["GET"]}}],"collection":[{"href":"https:\/\/blogdafeira.com.br\/home\/wp-json\/wp\/v2\/posts"}],"about":[{"href":"https:\/\/blogdafeira.com.br\/home\/wp-json\/wp\/v2\/types\/post"}],"author":[{"embeddable":true,"href":"https:\/\/blogdafeira.com.br\/home\/wp-json\/wp\/v2\/users\/1"}],"replies":[{"embeddable":true,"href":"https:\/\/blogdafeira.com.br\/home\/wp-json\/wp\/v2\/comments?post=72173"}],"version-history":[{"count":3,"href":"https:\/\/blogdafeira.com.br\/home\/wp-json\/wp\/v2\/posts\/72173\/revisions"}],"predecessor-version":[{"id":72178,"href":"https:\/\/blogdafeira.com.br\/home\/wp-json\/wp\/v2\/posts\/72173\/revisions\/72178"}],"wp:featuredmedia":[{"embeddable":true,"href":"https:\/\/blogdafeira.com.br\/home\/wp-json\/wp\/v2\/media\/72176"}],"wp:attachment":[{"href":"https:\/\/blogdafeira.com.br\/home\/wp-json\/wp\/v2\/media?parent=72173"}],"wp:term":[{"taxonomy":"category","embeddable":true,"href":"https:\/\/blogdafeira.com.br\/home\/wp-json\/wp\/v2\/categories?post=72173"},{"taxonomy":"post_tag","embeddable":true,"href":"https:\/\/blogdafeira.com.br\/home\/wp-json\/wp\/v2\/tags?post=72173"}],"curies":[{"name":"wp","href":"https:\/\/api.w.org\/{rel}","templated":true}]}}