{"id":7265,"date":"2013-12-16T18:57:16","date_gmt":"2013-12-16T20:57:16","guid":{"rendered":"http:\/\/blogdafeira.com.br\/home\/?p=7265"},"modified":"2013-12-16T18:58:58","modified_gmt":"2013-12-16T20:58:58","slug":"prefeitura-de-feira-facilita-para-o-pedestre-e-limita-trafego-de-carros-na-avenida","status":"publish","type":"post","link":"https:\/\/blogdafeira.com.br\/home\/2013\/12\/16\/prefeitura-de-feira-facilita-para-o-pedestre-e-limita-trafego-de-carros-na-avenida\/","title":{"rendered":"Prefeitura de Feira facilita para o pedestre e limita tr\u00e1fego de carros na avenida"},"content":{"rendered":"<div id=\"blogd-736976250\" class=\"blogd-fim-do-post-mobile blogd-entity-placement\" style=\"margin-left: auto;margin-right: auto;text-align: center;\"><a href=\"https:\/\/www.sefaz.feiradesantana.ba.gov.br\/\" target=\"_blank\" aria-label=\"728&#215;90 (6)\"><img loading=\"lazy\" decoding=\"async\" src=\"https:\/\/blogdafeira.com.br\/home\/wp-content\/uploads\/2026\/03\/728x90-6.gif\" alt=\"\"  class=\"no-lazyload\" width=\"728\" height=\"90\"  style=\"display: inline-block;\" \/><\/a><\/div><p><img loading=\"lazy\" decoding=\"async\" class=\"alignright size-medium wp-image-7267\" alt=\"DSC09567\" src=\"http:\/\/blogdafeira.com.br\/home\/wp-content\/uploads\/2013\/12\/DSC09567-346x259.jpg\" width=\"346\" height=\"259\" srcset=\"https:\/\/blogdafeira.com.br\/home\/wp-content\/uploads\/2013\/12\/DSC09567-346x259.jpg 346w, https:\/\/blogdafeira.com.br\/home\/wp-content\/uploads\/2013\/12\/DSC09567-170x127.jpg 170w, https:\/\/blogdafeira.com.br\/home\/wp-content\/uploads\/2013\/12\/DSC09567.jpg 640w\" sizes=\"auto, (max-width: 346px) 100vw, 346px\" \/>A \u00a0partir desta ter\u00e7a-feira, 17, o \u00a0acesso de ve\u00edculos particulares ou de transporte de cargas ser\u00e1 proibido na avenida Senhor dos Passos, no centro de Feira de Santana.<\/p><div id=\"blogd-1592639702\" class=\"blogd-conteudo-2-mobile blogd-entity-placement\"><a href=\"https:\/\/feirenses.com.br\/\" target=\"_blank\" aria-label=\"feirenses\"><img loading=\"lazy\" decoding=\"async\" src=\"https:\/\/blogdafeira.com.br\/home\/wp-content\/uploads\/2026\/04\/feirenses.png\" alt=\"\"  srcset=\"https:\/\/blogdafeira.com.br\/home\/wp-content\/uploads\/2026\/04\/feirenses.png 300w, https:\/\/blogdafeira.com.br\/home\/wp-content\/uploads\/2026\/04\/feirenses-170x45.png 170w, https:\/\/blogdafeira.com.br\/home\/wp-content\/uploads\/2026\/04\/feirenses-280x74.png 280w\" sizes=\"(max-width: 300px) 100vw, 300px\" class=\"no-lazyload\" width=\"300\" height=\"79\"  style=\"display: inline-block;\" \/><\/a><\/div>\n<p>A medida ser\u00e1 adotada das 6h \u00e0s 19h diariamente e a proibi\u00e7\u00e3o dura at\u00e9 \u00a024 deste m\u00eas<\/p>\n<p>Somente \u00f4nibus do transporte coletivo, t\u00e1xis e moto-t\u00e1xis, al\u00e9m dos ve\u00edculos oficiais da administra\u00e7\u00e3o p\u00fablica, ter\u00e3o acesso \u00e0 art\u00e9ria, no trecho entre a pra\u00e7a Dom Pedro II \u2013 Nordestino, at\u00e9 o cruzamento com a avenida Get\u00falio Vargas.<\/p>\n<p>Leia tamb\u00e9m:<\/p>\n<div id=\"blogd-2895105272\" class=\"blogd-final-post blogd-entity-placement\"><a href=\"https:\/\/www.feiradesantana.ba.leg.br\/\" target=\"_blank\" aria-label=\"BANNER-SITE-ENTREGADECHEQUE-CAMARADEFEIRA\"><img loading=\"lazy\" decoding=\"async\" src=\"https:\/\/blogdafeira.com.br\/home\/wp-content\/uploads\/2026\/03\/BANNER-SITE-ENTREGADECHEQUE-CAMARADEFEIRA.gif\" alt=\"\"  class=\"no-lazyload\" width=\"728\" height=\"90\"   \/><\/a><\/div><h1><a title=\"Permalink to Urbanismo de \u2018cidades inteligentes\u2019 n\u00e3o tem carro como foco principal\" href=\"http:\/\/blogdafeira.com.br\/home\/?p=6183\" rel=\"bookmark\">Urbanismo de \u2018cidades inteligentes\u2019 n\u00e3o tem carro como foco principal<\/a><\/h1>\n","protected":false},"excerpt":{"rendered":"<p>A \u00a0partir desta ter\u00e7a-feira, 17, o \u00a0acesso de ve\u00edculos particulares ou de transporte de cargas ser\u00e1 proibido na avenida Senhor dos Passos, no centro de Feira de Santana. A medida ser\u00e1 adotada das 6h \u00e0s 19h diariamente e a proibi\u00e7\u00e3o dura at\u00e9 \u00a024 deste m\u00eas Somente \u00f4nibus do transporte coletivo, t\u00e1xis e moto-t\u00e1xis, al\u00e9m dos<\/p>\n","protected":false},"author":1,"featured_media":0,"comment_status":"closed","ping_status":"closed","sticky":false,"template":"","format":"standard","meta":{"jetpack_post_was_ever_published":false,"cybocfi_hide_featured_image":"","_jetpack_newsletter_access":"","_jetpack_dont_email_post_to_subs":false,"_jetpack_newsletter_tier_id":0,"_jetpack_memberships_contains_paywalled_content":false,"_jetpack_memberships_contains_paid_content":false,"footnotes":"","jetpack_publicize_message":"","jetpack_publicize_feature_enabled":true,"jetpack_social_post_already_shared":true,"jetpack_social_options":{"image_generator_settings":{"template":"highway","default_image_id":0,"font":"","enabled":false},"version":2}},"categories":[1],"tags":[],"class_list":["post-7265","post","type-post","status-publish","format-standard","hentry","category-raiz"],"jetpack_publicize_connections":[],"jetpack_featured_media_url":"","jetpack_shortlink":"https:\/\/wp.me\/p3niVf-1Tb","jetpack_sharing_enabled":true,"jetpack-related-posts":[{"id":39711,"url":"https:\/\/blogdafeira.com.br\/home\/2020\/08\/20\/centro-de-feira-em-obras-transito-interditado-na-marechal\/","url_meta":{"origin":7265,"position":0},"title":"Centro de Feira em obras; tr\u00e2nsito interditado na Marechal","author":"Blog da Feira","date":"20\/08\/2020","format":false,"excerpt":"A rua Marechal Deodoro, uma das mais movimentadas do centro comercial de Feira de Santana, est\u00e1 parcialmente interditada ao tr\u00e2nsito desde a manh\u00e3 desta quinta-feira, 20. Nas pr\u00f3ximas semanas a rua vai ficar temporariamente fechada para a circula\u00e7\u00e3o de carros e motocicletas devido \u00e0 instala\u00e7\u00e3o da rede de drenagem pluvial,\u2026","rel":"","context":"Em &quot;Cidade&quot;","block_context":{"text":"Cidade","link":"https:\/\/blogdafeira.com.br\/home\/categoria\/cidade\/"},"img":{"alt_text":"","src":"https:\/\/i0.wp.com\/blogdafeira.com.br\/home\/wp-content\/uploads\/2020\/08\/marechal-fsfsf.jpg?resize=350%2C200&ssl=1","width":350,"height":200,"srcset":"https:\/\/i0.wp.com\/blogdafeira.com.br\/home\/wp-content\/uploads\/2020\/08\/marechal-fsfsf.jpg?resize=350%2C200&ssl=1 1x, https:\/\/i0.wp.com\/blogdafeira.com.br\/home\/wp-content\/uploads\/2020\/08\/marechal-fsfsf.jpg?resize=525%2C300&ssl=1 1.5x, https:\/\/i0.wp.com\/blogdafeira.com.br\/home\/wp-content\/uploads\/2020\/08\/marechal-fsfsf.jpg?resize=700%2C400&ssl=1 2x, https:\/\/i0.wp.com\/blogdafeira.com.br\/home\/wp-content\/uploads\/2020\/08\/marechal-fsfsf.jpg?resize=1050%2C600&ssl=1 3x"},"classes":[]},{"id":16320,"url":"https:\/\/blogdafeira.com.br\/home\/2015\/08\/25\/expofeira-vai-ter-super-estacionamento-56-mil-metros-quadrados\/","url_meta":{"origin":7265,"position":1},"title":"ExpoFeira vai ter &#8216;super estacionamento&#8217;: 56 mil metros\u00b2","author":"Blog da Feira","date":"25\/08\/2015","format":false,"excerpt":"A \u00e1rea do estacionamento interno no Parque de Exposi\u00e7\u00e3o Jo\u00e3o Martins da Silva, cujo acesso e sa\u00edda dos ve\u00edculos particulares ser\u00e1 pela avenida Noide Cerqueira, ter\u00e1 56 mil metros quadrados, equivalente a 13,5 campos oficiais de futebol, com medidas m\u00ednimas. Pela entrada sul do Parque, na BR 324, apenas ser\u00e1\u2026","rel":"","context":"Em &quot;Home&quot;","block_context":{"text":"Home","link":"https:\/\/blogdafeira.com.br\/home\/categoria\/raiz\/"},"img":{"alt_text":"","src":"","width":0,"height":0},"classes":[]},{"id":7377,"url":"https:\/\/blogdafeira.com.br\/home\/2013\/12\/18\/prefeitura-de-feira-baixa-as-calcas-para-comerciantes-e-reabre-av-sr-dos-passos\/","url_meta":{"origin":7265,"position":2},"title":"Prefeitura de Feira &#8216;baixa as cal\u00e7as&#8217; para comerciantes e reabre av. Sr. dos Passos","author":"Blog da Feira","date":"18\/12\/2013","format":false,"excerpt":"A press\u00e3o de comerciantes, atrav\u00e9s do CDL, Associa\u00e7\u00e3o Comercial e outras entidades patronais, conseguiu reverter a medida da Prefeitura de Feira que fechou a avenida Senhor dos Passos, no centro, \u00e0 circula\u00e7\u00e3o de ve\u00edculos particulares. Ontem pela manh\u00e3, no in\u00edcio da a\u00e7\u00e3o de conten\u00e7\u00e3o dos carros, um grupo de comerciantes\u2026","rel":"","context":"Em &quot;Home&quot;","block_context":{"text":"Home","link":"https:\/\/blogdafeira.com.br\/home\/categoria\/raiz\/"},"img":{"alt_text":"","src":"","width":0,"height":0},"classes":[]},{"id":16490,"url":"https:\/\/blogdafeira.com.br\/home\/2015\/09\/03\/transporte-coletivo-para-40a-expofeira-sera-feito-por-60-onibus\/","url_meta":{"origin":7265,"position":3},"title":"Transporte coletivo para 40\u00aa Expofeira ser\u00e1 feito por 60 \u00f4nibus","author":"Blog da Feira","date":"03\/09\/2015","format":false,"excerpt":"Sessenta \u00f4nibus v\u00e3o circular diariamente entre o centro da cidade e o Parque Jo\u00e3o Martins da Silva, durante os dias da 40\u00aa Exposi\u00e7\u00e3o Agropecu\u00e1ria de Feira de Santana (Expofeira), que \u00a0ser\u00e1 aberta na tarde do pr\u00f3ximo domingo,6, e prossegue at\u00e9\u00a0o dia\u00a013 deste m\u00eas. A Prefeitura de Feira\u00a0est\u00e1 montando uma mini\u2026","rel":"","context":"Em &quot;Home&quot;","block_context":{"text":"Home","link":"https:\/\/blogdafeira.com.br\/home\/categoria\/raiz\/"},"img":{"alt_text":"","src":"","width":0,"height":0},"classes":[]},{"id":44986,"url":"https:\/\/blogdafeira.com.br\/home\/2021\/04\/19\/avenida-nova-em-feira-facilita-o-trafego-na-br-116-e-acesso-a-uefs\/","url_meta":{"origin":7265,"position":4},"title":"Avenida nova em Feira facilita o tr\u00e1fego na BR-116 e acesso \u00e0 UEFS","author":"Blog da Feira","date":"19\/04\/2021","format":false,"excerpt":"Importante vetor para o crescimento do munic\u00edpio, foi entregue oficialmente hoje, 19, a avenida Josias Ribeiro, no Papagaio, pelo prefeito Colbert Martins Filho. Parte integrante de um complexo de mobilidade urbana na zona norte, a obra facilita o acesso a bairros como Novo Horizonte, Feira VI e o pr\u00f3prio Papagaio,\u2026","rel":"","context":"Em &quot;Cidade&quot;","block_context":{"text":"Cidade","link":"https:\/\/blogdafeira.com.br\/home\/categoria\/cidade\/"},"img":{"alt_text":"","src":"https:\/\/i0.wp.com\/blogdafeira.com.br\/home\/wp-content\/uploads\/2021\/04\/222.jpg?resize=350%2C200&ssl=1","width":350,"height":200,"srcset":"https:\/\/i0.wp.com\/blogdafeira.com.br\/home\/wp-content\/uploads\/2021\/04\/222.jpg?resize=350%2C200&ssl=1 1x, https:\/\/i0.wp.com\/blogdafeira.com.br\/home\/wp-content\/uploads\/2021\/04\/222.jpg?resize=525%2C300&ssl=1 1.5x, https:\/\/i0.wp.com\/blogdafeira.com.br\/home\/wp-content\/uploads\/2021\/04\/222.jpg?resize=700%2C400&ssl=1 2x, https:\/\/i0.wp.com\/blogdafeira.com.br\/home\/wp-content\/uploads\/2021\/04\/222.jpg?resize=1050%2C600&ssl=1 3x"},"classes":[]},{"id":39453,"url":"https:\/\/blogdafeira.com.br\/home\/2020\/08\/10\/obras-da-prefeitura-provocam-mudancas-em-transito-no-centro-de-feira\/","url_meta":{"origin":7265,"position":5},"title":"Obras da Prefeitura provocam mudan\u00e7as em tr\u00e2nsito no centro de Feira","author":"Blog da Feira","date":"10\/08\/2020","format":false,"excerpt":"Com\u00a0 obras\u00a0 intensificadas, a circula\u00e7\u00e3o de ve\u00edculos e pessoas no centro de Feira de Santana sofreram algumas mudan\u00e7as nos \u00faltimos dias. Na Pra\u00e7a Dom Pedro II, conhecida como Pra\u00e7a do Nordestino, por exemplo, o ponto de t\u00e1xi, situado no local, saiu de um lado da via para o outro -\u2026","rel":"","context":"Em &quot;Cidade&quot;","block_context":{"text":"Cidade","link":"https:\/\/blogdafeira.com.br\/home\/categoria\/cidade\/"},"img":{"alt_text":"","src":"https:\/\/i0.wp.com\/blogdafeira.com.br\/home\/wp-content\/uploads\/2020\/08\/abababab.jpg?resize=350%2C200&ssl=1","width":350,"height":200,"srcset":"https:\/\/i0.wp.com\/blogdafeira.com.br\/home\/wp-content\/uploads\/2020\/08\/abababab.jpg?resize=350%2C200&ssl=1 1x, https:\/\/i0.wp.com\/blogdafeira.com.br\/home\/wp-content\/uploads\/2020\/08\/abababab.jpg?resize=525%2C300&ssl=1 1.5x, https:\/\/i0.wp.com\/blogdafeira.com.br\/home\/wp-content\/uploads\/2020\/08\/abababab.jpg?resize=700%2C400&ssl=1 2x, https:\/\/i0.wp.com\/blogdafeira.com.br\/home\/wp-content\/uploads\/2020\/08\/abababab.jpg?resize=1050%2C600&ssl=1 3x"},"classes":[]}],"_links":{"self":[{"href":"https:\/\/blogdafeira.com.br\/home\/wp-json\/wp\/v2\/posts\/7265","targetHints":{"allow":["GET"]}}],"collection":[{"href":"https:\/\/blogdafeira.com.br\/home\/wp-json\/wp\/v2\/posts"}],"about":[{"href":"https:\/\/blogdafeira.com.br\/home\/wp-json\/wp\/v2\/types\/post"}],"author":[{"embeddable":true,"href":"https:\/\/blogdafeira.com.br\/home\/wp-json\/wp\/v2\/users\/1"}],"replies":[{"embeddable":true,"href":"https:\/\/blogdafeira.com.br\/home\/wp-json\/wp\/v2\/comments?post=7265"}],"version-history":[{"count":3,"href":"https:\/\/blogdafeira.com.br\/home\/wp-json\/wp\/v2\/posts\/7265\/revisions"}],"predecessor-version":[{"id":7270,"href":"https:\/\/blogdafeira.com.br\/home\/wp-json\/wp\/v2\/posts\/7265\/revisions\/7270"}],"wp:attachment":[{"href":"https:\/\/blogdafeira.com.br\/home\/wp-json\/wp\/v2\/media?parent=7265"}],"wp:term":[{"taxonomy":"category","embeddable":true,"href":"https:\/\/blogdafeira.com.br\/home\/wp-json\/wp\/v2\/categories?post=7265"},{"taxonomy":"post_tag","embeddable":true,"href":"https:\/\/blogdafeira.com.br\/home\/wp-json\/wp\/v2\/tags?post=7265"}],"curies":[{"name":"wp","href":"https:\/\/api.w.org\/{rel}","templated":true}]}}