{"id":72741,"date":"2026-06-07T23:22:48","date_gmt":"2026-06-08T02:22:48","guid":{"rendered":"https:\/\/blogdafeira.com.br\/home\/?p=72741"},"modified":"2026-07-06T16:58:04","modified_gmt":"2026-07-06T19:58:04","slug":"capinan-a-arte-de-carlos-pitta-e-a-arte-de-um-menino-a-quem-o-mundo-deslumbra","status":"publish","type":"post","link":"https:\/\/blogdafeira.com.br\/home\/2026\/06\/07\/capinan-a-arte-de-carlos-pitta-e-a-arte-de-um-menino-a-quem-o-mundo-deslumbra\/","title":{"rendered":"Capinan: &#8220;A arte de Carlos Pitta \u00e9 a arte de um menino a quem o mundo deslumbra&#8221;"},"content":{"rendered":"<div id=\"blogd-1555177218\" class=\"blogd-fim-do-post-mobile blogd-entity-placement\" style=\"margin-left: auto;margin-right: auto;text-align: center;\"><a href=\"https:\/\/expofeira.ba.gov.br\/\" target=_blank><picture>\r\n  <source media=\"(min-width: 768px)\" srcset=\"https:\/\/blogdafeira.com.br\/home\/wp-content\/uploads\/2026\/08\/980x1503.gif\">\r\n  \r\n  <img decoding=\"async\" src=\"https:\/\/blogdafeira.com.br\/home\/wp-content\/uploads\/2026\/08\/350x2005.gif\" alt=\"Publicidade\" style=\"width: 100%; max-width: 100%; height: auto; display: block; margin: 0 auto;\">\r\n\t<\/picture><\/a><\/div><p style=\"text-align: left;\">Nesse livro,\u00a0 &#8220;<strong>Era um Garoto que Amava os Beatles e Luiz Gonzaga &#8211; Can\u00e7\u00f5es e Parcerias<\/strong>&#8220;,\u00a0 publica\u00e7\u00e3o independente de Carlos Pitta lan\u00e7ado (a edi\u00e7\u00e3o n\u00e3o tem o ano) por volta de 1996, o renomado poeta Jos\u00e9 Carlos Capinan escreve na apresenta\u00e7\u00e3o:<em>\u00a0 <\/em><\/p>\n<blockquote>\n<p style=\"text-align: center;\"><em>&#8220;A arte de Carlos Pitta \u00e9 a arte de um menino a quem o mundo deslumbra e alumbrado ele vai seguindo seu rumo, molhando os p\u00e9s no riacho&#8230;&#8221; <\/em><\/p>\n<\/blockquote>\n<p style=\"text-align: left;\">e segue descrevendo, em prosa po\u00e9tica, o valor e criatividade desse artista que hoje \u00e9 o nome do Teatro do Centro de Conven\u00e7\u00f5es de Feira de Santana.<\/p>\n<p style=\"text-align: left;\">A principal conex\u00e3o entre o cantor e o poeta tropicalista foi o ic\u00f4nico \u00e1lbum &#8220;Cora\u00e7\u00e3o de \u00cdndio&#8221;, lan\u00e7ado por Pitta em 1982.<\/p>\n<p><img loading=\"lazy\" decoding=\"async\" class=\"aligncenter size-medium wp-image-72743\" src=\"https:\/\/blogdafeira.com.br\/home\/wp-content\/uploads\/2026\/06\/1900x1900-000000-80-0-02-300x300.jpg\" alt=\"\" width=\"300\" height=\"300\" srcset=\"https:\/\/blogdafeira.com.br\/home\/wp-content\/uploads\/2026\/06\/1900x1900-000000-80-0-02-300x300.jpg 300w, https:\/\/blogdafeira.com.br\/home\/wp-content\/uploads\/2026\/06\/1900x1900-000000-80-0-02-1024x1024.jpg 1024w, https:\/\/blogdafeira.com.br\/home\/wp-content\/uploads\/2026\/06\/1900x1900-000000-80-0-02-150x150.jpg 150w, https:\/\/blogdafeira.com.br\/home\/wp-content\/uploads\/2026\/06\/1900x1900-000000-80-0-02-768x768.jpg 768w, https:\/\/blogdafeira.com.br\/home\/wp-content\/uploads\/2026\/06\/1900x1900-000000-80-0-02-187x187.jpg 187w, https:\/\/blogdafeira.com.br\/home\/wp-content\/uploads\/2026\/06\/1900x1900-000000-80-0-02-1170x1170.jpg 1170w, https:\/\/blogdafeira.com.br\/home\/wp-content\/uploads\/2026\/06\/1900x1900-000000-80-0-02.jpg 1200w\" sizes=\"auto, (max-width: 300px) 100vw, 300px\" \/><\/p>\n<p>Na orelha do livro, olhe quem assina a <em>ode<\/em>: o professor\u00a0 Jorge Portugal, falecido intelectual baiano que foi Secret\u00e1rio Estadual de Cultura:<\/p>\n<blockquote>\n<p style=\"text-align: center;\">&#8220;<em>Carlos Pitta, parab\u00f3lica sertaneja, \u00e9\u00a0 alma andeja pelos desv\u00e3os do mundo, camale\u00e3o de ritmos, m\u00fasico de poesia sublime, poeta de musicalidade rara.<\/em>..&#8221; e segue com um testemunho de vida: &#8220;<em>Comemos no RU (restaurante universit\u00e1rio) dobradinhas ut\u00f3picas e enchemos as mostras de som de S\u00e3o L\u00e1zaro (campus da UFBA) de muito sonho e de muita luz&#8221;.<\/em><\/p>\n<\/blockquote>\n<p>No livro de Pitta est\u00e1 a letra da indefect\u00edvel &#8220;<em>Cometa Mambembe&#8221;<\/em> com Edmundo Caroso feita &#8220;<em>l\u00e1 na minha terrinha\u00a0 Feira de Santana<\/em>&#8220;.<\/p>\n<blockquote>\n<p style=\"text-align: center;\">&#8220;<em>Quando a estrela brilhar na cabeleira\/E o galope acordar na beira-mar\/ Bentivina can\u00e7\u00e3o da goiabeira\/Brisa lua no mato pra cheirar&#8221;<\/em><\/p>\n<\/blockquote>\n<p>De Feira, ele foi\u00a0 &#8220;<em>ao encontro do sert\u00e3o\/homem Fernando Lona, ao tropicalismo e sensibilidade de Capinan e \u00e0 brejeirice suave e brasileira de Cacaso&#8230;&#8221;<\/em> escreve ele na introdu\u00e7\u00e3o, revelando conex\u00f5es e parcerias musicais cujas letras ocupam o miolo do livro.<\/p>\n<p>No \u00edndice, <strong>em negrito<\/strong>, est\u00e1 o poema totalmente autoral, &#8220;<strong>O Sonho \u00e9 o Sol da Manh\u00e3<\/strong>&#8220;, na \u00faltima\u00a0 p\u00e1gina <strong>69<\/strong>, &#8220;<em>para Otto e Lourdes, meus velhos e queridos pais.&#8221; <\/em>e <strong>mais\u00a0 duas p\u00e1ginas<\/strong>, a <strong>14<\/strong> e a <strong>38<\/strong> com\u00a0 <strong>Beatles<\/strong> e <strong>Luiz Gonzaga, ambas assim,<\/strong> chamando a aten\u00e7\u00e3o do leitor.<\/p>\n<blockquote>\n<p style=\"text-align: center;\">&#8220;<em>Vim parar aqui numa cidade grande\/Grande feito a aba do chap\u00e9u do meu av\u00f4\/ que me dizia vai\/ que o sonho \u00e9 o sol da manh\u00e3 &#8220;<\/em><\/p>\n<\/blockquote>\n<div id=\"blogd-4225212463\" class=\"blogd-final-post blogd-entity-placement\"><a href=\"https:\/\/www.feiradesantana.ba.leg.br\/\" target=\"_blank\" aria-label=\"BANNER-SITE_CA\u0302MARA_AGOSTO_728x90px\"><img loading=\"lazy\" decoding=\"async\" src=\"https:\/\/blogdafeira.com.br\/home\/wp-content\/uploads\/2026\/03\/BANNER-SITE_CAMARA_AGOSTO_728x90px.gif\" alt=\"\"  class=\"no-lazyload\" width=\"728\" height=\"90\"   \/><\/a><\/div><p><strong>Quando o leitor abre as duas outras p\u00e1ginas, a 14\u00a0 e a 38&#8230;ambas<\/strong> est\u00e3o em branco!<\/p>\n","protected":false},"excerpt":{"rendered":"<p>Nesse livro,\u00a0 &#8220;Era um Garoto que Amava os Beatles e Luiz Gonzaga &#8211; Can\u00e7\u00f5es e Parcerias&#8220;,\u00a0 publica\u00e7\u00e3o independente de Carlos Pitta lan\u00e7ado (a edi\u00e7\u00e3o n\u00e3o tem o ano) por volta de 1996, o renomado poeta Jos\u00e9 Carlos Capinan escreve na apresenta\u00e7\u00e3o:\u00a0 &#8220;A arte de Carlos Pitta \u00e9 a arte de um menino a quem o<\/p>\n","protected":false},"author":8,"featured_media":72750,"comment_status":"open","ping_status":"open","sticky":false,"template":"","format":"standard","meta":{"cybocfi_hide_featured_image":"","_jetpack_newsletter_access":"","_jetpack_dont_email_post_to_subs":false,"_jetpack_newsletter_tier_id":0,"_jetpack_memberships_contains_paywalled_content":false,"_jetpack_memberships_contains_paid_content":false,"footnotes":"","jetpack_publicize_message":"","jetpack_publicize_feature_enabled":true,"jetpack_social_post_already_shared":true,"jetpack_social_options":{"image_generator_settings":{"template":"highway","default_image_id":0,"font":"","enabled":false},"version":2},"jetpack_post_was_ever_published":false},"categories":[3,4,1],"tags":[],"class_list":["post-72741","post","type-post","status-publish","format-standard","has-post-thumbnail","hentry","category-cidade","category-cultura","category-raiz"],"jetpack_publicize_connections":[],"jetpack_featured_media_url":"https:\/\/blogdafeira.com.br\/home\/wp-content\/uploads\/2026\/06\/IMG_20260607_2110488263-2-scaled.jpg","jetpack_shortlink":"https:\/\/wp.me\/p3niVf-iVf","jetpack_sharing_enabled":true,"jetpack-related-posts":[{"id":72293,"url":"https:\/\/blogdafeira.com.br\/home\/2026\/05\/08\/carlos-pitta-o-poeta-que-abracava-e-curava-arvores\/","url_meta":{"origin":72741,"position":0},"title":"Carlos Pitta, o poeta que abra\u00e7ava e curava \u00e1rvores","author":"J\u00e2nio R\u00eago","date":"08\/05\/2026","format":false,"excerpt":"H\u00e1 no CUCA uma \u00e1rvore imensa, curada pelo abra\u00e7o demorado de Carlos Pitta. A copa perdera as folhas, os galhos secavam e pessoas consultadas n\u00e3o deram esperan\u00e7a\u00a0 a Selma Moraes, diretora do Centro de Cultura da UEFS em seu per\u00edodo mais criativo. Uma \u00e1rvore bel\u00edssima. Poeta e articulador cultural, Pitta\u2026","rel":"","context":"Em &quot;Cidade&quot;","block_context":{"text":"Cidade","link":"https:\/\/blogdafeira.com.br\/home\/categoria\/cidade\/"},"img":{"alt_text":"","src":"https:\/\/i0.wp.com\/blogdafeira.com.br\/home\/wp-content\/uploads\/2026\/05\/20180920_081645_HDR2-scaled.jpg?resize=350%2C200&ssl=1","width":350,"height":200,"srcset":"https:\/\/i0.wp.com\/blogdafeira.com.br\/home\/wp-content\/uploads\/2026\/05\/20180920_081645_HDR2-scaled.jpg?resize=350%2C200&ssl=1 1x, https:\/\/i0.wp.com\/blogdafeira.com.br\/home\/wp-content\/uploads\/2026\/05\/20180920_081645_HDR2-scaled.jpg?resize=525%2C300&ssl=1 1.5x, https:\/\/i0.wp.com\/blogdafeira.com.br\/home\/wp-content\/uploads\/2026\/05\/20180920_081645_HDR2-scaled.jpg?resize=700%2C400&ssl=1 2x, https:\/\/i0.wp.com\/blogdafeira.com.br\/home\/wp-content\/uploads\/2026\/05\/20180920_081645_HDR2-scaled.jpg?resize=1050%2C600&ssl=1 3x, https:\/\/i0.wp.com\/blogdafeira.com.br\/home\/wp-content\/uploads\/2026\/05\/20180920_081645_HDR2-scaled.jpg?resize=1400%2C800&ssl=1 4x"},"classes":[]},{"id":72358,"url":"https:\/\/blogdafeira.com.br\/home\/2026\/05\/11\/flamboyants-de-dival-pitombo-e-carlos-pitta-na-avenida-getulio-vargas\/","url_meta":{"origin":72741,"position":1},"title":"Carlos Pitta, Dival Pitombo e os flamboyants da Feira de Santana","author":"J\u00e2nio R\u00eago","date":"11\/05\/2026","format":false,"excerpt":"O poeta Godofredo Filho pergunta \"onde andar\u00e1 Beco do Moc\u00f3?\"\u00a0 no pref\u00e1cio de \"Litania para o Tempo e a Esperan\u00e7a\", livro de versos de Dival Pitombo, em 1983. Beco do Moc\u00f3, nunca foi publicado, mas um dos poemas do \"Litania\" foi internalizado, ficou popular pela Feira de Santana, de tanto\u2026","rel":"","context":"Em &quot;Colunistas&quot;","block_context":{"text":"Colunistas","link":"https:\/\/blogdafeira.com.br\/home\/categoria\/colunistas\/"},"img":{"alt_text":"","src":"https:\/\/i0.wp.com\/blogdafeira.com.br\/home\/wp-content\/uploads\/2026\/05\/Screenshot_20260510-2251572.jpg?resize=350%2C200&ssl=1","width":350,"height":200,"srcset":"https:\/\/i0.wp.com\/blogdafeira.com.br\/home\/wp-content\/uploads\/2026\/05\/Screenshot_20260510-2251572.jpg?resize=350%2C200&ssl=1 1x, https:\/\/i0.wp.com\/blogdafeira.com.br\/home\/wp-content\/uploads\/2026\/05\/Screenshot_20260510-2251572.jpg?resize=525%2C300&ssl=1 1.5x, https:\/\/i0.wp.com\/blogdafeira.com.br\/home\/wp-content\/uploads\/2026\/05\/Screenshot_20260510-2251572.jpg?resize=700%2C400&ssl=1 2x"},"classes":[]},{"id":31485,"url":"https:\/\/blogdafeira.com.br\/home\/2019\/05\/25\/forro-prata-da-casa-no-sao-pedro-de-bonfim-de-feira-bie-dos-8-baixos-e-carlos-pitta\/","url_meta":{"origin":72741,"position":2},"title":"Forr\u00f3 &#8216;prata da casa&#8217; no S\u00e3o Pedro de Bonfim de Feira: Bi\u00e9 dos 8 Baixos e Carlos Pitta","author":"J\u00e2nio R\u00eago","date":"25\/05\/2019","format":false,"excerpt":"O sanfoneiro popular Bi\u00e9 dos Oito Baixos 'entrega o palco' para o maestro Carlos Pitta na noite do dia 28 de junho, no primeiro dia do S\u00e3o Pedro de Bonfim de Feira. Francisco de Sena, o Bi\u00e9, ganhou notoriedade com seu samba forrozado no Centro de Abastecimento, todas as segundas-feiras.J\u00e1\u2026","rel":"","context":"Em &quot;Home&quot;","block_context":{"text":"Home","link":"https:\/\/blogdafeira.com.br\/home\/categoria\/raiz\/"},"img":{"alt_text":"","src":"https:\/\/i0.wp.com\/blogdafeira.com.br\/home\/wp-content\/uploads\/2019\/05\/2019-05-25_11.16.19.jpg?resize=350%2C200","width":350,"height":200,"srcset":"https:\/\/i0.wp.com\/blogdafeira.com.br\/home\/wp-content\/uploads\/2019\/05\/2019-05-25_11.16.19.jpg?resize=350%2C200 1x, https:\/\/i0.wp.com\/blogdafeira.com.br\/home\/wp-content\/uploads\/2019\/05\/2019-05-25_11.16.19.jpg?resize=525%2C300 1.5x, https:\/\/i0.wp.com\/blogdafeira.com.br\/home\/wp-content\/uploads\/2019\/05\/2019-05-25_11.16.19.jpg?resize=700%2C400 2x"},"classes":[]},{"id":67039,"url":"https:\/\/blogdafeira.com.br\/home\/2025\/05\/04\/marcia-porto-faz-homenagem-a-carlos-pitta-e-bel-da-bonita-na-micareta-de-feira\/","url_meta":{"origin":72741,"position":3},"title":"M\u00e1rcia Porto faz homenagem a Carlos Pitta e Bel da Bonita na Micareta de Feira","author":"Blog da Feira","date":"04\/05\/2025","format":false,"excerpt":"A noite de ontem (s\u00e1bado,3), no terceiro dia da Micareta de Feira, tamb\u00e9m foi marcada por um momento de profunda emo\u00e7\u00e3o e rever\u00eancia no Circuito Maneca Ferreira. A cantora feirense M\u00e1rcia Porto, com sua voz marcante, fez uma bel\u00edssima homenagem aos m\u00fasicos feirenses Carlos Pitta e Bel da Bonita, que\u2026","rel":"","context":"Em &quot;Geral&quot;","block_context":{"text":"Geral","link":"https:\/\/blogdafeira.com.br\/home\/categoria\/geral\/"},"img":{"alt_text":"","src":"https:\/\/i0.wp.com\/blogdafeira.com.br\/home\/wp-content\/uploads\/2025\/05\/03052025233700.jpg?resize=350%2C200&ssl=1","width":350,"height":200,"srcset":"https:\/\/i0.wp.com\/blogdafeira.com.br\/home\/wp-content\/uploads\/2025\/05\/03052025233700.jpg?resize=350%2C200&ssl=1 1x, https:\/\/i0.wp.com\/blogdafeira.com.br\/home\/wp-content\/uploads\/2025\/05\/03052025233700.jpg?resize=525%2C300&ssl=1 1.5x, https:\/\/i0.wp.com\/blogdafeira.com.br\/home\/wp-content\/uploads\/2025\/05\/03052025233700.jpg?resize=700%2C400&ssl=1 2x, https:\/\/i0.wp.com\/blogdafeira.com.br\/home\/wp-content\/uploads\/2025\/05\/03052025233700.jpg?resize=1050%2C600&ssl=1 3x"},"classes":[]},{"id":47536,"url":"https:\/\/blogdafeira.com.br\/home\/2021\/09\/24\/autor-de-cometa-mambembe-excluido-do-museu-cidade-da-musica-da-bahia\/","url_meta":{"origin":72741,"position":4},"title":"Autor de &#8220;Cometa Mambembe&#8221; exclu\u00eddo do Museu Cidade da M\u00fasica da Bahia","author":"Blog da Feira","date":"24\/09\/2021","format":false,"excerpt":"O cantor e compositor baiano Carlos Pitta, autor da m\u00fasica 'Cometa Mambembe\" em parceria com o poeta Edmundo Caroso e um dos grandes sucessos musicais do Brasil, queixa-se de ter sido exclu\u00eddo do Museu Cidade da M\u00fasica da Bahia\u00a0inaugurado ontem em Salvador. O espa\u00e7o, dedicado completamente \u00e0 hist\u00f3ria da m\u00fasica\u2026","rel":"","context":"Em &quot;Cultura&quot;","block_context":{"text":"Cultura","link":"https:\/\/blogdafeira.com.br\/home\/categoria\/cultura\/"},"img":{"alt_text":"","src":"https:\/\/i0.wp.com\/blogdafeira.com.br\/home\/wp-content\/uploads\/2021\/09\/carlos-pita.jpg?resize=350%2C200&ssl=1","width":350,"height":200,"srcset":"https:\/\/i0.wp.com\/blogdafeira.com.br\/home\/wp-content\/uploads\/2021\/09\/carlos-pita.jpg?resize=350%2C200&ssl=1 1x, https:\/\/i0.wp.com\/blogdafeira.com.br\/home\/wp-content\/uploads\/2021\/09\/carlos-pita.jpg?resize=525%2C300&ssl=1 1.5x, https:\/\/i0.wp.com\/blogdafeira.com.br\/home\/wp-content\/uploads\/2021\/09\/carlos-pita.jpg?resize=700%2C400&ssl=1 2x, https:\/\/i0.wp.com\/blogdafeira.com.br\/home\/wp-content\/uploads\/2021\/09\/carlos-pita.jpg?resize=1050%2C600&ssl=1 3x"},"classes":[]},{"id":73573,"url":"https:\/\/blogdafeira.com.br\/home\/2026\/08\/15\/dionorina-homenageia-jorge-magalhaes-in-concert-no-teatro-carlos-pitta\/","url_meta":{"origin":72741,"position":5},"title":"&#8216;Dionorina in concert&#8217; no &#8216;Carlos Pitta&#8217;  homenageia poesia e musicalidade de Jorge Magalh\u00e3es","author":"Blog da Feira","date":"15\/08\/2026","format":false,"excerpt":"\u00c0s 20 horas e alguns minutos,\u00a0 ele cantava Elomar, \"o Villa-Lobos do s\u00e9culo 21\", e em seguida come\u00e7ou a homenagear o parceiro de m\u00fasica ,arte, vida e fam\u00edlia, Jorge Magalh\u00e3es. No tel\u00e3o atr\u00e1s de Dionorina apareceu a foto, presen\u00e7a n\u00edtida do escritor, poeta e jornalista baiano,\u00a0 com quem\u00a0 ganhou pr\u00eamios\u00a0\u2026","rel":"","context":"Em &quot;Cidade&quot;","block_context":{"text":"Cidade","link":"https:\/\/blogdafeira.com.br\/home\/categoria\/cidade\/"},"img":{"alt_text":"","src":"https:\/\/i0.wp.com\/blogdafeira.com.br\/home\/wp-content\/uploads\/2026\/08\/Jorge-Magalhaes_blog-das-vidas2.jpg?resize=350%2C200&ssl=1","width":350,"height":200,"srcset":"https:\/\/i0.wp.com\/blogdafeira.com.br\/home\/wp-content\/uploads\/2026\/08\/Jorge-Magalhaes_blog-das-vidas2.jpg?resize=350%2C200&ssl=1 1x, https:\/\/i0.wp.com\/blogdafeira.com.br\/home\/wp-content\/uploads\/2026\/08\/Jorge-Magalhaes_blog-das-vidas2.jpg?resize=525%2C300&ssl=1 1.5x"},"classes":[]}],"_links":{"self":[{"href":"https:\/\/blogdafeira.com.br\/home\/wp-json\/wp\/v2\/posts\/72741","targetHints":{"allow":["GET"]}}],"collection":[{"href":"https:\/\/blogdafeira.com.br\/home\/wp-json\/wp\/v2\/posts"}],"about":[{"href":"https:\/\/blogdafeira.com.br\/home\/wp-json\/wp\/v2\/types\/post"}],"author":[{"embeddable":true,"href":"https:\/\/blogdafeira.com.br\/home\/wp-json\/wp\/v2\/users\/8"}],"replies":[{"embeddable":true,"href":"https:\/\/blogdafeira.com.br\/home\/wp-json\/wp\/v2\/comments?post=72741"}],"version-history":[{"count":13,"href":"https:\/\/blogdafeira.com.br\/home\/wp-json\/wp\/v2\/posts\/72741\/revisions"}],"predecessor-version":[{"id":72765,"href":"https:\/\/blogdafeira.com.br\/home\/wp-json\/wp\/v2\/posts\/72741\/revisions\/72765"}],"wp:featuredmedia":[{"embeddable":true,"href":"https:\/\/blogdafeira.com.br\/home\/wp-json\/wp\/v2\/media\/72750"}],"wp:attachment":[{"href":"https:\/\/blogdafeira.com.br\/home\/wp-json\/wp\/v2\/media?parent=72741"}],"wp:term":[{"taxonomy":"category","embeddable":true,"href":"https:\/\/blogdafeira.com.br\/home\/wp-json\/wp\/v2\/categories?post=72741"},{"taxonomy":"post_tag","embeddable":true,"href":"https:\/\/blogdafeira.com.br\/home\/wp-json\/wp\/v2\/tags?post=72741"}],"curies":[{"name":"wp","href":"https:\/\/api.w.org\/{rel}","templated":true}]}}