{"id":7325,"date":"2013-12-17T12:57:53","date_gmt":"2013-12-17T14:57:53","guid":{"rendered":"http:\/\/blogdafeira.com.br\/home\/?p=7325"},"modified":"2013-12-17T13:05:41","modified_gmt":"2013-12-17T15:05:41","slug":"avenida-sr-dos-passos-livre-consumidores-fazem-compras-com-mais-tranquilidade","status":"publish","type":"post","link":"https:\/\/blogdafeira.com.br\/home\/2013\/12\/17\/avenida-sr-dos-passos-livre-consumidores-fazem-compras-com-mais-tranquilidade\/","title":{"rendered":"Avenida Sr. dos Passos livre: consumidores fazem compras com mais tranquilidade"},"content":{"rendered":"<div id=\"blogd-2593827521\" class=\"blogd-fim-do-post-mobile blogd-entity-placement\" style=\"margin-left: auto;margin-right: auto;text-align: center;\"><a href=\"https:\/\/www.sefaz.feiradesantana.ba.gov.br\/\" target=\"_blank\" aria-label=\"728&#215;90 (6)\"><img loading=\"lazy\" decoding=\"async\" src=\"https:\/\/blogdafeira.com.br\/home\/wp-content\/uploads\/2026\/03\/728x90-6.gif\" alt=\"\"  class=\"no-lazyload\" width=\"728\" height=\"90\"  style=\"display: inline-block;\" \/><\/a><\/div><p><img loading=\"lazy\" decoding=\"async\" class=\"aligncenter size-full wp-image-7331\" alt=\"DSC00135\" src=\"http:\/\/blogdafeira.com.br\/home\/wp-content\/uploads\/2013\/12\/DSC00135.jpg\" width=\"3456\" height=\"2592\" srcset=\"https:\/\/blogdafeira.com.br\/home\/wp-content\/uploads\/2013\/12\/DSC00135.jpg 3456w, https:\/\/blogdafeira.com.br\/home\/wp-content\/uploads\/2013\/12\/DSC00135-170x127.jpg 170w, https:\/\/blogdafeira.com.br\/home\/wp-content\/uploads\/2013\/12\/DSC00135-346x259.jpg 346w, https:\/\/blogdafeira.com.br\/home\/wp-content\/uploads\/2013\/12\/DSC00135-1024x768.jpg 1024w\" sizes=\"auto, (max-width: 3456px) 100vw, 3456px\" \/>Os pedestres e consumidores do centro comercial de Feira de Santana puderam andar mais tranquilos no &#8216;quadril\u00e1tero comercial&#8217; com o fechamento da avenida Sr. dos Passos aos ve\u00edculos de particulares.<\/p><div id=\"blogd-1843399358\" class=\"blogd-conteudo-2-mobile blogd-entity-placement\"><a href=\"https:\/\/feirenses.com.br\/\" target=\"_blank\" aria-label=\"feirenses\"><img loading=\"lazy\" decoding=\"async\" src=\"https:\/\/blogdafeira.com.br\/home\/wp-content\/uploads\/2026\/04\/feirenses.png\" alt=\"\"  srcset=\"https:\/\/blogdafeira.com.br\/home\/wp-content\/uploads\/2026\/04\/feirenses.png 300w, https:\/\/blogdafeira.com.br\/home\/wp-content\/uploads\/2026\/04\/feirenses-170x45.png 170w, https:\/\/blogdafeira.com.br\/home\/wp-content\/uploads\/2026\/04\/feirenses-280x74.png 280w\" sizes=\"(max-width: 300px) 100vw, 300px\" class=\"no-lazyload\" width=\"300\" height=\"79\"  style=\"display: inline-block;\" \/><\/a><\/div>\n<p>Muitas fam\u00edlias com crian\u00e7as para as compras natalinas atravessaram as ruas sem a agonia existente neste per\u00edodo.<\/p>\n<div id=\"blogd-2359817660\" class=\"blogd-final-post blogd-entity-placement\"><a href=\"https:\/\/www.feiradesantana.ba.leg.br\/\" target=\"_blank\" aria-label=\"BANNER-SITE-ENTREGADECHEQUE-CAMARADEFEIRA\"><img loading=\"lazy\" decoding=\"async\" src=\"https:\/\/blogdafeira.com.br\/home\/wp-content\/uploads\/2026\/03\/BANNER-SITE-ENTREGADECHEQUE-CAMARADEFEIRA.gif\" alt=\"\"  class=\"no-lazyload\" width=\"728\" height=\"90\"   \/><\/a><\/div><p>Alguns comerciantes reclamavam por n\u00e3o poderem estacionar seus ve\u00edculos pr\u00f3prios pr\u00f3ximos \u00e0s suas lojas. Um pequeno grupo deles promete um &#8216;protesto&#8217; hoje \u00e0s 14 horas.<\/p>\n","protected":false},"excerpt":{"rendered":"<p>Os pedestres e consumidores do centro comercial de Feira de Santana puderam andar mais tranquilos no &#8216;quadril\u00e1tero comercial&#8217; com o fechamento da avenida Sr. dos Passos aos ve\u00edculos de particulares. Muitas fam\u00edlias com crian\u00e7as para as compras natalinas atravessaram as ruas sem a agonia existente neste per\u00edodo. Alguns comerciantes reclamavam por n\u00e3o poderem estacionar seus<\/p>\n","protected":false},"author":1,"featured_media":0,"comment_status":"closed","ping_status":"closed","sticky":false,"template":"","format":"standard","meta":{"jetpack_post_was_ever_published":false,"cybocfi_hide_featured_image":"","_jetpack_newsletter_access":"","_jetpack_dont_email_post_to_subs":false,"_jetpack_newsletter_tier_id":0,"_jetpack_memberships_contains_paywalled_content":false,"_jetpack_memberships_contains_paid_content":false,"footnotes":"","jetpack_publicize_message":"","jetpack_publicize_feature_enabled":true,"jetpack_social_post_already_shared":true,"jetpack_social_options":{"image_generator_settings":{"template":"highway","default_image_id":0,"font":"","enabled":false},"version":2}},"categories":[1],"tags":[],"class_list":["post-7325","post","type-post","status-publish","format-standard","hentry","category-raiz"],"jetpack_publicize_connections":[],"jetpack_featured_media_url":"","jetpack_shortlink":"https:\/\/wp.me\/p3niVf-1U9","jetpack_sharing_enabled":true,"jetpack-related-posts":[{"id":9052,"url":"https:\/\/blogdafeira.com.br\/home\/2014\/02\/10\/sinaleiras-do-centro-de-feira-de-santana-terao-botoes-para-pedestres\/","url_meta":{"origin":7325,"position":0},"title":"Sinaleiras do centro de Feira de Santana ter\u00e3o &#8216;bot\u00f5es para pedestres&#8217;","author":"Blog da Feira","date":"10\/02\/2014","format":false,"excerpt":"Cinco travessias de pedestres no centro da cidade de Feira de Santana v\u00e3o ganhar \u2018botoeiras\u2019 nas sinaleiras, segundo anuncia a Prefeitura. S\u00e3o bot\u00f5es que acionados 'apressam' o sinal verde para a travessia do pedestre. Os locais escolhidos foram: A avenida Maria Quit\u00e9ria em dois trechos - em frente \u00e0 Associa\u00e7\u00e3o\u2026","rel":"","context":"Em &quot;Home&quot;","block_context":{"text":"Home","link":"https:\/\/blogdafeira.com.br\/home\/categoria\/raiz\/"},"img":{"alt_text":"","src":"","width":0,"height":0},"classes":[]},{"id":7322,"url":"https:\/\/blogdafeira.com.br\/home\/2013\/12\/17\/motoristas-se-adequam-a-novo-trafego-com-fechamento-da-sr-dos-passos-em-feira\/","url_meta":{"origin":7325,"position":1},"title":"Motoristas se adequam a novo tr\u00e1fego com fechamento da Sr. dos Passos em Feira","author":"Blog da Feira","date":"17\/12\/2013","format":false,"excerpt":"Essa \u00e9 a medida, embora tempor\u00e1ria, \u00a0mais ousada que j\u00e1 foi tomada em rela\u00e7\u00e3o ao tr\u00e1fego no cora\u00e7\u00e3o comercial de Feira de Santana: fechamento da avenida Sr. dos Passos, no per\u00edodo comercial, aos ve\u00edculos particulares. O impacto na primeira manh\u00e3 da medida, nesta ter\u00e7a-feira, foi natural. Muitos motoristas ainda n\u00e3o\u2026","rel":"","context":"Em &quot;Home&quot;","block_context":{"text":"Home","link":"https:\/\/blogdafeira.com.br\/home\/categoria\/raiz\/"},"img":{"alt_text":"DSC00137","src":"https:\/\/i0.wp.com\/blogdafeira.com.br\/home\/wp-content\/uploads\/2013\/12\/DSC00137.jpg?resize=350%2C200","width":350,"height":200,"srcset":"https:\/\/i0.wp.com\/blogdafeira.com.br\/home\/wp-content\/uploads\/2013\/12\/DSC00137.jpg?resize=350%2C200 1x, https:\/\/i0.wp.com\/blogdafeira.com.br\/home\/wp-content\/uploads\/2013\/12\/DSC00137.jpg?resize=525%2C300 1.5x"},"classes":[]},{"id":7400,"url":"https:\/\/blogdafeira.com.br\/home\/2013\/12\/18\/avenida-sr-dos-passos-comerciantes-divulgam-nota-de-agradecimento-a-ronaldo\/","url_meta":{"origin":7325,"position":2},"title":"Avenida Sr. dos Passos: comerciantes divulgam nota agradecendo a Ronaldo","author":"Blog da Feira","date":"18\/12\/2013","format":false,"excerpt":"Assinada pelas tr\u00eas principais entidades representativas dos comerciantes em Feira, a \u00a0C\u00e2mara de Dirigentes Lojistas, Associa\u00e7\u00e3o Comercial e Sindicato do Com\u00e9rcio, a nota \u00e0 imprensa agradece ao prefeito de Feira, Jos\u00e9 Ronaldo\u00a0e ao Secret\u00e1rio da SMTT Ebenezer Tuy \"por acolher a nossa solicita\u00e7\u00e3o de suspender a a\u00e7\u00e3o de fechamento da\u2026","rel":"","context":"Em &quot;Home&quot;","block_context":{"text":"Home","link":"https:\/\/blogdafeira.com.br\/home\/categoria\/raiz\/"},"img":{"alt_text":"","src":"","width":0,"height":0},"classes":[]},{"id":7377,"url":"https:\/\/blogdafeira.com.br\/home\/2013\/12\/18\/prefeitura-de-feira-baixa-as-calcas-para-comerciantes-e-reabre-av-sr-dos-passos\/","url_meta":{"origin":7325,"position":3},"title":"Prefeitura de Feira &#8216;baixa as cal\u00e7as&#8217; para comerciantes e reabre av. Sr. dos Passos","author":"Blog da Feira","date":"18\/12\/2013","format":false,"excerpt":"A press\u00e3o de comerciantes, atrav\u00e9s do CDL, Associa\u00e7\u00e3o Comercial e outras entidades patronais, conseguiu reverter a medida da Prefeitura de Feira que fechou a avenida Senhor dos Passos, no centro, \u00e0 circula\u00e7\u00e3o de ve\u00edculos particulares. Ontem pela manh\u00e3, no in\u00edcio da a\u00e7\u00e3o de conten\u00e7\u00e3o dos carros, um grupo de comerciantes\u2026","rel":"","context":"Em &quot;Home&quot;","block_context":{"text":"Home","link":"https:\/\/blogdafeira.com.br\/home\/categoria\/raiz\/"},"img":{"alt_text":"","src":"","width":0,"height":0},"classes":[]},{"id":64328,"url":"https:\/\/blogdafeira.com.br\/home\/2024\/10\/16\/os-carros-usados-mais-vendidos-em-feira-de-santana\/","url_meta":{"origin":7325,"position":4},"title":"Os carros usados mais vendidos em Feira de Santana","author":"Blog da Feira","date":"16\/10\/2024","format":false,"excerpt":"A cidade de Feira de Santana \u00e9 um nicho bem espec\u00edfico do territ\u00f3rio da Bahia e apresenta \u00f3timos n\u00fameros em rela\u00e7\u00e3o \u00e0s vendas de seminovos no estado O setor automotivo \u00e9 um dos principais do Brasil. Ao longo do ano, milhares de carros s\u00e3o comercializados no pa\u00eds e condutores trocam\u2026","rel":"","context":"Em &quot;Geral&quot;","block_context":{"text":"Geral","link":"https:\/\/blogdafeira.com.br\/home\/categoria\/geral\/"},"img":{"alt_text":"","src":"https:\/\/i0.wp.com\/blogdafeira.com.br\/home\/wp-content\/uploads\/2024\/10\/pexels-perofelixg-19581626-2.jpg?resize=350%2C200&ssl=1","width":350,"height":200,"srcset":"https:\/\/i0.wp.com\/blogdafeira.com.br\/home\/wp-content\/uploads\/2024\/10\/pexels-perofelixg-19581626-2.jpg?resize=350%2C200&ssl=1 1x, https:\/\/i0.wp.com\/blogdafeira.com.br\/home\/wp-content\/uploads\/2024\/10\/pexels-perofelixg-19581626-2.jpg?resize=525%2C300&ssl=1 1.5x"},"classes":[]},{"id":11872,"url":"https:\/\/blogdafeira.com.br\/home\/2014\/08\/11\/mulher-do-jornalista-wilson-mario-assaltada-na-sr-dos-passos-em-feira\/","url_meta":{"origin":7325,"position":5},"title":"Mulher do jornalista Wilson M\u00e1rio assaltada na Sr. dos Passos em Feira","author":"Blog da Feira","date":"11\/08\/2014","format":false,"excerpt":"Alguns dos presidi\u00e1rios que foram liberados para o \"Dia dos pais\", no s\u00e1bado (09), do Pres\u00eddio Regional de Feira de Santana, n\u00e3o demoram muito para agir. Um deles armado com um rev\u00f3lver, cano longo, por volta das 12 horas de hoje(11), assaltou minha esposa Selma Barros Daltro de Castro. O\u2026","rel":"","context":"Em &quot;Home&quot;","block_context":{"text":"Home","link":"https:\/\/blogdafeira.com.br\/home\/categoria\/raiz\/"},"img":{"alt_text":"","src":"","width":0,"height":0},"classes":[]}],"_links":{"self":[{"href":"https:\/\/blogdafeira.com.br\/home\/wp-json\/wp\/v2\/posts\/7325","targetHints":{"allow":["GET"]}}],"collection":[{"href":"https:\/\/blogdafeira.com.br\/home\/wp-json\/wp\/v2\/posts"}],"about":[{"href":"https:\/\/blogdafeira.com.br\/home\/wp-json\/wp\/v2\/types\/post"}],"author":[{"embeddable":true,"href":"https:\/\/blogdafeira.com.br\/home\/wp-json\/wp\/v2\/users\/1"}],"replies":[{"embeddable":true,"href":"https:\/\/blogdafeira.com.br\/home\/wp-json\/wp\/v2\/comments?post=7325"}],"version-history":[{"count":3,"href":"https:\/\/blogdafeira.com.br\/home\/wp-json\/wp\/v2\/posts\/7325\/revisions"}],"predecessor-version":[{"id":7338,"href":"https:\/\/blogdafeira.com.br\/home\/wp-json\/wp\/v2\/posts\/7325\/revisions\/7338"}],"wp:attachment":[{"href":"https:\/\/blogdafeira.com.br\/home\/wp-json\/wp\/v2\/media?parent=7325"}],"wp:term":[{"taxonomy":"category","embeddable":true,"href":"https:\/\/blogdafeira.com.br\/home\/wp-json\/wp\/v2\/categories?post=7325"},{"taxonomy":"post_tag","embeddable":true,"href":"https:\/\/blogdafeira.com.br\/home\/wp-json\/wp\/v2\/tags?post=7325"}],"curies":[{"name":"wp","href":"https:\/\/api.w.org\/{rel}","templated":true}]}}